{"id":9395,"date":"2020-06-30T00:11:34","date_gmt":"2020-06-29T22:11:34","guid":{"rendered":"http:\/\/lemotdujour.fr\/?p=9395"},"modified":"2020-07-01T00:30:00","modified_gmt":"2020-06-30T22:30:00","slug":"mardi-30-juin-2020","status":"publish","type":"post","link":"https:\/\/lemotdujour.fr\/?p=9395","title":{"rendered":"Mardi 30 juin 2020"},"content":{"rendered":"<div class=\"mdjTexte\">\u00abToute la panoplie des instruments que la doxa lib\u00e9rale a longtemps d\u00e9cri\u00e9e doit continuer \u00e0 \u00eatre mobilis\u00e9e pour lutter contre la crise.\u00bb<\/div>\n<div class=\"mdjAuteur\">Daniel Cohen<\/div>\n<p><span style=\"color: #777777; font-family: Arial;\">Daniel Cohen r\u00e9dige de petites chroniques dans l&rsquo;Obs comme celle qu&rsquo;il a publi\u00e9e le 26 juin 2020 : <span style=\"color: #0000ff;\"><a style=\"color: #0000ff;\" href=\"https:\/\/www.nouvelobs.com\/chroniques\/20200626.OBS30519\/guerir-ces-maladies-du-capitalisme-revelees-par-le-covid-19.html\">&lt;Gu\u00e9rir ces maladies du capitalisme r\u00e9v\u00e9l\u00e9es par le Covid-19&gt;<\/a><\/span><br \/>\n<\/span><\/p>\n<p><span style=\"color: #777777; font-family: Arial;\">Daniel Cohen \u00e9crit\u00a0:<br \/>\n<\/span><\/p>\n<p style=\"margin-left: 28pt;\"><span style=\"color: #c00000; font-family: Arial;\">\u00ab\u00a0La mont\u00e9e irr\u00e9pressible du ch\u00f4mage et des faillites d&rsquo;entreprises gronde comme un orage qui avance.\u00a0\u00bb<br \/>\n<\/span><\/p>\n<p><span style=\"color: #777777; font-family: Arial;\">Cet article du 9 juin <span style=\"color: #0000ff;\">&lt; <a style=\"color: #0000ff;\" href=\"https:\/\/www.nouvelobs.com\/topnews\/20200609.AFP7486\/aerien-automobile-distribution-les-degats-du-virus-sur-l-emploi.html\">les d\u00e9g\u00e2ts du virus sur l&#8217;emploi<\/a><\/span>&gt; nous donne d\u00e9j\u00e0 un petit aper\u00e7u de l&rsquo;orage.<br \/>\n<\/span><\/p>\n<p><span style=\"color: #777777; font-family: Arial;\">Et Daniel Cohen de poser cette question\u00a0:<br \/>\n<\/span><\/p>\n<p style=\"margin-left: 28pt;\"><span style=\"color: #c00000; font-family: Arial;\">\u00ab\u00a0Comment un choc, somme toute limit\u00e9 \u00e0 deux mois de vacance de l&rsquo;activit\u00e9, peut-il produire un tel cataclysme ? \u00a0\u00bb<br \/>\n<\/span><\/p>\n<p><span style=\"color: #777777; font-family: Arial;\">La r\u00e9ponse est dans l&rsquo;immense fragilit\u00e9 du capitalisme.<br \/>\n<\/span><\/p>\n<p><span style=\"color: #777777; font-family: Arial;\">Ga\u00ebl Giraud l&rsquo;avait d\u00e9j\u00e0 expliqu\u00e9\u00a0: \u00ab\u00a0Avec cette pand\u00e9mie, la fragilit\u00e9 de notre syst\u00e8me nous explose \u00e0 la figure\u00a0\u00bb, c&rsquo;\u00e9tait le <a href=\"https:\/\/lemotdujour.fr\/?p=8502\"><span style=\"color: #0000ff;\">mot du jour du 7 avril 2020<\/span><\/a><span style=\"color: #0000ff;\">.<\/span><br \/>\n<\/span><\/p>\n<p><span style=\"color: #777777; font-family: Arial;\">Gu\u00e9rir du Covid consiste donc \u00e0 essayer de r\u00e9parer ses faiblesses.<br \/>\n<\/span><\/p>\n<p><span style=\"color: #777777; font-family: Arial;\">Et il pose ainsi le constat\u00a0:<br \/>\n<\/span><\/p>\n<p style=\"margin-left: 28pt;\"><span style=\"color: #c00000; font-family: Arial;\">\u00ab\u00a0Si la France \u00e9tait une personne unique, un \u00ab agent repr\u00e9sentatif \u00bb comme les \u00e9conomistes aiment parfois \u00e0 penser les nations, la crise serait simple \u00e0 d\u00e9crire : atteinte par une maladie impr\u00e9vue, elle a peu travaill\u00e9 et peu consomm\u00e9, passant deux mois \u00e0 se soigner. Le seul co\u00fbt r\u00e9manent serait le d\u00e9ficit des paiements vis-\u00e0-vis du reste du monde, qui mesure le solde des d\u00e9penses qu&rsquo;elle n&rsquo;a pu couvrir par ses ventes \u00e0 autrui. Les chiffres disponibles estiment, pour le mois d&rsquo;avril, un d\u00e9ficit commercial en l\u00e9g\u00e8re hausse de 1,8 milliard. La France a import\u00e9 plus de masques et export\u00e9 moins d&rsquo;avions\u2026 Le reste de l&rsquo;ajustement peut s&rsquo;interpr\u00e9ter comme un jeu \u00e0 somme nulle entre Fran\u00e7ais. Si nous \u00e9tions capables d&rsquo;agir de mani\u00e8re solidaire, coordonn\u00e9e, le co\u00fbt de la crise serait totalement n\u00e9gligeable.\u00a0\u00bb<br \/>\n<\/span><\/p>\n<p><span style=\"color: #777777; font-family: Arial;\">Si nous \u00e9tions capables d&rsquo;agir de mani\u00e8re solidaire\u2026par la coop\u00e9ration. <\/span><span style=\"color: #777777; font-family: Arial;\">Le syst\u00e8me centr\u00e9 en premier sur la comp\u00e9tition montre ici toute sa limite.<br \/>\n<\/span><\/p>\n<p><span style=\"color: #777777; font-family: Arial;\">Bien s\u00fbr, les grandes firmes du num\u00e9rique continuent \u00e0 pleinement profiter m\u00eame de la pand\u00e9mie.<br \/>\n<\/span><\/p>\n<p><span style=\"color: #777777; font-family: Arial;\">Le mot du jour du 8 avril 2020 avait d\u00e9j\u00e0 donn\u00e9 la parole \u00e0 Daniel Cohen\u00a0: \u00ab <a href=\"https:\/\/lemotdujour.fr\/?p=8507\"><span style=\"color: #0000ff;\">La crise du coronavirus signale l&rsquo;acc\u00e9l\u00e9ration d&rsquo;un nouveau capitalisme, le capitalisme num\u00e9rique<\/span><\/a> \u00bb<br \/>\n<\/span><\/p>\n<p><span style=\"color: #777777; font-family: Arial;\">Et il a r\u00e9it\u00e9r\u00e9 cette th\u00e8se, d\u00e9but juin, dans <span style=\"color: #0000ff;\"><a style=\"color: #0000ff;\" href=\"https:\/\/www.wedemain.fr\/Daniel-Cohen-On-dirait-que-cette-crise-a-ete-faite-pour-les-GAFAM_a4720.html\">WE demain<\/a><\/span> : \u00ab\u00a0<strong>On dirait que cette crise a \u00e9t\u00e9 faite pour les GAFAM<\/strong>\u00a0\u00bb<br \/>\n<\/span><\/p>\n<p><span style=\"color: #777777; font-family: Arial;\">Enfin il faut \u00eatre plus pr\u00e9cis que cela, l&rsquo;\u00e9conomiste distingue \u00e0 l&rsquo;int\u00e9rieur des GAFAM<br \/>\n<\/span><\/p>\n<p style=\"margin-left: 28pt;\"><span style=\"color: #c00000; font-family: Arial;\">\u00ab\u00a0Les gagnants, on les conna\u00eet : ce sont les GAFAM (Google, Apple, Facebook Amazon, Microsoft) et les BATX (Baidu, Alibaba, Tencent, Xiaomi), en r\u00e9alit\u00e9 moins ceux qui d\u00e9pendent de la publicit\u00e9 \u2013 qui s&rsquo;est effondr\u00e9e \u2013, comme Google, que ceux qui ont r\u00e9invent\u00e9 le commerce en ligne, comme Amazon. On a le sentiment que cette crise a \u00e9t\u00e9 faite pour eux : la distanciation sociale condamne toutes les activit\u00e9s o\u00f9 le client et le prestataire sont en vis-\u00e0-vis, du commerce traditionnel \u00e0 la sant\u00e9 ou \u00e0 l&rsquo;\u00e9ducation.<br \/>\n<\/span><\/p>\n<p style=\"margin-left: 28pt;\"><span style=\"color: #c00000; font-family: Arial;\">L&rsquo;objectif du num\u00e9rique, c&rsquo;est de r\u00e9duire les contacts, avec toujours l&rsquo;obsession de r\u00e9duire les co\u00fbts, d&rsquo;\u00e9conomiser sur les relations de face-\u00e0-face. C&rsquo;\u00e9tait d\u00e9j\u00e0 le r\u00eave du monde bancaire : plus besoin d&rsquo;agence, de banquier, de cartes puisque tout est d\u00e9mat\u00e9rialis\u00e9. M\u00eame chose pour Amazon : pourquoi aller dans une librairie, dans un commerce, faire la queue, alors qu&rsquo;on peut tout vous apporter chez vous\u2009?\u2026<br \/>\n<\/span><\/p>\n<p style=\"margin-left: 28pt;\"><span style=\"color: #c00000; font-family: Arial;\">Idem pour Netflix : pourquoi aller au cin\u00e9ma, alors qu&rsquo;une salle repr\u00e9sente un co\u00fbt \u00e9norme, et reste sous-utilis\u00e9e en dehors des soir\u00e9es et des week-ends\u2009?<br \/>\n<\/span><\/p>\n<p style=\"margin-left: 28pt;\"><span style=\"color: #c00000; font-family: Arial;\">L&rsquo;\u00e9conomie num\u00e9rique vise \u00e0 r\u00e9duire les co\u00fbts de tous ces lieux de contact qui font le sel de la civilisation urbaine. Voyez encore les transports en commun : \u00e7a peut para\u00eetre absurde quand ils sont bond\u00e9s, mais prendre un bus et traverser une ville fait partie de ces moments de d\u00e9tente dont on prend pleinement conscience quand on ne les a plus et que l&rsquo;on est encha\u00een\u00e9 \u00e0 des r\u00e9unions en ligne.<br \/>\n<\/span><\/p>\n<p style=\"margin-left: 28pt;\"><span style=\"color: #c00000; font-family: Arial;\">C&rsquo;est tout \u00e7a que l&rsquo;\u00e9conomie num\u00e9rique veut affronter. Les grands gagnants sont bien les GAFAM. D&rsquo;ailleurs, Jeff Bezos est le seul milliardaire qui s&rsquo;est enrichi pendant la crise. \u00bb<br \/>\n<\/span><\/p>\n<p><span style=\"color: #777777; font-family: Arial;\">Il faudra donc ajouter NETFLIX aux gagnants et probablement au GAFAM<br \/>\n<\/span><\/p>\n<p><span style=\"color: #777777; font-family: Arial;\">Pour le commun des mortels, les pr\u00e9occupations imm\u00e9diates sont plus prosa\u00efques<br \/>\n<\/span><\/p>\n<p style=\"margin-left: 28pt;\"><span style=\"color: #c00000; font-family: Arial;\">\u00ab\u00a0Mais les loyers doivent \u00eatre pay\u00e9s, les traites honor\u00e9es. Les in\u00e9galit\u00e9s traversant la soci\u00e9t\u00e9 cr\u00e9ent des ph\u00e9nom\u00e8nes irr\u00e9versibles, qui laissent des traces durables sur le corps social. Quand une firme fait faillite ou qu&rsquo;un salari\u00e9 est licenci\u00e9, c&rsquo;est comme un arbre qu&rsquo;on abat. La d\u00e9faillance des uns n&rsquo;est pas compens\u00e9e par la bonne sant\u00e9 (relative) des autres.\u00a0\u00bb<br \/>\n<\/span><\/p>\n<p><span style=\"color: #777777; font-family: Arial;\">Daniel Cohen montre une autre fragilit\u00e9 du syst\u00e8me, celle d&rsquo;\u00eatre incapable de se poser mais d&rsquo;\u00eatre toujours dans l&rsquo;anticipation de ce qui doit arriver de sorte le plus souvent de cr\u00e9er ce que l&rsquo;on a craint\u00a0:<br \/>\n<\/span><\/p>\n<p style=\"margin-left: 28pt;\"><span style=\"color: #c00000; font-family: Arial;\">\u00ab\u00a0La seconde fragilit\u00e9 du capitalisme est son extr\u00eame sensibilit\u00e9 \u00e0 l&rsquo;\u00e9gard du futur. Si les firmes pensent que la situation va s&rsquo;aggraver, les embauches ralentissent et la situation s&rsquo;aggrave vraiment : les crises peuvent \u00eatre autor\u00e9alisatrices. C&rsquo;est l&rsquo;une des diff\u00e9rences majeures avec les lois de la physique. En \u00e9conomie, l&rsquo;anticipation d&rsquo;un \u00e9v\u00e9nement peut suffire \u00e0 le d\u00e9clencher. L&rsquo;incertitude li\u00e9e \u00e0 la crise sanitaire est d&rsquo;une autre nature mais tout aussi radicale : on ne sait quel mod\u00e8le utiliser pour appr\u00e9hender son \u00e9volution. [\u2026] Tant que ces questions n&rsquo;auront pas de r\u00e9ponses, les entreprises resteront attentistes, et aucune ne prendra le risque de recruter. C&rsquo;est pour cette raison que le flux normal d&rsquo;entr\u00e9e et sortie du march\u00e9 du travail est d\u00e9sormais bloqu\u00e9 et le ch\u00f4mage en train d&rsquo;exploser.\u00a0\u00bb<br \/>\n<\/span><\/p>\n<p><span style=\"color: #777777; font-family: Arial;\">Daniel Cohen esquisse des id\u00e9es et des actions \u00e0 mener. Elles ne sont pas dans la panoplie du parfait lib\u00e9ral.<br \/>\n<\/span><\/p>\n<p style=\"margin-left: 28pt;\"><span style=\"color: #c00000; font-family: Arial;\">\u00ab\u00a0La mont\u00e9e des in\u00e9galit\u00e9s et la peur de l&rsquo;incertitude sont les deux maladies que les politiques publiques doivent gu\u00e9rir. Eviter les licenciements, soutenir les secteurs les plus menac\u00e9s, maintenir le revenu des personnes en difficult\u00e9 : <strong>toute la panoplie des instruments que la doxa lib\u00e9rale a longtemps d\u00e9cri\u00e9e doit continuer \u00e0 \u00eatre mobilis\u00e9e pour lutter contre la crise.<\/strong> Une contribution exceptionnelle permettant de payer les loyers des victimes de la crise pourrait \u00eatre aussi envisag\u00e9e.<br \/>\n<\/span><\/p>\n<p style=\"margin-left: 28pt;\"><span style=\"color: #c00000; font-family: Arial;\">Il faut \u00e9galement r\u00e9fl\u00e9chir \u00e0 des m\u00e9canismes innovants, adapt\u00e9s \u00e0 l&rsquo;incertitude du moment. L&rsquo;\u00e9conomiste Joseph Stiglitz proposait ainsi d&rsquo;inventer des contrats contingents \u00e0 l&rsquo;\u00e9volution du virus. Par exemple : vous achetez un appartement \u00e0 cr\u00e9dit mais le contrat pr\u00e9voit une clause qui retarde les \u00e9ch\u00e9ances en fonction de la pand\u00e9mie. Le co\u00fbt du report du paiement (pas l&rsquo;\u00e9ch\u00e9ance elle-m\u00eame) serait pris en charge par l&rsquo;Etat. Une indemnisation plus g\u00e9n\u00e9reuse du ch\u00f4mage pourrait \u00e9galement \u00eatre accord\u00e9e, en alignant le retour \u00e0 la normale \u00e0 l&rsquo;\u00e9volution de la situation du march\u00e9 de l&#8217;emploi. Une crise aussi extraordinaire que celle que nous connaissons exige des id\u00e9es nouvelles.\u00a0\u00bb<br \/>\n<\/span><\/p>\n<p><span style=\"color: #777777; font-family: Arial;\">Il faut, en effet, des id\u00e9es nouvelles.<br \/>\n<\/span><\/p>\n<p><span style=\"color: maroon; font-family: Arial;\">&lt;1447&gt;<\/span><\/p>\n","protected":false},"excerpt":{"rendered":"<p>\u00abToute la panoplie des instruments que la doxa lib\u00e9rale a longtemps d\u00e9cri\u00e9e doit continuer \u00e0 \u00eatre mobilis\u00e9e pour lutter contre la crise.\u00bb Daniel Cohen Daniel Cohen r\u00e9dige de petites chroniques dans l&rsquo;Obs comme celle qu&rsquo;il a publi\u00e9e le 26 juin<\/p>\n","protected":false},"author":1,"featured_media":0,"comment_status":"open","ping_status":"closed","sticky":false,"template":"","format":"standard","meta":{"footnotes":""},"categories":[1],"tags":[10,49,126],"class_list":["post-9395","post","type-post","status-publish","format-standard","hentry","category-motdujour","tag-economie","tag-futur","tag-pandemie"],"_links":{"self":[{"href":"https:\/\/lemotdujour.fr\/index.php?rest_route=\/wp\/v2\/posts\/9395","targetHints":{"allow":["GET"]}}],"collection":[{"href":"https:\/\/lemotdujour.fr\/index.php?rest_route=\/wp\/v2\/posts"}],"about":[{"href":"https:\/\/lemotdujour.fr\/index.php?rest_route=\/wp\/v2\/types\/post"}],"author":[{"embeddable":true,"href":"https:\/\/lemotdujour.fr\/index.php?rest_route=\/wp\/v2\/users\/1"}],"replies":[{"embeddable":true,"href":"https:\/\/lemotdujour.fr\/index.php?rest_route=%2Fwp%2Fv2%2Fcomments&post=9395"}],"version-history":[{"count":5,"href":"https:\/\/lemotdujour.fr\/index.php?rest_route=\/wp\/v2\/posts\/9395\/revisions"}],"predecessor-version":[{"id":9415,"href":"https:\/\/lemotdujour.fr\/index.php?rest_route=\/wp\/v2\/posts\/9395\/revisions\/9415"}],"wp:attachment":[{"href":"https:\/\/lemotdujour.fr\/index.php?rest_route=%2Fwp%2Fv2%2Fmedia&parent=9395"}],"wp:term":[{"taxonomy":"category","embeddable":true,"href":"https:\/\/lemotdujour.fr\/index.php?rest_route=%2Fwp%2Fv2%2Fcategories&post=9395"},{"taxonomy":"post_tag","embeddable":true,"href":"https:\/\/lemotdujour.fr\/index.php?rest_route=%2Fwp%2Fv2%2Ftags&post=9395"}],"curies":[{"name":"wp","href":"https:\/\/api.w.org\/{rel}","templated":true}]}}