{"id":9390,"date":"2020-06-29T00:23:39","date_gmt":"2020-06-28T22:23:39","guid":{"rendered":"http:\/\/lemotdujour.fr\/?p=9390"},"modified":"2020-06-30T00:09:31","modified_gmt":"2020-06-29T22:09:31","slug":"lundi-29-juin-2020","status":"publish","type":"post","link":"https:\/\/lemotdujour.fr\/?p=9390","title":{"rendered":"Lundi 29 juin 2020"},"content":{"rendered":"<div class=\"mdjTexte\">\u00abNous nous dirigeons vers un monde o\u00f9 nous aurons moins de moyens pour plus de probl\u00e8mes.\u00bb<\/div>\n<div class=\"mdjAuteur\">Jean-Marc Jancovici<\/div>\n<p><span style=\"color: #777777; font-family: Arial;\">Jean-Marc Jancovici est un sp\u00e9cialiste de l&rsquo;\u00e9nergie et un acteur de la lutte pour une \u00e9conomie d\u00e9carbon\u00e9e, c&rsquo;est-\u00e0-dire une \u00e9conomie qui ne cr\u00e9e plus de gaz \u00e0 effet de serre et ne contribue plus au r\u00e9chauffement climatique.<br \/>\n<\/span><\/p>\n<p><span style=\"color: #777777; font-family: Arial;\">Il est ainsi le pr\u00e9sident du think thank\u00a0:&lt;<span style=\"color: #0000ff;\"><a style=\"color: #0000ff;\" href=\"https:\/\/theshiftproject.org\/\">THE SHIFT PROJECT<\/a><\/span>&gt; dont l&rsquo;ambition est justement <strong>d&rsquo;\u0153uvrer en faveur d&rsquo;une \u00e9conomie lib\u00e9r\u00e9e de la contrainte carbone. <\/strong>Sur son site il est \u00e9crit :<strong><br \/>\n<\/strong><\/span><\/p>\n<p style=\"margin-left: 28pt;\"><span style=\"color: #c00000; font-family: Arial; font-size: 11pt;\">[Nous sommes] une Association loi 1901 reconnue d&rsquo;int\u00e9r\u00eat g\u00e9n\u00e9ral et guid\u00e9e par l&rsquo;exigence de la rigueur scientifique, notre mission est d&rsquo;\u00e9clairer et influencer le d\u00e9bat sur la transition \u00e9nerg\u00e9tique en Europe.<br \/>\n<\/span><\/p>\n<p><span style=\"color: #777777; font-family: Arial;\">Pour renvoyer vers <span style=\"color: #0000ff;\"><a style=\"color: #0000ff;\" href=\"https:\/\/www.goodplanet.info\/vdj\/la-recommandation-video-de-yann-arthus-bertrand-quand-jean-marc-jancovici-parle-justement-denvironnement-et-du-monde-dapres\/\">une vid\u00e9o de plus de 2 heures<\/a><\/span>, dans laquelle Jancovici r\u00e9pond aux questions des internautes \u00e0 la fin de la p\u00e9riode de confinement le 8 mai 2020, Yann Arthus-Bertrand le pr\u00e9sente ainsi<br \/>\n<\/span><\/p>\n<p style=\"margin-left: 28pt;\"><span style=\"color: #c00000; font-family: Arial;\">\u00ab\u00a0Jean-Marc Jancovici, [\u2026] me fascine toujours par son esprit de synth\u00e8se et son bon sens. Cette vid\u00e9o dans laquelle il r\u00e9pond aux questions des internautes le d\u00e9montre une fois de plus : la langue de bois est absente de ses r\u00e9ponses. \u00c7a fait du bien ! Sans \u00eatre forc\u00e9ment toujours d&rsquo;accord sur toutes ses propositions, elles m\u00e9ritent d&rsquo;\u00eatre \u00e9cout\u00e9es et r\u00e9fl\u00e9chies. \u00c0 \u00e9couter absolument car \u00e7a fait r\u00e9fl\u00e9chir.\u00a0\u00bb<br \/>\n<\/span><\/p>\n<p><span style=\"color: #777777; font-family: Arial;\">C&rsquo;est tr\u00e8s bien synth\u00e9tis\u00e9, il fait r\u00e9fl\u00e9chir, les arguments qu&rsquo;il apporte sont toujours pr\u00e9cis, rationnels.<br \/>\n<\/span><\/p>\n<p><span style=\"color: #777777; font-family: Arial;\">C&rsquo;est un esprit tr\u00e8s brillant, polytechnicien, Ing\u00e9nieur T\u00e9l\u00e9com n\u00e9 en 1962.<br \/>\n<\/span><\/p>\n<p><span style=\"color: #777777; font-family: Arial;\">Si on s&rsquo;int\u00e9resse \u00e0 son parcours, on constate qu&rsquo;il est entr\u00e9 tr\u00e8s t\u00f4t dans la conscience \u00e9cologique et dans la r\u00e9flexion sur l&rsquo;\u00e9nergie.<br \/>\n<\/span><\/p>\n<p><span style=\"color: #777777; font-family: Arial;\">Il ainsi collabor\u00e9 avec l&rsquo;Ademe <strong>Agence de l&rsquo;environnement et de la ma\u00eetrise de l&rsquo;\u00e9nergie<\/strong> pour la mise au point du bilan carbone dont il est le principal d\u00e9veloppeur.<br \/>\n<\/span><\/p>\n<p><span style=\"color: #777777; font-family: Arial;\">Il a aussi jou\u00e9 un r\u00f4le de premier plan dans la fondation Nicolas Hulot, notamment en \u00e9tant coauteur du Pacte \u00e9cologique sign\u00e9 par les diff\u00e9rents candidats \u00e0 la pr\u00e9sidentielle de 2007. Par la suite il s&rsquo;est \u00e9loign\u00e9 de Nicolas Hulot en raison d&rsquo;un d\u00e9saccord sur la place de l&rsquo;\u00e9nergie nucl\u00e9aire dans le cocktail \u00e9nerg\u00e9tique \u00e0 moyen terme.<br \/>\n<\/span><\/p>\n<p><img loading=\"lazy\" decoding=\"async\" class=\"alignleft\" src=\"https:\/\/lemotdujour.fr\/wp-content\/uploads\/2020\/06\/062820_2218_Lundi29juin1.jpg\" alt=\"\" width=\"299\" height=\"227\" align=\"left\" \/><span style=\"color: #777777; font-family: Arial;\">La premi\u00e8re fois o\u00f9 je l&rsquo;ai \u00e9cout\u00e9 c&rsquo;\u00e9tait lors des matins de France Culture du 7 novembre 2019, lors que Guillaume Erner l&rsquo;avait invit\u00e9 sur le sujet\u00a0: \u00ab<span style=\"color: #0000ff;\">\u00a0<a style=\"color: #0000ff;\" href=\"https:\/\/www.franceculture.fr\/emissions\/linvite-des-matins\/transition-energetique-avons-nous-encore-le-temps\">Transition \u00e9nerg\u00e9tique : avons-nous encore le temps ?\u00a0<\/a><\/span>\u00bb<br \/>\n<\/span><\/p>\n<p><span style=\"color: #777777; font-family: Arial;\">Dans cette \u00e9mission, il a expos\u00e9 sa th\u00e8se de la pr\u00e9\u00e9minence de l&rsquo;\u00e9nergie dans la soci\u00e9t\u00e9 \u00e9conomique que les humains ont b\u00e2ti\u00a0:<br \/>\n<\/span><\/p>\n<p style=\"margin-left: 28pt;\"><span style=\"color: #c00000; font-family: Arial;\">\u00ab\u00a0Tout ce que nous avons aujourd&rsquo;hui dans le monde moderne, notre pouvoir d&rsquo;achat et les retraites, c&rsquo;est l&rsquo;\u00e9nergie qui l&rsquo;a permis.\u00a0\u00bb<br \/>\n<\/span><\/p>\n<p><span style=\"color: #777777; font-family: Arial;\">Dans une interview du &lt;<span style=\"color: #0000ff;\"><a style=\"color: #0000ff;\" href=\"https:\/\/www.lefigaro.fr\/vox\/societe\/jean-marc-jancovici-l-allemagne-est-le-contre-exemple-absolu-en-matiere-de-transition-energetique-20191213\">Figaro<\/a><\/span>&gt; il pr\u00e9cise sa pens\u00e9e sur ce point\u00a0;<br \/>\n<\/span><\/p>\n<p style=\"margin-left: 28pt;\"><span style=\"color: #c00000; font-family: Arial;\">\u00ab\u00a0 La quantification \u00e9conomique a pris le pas sur d&rsquo;autres m\u00e9triques pour juger l&rsquo;utilit\u00e9 de quelque chose. On pense spontan\u00e9ment que ce qui est utile vaut cher, que tout ce qui fait notre vie s&rsquo;ach\u00e8te, or comme l&rsquo;\u00e9nergie ne co\u00fbte pas tr\u00e8s cher dans notre poste de d\u00e9pense (environ 10% pour un m\u00e9nage pour logement et transports), le lien de d\u00e9pendance n&rsquo;est pas ressenti. Or ce qui fait notre mode de vie : les villes, le pouvoir d&rsquo;achat, les \u00e9tudes longues, le basculement dans le tertiaire, les week-ends, les 35h, les retraites, les six semaines de cong\u00e9s pay\u00e9s, la viande \u00e0 tous les repas, c&rsquo;est l&rsquo;\u00e9nergie, et tr\u00e8s majoritairement les combustibles fossiles.<br \/>\n<\/span><\/p>\n<p style=\"margin-left: 28pt;\"><span style=\"color: #c00000; font-family: Arial;\">Les machines sont invisibles dans la convention \u00e9conomique : on continue \u00e0 dire que les gens travaillent mais en r\u00e9alit\u00e9 ce sont surtout les machines qui produisent. La puissance des machines dans le monde occidental, c&rsquo;est 500 fois la puissance des muscles des Occidentaux. Pour que la France produise ce qu&rsquo;elle produit aujourd&rsquo;hui, sans machines, il faudrait multiplier sa population par 500 \u00e0 1000. Les machines sont totalement d\u00e9pendantes de l&rsquo;\u00e9nergie, qui est un facteur beaucoup plus limitant que la force de travail pour l&rsquo;\u00e9conomie. On ne se rend pas compte car on juge les choses \u00e0 travers leur prix, convention humaine qui ne tient pas compte des r\u00e9alit\u00e9s physiques. Dans le syst\u00e8me \u00e9conomique moderne, on a consid\u00e9r\u00e9 que tout ce qui venait de la nature \u00e9tait gratuit, n&rsquo;avait pas de prix. En ce sens le p\u00e9trole est aussi gratuit que le vent car personne n&rsquo;a rien pay\u00e9 pour qu&rsquo;il se forme. La gratuit\u00e9 de ces sources \u00e9nerg\u00e9tiques fait qu&rsquo;elles ne sont pas dans notre radar. Nous sommes des urbains d\u00e9connect\u00e9s des flux physiques qui nous permettent de vivre. Le th\u00e9 que nous sommes en train de boire en ce moment a pouss\u00e9 \u00e0 des milliers de kilom\u00e8tres d&rsquo;ici !\u00a0\u00bb<br \/>\n<\/span><\/p>\n<p><span style=\"color: #777777; font-family: Arial;\">Dans l&rsquo;\u00e9mission de France Culture je l&rsquo;ai trouv\u00e9 assez irritant parce qu&rsquo;il \u00e9tait\u00a0 m\u00e9prisant \u00e0 l&rsquo;\u00e9gard des questions de Guillaume Erner.<br \/>\n<\/span><\/p>\n<p><span style=\"color: #777777; font-family: Arial;\">D&rsquo;ailleurs cette \u00e9mission avait conduit \u00e0 un certain nombre d&rsquo;articles en soutien \u00e0 Guillaume Erner et aussi d&rsquo;auditeurs qui ont \u00e9crit et que &lt;<a href=\"https:\/\/mediateur.radiofrance.fr\/non-classe\/lettre-45\/\"><span style=\"color: #0000ff;\">La page de la M\u00e9diatrice de France Culture<\/span> &gt;<\/a> a publi\u00e9\u00a0:<br \/>\n<\/span><\/p>\n<p style=\"margin-left: 28pt;\"><span style=\"color: #c00000; font-family: Arial;\">\u00ab\u00a0Mon message est un message de soutien et d&rsquo;encouragement au m\u00e9rite \u00e0 l&rsquo;attention de Guillaume Erne, qui ce matin (jeudi 7 novembre), et \u00e0 ma compl\u00e8te stup\u00e9faction, a d\u00fb essuyer les assauts hautains et r\u00e9p\u00e9t\u00e9s de son invit\u00e9 dans la matinale, j&rsquo;ai nomm\u00e9 M. Jean-Marc Jancovici, [\u2026]<br \/>\n<\/span><\/p>\n<p style=\"margin-left: 28pt;\"><span style=\"color: #c00000; font-family: Arial;\">Fid\u00e8le auditrice de France Culture depuis plus de 40 ans (oui !) [\u2026] C&rsquo;est pourquoi je souhaite vous dire mon indignation apr\u00e8s avoir entendu pendant plus d&rsquo;une heure les propos arrogants [\u2026]<br \/>\n<\/span><\/p>\n<p style=\"margin-left: 28pt;\"><span style=\"color: #c00000; font-family: Arial;\">En \u00e9coutant cette agressivit\u00e9 et cette hargne remplie de certitudes !!!\u00a0\u00bb<br \/>\n<\/span><\/p>\n<p><span style=\"color: #777777; font-family: Arial;\">Toutefois au-del\u00e0 de cette tension qui avait davantage \u00e0 voir avec l&rsquo;\u00e9motion qu&rsquo;avec l&rsquo;intelligence, j&rsquo;ai fait des recherches sur Internet et j&rsquo;ai constat\u00e9 qu&rsquo;en effet cet homme un peu rugueux \u00e9tait quand m\u00eame quelqu&rsquo;un d&rsquo;int\u00e9ressant qui argumentait et pr\u00e9sentait ses r\u00e9ponses sans langue de bois pour reprendre l&rsquo;expression de Yann Arthus-Bertrand.<br \/>\n<\/span><\/p>\n<p><span style=\"color: #777777; font-family: Arial;\">Par la suite j&rsquo;ai compris que Jean-Marc Jancovici est pr\u00e9sent\u00e9 comme un lobbyiste pro-nucl\u00e9aire et qu&rsquo;il avait demand\u00e9 \u00e0 Guillaume Erner que le sujet du nucl\u00e9aire ne soit abord\u00e9 que de mani\u00e8re marginale. Guillaume Erner ne respecta pas cette promesse.<br \/>\n<\/span><\/p>\n<p><a href=\"https:\/\/www.decitre.fr\/livres\/transition-energetique-pour-tous-9782738129796.html\"><img decoding=\"async\" class=\"alignright\" src=\"https:\/\/lemotdujour.fr\/wp-content\/uploads\/2020\/06\/062820_2218_Lundi29juin2.jpg\" alt=\"\" align=\"left\" border=\"0\" \/><\/a><span style=\"color: #777777; font-family: Arial;\">Jancovici d\u00e9fend en effet la conservation d&rsquo;une \u00e9nergie nucl\u00e9aire cons\u00e9quente mais uniquement pour att\u00e9nuer l&rsquo;impact sur nos modes de vie de la diminution de l&rsquo;\u00e9nergie carbon\u00e9e.<br \/>\n<\/span><\/p>\n<p><span style=\"color: #777777; font-family: Arial;\">Laissant de c\u00f4t\u00e9 l&rsquo;affect et l&rsquo;irritation je suis revenu vers ses arguments\u00a0:<br \/>\n<\/span><\/p>\n<p style=\"margin-left: 28pt;\"><span style=\"color: #c00000; font-family: Arial;\">\u00ab\u00a0Donc discuter de l&rsquo;\u00e9nergie, c&rsquo;est discuter de tout ce qui nous entoure aujourd&rsquo;hui. L&rsquo;essentiel de ce qui permet \u00e7a dans le monde, ce n&rsquo;est pas du tout le nucl\u00e9aire, ce sont les combustibles fossiles, c&rsquo;est \u00e0 dire le p\u00e9trole, le charbon ou le gaz. Il se trouve qu&rsquo;en France, deux tiers de nos \u00e9missions de CO2, c&rsquo;est \u00e0 dire ce qui provoque le changement climatique, viennent du p\u00e9trole, un quart vient du gaz, 5% vient du charbon, et 0% du nucl\u00e9aire. Le nucl\u00e9aire a des inconv\u00e9nients. Mais ne parler que du nucl\u00e9aire est quelque chose qui finit par devenir un peu contre-productif. [\u2026]<br \/>\n<\/span><\/p>\n<p style=\"margin-left: 28pt;\"><span style=\"color: #c00000; font-family: Arial;\">Le risque z\u00e9ro n&rsquo;existe pas. Par contre, ce qui est dommage aujourd&rsquo;hui, c&rsquo;est que dans le public il y a une compr\u00e9hension du risque nucl\u00e9aire qui est totalement erron\u00e9e. Je vais vous donner un premier exemple de faillite m\u00e9diatique : 80% des Fran\u00e7ais pensent que le nucl\u00e9aire contribue au changement climatique. Il peut avoir tous les d\u00e9fauts de la Terre, mais pas celui-l\u00e0. Les d\u00e9chets nucl\u00e9aires font plus peur \u00e0 la population que, tenez-vous bien, les accidents de la route ou que les accidents domestiques. Les accidents domestiques, c&rsquo;est 20 000 morts par an. Les d\u00e9chets nucl\u00e9aires, c&rsquo;est z\u00e9ro. \u00c7a fait plus peur que l&rsquo;ob\u00e9sit\u00e9 chez les jeunes, \u00e7a fait quasiment aussi peur que le tabagisme.\u00a0\u00bb<br \/>\n<\/span><\/p>\n<p><span style=\"color: #777777; font-family: Arial;\">Pour r\u00e9sumer ce qu&rsquo;il dit\u00a0:<br \/>\n<\/span><\/p>\n<ul>\n<li><span style=\"color: #777777; font-family: Arial;\">La priorit\u00e9 c&rsquo;est de diminuer les \u00e9nergies fossiles qui augmentent la temp\u00e9rature\u00a0;<br \/>\n<\/span><\/li>\n<li><span style=\"color: #777777; font-family: Arial;\">Selon lui cette diminution n\u00e9cessite que nous devenions beaucoup plus sobres et consommions beaucoup moins d&rsquo;\u00e9nergie. Ce qui aura pour cons\u00e9quence une diminution de notre train de vie<br \/>\n<\/span><\/li>\n<li><span style=\"color: #777777; font-family: Arial;\">Il pense pour diff\u00e9rentes raisons que les \u00e9nergies renouvelables solaires et \u00e9oliennes ne pourront pas remplacer le p\u00e9trole, le gaz et le charbon d&rsquo;abord parce qu&rsquo;ils donnent de l&rsquo;\u00e9nergie intermittente d\u00e9pendant du soleil et du vent et d&rsquo;autre part parce qu&rsquo;ils n\u00e9cessitent pour leur construction et leur renouvellement d&rsquo;\u00e9l\u00e9ments tr\u00e8s perturbants \u00e9cologiquement et qu&rsquo;enfin il n\u00e9cessite une grande emprise fonci\u00e8re pour pouvoir fonctionner.<br \/>\n<\/span><\/li>\n<li><span style=\"color: #777777; font-family: Arial;\">Ainsi pour att\u00e9nuer l&rsquo;atterrissage comme dirait Bruno Latour, le moindre mal reste l&rsquo;\u00e9nergie nucl\u00e9aire.<br \/>\n<\/span><\/li>\n<\/ul>\n<p><span style=\"color: #777777; font-family: Arial;\">Il dit\u00a0:<br \/>\n<\/span><\/p>\n<p style=\"margin-left: 28pt;\"><span style=\"color: #c00000; font-family: Arial;\">\u00ab\u00a0Globalement, il faut baisser de 4% par an nos \u00e9missions de CO2. Alors l\u00e0-dedans, ni les \u00e9nergies renouvelables, ni le nucl\u00e9aire ne permettront de compenser cette baisse pour conserver le confort moderne. Il faut bien comprendre que de lutter contre le changement climatique, c&rsquo;est de se mettre au r\u00e9gime. [&#8230;] Le non-dit politique majeur aujourd&rsquo;hui, c&rsquo;est que cela n&rsquo;est pas compatible avec la croissance \u00e9conomique. Ce n&rsquo;est m\u00eame pas compatible avec le maintien de la production \u00e9conomique actuelle. Donc, cela veut dire perte de pouvoir d&rsquo;achat, pour \u00eatre tr\u00e8s clair,<strong> pour tout le monde, pas juste pour les riches.\u00a0\u00bb<\/strong><br \/>\n<\/span><\/p>\n<p><span style=\"color: #777777; font-family: Arial;\">Pour lui, tous ou quasi tous les occidentaux sont concern\u00e9s et consomment trop d&rsquo;\u00e9nergie. Il a ajout\u00e9, dans un autre article, dans ce monde de diminution, les in\u00e9galit\u00e9s actuelles avec les hyper riches seront encore plus insupportables.<\/span><\/p>\n<p><span style=\"color: #777777; font-family: Arial;\">Il a \u00e9t\u00e9 r\u00e9invit\u00e9 par Guillaumer Erner, dans une \u00e9mission beaucoup plus calme avec des \u00e9changes beaucoup plus apais\u00e9es le 14 mai 2020 : <a href=\"https:\/\/www.franceculture.fr\/emissions\/linvitee-des-matins-2eme-partie\/&lt;La-pandemie va-t-elle acc\u00e9l\u00e9rer la transition \u00e9nerg\u00e9tique\">&lt;<span style=\"color: #0000ff;\">La pand\u00e9mie va-t-elle acc\u00e9l\u00e9rer la transition \u00e9nerg\u00e9tique<\/span><\/a><span style=\"color: #0000ff;\">&gt;<\/span><br \/>\n<\/span><\/p>\n<p><span style=\"color: #777777; font-family: Arial;\">C&rsquo;est lors de cette \u00e9mission qu&rsquo;il a eu cette phrase que j&rsquo;ai mis en exergue\u00a0:<br \/>\n<\/span><\/p>\n<p style=\"margin-left: 28pt;\"><span style=\"color: #c00000; font-family: Arial;\">\u00ab\u00a0Nous nous dirigeons vers un monde o\u00f9 nous aurons moins de moyens pour plus de probl\u00e8mes\u00a0\u00bb<br \/>\n<\/span><\/p>\n<p><span style=\"color: #777777; font-family: Arial;\">Dans cette \u00e9mission il a apport\u00e9 une nouvelle analyse que je n&rsquo;ai pas entendu ailleurs\u00a0:<br \/>\n<\/span><\/p>\n<p style=\"margin-left: 28pt;\"><span style=\"color: #c00000; font-family: Arial;\">\u00ab\u00a0Il y a une transition \u00e9nerg\u00e9tique cach\u00e9e derri\u00e8re cette crise dont on ne se rend pas compte qui concerne le p\u00e9trole. Avant la crise du covid, la production de p\u00e9trole dans le monde s&rsquo;est arr\u00eat\u00e9e de croitre depuis maintenant un an et demi. Et le covid n&rsquo;a fait qu&rsquo;acc\u00e9l\u00e9rer cette tendance-l\u00e0. La crise \u00e9conomique a fait plonger les prix du p\u00e9trole vers le bas. Et l&rsquo;offre de p\u00e9trole va baisser. [\u2026]<br \/>\n<\/span><\/p>\n<p style=\"margin-left: 28pt;\"><span style=\"color: #c00000; font-family: Arial;\">La transition \u00e9nerg\u00e9tique qui va se faire sans qu&rsquo;on s&rsquo;en rende compte, c&rsquo;est que l&rsquo;apr\u00e8s ne pourra pas revenir au niveau de l&rsquo;avant parce qu&rsquo;il n&rsquo;y aura pas assez de p\u00e9trole. Donc, une partie du tourisme ne pourra pas revenir. Quoi qu&rsquo;on fasse, une partie des d\u00e9placements ne pourra pas revenir quoi qu&rsquo;on fasse tout comme une partie de l&rsquo;\u00e9conomie.\u00a0\u00bb<br \/>\n<\/span><\/p>\n<p style=\"margin-left: 28pt;\"><span style=\"color: #c00000; font-family: Arial;\">[\u2026] On va op\u00e9rer graduellement une transition de force car on n&rsquo;a pas voulu faire celle qui \u00e9tait de gr\u00e9. En ce moment la transition \u00e9nerg\u00e9tique est une diminution de la consommation subie. En France comme dans beaucoup de <a href=\"https:\/\/www.decitre.fr\/livres\/dormez-tranquilles-jusqu-en-2100-9782738132529.html\"><img decoding=\"async\" class=\"alignleft\" src=\"https:\/\/lemotdujour.fr\/wp-content\/uploads\/2020\/06\/062820_2218_Lundi29juin3.jpg\" alt=\"\" align=\"left\" border=\"0\" \/><\/a>pays europ\u00e9ens, on voit la transition \u00e9nerg\u00e9tique comme une \u00e9volution technologique dans un univers en croissance. On a des lois en France de \u00ab croissance verte \u00bb. En fait, la transition \u00e9nerg\u00e9tique va passer par une privation du p\u00e9trole, du charbon et du gaz. Donc toute cette production va se contracter et l&rsquo;\u00e9conomie va elle-m\u00eame se contracter. Et la grande question est d&rsquo;organiser un monde dans lequel il n&rsquo;y a pas de plus en plus mais de moins en moins. [\u2026]\u00a0\u00bb<br \/>\n<\/span><\/p>\n<p><span style=\"color: #777777; font-family: Arial;\">La voiture \u00e9lectrique ne trouve pas non plus gr\u00e2ce \u00e0 ses yeux. Il pense plut\u00f4t qu&rsquo;il faut remplacer les SUV par des petites voitures\u00a0:<br \/>\n<\/span><\/p>\n<p style=\"margin-left: 28pt;\"><span style=\"color: #c00000; font-family: Arial;\">\u00ab\u00a0La chose la plus \u00e9vidente pour remplacer une voiture qui consomme 6L\/100km, c&rsquo;est de la remplacer par une voiture qui consomme 2L\/100Km. Il y a aussi le passage sur le v\u00e9lo, le v\u00e9lo \u00e9lectrique en particulier, est quelque chose qui a un potentiel tr\u00e8s important d\u00e8s que vous avez 10 ou 15 km \u00e0 faire, parce que c&rsquo;est un v\u00e9lo sans effort. Le probl\u00e8me du v\u00e9lo \u00e9lectrique, c&rsquo;est de construire des pistes cyclables pour avoir une voirie s\u00e9par\u00e9e pour les v\u00e9los.\u00a0\u00bb<br \/>\n<\/span><\/p>\n<p><span style=\"color: #777777; font-family: Arial;\">Dans l&rsquo;article du Figaro, d\u00e9j\u00e0 cit\u00e9, il donne des pistes qui lui semblent judicieuses pour les individus afin de diminuer leur empreinte carbone\u00a0:<br \/>\n<\/span><\/p>\n<p style=\"margin-left: 28pt;\"><span style=\"color: #c00000; font-family: Arial;\">\u00ab\u00a0Pour les individus\u00a0: Nous avons sorti une \u00e9tude avec Carbone 4 intitul\u00e9e \u00ab Faire sa part\u00bb pour essayer de calculer comment diminuer de moiti\u00e9 son empreinte carbone par des gestes et des investissements sans que \u00e7a soit trop violent. Il y a quatre gros postes d&rsquo;\u00e9missions carbone chez les particuliers. D&rsquo;abord l&rsquo;alimentation : un premier geste peut \u00eatre de manger moins de viande. En France, il faudrait diviser le cheptel bovin par deux et multiplier les prix unitaires par trois pour que les \u00e9leveurs puissent se payer correctement. Ensuite, les d\u00e9placements. Le particulier doit privil\u00e9gier les voitures les plus petites possibles, et les d\u00e9placements sans voiture (bus, v\u00e9lo, marche, train, diminution des trajets en port\u00e9e, ou covoiturage). L&rsquo;\u00e9tat devrait mettre une prime \u00e0 la casse extr\u00eamement \u00e9lev\u00e9e d\u00e8s lors qu&rsquo;on ach\u00e8te une voiture neuve qui consomme moins de la moiti\u00e9 de l&rsquo;ancienne. Il peut aussi remettre en place la vignette et r\u00e9glementer \u00e0 la baisse les \u00e9missions des voitures neuves. Troisi\u00e8me poste d&rsquo;\u00e9mission : la consommation : il faut acheter moins de \u00ab tout \u00bb, que ce soit des v\u00eatements ou de l&rsquo;\u00e9lectronique (cette derni\u00e8re repr\u00e9sente un pas qui croit tr\u00e8s vite!). Enfin, le chauffage : on peut baisser le thermostat, isoler, ou changer sa chaudi\u00e8re fioul ou gaz pour une pompe \u00e0 chaleur ou au bois en milieu rural.\u00a0\u00bb<br \/>\n<\/span><\/p>\n<p><span style=\"color: #777777; font-family: Arial;\">C&rsquo;est donc une pens\u00e9e sans concession, mais qui me semble indispensable \u00e0 conna\u00eetre et \u00e0 lire, pour r\u00e9fl\u00e9chir et se poser des questions pertinentes.<br \/>\n<\/span><\/p>\n<p><span style=\"color: #777777; font-family: Arial;\">Rien n&rsquo;interdit cependant d&rsquo;apporter d&rsquo;autres r\u00e9ponses que Jankovici. <\/span><span style=\"color: #777777; font-family: Arial;\">Il dispose d&rsquo;un site que vous trouverez derri\u00e8re ce lien\u00a0: <a href=\"https:\/\/jancovici.com\/\"><span style=\"color: #0000ff;\">https:\/\/jancovici.com\/<\/span><\/a> Ce mot du jour a \u00e9t\u00e9 publi\u00e9 le jour de la<span style=\"color: #0000ff;\"><a style=\"color: #0000ff;\" href=\"https:\/\/www.usinenouvelle.com\/article\/les-plans-pour-faire-de-fessenheim-un-exemple-de-fermeture-de-centrale-nucleaire.N980086\"> fermeture d\u00e9finitive de la centrale nucl\u00e9aire de Fessenheim.<\/a><\/span><br \/>\n<\/span><\/p>\n<p><span style=\"color: maroon; font-family: Arial;\">&lt;1446&gt;<\/span><\/p>\n","protected":false},"excerpt":{"rendered":"<p>\u00abNous nous dirigeons vers un monde o\u00f9 nous aurons moins de moyens pour plus de probl\u00e8mes.\u00bb Jean-Marc Jancovici Jean-Marc Jancovici est un sp\u00e9cialiste de l&rsquo;\u00e9nergie et un acteur de la lutte pour une \u00e9conomie d\u00e9carbon\u00e9e, c&rsquo;est-\u00e0-dire une \u00e9conomie qui ne<\/p>\n","protected":false},"author":1,"featured_media":0,"comment_status":"open","ping_status":"closed","sticky":false,"template":"","format":"standard","meta":{"footnotes":""},"categories":[1],"tags":[43,138,44],"class_list":["post-9390","post","type-post","status-publish","format-standard","hentry","category-motdujour","tag-ecologie","tag-energie","tag-rechauffement"],"_links":{"self":[{"href":"https:\/\/lemotdujour.fr\/index.php?rest_route=\/wp\/v2\/posts\/9390","targetHints":{"allow":["GET"]}}],"collection":[{"href":"https:\/\/lemotdujour.fr\/index.php?rest_route=\/wp\/v2\/posts"}],"about":[{"href":"https:\/\/lemotdujour.fr\/index.php?rest_route=\/wp\/v2\/types\/post"}],"author":[{"embeddable":true,"href":"https:\/\/lemotdujour.fr\/index.php?rest_route=\/wp\/v2\/users\/1"}],"replies":[{"embeddable":true,"href":"https:\/\/lemotdujour.fr\/index.php?rest_route=%2Fwp%2Fv2%2Fcomments&post=9390"}],"version-history":[{"count":5,"href":"https:\/\/lemotdujour.fr\/index.php?rest_route=\/wp\/v2\/posts\/9390\/revisions"}],"predecessor-version":[{"id":9397,"href":"https:\/\/lemotdujour.fr\/index.php?rest_route=\/wp\/v2\/posts\/9390\/revisions\/9397"}],"wp:attachment":[{"href":"https:\/\/lemotdujour.fr\/index.php?rest_route=%2Fwp%2Fv2%2Fmedia&parent=9390"}],"wp:term":[{"taxonomy":"category","embeddable":true,"href":"https:\/\/lemotdujour.fr\/index.php?rest_route=%2Fwp%2Fv2%2Fcategories&post=9390"},{"taxonomy":"post_tag","embeddable":true,"href":"https:\/\/lemotdujour.fr\/index.php?rest_route=%2Fwp%2Fv2%2Ftags&post=9390"}],"curies":[{"name":"wp","href":"https:\/\/api.w.org\/{rel}","templated":true}]}}