{"id":9382,"date":"2020-06-26T05:45:00","date_gmt":"2020-06-26T03:45:00","guid":{"rendered":"http:\/\/lemotdujour.fr\/?p=9382"},"modified":"2020-06-25T21:49:05","modified_gmt":"2020-06-25T19:49:05","slug":"vendredi-26-juin-2020","status":"publish","type":"post","link":"https:\/\/lemotdujour.fr\/?p=9382","title":{"rendered":"Vendredi 26 juin 2020"},"content":{"rendered":"<div class=\"mdjTexte\">\u00abPause\u00bb<\/div>\n<div class=\"mdjAuteur\">Un jour sans mot du jour<\/div>\n<p><span style=\"color: #777777; font-family: Arial;\">Pas de mot du jour nouveau aujourd&rsquo;hui.<br \/>\n<\/span><\/p>\n<p><img loading=\"lazy\" decoding=\"async\" class=\"alignleft\" src=\"https:\/\/lemotdujour.fr\/wp-content\/uploads\/2020\/06\/062520_1945_Vendredi26j1.jpg\" alt=\"\" width=\"378\" height=\"252\" align=\"left\"><span style=\"color: #777777; font-family: Arial;\">Le 26 juin 2019 je faisais une nouvelle fois appel \u00e0 Michel Serres pour parler des nomades et des s\u00e9dentaires&nbsp;:<br \/>\n<\/span><\/p>\n<p><a href=\"https:\/\/lemotdujour.fr\/?p=6959\"><span style=\"font-family: Arial;\"><span style=\"color: #0000ff;\">\u00ab&nbsp;Je ne crois pas que l&rsquo;on puisse imaginer un monde sans agriculture.&nbsp;\u00bb<\/span><\/span><\/a><span style=\"color: #777777; font-family: Arial;\"><br \/>\n<\/span><\/p>\n<p><span style=\"color: #777777; font-family: Arial;\">Un combat \u00e9ternel disait-il.<br \/>\n<\/span><\/p>\n<p><span style=\"color: #777777; font-family: Arial;\">L&rsquo;agriculteur est un s\u00e9dentaire.<br \/>\n<\/span><\/p>\n<p><span style=\"color: #777777; font-family: Arial;\">Et il en r\u00e9f\u00e9rait m\u00eame \u00e0 Cain et Abel.<br \/>\n<\/span><\/p>\n<p><span style=\"color: #777777; font-family: Arial;\">Ce sont les nomades qui sont les vainqueurs de la mondialisation.<br \/>\n<\/span><\/p>\n<p><span style=\"color: #777777; font-family: Arial;\">Mais le COVID fait s&rsquo;interroger sur le nomadisme effr\u00e9n\u00e9.<br \/>\n<\/span><\/p>\n<p><span style=\"color: #c00000; font-family: Arial;\">&lt;Mot sans num\u00e9ro&gt;<\/span><\/p>\n","protected":false},"excerpt":{"rendered":"<p>\u00abPause\u00bb Un jour sans mot du jour Pas de mot du jour nouveau aujourd&rsquo;hui. Le 26 juin 2019 je faisais une nouvelle fois appel \u00e0 Michel Serres pour parler des nomades et des s\u00e9dentaires&nbsp;: \u00ab&nbsp;Je ne crois pas que l&rsquo;on<\/p>\n","protected":false},"author":1,"featured_media":0,"comment_status":"open","ping_status":"closed","sticky":false,"template":"","format":"standard","meta":{"footnotes":""},"categories":[1],"tags":[96],"class_list":["post-9382","post","type-post","status-publish","format-standard","hentry","category-motdujour","tag-pause"],"_links":{"self":[{"href":"https:\/\/lemotdujour.fr\/index.php?rest_route=\/wp\/v2\/posts\/9382","targetHints":{"allow":["GET"]}}],"collection":[{"href":"https:\/\/lemotdujour.fr\/index.php?rest_route=\/wp\/v2\/posts"}],"about":[{"href":"https:\/\/lemotdujour.fr\/index.php?rest_route=\/wp\/v2\/types\/post"}],"author":[{"embeddable":true,"href":"https:\/\/lemotdujour.fr\/index.php?rest_route=\/wp\/v2\/users\/1"}],"replies":[{"embeddable":true,"href":"https:\/\/lemotdujour.fr\/index.php?rest_route=%2Fwp%2Fv2%2Fcomments&post=9382"}],"version-history":[{"count":3,"href":"https:\/\/lemotdujour.fr\/index.php?rest_route=\/wp\/v2\/posts\/9382\/revisions"}],"predecessor-version":[{"id":9385,"href":"https:\/\/lemotdujour.fr\/index.php?rest_route=\/wp\/v2\/posts\/9382\/revisions\/9385"}],"wp:attachment":[{"href":"https:\/\/lemotdujour.fr\/index.php?rest_route=%2Fwp%2Fv2%2Fmedia&parent=9382"}],"wp:term":[{"taxonomy":"category","embeddable":true,"href":"https:\/\/lemotdujour.fr\/index.php?rest_route=%2Fwp%2Fv2%2Fcategories&post=9382"},{"taxonomy":"post_tag","embeddable":true,"href":"https:\/\/lemotdujour.fr\/index.php?rest_route=%2Fwp%2Fv2%2Ftags&post=9382"}],"curies":[{"name":"wp","href":"https:\/\/api.w.org\/{rel}","templated":true}]}}