{"id":938,"date":"2014-12-12T01:00:00","date_gmt":"2014-12-11T22:00:00","guid":{"rendered":"http:\/\/lemotdujour.fr\/?p=938"},"modified":"2017-05-08T13:24:10","modified_gmt":"2017-05-08T11:24:10","slug":"vendredi-12-decembre-2014","status":"publish","type":"post","link":"https:\/\/lemotdujour.fr\/?p=938","title":{"rendered":"Vendredi 12 d\u00e9cembre 2014"},"content":{"rendered":"<div class=\"mdjDate\">Vendredi 12 d\u00e9cembre 2014<\/div>\n<div class=\"mdjTexte\">\u00ab Il est des moments o\u00f9 une cure de gauchisme est n\u00e9cessaire.\u00bb<\/div>\n<div class=\"mdjAuteur\">Michel Rocard<\/div>\n<div class=\"mdjComplements\">J&rsquo;avoue un faible depuis longtemps pour Michel Rocard. Cette phrase extraite d&rsquo;une tribune qu&rsquo;il vient de publier dans le Monde a de quoi surprendre.<\/div>\n<div class=\"mdjComplements\">Mais finalement elle est compr\u00e9hensible, car dans ce d\u00e9r\u00e8glement de l&rsquo;\u00e9conomie lib\u00e9rale, l&rsquo;explosion des in\u00e9galit\u00e9s et l&rsquo;arrogance des hyper riches et des puissants il peut \u00eatre sain de s&rsquo;adonner \u00e0 une cure de gauchisme.<\/div>\n<div class=\"mdjComplements\">Michel Rocard rappelle cependant qu&rsquo;il ne suffit pas d&rsquo;\u00eatre gauchiste et il fait dire \u00e0 Karl Marx : \u00ab Camarades, c\u2019est bien de vouloir changer le monde. Mais vous n\u2019y arriverez que si vous commencez \u00e0 travailler comme des forcen\u00e9s pour comprendre comment il marche\u2026 \u00bb, ce qui ne doit donc pas \u00eatre le cas des gauchistes d&rsquo;aujourd&rsquo;hui selon l&rsquo;ancien patron du PSU.<\/div>\n<div class=\"mdjComplements\">Et il finit son propos par cette belle phrase : \u00ab\u00a0\u00a0 [renforcer\u00a0la chance] de voir \u00e9clore la soci\u00e9t\u00e9 des hommes \u00e0 la place de celle de l\u2019argent. \u00a0 \u00bb<\/div>\n<div class=\"mdjComplements\">Voici le propos remis dans son contexte, l&rsquo;article complet se trouve en pi\u00e8ce jointe.<\/div>\n<div class=\"mdjComplements\">\u00ab Cela appelle une derni\u00e8re r\u00e9flexion n\u00e9cessaire, concernant le gauchisme. Qu\u2019est-ce que le gauchisme sinon l\u2019attitude consistant \u00e0 refuser le discours politiquement correct auquel se sont ralli\u00e9es les institutions et les chefs en place\u200a? Il est des moments o\u00f9 une cure de gauchisme est n\u00e9cessaire.<\/div>\n<div class=\"mdjComplements\">Le gauchisme, je connais, j\u2019en sors, j\u2019en suis, c\u2019est ma famille. J\u2019avais 16 ans, mon pays baignait dans la joie de la libert\u00e9 retrouv\u00e9e. Il tomba d\u2019accord, tout entier, socialistes compris,\u00a0 pour\u00a0 entreprendre en Indochine la reconqu\u00eate de son empire colonial. Je d\u00e9non\u00e7ai cette honte, et me d\u00e9couvris gauchiste. Moins de dix ans apr\u00e8s, rebelote, \u00e0 propos de l\u2019Alg\u00e9rie. L\u2019accord \u00e9tait g\u00e9n\u00e9ral. De nouveau, je fus gauchiste, et moins seul d\u00e8s le d\u00e9but. Nous sauv\u00e2mes au moins l\u2019honneur de la gauche.<\/div>\n<div class=\"mdjComplements\">Et puis un bref moment \u2013 Mai 68 \u2013 je fus un chef gauchiste, estampill\u00e9 extr\u00e9miste par le minist\u00e8re de l\u2019int\u00e9rieur, pour avoir os\u00e9 r\u00e9clamer le droit \u00e0 la parole dans la soci\u00e9t\u00e9 hi\u00e9rarchis\u00e9e.<\/div>\n<div class=\"mdjComplements\">Franchement, n\u2019y avait-il pas aussi quelque gauchisme \u00e0 proclamer, dix ans plus tard, que l\u2019accord solennel de toute la gauche autour du programme commun de gouvernement puis des 110 propositions du candidat ne pr\u00e9parait pas la vraie transformation sociale dont la France et le monde avaient besoin ?<\/div>\n<div class=\"mdjComplements\">Une cure de gauchisme n\u2019est donc ni pour me surprendre ni pour me d\u00e9plaire. Mais, mais\u2026 le fondateur du gauchisme, au fond, est un camarade \u00e0 nous qui s\u2019appelait Karl Marx. J\u2019ai grand crainte que nos gauchistes d\u2019aujourd\u2019hui ne soient en train d\u2019oublier sa plus forte le\u00e7on. Il ne l\u2019a pas \u00e9crite comme telle, c\u2019est sa vie qui la donne. Elle est \u00e9vidente \u00e0 r\u00e9sumer : \u00ab Camarades, c\u2019est bien de vouloir changer le monde. Mais vous n\u2019y arriverez que si vous commencez \u00e0 travailler comme des forcen\u00e9s pour comprendre comment il marche\u2026 \u00bb<\/div>\n<div class=\"mdjComplements\">En l\u2019absence d\u2019une soudaine explosion g\u00e9n\u00e9rale, aussi peu probable que souhaitable, ce sera lent. Le peuple que nous d\u00e9fendons aura toujours besoin de ses emplois, c\u2019est- \u00e0-dire que la machine marche. Or elle ne peut fonctionner que dans ses r\u00e8gles, qui certes ne sont pas les n\u00f4tres, mais sont celles dont elle a besoin. Si nous avons ensemble une vraie confiance et une vraie unit\u00e9 autour de notre vision de l\u2019avenir long, nous n\u2019avons pas le droit de d\u00e9r\u00e9gler la machine par des brutalisations de court terme qui peuvent l\u2019affaiblir. Il n\u2019y a de gauchisme utile que pertinent et coh\u00e9rent.<\/div>\n<div class=\"mdjComplements\">Voil\u00e0 la raison qui nous fait obligation de renouveler, renforcer, r\u00e9unir notre Parti socialiste, dans la France d\u2019aujourd\u2019hui, le seul outil de demain. Ce faisant, nous pourrions m\u00eame contribuer au r\u00e9veil de quelques partis fr\u00e8res, renfor\u00e7ant par-l\u00e0 la chance de voir \u00e9clore la soci\u00e9t\u00e9 des hommes \u00e0 la place de celle de l\u2019argent. \u00bb<\/div>\n","protected":false},"excerpt":{"rendered":"<p>Vendredi 12 d\u00e9cembre 2014 \u00ab Il est des moments o\u00f9 une cure de gauchisme est n\u00e9cessaire.\u00bb Michel Rocard J&rsquo;avoue un faible depuis longtemps pour Michel Rocard. Cette phrase extraite d&rsquo;une tribune qu&rsquo;il vient de publier dans le Monde a de<\/p>\n","protected":false},"author":1,"featured_media":0,"comment_status":"closed","ping_status":"closed","sticky":false,"template":"","format":"standard","meta":{"footnotes":""},"categories":[1],"tags":[],"class_list":["post-938","post","type-post","status-publish","format-standard","hentry","category-motdujour"],"_links":{"self":[{"href":"https:\/\/lemotdujour.fr\/index.php?rest_route=\/wp\/v2\/posts\/938","targetHints":{"allow":["GET"]}}],"collection":[{"href":"https:\/\/lemotdujour.fr\/index.php?rest_route=\/wp\/v2\/posts"}],"about":[{"href":"https:\/\/lemotdujour.fr\/index.php?rest_route=\/wp\/v2\/types\/post"}],"author":[{"embeddable":true,"href":"https:\/\/lemotdujour.fr\/index.php?rest_route=\/wp\/v2\/users\/1"}],"replies":[{"embeddable":true,"href":"https:\/\/lemotdujour.fr\/index.php?rest_route=%2Fwp%2Fv2%2Fcomments&post=938"}],"version-history":[{"count":1,"href":"https:\/\/lemotdujour.fr\/index.php?rest_route=\/wp\/v2\/posts\/938\/revisions"}],"predecessor-version":[{"id":939,"href":"https:\/\/lemotdujour.fr\/index.php?rest_route=\/wp\/v2\/posts\/938\/revisions\/939"}],"wp:attachment":[{"href":"https:\/\/lemotdujour.fr\/index.php?rest_route=%2Fwp%2Fv2%2Fmedia&parent=938"}],"wp:term":[{"taxonomy":"category","embeddable":true,"href":"https:\/\/lemotdujour.fr\/index.php?rest_route=%2Fwp%2Fv2%2Fcategories&post=938"},{"taxonomy":"post_tag","embeddable":true,"href":"https:\/\/lemotdujour.fr\/index.php?rest_route=%2Fwp%2Fv2%2Ftags&post=938"}],"curies":[{"name":"wp","href":"https:\/\/api.w.org\/{rel}","templated":true}]}}