{"id":9370,"date":"2020-06-24T00:49:17","date_gmt":"2020-06-23T22:49:17","guid":{"rendered":"http:\/\/lemotdujour.fr\/?p=9370"},"modified":"2020-06-24T19:15:55","modified_gmt":"2020-06-24T17:15:55","slug":"mercredi-24-juin-2020","status":"publish","type":"post","link":"https:\/\/lemotdujour.fr\/?p=9370","title":{"rendered":"Mercredi 24 juin 2020"},"content":{"rendered":"<div class=\"mdjTexte\">\u00abL&rsquo;antiracisme est un combat juste. Il ne doit pas devenir un acte de vandalisme intellectuel ou de d\u00e9sordre dans ce monde si fragile.\u00bb<\/div>\n<div class=\"mdjAuteur\">Kamel Daoud<\/div>\n<p><span style=\"color: #777777; font-family: Arial;\">Lors des derniers mots du jour, j&rsquo;ai \u00e9voqu\u00e9 \u00e0 plusieurs fois le racisme de blancs \u00e0 l&rsquo;\u00e9gard des noirs, des crimes contre les noirs et des questions de m\u00e9moire aussi.<br \/>\n<\/span><\/p>\n<p><span style=\"color: #777777; font-family: Arial;\">La m\u00e9moire que l&rsquo;on met en avant dans un r\u00e9cit et qui se refl\u00e8te dans des statues que l&rsquo;on \u00e9rige dans les villes ou les noms qu&rsquo;on donne \u00e0 des boulevards ou des avenues et aussi ceux qu&rsquo;on donne \u00e0 des ruelles ou des impasses.<br \/>\n<\/span><\/p>\n<p><span style=\"color: #777777; font-family: Arial;\">Lundi, j&rsquo;\u00e9voquais la proposition de donner le nom de <span style=\"color: #0000ff;\"><a style=\"color: #0000ff;\" href=\"https:\/\/fondation-frantzfanon.com\/\">Franz Fanon<\/a><\/span> \u00e0 une ruelle d&rsquo;un nouveau quartier de Bordeaux. Ce n&rsquo;\u00e9tait pas grand-chose, ce n&rsquo;\u00e9tait qu&rsquo;une ruelle. Mais c&rsquo;\u00e9tait encore trop pour ceux qui continuent \u00e0 raconter le r\u00e9cit de l&rsquo;Alg\u00e9rie fran\u00e7aise. Dans ce r\u00e9cit un opposant au colonisateur ne peut pas \u00eatre honor\u00e9, m\u00eame d&rsquo;une ruelle.<br \/>\n<\/span><\/p>\n<p><span style=\"color: #777777; font-family: Arial;\">En revanche, il n&rsquo;y a pas de probl\u00e8me en France d&rsquo;avoir des rues et des statues au nom du Mar\u00e9chal Bugeaud qui fut un responsable de la colonisation de l&rsquo;Alg\u00e9rie. C&rsquo;est la r\u00e9flexion que je me faisais, hier soir, en passant par la rue Bugeaud dans le cossu 6\u00e8me arrondissement de Lyon.<br \/>\n<\/span><\/p>\n<p><span style=\"color: #777777; font-family: Arial;\">Une avenue parisienne porte son nom dans le 16e arrondissement de Paris qui est un peu l&rsquo;\u00e9quivalent du 6\u00e8me de Lyon. La place centrale de la ville de P\u00e9rigueux porte une monumentale statue de ce mar\u00e9chal de France. J&rsquo;ai lu qu&rsquo;une rue porte aussi son nom dans le 3<sup>\u00e8me<\/sup> arrondissement de Marseille.<br \/>\n<\/span><\/p>\n<p><span style=\"color: #777777; font-family: Arial;\">Le Mar\u00e9chal Bugeaud <span style=\"color: #0000ff;\"><a style=\"color: #0000ff;\" href=\"https:\/\/fr.wikipedia.org\/wiki\/Thomas_Robert_Bugeaud\">qui a dit<\/a><\/span><br \/>\n<\/span><\/p>\n<p style=\"margin-left: 28pt;\"><span style=\"color: #c00000; font-family: Arial;\">\u00ab Le but n&rsquo;est pas de courir apr\u00e8s les Arabes, ce qui est fort inutile ; il est d&#8217;emp\u00eacher les Arabes de semer, de r\u00e9colter, de p\u00e2turer, [\u2026] de jouir de leurs champs [\u2026]. Allez tous les ans leur br\u00fbler leurs r\u00e9coltes [\u2026], ou bien exterminez-les jusqu&rsquo;au dernier. \u00bb<br \/>\n<\/span><\/p>\n<p><span style=\"color: #777777; font-family: Arial;\">Ou encore<br \/>\n<\/span><\/p>\n<p style=\"margin-left: 28pt;\"><span style=\"color: #c00000; font-family: Arial;\">\u00ab Si ces gredins se retirent dans leurs cavernes, imitez Cavaignac aux Sb\u00e9has ! Fumez-les \u00e0 outrance comme des renards. \u00bb<br \/>\n<\/span><\/p>\n<p><span style=\"color: #777777; font-family: Arial;\">Cet article &lt;<span style=\"color: #0000ff;\"><a style=\"color: #0000ff;\" href=\"https:\/\/www.lesinrocks.com\/2019\/10\/24\/actualite\/societe\/mais-qui-etait-le-general-bugeaud-quadmire-tant-eric-zemmour\/\">des Inrocks<\/a><\/span>&gt; donne la parole \u00e0 Benjamin Stora pour essayer de d\u00e9crire le personnage et ses actes.<br \/>\n<\/span><\/p>\n<p><span style=\"color: #777777; font-family: Arial;\">Article qui avait \u00e9t\u00e9 \u00e9crit apr\u00e8s qu&rsquo;Eric Zemmour ait d\u00e9voil\u00e9 son r\u00e9cit de la France, qu&rsquo;h\u00e9las un trop grand nombre partage&nbsp;:<br \/>\n<\/span><\/p>\n<p style=\"margin-left: 28pt;\"><span style=\"color: #c00000; font-family: Arial;\">\u00ab&nbsp;Quand le g\u00e9n\u00e9ral Bugeaud arrive en Alg\u00e9rie, il commence \u00e0 massacrer les musulmans, et m\u00eame certains juifs. Eh bien moi, je suis aujourd&rsquo;hui du c\u00f4t\u00e9 du g\u00e9n\u00e9ral Bugeaud. C&rsquo;est \u00e7a \u00eatre Fran\u00e7ais\u2009!&nbsp;\u00bb<br \/>\n<\/span><\/p>\n<p><span style=\"color: #777777; font-family: Arial;\">Voil\u00e0 qui est dit&nbsp;!<br \/>\n<\/span><\/p>\n<p><span style=\"color: #777777; font-family: Arial;\">Mais s&rsquo;il est possible de s&rsquo;interroger, de se poser des questions sur ce sujet des r\u00e9cits, sur des hommes qu&rsquo;on a mis en avant jusqu&rsquo;\u00e0 pr\u00e9sent et aussi sur les femmes et les hommes qu&rsquo;on pourrait aujourd&rsquo;hui mettre en avant, il est tout aussi possible de ne pas partager tous les combats de celles et ceux qui aujourd&rsquo;hui se pr\u00e9tendent de la <strong>lutte antiraciste<\/strong>.<br \/>\n<\/span><\/p>\n<p><span style=\"color: #777777; font-family: Arial;\">On peut d\u00e9sapprouver une femme noire qui insulte un policier de peau noire et le traite de &lt;<a href=\"https:\/\/www.youtube.com\/watch?v=U6gnFD23abo\"><span style=\"color: #0000ff;\">vendu<\/span><\/a>&gt; parce que selon ses pr\u00e9jug\u00e9s antiracistes, on ne peut \u00eatre noir et policier de la R\u00e9publique. Pour elle un policier est blanc et c&rsquo;est la police des blancs. Avec ce type de r\u00e9action, nous n&rsquo;allons pas avancer beaucoup dans notre soci\u00e9t\u00e9.<br \/>\n<\/span><\/p>\n<p><span style=\"color: #777777; font-family: Arial;\">C&rsquo;est ce que d\u00e9nonce <strong>Caroline Fourest<\/strong> dans son livre \u00ab&nbsp;<a href=\"https:\/\/toutelaculture.com\/livres\/essais\/caroline-fourest-generation-offensee-de-la-police-de-la-culture-a-la-police-de-la-pensee\/\"><span style=\"color: #0000ff;\">g\u00e9n\u00e9ration offens\u00e9e<\/span>&nbsp;<\/a>\u00bb dans lequel elle d\u00e9nonce l&rsquo;antiracisme identitaire et des proc\u00e8s en appropriation culturelle qui peuvent menacer la libert\u00e9 d&rsquo;expression et de cr\u00e9ation artistique. Puisque pour ces antiracistes, un blanc ne peut pas avoir un discours ou cr\u00e9er un ouvrage artistique qui d\u00e9fend les noirs ou simplement d\u00e9nonce l&rsquo;injustice qui leur est faite. Il n&rsquo;a pas le droit de le faire parce qu&rsquo;il n&rsquo;est pas noir et ne peut donc pas comprendre les souffrances et les sentiments des noirs.<br \/>\n<\/span><\/p>\n<p><span style=\"color: #777777; font-family: Arial;\">J&rsquo;aime beaucoup Caroline Fourest.<br \/>\n<\/span><\/p>\n<p><img loading=\"lazy\" decoding=\"async\" class=\"alignleft\" src=\"https:\/\/lemotdujour.fr\/wp-content\/uploads\/2020\/06\/062320_2240_Mercredi24j1.jpg\" alt=\"\" width=\"358\" height=\"201\" align=\"left\"><span style=\"color: #777777; font-family: Arial;\">J&rsquo;aime aussi <strong>Kamel Daoud<\/strong> qui est un esprit libre et qui comme Caroline Fourest aspire \u00e0 une pens\u00e9e universaliste et non sectaire.<br \/>\n<\/span><\/p>\n<p><span style=\"color: #777777; font-family: Arial;\">Car, avant, le contraire du raciste \u00e9tait l&rsquo;universaliste celui qui consid\u00e9rait que tous les humains \u00e9taient \u00e9gaux et que chaque humain avait le droit de d\u00e9fendre un autre humain m\u00eame s&rsquo;il n&rsquo;appartenait pas \u00e0 sa tribu. Et chaque humain avait le droit de critiquer sa tribu et des humains de sa tribu.<br \/>\n<\/span><\/p>\n<p><span style=\"color: #777777; font-family: Arial;\">Rien de tel chez beaucoup d&rsquo;antiracistes d&rsquo;aujourd&rsquo;hui, pour qui la d\u00e9fense de sa tribu ne permet aucune nuance.<br \/>\n<\/span><\/p>\n<p><span style=\"color: #777777; font-family: Arial;\">Kamel Daoud est universaliste et il est ainsi critiqu\u00e9 parce qu&rsquo;on le soup\u00e7onne de trahir sa tribu. Le journal alg\u00e9rien \u00ab <a href=\"https:\/\/www.elwatan.com\/chronique-de-a-merad\/kamel-daoud-a-t-il-derive-16-01-2020\"><span style=\"color: #0000ff;\">El Watan<\/span>&nbsp;<\/a>\u00bb rapporte, en janvier 2020, les propos de <strong>Rachid Boudjedra<\/strong>, l&rsquo;auteur de \u00ab&nbsp;<a href=\"https:\/\/www.decitre.fr\/livres\/la-repudiation-9782070373260.html\"><span style=\"color: #0000ff;\">la R\u00e9pudiation<\/span>&nbsp;<\/a>\u00bb, sur Kamel Daoud&nbsp;:<br \/>\n<\/span><\/p>\n<p style=\"margin-left: 28pt;\"><span style=\"color: #c00000; font-family: Arial;\">\u00ab Kamel Daoud dont les \u0153uvres r\u00e9centes, sont id\u00e9ologiquement plus r\u00e9f\u00e9renc\u00e9es \u00e0 la mentalit\u00e9 de l&rsquo;ancien colonisateur qu&rsquo;au patrimoine historique et culturel de son pays. Il lui adressa en ce sens une critique sans concession qui a eu du mal \u00e0 passer dans les milieux intellectuels alg\u00e9riens, une diatribe frontale pour lui signifier que sa \u00ab soumission \u00bb psychologique \u00e0 l&rsquo;intelligentsia outre-M\u00e9diterran\u00e9e est une v\u00e9ritable d\u00e9rive. Le rapport \u00e0 l&rsquo;\u00e9criture est ainsi vu comme une grave alt\u00e9ration \u00e0 la libert\u00e9 de penser et de s&rsquo;exprimer \u00e0 partir de l&rsquo;instant o\u00f9 il devient d\u00e9pendant et s&rsquo;ex\u00e9cute en fonction d&rsquo;un imaginaire trompeur et souvent perfide, qui va trop loin aussi dans la d\u00e9formation de la v\u00e9rit\u00e9. \u00bb<br \/>\n<\/span><\/p>\n<p><span style=\"color: #777777; font-family: Arial;\">Et le journal d&rsquo;ajouter&nbsp;:<br \/>\n<\/span><\/p>\n<p style=\"margin-left: 28pt;\"><span style=\"color: #c00000; font-family: Arial;\">\u00ab&nbsp;Tout est sciemment articul\u00e9 autour de ce \u00ab lien \u00bb avec l&rsquo;ancien colonisateur qui doit \u00eatre visible et pas seulement sugg\u00e9r\u00e9&nbsp;\u00bb<br \/>\n<\/span><\/p>\n<p><span style=\"color: #777777; font-family: Arial;\">Kamel Daoud a publi\u00e9 une tribune dans le journal le Monde publi\u00e9 le 22\/06\/2020, tribune que je veux partager aujourd&rsquo;hui&nbsp;: \u00ab<span style=\"color: #0000ff;\">&nbsp;<a style=\"color: #0000ff;\" href=\"https:\/\/www.lemonde.fr\/idees\/article\/2020\/06\/22\/kamel-daoud-l-occident-est-imparfait-et-a-parfaire-il-n-est-pas-a-detruire_6043684_3232.html\">L&rsquo;Occident est imparfait et \u00e0 parfaire, il n&rsquo;est pas \u00e0 d\u00e9truire<\/a> <\/span>\u00bb<br \/>\n<\/span><\/p>\n<p><span style=\"color: #777777; font-family: Arial;\">Il interroge d&rsquo;abord sur cette obsession de vouloir d\u00e9truire, pi\u00e9tiner l&rsquo;occident&nbsp;:<br \/>\n<\/span><\/p>\n<p style=\"margin-left: 28pt;\"><span style=\"color: #c00000; font-family: Arial;\">\u00ab&nbsp;Faut-il d\u00e9truire l&rsquo;Occident ? Le mettre \u00e0 feu et \u00e0 sang pour mieux le reconstruire ou mieux le pi\u00e9tiner dans ses ruines ? [\u2026] On aura beau le nier et le relativiser, il y a d\u00e9j\u00e0 un instinct de mort dans les airs de la r\u00e9volution totale imagin\u00e9e par chacun. L&rsquo;Occident \u00e9tant coupable par d\u00e9finition selon certains, on se retrouve non dans la revendication du changement mais, peu \u00e0 peu, dans celle de la destruction, la restauration d&rsquo;une barbarie de revanche.&nbsp;\u00bb<br \/>\n<\/span><\/p>\n<p><span style=\"color: #777777; font-family: Arial;\">Il ne faudrait en effet pas oublier que les arabes ont aussi \u00e9t\u00e9 des colonisateurs et ont aussi \u00e9t\u00e9 des tr\u00e8s grands esclavagistes.<br \/>\n<\/span><\/p>\n<p><span style=\"color: #777777; font-family: Arial;\">Quand aujourd&rsquo;hui on ne critique que l&rsquo;occident d\u00e9mocratique et qu&rsquo;on est complaisant, voire admiratif pour la Chine qui est un pays totalitaire avec un r\u00e9gime oppressif qui ne connait aucun contre-pouvoir, ne fait-on pas fausse route&nbsp;?<br \/>\n<\/span><\/p>\n<p><span style=\"color: #777777; font-family: Arial;\">Kamel Daoud signale cette faiblesse de critiquer ceux qui acceptent la critique et de ne pas critiquer ceux qui font pire mais qui ne tol\u00e8rent pas la contradiction.<br \/>\n<\/span><\/p>\n<p style=\"margin-left: 28pt;\"><span style=\"color: #c00000; font-family: Arial;\">\u00ab&nbsp;Ces proc\u00e8s anti-Occident \u00e0 la sovi\u00e9tique, si faciles et si confortables, \u00e0 peine co\u00fbteux quand on ne vit pas dans la dictature qu&rsquo;on a fuie, men\u00e9s par les intellectuels du sud en exil confortable en Occident ou par des fourvoy\u00e9s locaux sont une impasse, une parade ou une l\u00e2chet\u00e9. Ils n&rsquo;ont ni courage, ni sinc\u00e9rit\u00e9, ni utilit\u00e9. [\u2026]<br \/>\n<\/span><\/p>\n<p style=\"margin-left: 28pt;\"><span style=\"color: #c00000; font-family: Arial;\">La r\u00e8gle de ce confort est qu&rsquo;il est plus facile de d\u00e9boulonner la statue d&rsquo;un tyran, au nord, sous les smartphones, que de d\u00e9boulonner un vrai tyran vivant au \u00ab sud \u00bb. Et il n&rsquo;est pas m\u00eame utile de r\u00e9pondre \u00e0 ceux qui, lorsque vous tenez ces propos pourtant r\u00e9alistes, vous accusent de servilit\u00e9 intellectuelle.&nbsp;\u00bb<br \/>\n<\/span><\/p>\n<p><span style=\"color: #777777; font-family: Arial;\">Et il fait ce que lui reproche le journal \u00ab&nbsp;El Watan&nbsp;\u00bb il ne trouve pas tous les torts du c\u00f4t\u00e9 de l&rsquo;occident et tous les vertus du c\u00f4t\u00e9 de ceux qui le critique&nbsp;:<br \/>\n<\/span><\/p>\n<p style=\"margin-left: 28pt;\"><span style=\"color: #c00000; font-family: Arial;\">\u00ab&nbsp;Le fait m\u00eame de d\u00e9fendre l&rsquo;Occident comme espace de libert\u00e9, certes incompl\u00e8te et imparfaite, est jug\u00e9 blasph\u00e9matoire dans cette nouvelle lutte des classes et des races. Il est interdit de dire que l&rsquo;Occident est aussi le lieu vers o\u00f9 l&rsquo;on fuit quand on veut \u00e9chapper \u00e0 l&rsquo;injustice de son pays d&rsquo;origine, \u00e0 la dictature, \u00e0 la guerre, \u00e0 la faim, ou simplement \u00e0 l&rsquo;ennui. Il est de bon ton de dire que l&rsquo;Occident est coupable de tout pour mieux d\u00e9finir sa propre innocence absolue. [\u2026]<br \/>\n<\/span><\/p>\n<p style=\"margin-left: 28pt;\"><span style=\"color: #c00000; font-family: Arial;\"><strong>Erreurs et illusions co\u00fbteuses. L&rsquo;Occident est \u00e0 la fois coupable et innocent. Or, tuer un coupable ne brise pas la cha\u00eene de la douleur. Elle fait \u00e9changer les robes des victimes et des bourreaux. On le sait tous, et c&rsquo;est une banalit\u00e9 utile \u00e0 rem\u00e9morer.<br \/>\n<\/strong><\/span><\/p>\n<p style=\"margin-left: 28pt;\"><span style=\"color: #c00000; font-family: Arial;\">Il est urgent de rappeler que sur les col\u00e8res d&rsquo;aujourd&rsquo;hui se greffent trop de radicalit\u00e9s pour qu&rsquo;on puisse \u00e9viter la violence si on continue dans le m\u00eame aveuglement. Br\u00fbler l&rsquo;Occident, ce r\u00eave si facile qu&rsquo;Internet et ces militants agitateurs des r\u00e9seaux commercialisent en guise de \u00ab n\u00e9opuret\u00e9 \u00bb et de l\u00e9gitimit\u00e9, est une erreur qui aura de lourdes cons\u00e9quences.&nbsp;\u00bb<br \/>\n<\/span><\/p>\n<p style=\"margin-left: 28pt;\"><span style=\"color: #c00000; font-family: Arial;\"><strong>On se retrouvera, dans quelques d\u00e9cennies, \u00e0 vivre dans ces champs nus, \u00e0 construire la barbarie qu&rsquo;on a cru d\u00e9noncer.<\/strong>&nbsp;\u00bb<br \/>\n<\/span><\/p>\n<p><span style=\"color: #777777; font-family: Arial;\">Voil\u00e0 des paroles fortes et j&rsquo;aime particuli\u00e8rement sa conclusion&nbsp;:<br \/>\n<\/span><\/p>\n<p style=\"margin-left: 28pt;\"><span style=\"color: #c00000; font-family: Arial;\">\u00ab&nbsp;Monstrueux quand il a faim, selon l&rsquo;expression d&rsquo;un internaute, injuste et au pass\u00e9 vandale, beau, fascinant dans la nuit du monde, nimb\u00e9 dans le r\u00eave et le fantasme pour le migrant, vertueux par une d\u00e9mocratie inachev\u00e9e, hypocrite \u00e0 cause de sa pr\u00e9dation des ressources, son pass\u00e9 colonial tueur, inconscient et heureux<strong>, l&rsquo;Occident est ce qu&rsquo;il est : imparfait et \u00e0 parfaire. Il n&rsquo;est pas \u00e0 d\u00e9truire<\/strong>. Ceux qui en r\u00eavent sont ceux qui n&rsquo;ont pas su avoir de r\u00eave meilleur que la barbarie de revanche, pas su d\u00e9passer des rancunes intimes. [\u2026] <strong>L&rsquo;antiracisme est un combat juste. Il ne doit pas devenir un acte de vandalisme intellectuel ou de d\u00e9sordre dans ce monde si fragile<\/strong>. Son but est un avenir meilleur, pas un pass\u00e9 aveuglant [\u2026]&nbsp;\u00bb<br \/>\n<\/span><\/p>\n<p><span style=\"color: #777777; font-family: Arial;\">Paroles de la nuance, de la complexit\u00e9.<br \/>\n<\/span><\/p>\n<p><span style=\"color: #777777; font-family: Arial;\">Non pas un monde binaire dans lequel d&rsquo;un c\u00f4t\u00e9 il y a tout le bien et de l&rsquo;autre tout le mal.<br \/>\n<\/span><\/p>\n<p><span style=\"color: maroon; font-family: Arial;\">&lt;1444&gt;<\/span><\/p>\n","protected":false},"excerpt":{"rendered":"<p>\u00abL&rsquo;antiracisme est un combat juste. Il ne doit pas devenir un acte de vandalisme intellectuel ou de d\u00e9sordre dans ce monde si fragile.\u00bb Kamel Daoud Lors des derniers mots du jour, j&rsquo;ai \u00e9voqu\u00e9 \u00e0 plusieurs fois le racisme de blancs<\/p>\n","protected":false},"author":1,"featured_media":0,"comment_status":"open","ping_status":"closed","sticky":false,"template":"","format":"standard","meta":{"footnotes":""},"categories":[1],"tags":[15,189,103],"class_list":["post-9370","post","type-post","status-publish","format-standard","hentry","category-motdujour","tag-france","tag-occident","tag-racisme"],"_links":{"self":[{"href":"https:\/\/lemotdujour.fr\/index.php?rest_route=\/wp\/v2\/posts\/9370","targetHints":{"allow":["GET"]}}],"collection":[{"href":"https:\/\/lemotdujour.fr\/index.php?rest_route=\/wp\/v2\/posts"}],"about":[{"href":"https:\/\/lemotdujour.fr\/index.php?rest_route=\/wp\/v2\/types\/post"}],"author":[{"embeddable":true,"href":"https:\/\/lemotdujour.fr\/index.php?rest_route=\/wp\/v2\/users\/1"}],"replies":[{"embeddable":true,"href":"https:\/\/lemotdujour.fr\/index.php?rest_route=%2Fwp%2Fv2%2Fcomments&post=9370"}],"version-history":[{"count":2,"href":"https:\/\/lemotdujour.fr\/index.php?rest_route=\/wp\/v2\/posts\/9370\/revisions"}],"predecessor-version":[{"id":9372,"href":"https:\/\/lemotdujour.fr\/index.php?rest_route=\/wp\/v2\/posts\/9370\/revisions\/9372"}],"wp:attachment":[{"href":"https:\/\/lemotdujour.fr\/index.php?rest_route=%2Fwp%2Fv2%2Fmedia&parent=9370"}],"wp:term":[{"taxonomy":"category","embeddable":true,"href":"https:\/\/lemotdujour.fr\/index.php?rest_route=%2Fwp%2Fv2%2Fcategories&post=9370"},{"taxonomy":"post_tag","embeddable":true,"href":"https:\/\/lemotdujour.fr\/index.php?rest_route=%2Fwp%2Fv2%2Ftags&post=9370"}],"curies":[{"name":"wp","href":"https:\/\/api.w.org\/{rel}","templated":true}]}}