{"id":9355,"date":"2020-06-23T00:19:11","date_gmt":"2020-06-22T22:19:11","guid":{"rendered":"http:\/\/lemotdujour.fr\/?p=9355"},"modified":"2020-06-23T09:20:22","modified_gmt":"2020-06-23T07:20:22","slug":"mardi-24-juin-2020","status":"publish","type":"post","link":"https:\/\/lemotdujour.fr\/?p=9355","title":{"rendered":"Mardi 24 juin 2020"},"content":{"rendered":"<div class=\"mdjTexte\">\u00abRequiem pour Wolf Musique, institution de la vie musicale europ\u00e9enne depuis pr\u00e8s de deux si\u00e8cles.\u00bb<\/div>\n<div class=\"mdjAuteur\">Titre du Figaro annon\u00e7ant la fermeture de ce magasin de musique de Strasbourg<\/div>\n<p><span style=\"color: #777777; font-family: Arial;\">C&rsquo;\u00e9tait une institution strasbourgeoise de 195 ans, situ\u00e9e 24 rue de la M\u00e9sange. C&rsquo;est-\u00e0-dire la rue qui relie la Place de Broglie o\u00f9 se trouve l&rsquo;H\u00f4tel de ville et l&rsquo;Op\u00e9ra du Rhin et la Rue des Arcades qui permet d&rsquo;atteindre, en deux pas, la Place Kl\u00e9ber. Nous sommes dans l&rsquo;hyper centre de Strasbourg.<br \/>\n<\/span><\/p>\n<p><img loading=\"lazy\" decoding=\"async\" class=\"alignleft\" src=\"https:\/\/lemotdujour.fr\/wp-content\/uploads\/2020\/06\/062220_2207_Mardi24juin1.jpg\" alt=\"\" width=\"433\" height=\"323\" align=\"left\" \/><span style=\"color: #777777; font-family: Arial;\">Cette institution \u00e9tait un magasin de musique\u00a0: \u00ab\u00a0<strong>Wolf Musique<\/strong>\u00a0\u00bb l&rsquo;un des plus anciens magasins de musique de France.<br \/>\n<\/span><\/p>\n<p><span style=\"color: #777777; font-family: Arial;\">Ce magasin a \u00e9t\u00e9 fond\u00e9 en 1825 par <a href=\"http:\/\/judaisme.sdv.fr\/histoire\/villes\/strasbrg\/wolf\/wolf.htm\"><span style=\"color: #0000ff;\">Seeligman Wolf<\/span><\/a>, n\u00e9gociant juif dont la famille venait d&rsquo;Allemagne.<br \/>\n<\/span><\/p>\n<p><span style=\"color: #777777; font-family: Arial;\"><img loading=\"lazy\" decoding=\"async\" class=\"wp-image-9359 alignright\" src=\"https:\/\/lemotdujour.fr\/wp-content\/uploads\/2020\/06\/Partition-Wolf.jpg\" alt=\"\" width=\"270\" height=\"398\" srcset=\"https:\/\/lemotdujour.fr\/wp-content\/uploads\/2020\/06\/Partition-Wolf.jpg 652w, https:\/\/lemotdujour.fr\/wp-content\/uploads\/2020\/06\/Partition-Wolf-204x300.jpg 204w\" sizes=\"auto, (max-width: 270px) 100vw, 270px\" \/>Mais en 1825, Strasbourg \u00e9tait fran\u00e7aise et la France \u00e9tait dans cette p\u00e9riode que l&rsquo;on appelait \u00ab\u00a0<a href=\"https:\/\/fr.wikipedia.org\/wiki\/Restauration_(histoire_de_France)\"><span style=\"color: #0000ff;\">La Restauration\u00a0<\/span><\/a>\u00bb. Charles X venait de succ\u00e9der \u00e0 son fr\u00e8re, Louis XVIII d\u00e9c\u00e9d\u00e9 en septembre 1824.<br \/>\n<\/span><\/p>\n<p><span style=\"color: #777777; font-family: Arial;\">Strasbourg va devenir allemand entre 1870 et 1918.<br \/>\n<\/span><\/p>\n<p><span style=\"color: #777777; font-family: Arial;\">C&rsquo;est pendant cette p\u00e9riode, qu&rsquo;en 1905 c&rsquo;est pass\u00e9 un \u00e9v\u00e8nement qui faisait, encore de nos jours, la fiert\u00e9 de ce magasin :<br \/>\n<\/span><\/p>\n<p><span style=\"color: #777777; font-family: Arial;\">C&rsquo;est &lt;<span style=\"color: #0000ff;\"><a style=\"color: #0000ff;\" href=\"https:\/\/www.lefigaro.fr\/culture\/requiem-pour-wolf-musique-institution-de-la-vie-musicale-europeenne-depuis-pres-de-deux-siecles-20200618\">Le Figaro<\/a><\/span>&gt; qui le raconte le plus pr\u00e9cis\u00e9ment\u00a0:<br \/>\n<\/span><\/p>\n<p style=\"margin-left: 28pt;\"><span style=\"color: #c00000; font-family: Arial;\">\u00ab\u00a0Mais sa l\u00e9gende, c&rsquo;est \u00e0 deux compositeurs qu&rsquo;il la doit. Dix ans plus tard, \u00e0 l&rsquo;\u00e9t\u00e9 1905, <strong>Richard Strauss et Gustav Mahler<\/strong> se retrouveront dans sa boutique. L\u00e0, au milieu des instruments, Strauss s&rsquo;accompagnant lui-m\u00eame au piano, lui fera lecture, en chantant, de son op\u00e9ra Salom\u00e9 tout juste achev\u00e9. <strong>Alma Mahler<\/strong>, \u00e9pouse du chef et compositeur, t\u00e9moignera de la r\u00e9action enthousiaste de ce dernier en m\u00eame temps que de l&rsquo;excitation du moment : \u00ab Nous arriv\u00e2mes au passage de la Danse des sept voiles. \u00ab\u00a0\u00c7a, je ne l&rsquo;ai pas encore \u00e9crit\u00a0\u00bb, dit Strauss, et il continua \u00e0 jouer, apr\u00e8s ce grand vide, jusqu&rsquo;\u00e0 la fin. Mahler sugg\u00e9ra : \u00ab\u00a0N&rsquo;est-il pas dangereux de laisser de c\u00f4t\u00e9 la danse, et de l&rsquo;\u00e9crire plus tard quand on n&rsquo;est plus dans l&rsquo;atmosph\u00e8re du travail ?\u00a0\u00bb Alors Strauss se mit \u00e0 rire de son rire frivole : \u00ab\u00a0\u00e7a, j&rsquo;en fais mon affaire !\u00a0\u00bb \u00bb Quelques semaines plus tard, \u00e0 t\u00eate repos\u00e9e, Mahler lui-m\u00eame exprimera par \u00e9crit \u00e0 Strauss, encore gris\u00e9 par l&rsquo;\u00e9motion :<br \/>\n<\/span><\/p>\n<p style=\"margin-left: 28pt;\"><span style=\"color: #c00000; font-family: Arial;\">\u00ab C&rsquo;est votre sommet. Oui, je pr\u00e9tends que rien de ce que vous avez \u00e9crit jusqu&rsquo;\u00e0 pr\u00e9sent ne peut se comparer \u00e0 cela&#8230;\u00bb\u00a0\u00bb<br \/>\n<\/span><\/p>\n<p><span style=\"color: #777777; font-family: Arial;\"><img loading=\"lazy\" decoding=\"async\" class=\"wp-image-9360 alignleft\" src=\"https:\/\/lemotdujour.fr\/wp-content\/uploads\/2020\/06\/un-des-plus-vieux-magasins-musique-france-ferme-ses-portes.jpg\" alt=\"\" width=\"318\" height=\"244\" srcset=\"https:\/\/lemotdujour.fr\/wp-content\/uploads\/2020\/06\/un-des-plus-vieux-magasins-musique-france-ferme-ses-portes.jpg 924w, https:\/\/lemotdujour.fr\/wp-content\/uploads\/2020\/06\/un-des-plus-vieux-magasins-musique-france-ferme-ses-portes-300x230.jpg 300w, https:\/\/lemotdujour.fr\/wp-content\/uploads\/2020\/06\/un-des-plus-vieux-magasins-musique-france-ferme-ses-portes-768x589.jpg 768w\" sizes=\"auto, (max-width: 318px) 100vw, 318px\" \/>Wolf Musique \u00e9tait une v\u00e9ritable institution pour tout le monde musical fran\u00e7ais et une bonne partie du monde musicale d&rsquo;outre-Rhin.<br \/>\n<\/span><\/p>\n<p><span style=\"color: #777777; font-family: Arial;\">La boutique avait commenc\u00e9, en 1825, par vendre des partitions, au d\u00e9but du XX\u00e8me si\u00e8cle des instruments s&rsquo;y ajout\u00e8rent.<br \/>\n<\/span><\/p>\n<p><span style=\"color: #777777; font-family: Arial;\">Lazare Wolf, fils du fondateur, eu l&rsquo;id\u00e9e d&rsquo;ajouter \u00e0 son activit\u00e9 de vente, l&rsquo;organisation de concerts.<br \/>\n<\/span><\/p>\n<p><span style=\"color: #777777; font-family: Arial;\">Et c&rsquo;est ainsi que les plus grands musiciens se sont retrouv\u00e9s dans le magasin ou li\u00e9s d&rsquo;une mani\u00e8re ou d&rsquo;une autre \u00e0 l&rsquo;institution. Richard Strauss et Gustav Mahler qui dirig\u00e8rent des concerts de leurs \u0153uvres \u00e0 Strasbourg dans des concerts organis\u00e9s par Wolf Musique furent les plus grands. Mais on peut aussi citer <a href=\"https:\/\/fr.wikipedia.org\/wiki\/Hans_von_B%C3%BClow_(chef_d%27orchestre)\"><span style=\"color: #0000ff;\">Hans von B\u00fclow<\/span><\/a>, Furtwaengler, Klemperer et Charles M\u00fcnch le r\u00e9gional de l&rsquo;\u00e9tape.<br \/>\n<\/span><\/p>\n<p><span style=\"color: #777777; font-family: Arial;\">Apr\u00e8s les ann\u00e9es 1950, le magasin vendit aussi des disques et du mat\u00e9riel Hifi. Lors des 3 ann\u00e9es que j&rsquo;ai pass\u00e9es \u00e0 Strasbourg entre 1976 et 1979, j&rsquo;y allais r\u00e9guli\u00e8rement pour les disques. Je me souviens m\u00eame d&rsquo;y avoir achet\u00e9 les 9 symphonies de Beethoven par Klemperer. La FNAC est arriv\u00e9e \u00e0 Strasbourg en 1978, Wolf a pu r\u00e9sister 10 ans pendant lesquels il a encore vendu des disques.<br \/>\n<\/span><\/p>\n<p><img loading=\"lazy\" decoding=\"async\" class=\"wp-image-9361 alignleft\" src=\"https:\/\/lemotdujour.fr\/wp-content\/uploads\/2020\/06\/wolf_musique.jpg\" alt=\"\" width=\"239\" height=\"179\" srcset=\"https:\/\/lemotdujour.fr\/wp-content\/uploads\/2020\/06\/wolf_musique.jpg 800w, https:\/\/lemotdujour.fr\/wp-content\/uploads\/2020\/06\/wolf_musique-300x225.jpg 300w, https:\/\/lemotdujour.fr\/wp-content\/uploads\/2020\/06\/wolf_musique-768x576.jpg 768w\" sizes=\"auto, (max-width: 239px) 100vw, 239px\" \/><\/p>\n<p><span style=\"color: #777777; font-family: Arial;\">Le s\u00e9isme provoqu\u00e9 par l&rsquo;arriv\u00e9e des grandes surfaces contraint Wolf Musique \u00e0 se recentrer sur la vente d&rsquo;instruments de musique et de partitions.<br \/>\n<\/span><\/p>\n<p><span style=\"color: #777777; font-family: Arial;\">Wolf Musique cr\u00e9a aussi le c\u00e9l\u00e8bre Festival de Musique de Strasbourg.<br \/>\n<\/span><\/p>\n<p><span style=\"color: #777777; font-family: Arial;\">La premi\u00e8re \u00e9dition eut lieu en 1932 avec le Philharmonique de Berlin sous la direction de Furtw\u00e4ngler. Wolf musique continua \u00e0 participer \u00e0 l&rsquo;organisation de ce festival jusqu&rsquo;en 2013. En 2014 le festival s&rsquo;arr\u00eata suite au d\u00e9p\u00f4t de bilan de la Soci\u00e9t\u00e9 des Amis de la Musique de Strasbourg&#8230; D\u00e9p\u00f4t de bilan annonciateur de celui de Wolf Musique, six ann\u00e9es plus tard : fragilis\u00e9 comme de nombreux professionnels du secteur par la mont\u00e9e en puissance d&rsquo;internet, la vente en ligne puis par la baisse de client\u00e8le li\u00e9e aux attentats de 2015, qui ont amen\u00e9 les autorit\u00e9s \u00e0 renforcer les mesures de s\u00e9curit\u00e9 autour du march\u00e9 de No\u00ebl et \u00e0 boucler une partie du centre-ville.<br \/>\n<\/span><\/p>\n<p><span style=\"color: #777777; font-family: Arial;\">La pand\u00e9mie lui aura donn\u00e9 le coup de gr\u00e2ce. Wolf Musique, n&rsquo;a pas surv\u00e9cu \u00e0 la crise \u00e9conomique li\u00e9e au coronavirus, la boutique a baiss\u00e9 son rideau d\u00e9finitivement samedi 13 juin 2020.<br \/>\n<\/span><\/p>\n<p><span style=\"color: #777777; font-family: Arial;\">Le magasin comptait encore 6 salari\u00e9s. Dans les ann\u00e9es 1960, Wolf Musique connaissait son \u00e2ge d&rsquo;or avec 49 employ\u00e9s r\u00e9partis dans 9 boutiques<br \/>\n<\/span><\/p>\n<p><span style=\"color: #777777; font-family: Arial;\">Cette fermeture n&rsquo;est pas pass\u00e9e inaper\u00e7ue, les sites et journaux ont donn\u00e9 un \u00e9cho \u00e0 cet \u00e9v\u00e8nement :<br \/>\n<\/span><\/p>\n<p><span style=\"color: #777777; font-family: Arial;\">France Musique\u00a0: &lt;<span style=\"color: #0000ff;\"><a style=\"color: #0000ff;\" href=\"https:\/\/www.francemusique.fr\/actualite-musicale\/a-strasbourg-fermeture-de-wolf-l-un-des-plus-anciens-magasins-de-musique-de-france-85068\">A Strasbourg, fermeture de Wolf, l&rsquo;un des plus anciens magasins de musique de France<\/a>&gt;<\/span><br \/>\n<\/span><\/p>\n<p><span style=\"color: #777777; font-family: Arial;\">Le Figaro <span style=\"color: #0000ff;\">&lt;<a style=\"color: #0000ff;\" href=\"https:\/\/www.lefigaro.fr\/culture\/requiem-pour-wolf-musique-institution-de-la-vie-musicale-europeenne-depuis-pres-de-deux-siecles-20200618\">Requiem pour Wolf Musique, institution de la vie musicale europ\u00e9enne depuis pr\u00e8s de deux si\u00e8cles<\/a>&gt;<\/span><br \/>\n<\/span><\/p>\n<p><span style=\"color: #777777; font-family: Arial;\">Le Parisien\u00a0: <a href=\"https:\/\/www.leparisien.fr\/economie\/business\/strasbourg-wolf-le-plus-vieux-magasin-de-musique-de-province-tire-le-rideau-13-06-2020-8334792.php\"><span style=\"color: #0000ff;\">&lt;Strasbourg : Wolf, le plus vieux magasin de musique de province, tire le rideau&gt;<\/span><\/a><br \/>\n<\/span><\/p>\n<p><span style=\"color: #777777; font-family: Arial;\">Le Monde\u00a0: <span style=\"color: #0000ff;\">&lt;<a style=\"color: #0000ff;\" href=\"https:\/\/www.lemonde.fr\/economie\/article\/2020\/06\/12\/a-strasbourg-wolf-institution-du-monde-de-la-musique-fait-entendre-ses-dernieres-notes_6042639_3234.html\">A Strasbourg, Wolf, institution du monde de la musique, fait entendre ses derni\u00e8res notes<\/a>&gt;<\/span><br \/>\n<\/span><\/p>\n<p><span style=\"color: #777777; font-family: Arial;\"><img loading=\"lazy\" decoding=\"async\" class=\"wp-image-9362 alignleft\" src=\"https:\/\/lemotdujour.fr\/wp-content\/uploads\/2020\/06\/Fini-Wolf.jpg\" alt=\"\" width=\"405\" height=\"211\" srcset=\"https:\/\/lemotdujour.fr\/wp-content\/uploads\/2020\/06\/Fini-Wolf.jpg 540w, https:\/\/lemotdujour.fr\/wp-content\/uploads\/2020\/06\/Fini-Wolf-300x156.jpg 300w\" sizes=\"auto, (max-width: 405px) 100vw, 405px\" \/>Cette faillite, rendue in\u00e9luctable par la perte de son chiffre d&rsquo;affaires li\u00e9e au Covid-19, n&rsquo;est pas un cas isol\u00e9. Il vient s&rsquo;ajouter \u00e0 une liste h\u00e9las grandissante de v\u00e9n\u00e9rables lieux de culture et de musique, victimes un peu partout dans le monde des cons\u00e9quences \u00e9conomiques du coronavirus.<br \/>\n<\/span><\/p>\n<p><span style=\"color: #777777; font-family: Arial;\">Le Figaro \u00e9crit\u00a0:<br \/>\n<\/span><\/p>\n<p style=\"margin-left: 28pt;\"><span style=\"color: #c00000; font-family: Arial;\">\u00ab\u00a0C&rsquo;est ainsi que l&rsquo;on a appris, il y a quarante-huit heures, la fermeture du plus ancien disquaire de Manhattan, \u00e0 New York <strong>: Record Mart<\/strong>, fond\u00e9 en 1958. Le mois dernier, c&rsquo;\u00e9tait aussi le choc pour de nombreux m\u00e9lomanes et musiciens n\u00e9erlandais, qui d\u00e9couvraient que <strong>Hampe &amp; Berkel<\/strong>, la plus ancienne boutique d&rsquo;instruments et partitions d&rsquo;Amsterdam, venait de mettre d\u00e9finitivement la clef sous la porte, apr\u00e8s 178 ans de bons et loyaux services.\u00a0\u00bb<br \/>\n<\/span><\/p>\n<p><span style=\"color: #777777; font-family: Arial;\">Le monde de la musique et plus g\u00e9n\u00e9ralement de la culture est terriblement impact\u00e9 par cette crise \u00e9conomique.<br \/>\n<\/span><\/p>\n<p><span style=\"color: #777777; font-family: Arial;\">Souvent des institutions \u00e9taient d\u00e9j\u00e0 fragilis\u00e9es en raison de l&rsquo;\u00e9volution des modes de consommation, le COVID-19 a \u00e9t\u00e9 dans ces cas l&rsquo;\u00e9preuve de trop..<br \/>\n<\/span><\/p>\n<p><span style=\"color: #777777; font-family: Arial;\">D&rsquo;autres commerces aussi sont impact\u00e9es.<br \/>\n<\/span><\/p>\n<p><span style=\"color: #777777; font-family: Arial;\">Que deviendront nos villes quand un nombre de plus en plus important de commerces fermeront leurs portes et leurs vitrines\u00a0?<br \/>\n<\/span><\/p>\n<p><span style=\"color: #777777; font-family: Arial;\">On me dit qu&rsquo;Amazon va bien\u2026<br \/>\n<\/span><\/p>\n<p><span style=\"color: maroon; font-family: Arial;\">&lt;1443&gt;<\/span><\/p>\n","protected":false},"excerpt":{"rendered":"<p>\u00abRequiem pour Wolf Musique, institution de la vie musicale europ\u00e9enne depuis pr\u00e8s de deux si\u00e8cles.\u00bb Titre du Figaro annon\u00e7ant la fermeture de ce magasin de musique de Strasbourg C&rsquo;\u00e9tait une institution strasbourgeoise de 195 ans, situ\u00e9e 24 rue de la<\/p>\n","protected":false},"author":1,"featured_media":0,"comment_status":"open","ping_status":"closed","sticky":false,"template":"","format":"standard","meta":{"footnotes":""},"categories":[1],"tags":[107,10,20,126],"class_list":["post-9355","post","type-post","status-publish","format-standard","hentry","category-motdujour","tag-culture","tag-economie","tag-musique","tag-pandemie"],"_links":{"self":[{"href":"https:\/\/lemotdujour.fr\/index.php?rest_route=\/wp\/v2\/posts\/9355","targetHints":{"allow":["GET"]}}],"collection":[{"href":"https:\/\/lemotdujour.fr\/index.php?rest_route=\/wp\/v2\/posts"}],"about":[{"href":"https:\/\/lemotdujour.fr\/index.php?rest_route=\/wp\/v2\/types\/post"}],"author":[{"embeddable":true,"href":"https:\/\/lemotdujour.fr\/index.php?rest_route=\/wp\/v2\/users\/1"}],"replies":[{"embeddable":true,"href":"https:\/\/lemotdujour.fr\/index.php?rest_route=%2Fwp%2Fv2%2Fcomments&post=9355"}],"version-history":[{"count":7,"href":"https:\/\/lemotdujour.fr\/index.php?rest_route=\/wp\/v2\/posts\/9355\/revisions"}],"predecessor-version":[{"id":9368,"href":"https:\/\/lemotdujour.fr\/index.php?rest_route=\/wp\/v2\/posts\/9355\/revisions\/9368"}],"wp:attachment":[{"href":"https:\/\/lemotdujour.fr\/index.php?rest_route=%2Fwp%2Fv2%2Fmedia&parent=9355"}],"wp:term":[{"taxonomy":"category","embeddable":true,"href":"https:\/\/lemotdujour.fr\/index.php?rest_route=%2Fwp%2Fv2%2Fcategories&post=9355"},{"taxonomy":"post_tag","embeddable":true,"href":"https:\/\/lemotdujour.fr\/index.php?rest_route=%2Fwp%2Fv2%2Ftags&post=9355"}],"curies":[{"name":"wp","href":"https:\/\/api.w.org\/{rel}","templated":true}]}}