{"id":9349,"date":"2020-06-22T00:06:11","date_gmt":"2020-06-21T22:06:11","guid":{"rendered":"http:\/\/lemotdujour.fr\/?p=9349"},"modified":"2020-06-22T00:10:19","modified_gmt":"2020-06-21T22:10:19","slug":"lundi-22-juin-2020","status":"publish","type":"post","link":"https:\/\/lemotdujour.fr\/?p=9349","title":{"rendered":"Lundi 22 juin 2020"},"content":{"rendered":"<div class=\"mdjTexte\">\u00abPause\u00bb<\/div>\n<div class=\"mdjAuteur\">Un jour sans mot du jour<\/div>\n<p><span style=\"color: #777777; font-family: Arial;\">Pas de mot du jour nouveau aujourd&rsquo;hui.<br \/>\n<\/span><\/p>\n<p><img loading=\"lazy\" decoding=\"async\" class=\"alignleft\" src=\"https:\/\/lemotdujour.fr\/wp-content\/uploads\/2020\/06\/062120_2206_Lundi22juin1.jpg\" alt=\"\" width=\"367\" height=\"175\" align=\"left\"><span style=\"color: #777777; font-family: Arial;\">Les derniers mots du jour concernaient le racisme anti-noir et aussi le r\u00e9cit un peu \u00e9triqu\u00e9 que la France faisait \u00e0 travers les statues qui parent nos villes comme aussi les noms des avenues, boulevards et rues.<br \/>\n<\/span><\/p>\n<p><span style=\"color: #777777; font-family: Arial;\">Le nombre d&rsquo;hommes blancs ayant un r\u00f4le plus ou moins \u00e9troit avec les choses militaires est proportionnellement excessivement important.<br \/>\n<\/span><\/p>\n<p><span style=\"color: #777777; font-family: Arial;\">S&rsquo;il faut trouver des hommes de peau noire, on pourrait laisser une place \u00e0 Franz Fanon.<br \/>\n<\/span><\/p>\n<p><span style=\"color: #777777; font-family: Arial;\">Je lui avais consacr\u00e9 le mot du jour du <a href=\"https:\/\/lemotdujour.fr\/?p=6285\"><span style=\"color: #0000ff;\">27 f\u00e9vrier 2019<\/span><\/a>.<br \/>\n<\/span><\/p>\n<p><span style=\"color: #777777; font-family: Arial;\">Et ce mot du jour donnait comme information que justement \u00e0 Bordeaux<br \/>\n<\/span><\/p>\n<p><span style=\"color: #c00000; font-family: Arial;\">\u00ab&nbsp;Le maire de Bordeaux, Alain Jupp\u00e9, a d\u00e9cid\u00e9 de \u00absurseoir\u00bb \u00e0 la proposition de nommer une ruelle d&rsquo;un des nouveaux quartiers de la ville du nom de Frantz Fanon (grande figure anticolonialiste). <em>\u00abAujourd&rsquo;hui, le choix du nom de Frantz Fanon suscite des incompr\u00e9hensions, des pol\u00e9miques, des oppositions que je peux comprendre. Dans un souci d&rsquo;apaisement, j&rsquo;ai donc d\u00e9cid\u00e9 de surseoir \u00e0 cette proposition\u00bb<\/em>,&nbsp;\u00bb<span style=\"color: #777777;\"><br \/>\n<\/span><\/span><\/p>\n<p><span style=\"color: #777777; font-family: Arial;\">Gallieni, Bugeaud et d&rsquo;autres assassins ne posent pas probl\u00e8me, en revanche Franz Fanon non.<br \/>\n<\/span><\/p>\n<p><span style=\"color: #777777; font-family: Arial;\">Que lui reprochait t&rsquo;on&nbsp;?<br \/>\n<\/span><\/p>\n<p style=\"margin-left: 28pt;\"><span style=\"color: #c00000; font-family: Arial;\">\u00ab&nbsp;L&rsquo;opposition municipale Rassemblement National ainsi que des internautes avaient critiqu\u00e9 le choix de nommer cette ruelle du nom de l&rsquo;humaniste martiniquais, proche du Front de lib\u00e9ration nationale (FLN) alg\u00e9rien qui a men\u00e9 la guerre d&rsquo;ind\u00e9pendance contre la France.&nbsp;\u00bb<br \/>\n<\/span><\/p>\n<p><span style=\"color: #777777; font-family: Arial;\">La mani\u00e8re dont on nomme les rues constitue un r\u00e9cit et un choix que l&rsquo;on fait dans la hi\u00e9rarchie des m\u00e9moires qu&rsquo;on veut privil\u00e9gier.<br \/>\n<\/span><\/p>\n<p><span style=\"color: #c00000; font-family: Arial;\">&lt;Mot sans num\u00e9ro&gt;<\/span><\/p>\n","protected":false},"excerpt":{"rendered":"<p>\u00abPause\u00bb Un jour sans mot du jour Pas de mot du jour nouveau aujourd&rsquo;hui. Les derniers mots du jour concernaient le racisme anti-noir et aussi le r\u00e9cit un peu \u00e9triqu\u00e9 que la France faisait \u00e0 travers les statues qui parent<\/p>\n","protected":false},"author":1,"featured_media":0,"comment_status":"open","ping_status":"closed","sticky":false,"template":"","format":"standard","meta":{"footnotes":""},"categories":[1],"tags":[96],"class_list":["post-9349","post","type-post","status-publish","format-standard","hentry","category-motdujour","tag-pause"],"_links":{"self":[{"href":"https:\/\/lemotdujour.fr\/index.php?rest_route=\/wp\/v2\/posts\/9349","targetHints":{"allow":["GET"]}}],"collection":[{"href":"https:\/\/lemotdujour.fr\/index.php?rest_route=\/wp\/v2\/posts"}],"about":[{"href":"https:\/\/lemotdujour.fr\/index.php?rest_route=\/wp\/v2\/types\/post"}],"author":[{"embeddable":true,"href":"https:\/\/lemotdujour.fr\/index.php?rest_route=\/wp\/v2\/users\/1"}],"replies":[{"embeddable":true,"href":"https:\/\/lemotdujour.fr\/index.php?rest_route=%2Fwp%2Fv2%2Fcomments&post=9349"}],"version-history":[{"count":4,"href":"https:\/\/lemotdujour.fr\/index.php?rest_route=\/wp\/v2\/posts\/9349\/revisions"}],"predecessor-version":[{"id":9353,"href":"https:\/\/lemotdujour.fr\/index.php?rest_route=\/wp\/v2\/posts\/9349\/revisions\/9353"}],"wp:attachment":[{"href":"https:\/\/lemotdujour.fr\/index.php?rest_route=%2Fwp%2Fv2%2Fmedia&parent=9349"}],"wp:term":[{"taxonomy":"category","embeddable":true,"href":"https:\/\/lemotdujour.fr\/index.php?rest_route=%2Fwp%2Fv2%2Fcategories&post=9349"},{"taxonomy":"post_tag","embeddable":true,"href":"https:\/\/lemotdujour.fr\/index.php?rest_route=%2Fwp%2Fv2%2Ftags&post=9349"}],"curies":[{"name":"wp","href":"https:\/\/api.w.org\/{rel}","templated":true}]}}