{"id":934,"date":"2014-12-10T01:00:00","date_gmt":"2014-12-09T22:00:00","guid":{"rendered":"http:\/\/lemotdujour.fr\/?p=934"},"modified":"2017-05-08T13:24:09","modified_gmt":"2017-05-08T11:24:09","slug":"mercredi-10-decembre-2014","status":"publish","type":"post","link":"https:\/\/lemotdujour.fr\/?p=934","title":{"rendered":"Mercredi 10 d\u00e9cembre 2014"},"content":{"rendered":"<div class=\"mdjDate\">Mercredi 10 d\u00e9cembre 2014<\/div>\n<div class=\"mdjTexte\">\u00ab [La France] repose donc sur 40% de ses habitants. <br \/>Les autres vivent de la redistribution [&#8230;]. <br \/>C&rsquo;est ce qui explique les imp\u00f4ts et les charges \u00e9lev\u00e9es en France, mais aussi le d\u00e9ficit persistant. \u00bb<\/div>\n<div class=\"mdjAuteur\">Fran\u00e7ois Lenglet<\/div>\n<div class=\"mdjComplements\">C&rsquo;est le fait \u00ab40% des fran\u00e7ais\u00bb et les cons\u00e9quences selon son avis que Fran\u00e7ois Lenglet a d\u00e9velopp\u00e9 lors de sa chronique sur RTL du 8 d\u00e9cembre : <a href=\"http:\/\/www.rtl.fr\/actu\/economie\/la-france-travaille-t-elle-assez-7775795021\">&lt;La France travaille t&rsquo;elle assez ?&gt;<\/a><\/div>\n<div class=\"mdjComplements\">Dans cette \u00e9mission il a notamment fait les d\u00e9veloppements suivants : <\/div>\n<div class=\"mdjComplements\">\u00abQuand Manuel Valls dit que \u00ab\u00a0les 35 heures ce n&rsquo;est plus le probl\u00e8me\u00a0\u00bb, il a raison. C&rsquo;est vrai qu&rsquo;il existe d\u00e9sormais de nombreuses possibilit\u00e9s pour assouplir ce cadre, \u00e0 la hausse comme \u00e0 la baisse. Mais \u00ab\u00a0pour ou contre les 35 heures ?\u00a0\u00bb, c&rsquo;est une guerre id\u00e9ologique bien fran\u00e7aise, souvent passionn\u00e9e.<\/div>\n<div class=\"mdjComplements\">Pour les opposants aux 35 heures, c&rsquo;est la cause de notre faiblesse \u00e9conomique, alors que la r\u00e9alit\u00e9 du travail fran\u00e7ais est tr\u00e8s diff\u00e9rente. On travaille plus de 40 heures par semaine, avec les heures suppl\u00e9mentaires et la prise en compte des artisans, des professions lib\u00e9rales et des commer\u00e7ants, qui tirent la moyenne vers le haut.<\/div>\n<div class=\"mdjComplements\">Il est vrai que l&rsquo;on a plus de RTT et de jours de cong\u00e9s. Quand on calcule le temps de travail sur une ann\u00e9e, la France est \u00e0 1.489 heures. C&rsquo;est l&rsquo;un des chiffres les plus faibles de l&rsquo;OCDE. Mais c&rsquo;est davantage que l&rsquo;Allemagne, les Pays-Bas ou le Danemark. Trois pays sont on ne peut pas vraiment dire qu&rsquo;ils marchent mal.<\/div>\n<div class=\"mdjComplements\">Notre probl\u00e8me, ce n&rsquo;est pas le temps de travail de ceux qui exercent une activit\u00e9 professionnelle. Le probl\u00e8me fran\u00e7ais, c&rsquo;est que ceux travaillent sont trop peu nombreux. \u00c0 peine 40% des habitants de notre pays sont au boulot. Si on prend l&rsquo;ensemble des heures travaill\u00e9es en France sur une ann\u00e9e et qu&rsquo;on le divise par le nombre d&rsquo;habitants, on arrive \u00e0 605 heures par an et par habitant. <\/div>\n<div class=\"mdjComplements\">Voil\u00e0 la vraie mesure du travail fran\u00e7ais. Cela fait quatre petits mois seulement en moyenne. En Allemagne, c&rsquo;est 700 heures. C&rsquo;est 800 aux \u00c9tats-Unis et au Royaume-Uni, et pr\u00e8s de 1.100 en Cor\u00e9e du Sud.<\/div>\n<div class=\"mdjComplements\">Avec cette mesure qui est la plus fiable, nous sommes le pays qui travaille le moins de toute la zone OCDE.\u00a0Chez nous, ceux qui travaillent bossent, et ils bossent vraiment, mais ils ne sont pas assez nombreux.\u00a0<\/div>\n<div class=\"mdjComplements\">Cette place s&rsquo;explique par des carri\u00e8res plus courtes qu&rsquo;ailleurs, avec un taux de seniors au travail plus faible qu&rsquo;en Europe du Nord, un ch\u00f4mage \u00e9lev\u00e9, 400.000 emplois non fournis et peu (ou pas) d&rsquo;apprentissage. Ce n&rsquo;est pas irr\u00e9m\u00e9diable. <\/div>\n<div class=\"mdjComplements\">Il y a des solutions : faciliter les cr\u00e9ations d&#8217;emploi, r\u00e9former le march\u00e9 du travail, mieux former les jeunes et les moins jeunes.<\/div>\n<div class=\"mdjComplements\">Le pays repose donc sur 40% de ses habitants. Les autres vivent de la redistribution (retraites pour les seniors, allocations diverses pour certains, sans compter le financement de l&rsquo;\u00c9tat). C&rsquo;est ce qui explique les imp\u00f4ts et les charges \u00e9lev\u00e9es en France, mais aussi le d\u00e9ficit persistant. \u00bb<\/div>\n<div class=\"mdjComplements\">Pour ceux qui pr\u00e9f\u00e8rent les \u00e9missions de t\u00e9l\u00e9vision ci-apr\u00e8s le replay de l&rsquo;\u00e9mission de 1h20 qu&rsquo;il a consacr\u00e9 le m\u00eame jour, au m\u00eame th\u00e8me sur France 3 : <a href=\"http:\/\/www.francetvinfo.fr\/replay-magazine\/france-2\/l-angle-eco\/l-angle-eco-du-lundi-8-decembre-2014_767147.html\">&lt;http:\/\/www.francetvinfo.fr\/replay-magazine\/france-2\/l-angle-eco\/l-angle-eco-du-lundi-8-decembre-2014_767147.html&gt;<\/a><\/div>\n<div class=\"mdjComplements\">C&rsquo;est un \u00e9clairage int\u00e9ressant sur notre soci\u00e9t\u00e9 fran\u00e7aise et aussi sur sa comparaison avec les autre soci\u00e9t\u00e9s comparables.<\/div>\n","protected":false},"excerpt":{"rendered":"<p>Mercredi 10 d\u00e9cembre 2014 \u00ab [La France] repose donc sur 40% de ses habitants. Les autres vivent de la redistribution [&#8230;]. C&rsquo;est ce qui explique les imp\u00f4ts et les charges \u00e9lev\u00e9es en France, mais aussi le d\u00e9ficit persistant. \u00bb Fran\u00e7ois<\/p>\n","protected":false},"author":1,"featured_media":0,"comment_status":"closed","ping_status":"closed","sticky":false,"template":"","format":"standard","meta":{"footnotes":""},"categories":[1],"tags":[],"class_list":["post-934","post","type-post","status-publish","format-standard","hentry","category-motdujour"],"_links":{"self":[{"href":"https:\/\/lemotdujour.fr\/index.php?rest_route=\/wp\/v2\/posts\/934","targetHints":{"allow":["GET"]}}],"collection":[{"href":"https:\/\/lemotdujour.fr\/index.php?rest_route=\/wp\/v2\/posts"}],"about":[{"href":"https:\/\/lemotdujour.fr\/index.php?rest_route=\/wp\/v2\/types\/post"}],"author":[{"embeddable":true,"href":"https:\/\/lemotdujour.fr\/index.php?rest_route=\/wp\/v2\/users\/1"}],"replies":[{"embeddable":true,"href":"https:\/\/lemotdujour.fr\/index.php?rest_route=%2Fwp%2Fv2%2Fcomments&post=934"}],"version-history":[{"count":1,"href":"https:\/\/lemotdujour.fr\/index.php?rest_route=\/wp\/v2\/posts\/934\/revisions"}],"predecessor-version":[{"id":935,"href":"https:\/\/lemotdujour.fr\/index.php?rest_route=\/wp\/v2\/posts\/934\/revisions\/935"}],"wp:attachment":[{"href":"https:\/\/lemotdujour.fr\/index.php?rest_route=%2Fwp%2Fv2%2Fmedia&parent=934"}],"wp:term":[{"taxonomy":"category","embeddable":true,"href":"https:\/\/lemotdujour.fr\/index.php?rest_route=%2Fwp%2Fv2%2Fcategories&post=934"},{"taxonomy":"post_tag","embeddable":true,"href":"https:\/\/lemotdujour.fr\/index.php?rest_route=%2Fwp%2Fv2%2Ftags&post=934"}],"curies":[{"name":"wp","href":"https:\/\/api.w.org\/{rel}","templated":true}]}}