{"id":9329,"date":"2020-06-19T01:39:00","date_gmt":"2020-06-18T23:39:00","guid":{"rendered":"http:\/\/lemotdujour.fr\/?p=9329"},"modified":"2020-10-31T17:26:30","modified_gmt":"2020-10-31T16:26:30","slug":"vendredi-19-juin-2020","status":"publish","type":"post","link":"https:\/\/lemotdujour.fr\/?p=9329","title":{"rendered":"Vendredi 19 juin 2020"},"content":{"rendered":"<div class=\"mdjTexte\">\u00abLe Tata s\u00e9n\u00e9galais de Chasselay\u00bb<\/div>\n<div class=\"mdjAuteur\">Cimeti\u00e8re militaire de la Seconde Guerre mondiale<\/div>\n<p><span style=\"color: #777777; font-family: Arial;\"><strong>C&rsquo;\u00e9tait il y a 80 ans.<\/strong><br \/>\n<\/span><\/p>\n<p><span style=\"color: #777777; font-family: Arial;\">Des hommes venant majoritairement du S\u00e9n\u00e9gal, mais aussi du Mali, de Guin\u00e9e, de C\u00f4te d&rsquo;Ivoire, du Gabon se sont battus pour la France en 1940. Ils appartenaient \u00e0 toutes les ethnies de la r\u00e9gion, peuls, bambaras ou malink\u00e9. On les appelait les \u00ab <a href=\"https:\/\/fr.wikipedia.org\/wiki\/Tirailleurs_s%C3%A9n%C3%A9galais\"><strong><span style=\"color: #0000ff;\">tirailleurs s\u00e9n\u00e9galais<\/span><\/strong><\/a> \u00bb mais on leur avait aussi donn\u00e9 le nom d&rsquo;\u00ab\u00a0arm\u00e9e noire\u00a0\u00bb. <a href=\"https:\/\/fr.wikipedia.org\/wiki\/Tirailleurs_s%C3%A9n%C3%A9galais\"><span style=\"color: #0000ff;\">Wikipedia<\/span><\/a> nous apprend que jusqu&rsquo;en, 1905, ce corps int\u00e9grait des esclaves rachet\u00e9s \u00e0 leurs ma\u00eetres locaux.<br \/>\n<\/span><\/p>\n<p><span style=\"color: #777777; font-family: Arial;\">En 1940, ils faisaient encore partie de l&#8217;empire colonial fran\u00e7ais.<br \/>\n<\/span><\/p>\n<p><span style=\"color: #777777; font-family: Arial;\">L&rsquo;arm\u00e9e fran\u00e7aise les avait convaincus de venir se battre au c\u00f4t\u00e9 de leur colonisateur pour d\u00e9fendre la France qui \u00e9tait attaqu\u00e9 par l&rsquo;Allemagne nazi.<br \/>\n<\/span><\/p>\n<p><span style=\"color: #777777; font-family: Arial;\">Et en juin 1940, <strong>le 25e r\u00e9giment de tirailleurs s\u00e9n\u00e9galais<\/strong> fait partie des troupes d\u00e9ploy\u00e9es au nord de Lyon, sur une ligne de d\u00e9fense cens\u00e9e retarder l&rsquo;entr\u00e9e des Allemands dans Lyon.<br \/>\n<\/span><\/p>\n<p><span style=\"color: #777777; font-family: Arial;\">Ces affrontements des 19 et 20 juin sont parmi les derniers combats de la campagne de France.<br \/>\n<\/span><\/p>\n<p><img loading=\"lazy\" decoding=\"async\" class=\"alignleft\" src=\"https:\/\/lemotdujour.fr\/wp-content\/uploads\/2020\/06\/061820_1939_Vendredi19j1-1.png\" alt=\"\" width=\"365\" height=\"199\" align=\"left\" \/><span style=\"color: #777777; font-family: Arial;\">Ce sont des combats de l&rsquo;inutile car la bataille de France est d\u00e9j\u00e0 perdue, le 17 juin, le mar\u00e9chal P\u00e9tain a annonc\u00e9 un cessez-le-feu et demand\u00e9 l&rsquo;armistice, sign\u00e9 le 22 juin \u00e0 Rethondes, le 18 juin qui reste la date la plus c\u00e9l\u00e8bre de juin 40, le g\u00e9n\u00e9ral de Gaulle appelle, depuis Londres les Fran\u00e7ais \u00e0 poursuivre le combat.<br \/>\n<\/span><\/p>\n<p><span style=\"color: #777777; font-family: Arial;\">A <strong>Chasselay<\/strong>, ni les tirailleurs ni leurs officiers n&rsquo;ont \u00e9videmment entendu le message lanc\u00e9 sur les ondes de la BBC. Malgr\u00e9 tout, ils vont contribuer, d\u00e8s le lendemain, \u00e0 entretenir cette \u00ab flamme de la r\u00e9sistance fran\u00e7aise \u00bb que l&rsquo;exil\u00e9 appelle de ses v\u0153ux.<br \/>\n<\/span><\/p>\n<p><span style=\"color: #777777; font-family: Arial;\">Moins de 5 000 hommes dont 2\u00a0200 tirailleurs s\u00e9n\u00e9galais vont s&rsquo;opposer aux 20 000 soldats du r\u00e9giment d&rsquo;infanterie Grossdeutschland et de la division SS Totenkopf. Les Allemands se pensent d\u00e9j\u00e0 en terrain conquis ; ils ont travers\u00e9 la Bourgogne sans rencontrer d&rsquo;opposition et savent que Lyon a \u00e9t\u00e9 d\u00e9clar\u00e9e \u00ab ville ouverte \u00bb le 18 au matin.<br \/>\n<\/span><\/p>\n<p><span style=\"color: #777777; font-family: Arial;\">Tandis qu&rsquo;ailleurs les soldats fran\u00e7ais pr\u00e9f\u00e8rent rompre et s&rsquo;enfuir, \u00e0 Chasselay et dans les communes environnantes, comme Lentilly, Fleurieu ou L&rsquo;Arbresle, les tirailleurs s\u00e9n\u00e9galais et quelques artilleurs aux moyens d\u00e9risoires font face \u00e0 la Wehrmacht. Ils ouvrent le feu, le 19 vers 10 heures, sur les \u00e9missaires allemands venus leur intimer de se rendre. S&rsquo;ensuivent plusieurs heures de combats meurtriers, notamment autour du couvent de Montluzin. Le lendemain, \u00e0 la t\u00eate d&rsquo;une poign\u00e9e de braves regroup\u00e9s dans le parc du ch\u00e2teau du Plantin, le capitaine Gouzy d\u00e9cide m\u00eame d&rsquo;un \u00ab baroud d&rsquo;honneur \u00bb.<br \/>\n<\/span><\/p>\n<p><span style=\"color: #777777; font-family: Arial;\">Les troupes fran\u00e7aises devront au bout du combat se rendre.<br \/>\n<\/span><\/p>\n<p><span style=\"color: #777777; font-family: Arial;\">Et, le 20 juin 1940, en fin d&rsquo;apr\u00e8s-midi, quarante-huit tirailleurs s\u00e9n\u00e9galais faits prisonniers sont conduits \u00e0 l&rsquo;\u00e9cart des maisons de Chasselay, dans un champ, au lieu-dit <strong>Vide-Sac<\/strong>.<br \/>\n<\/span><\/p>\n<p><span style=\"color: #777777; font-family: Arial;\">D\u00e9sarm\u00e9s, les bras en l&rsquo;air, ils vont bient\u00f4t \u00eatre fauch\u00e9s par les mitrailleuses de deux chars, achev\u00e9s au fusil et avec des tirs d&rsquo;obus, certains \u00e9cras\u00e9s par les chenilles des blind\u00e9s lanc\u00e9s \u00e0 la poursuite des fuyards.<br \/>\n<\/span><\/p>\n<p><span style=\"color: #777777; font-family: Arial;\">Le Monde est revenu, le 16 juin, sur cette horrible histoire\u00a0: &lt;<a href=\"https:\/\/www.lemonde.fr\/societe\/article\/2020\/06\/16\/ces-tirailleurs-africains-massacres-par-les-nazis_6042980_3224.html\"><span style=\"color: #0000ff;\">Ces tirailleurs africains massacr\u00e9s par les nazis<\/span><\/a>&gt;<br \/>\n<\/span><\/p>\n<p><span style=\"color: #777777; font-family: Arial;\">Le journal y revient parce qu&rsquo;on a retrouv\u00e9 des photos in\u00e9dites de ce massacre.<br \/>\n<\/span><\/p>\n<p><img loading=\"lazy\" decoding=\"async\" class=\"alignleft\" src=\"https:\/\/lemotdujour.fr\/wp-content\/uploads\/2020\/06\/061820_1939_Vendredi19j2-1.jpg\" alt=\"\" width=\"429\" height=\"286\" align=\"left\" \/><span style=\"color: #777777; font-family: Arial;\">Le Monde raconte\u00a0:<br \/>\n<\/span><\/p>\n<p style=\"margin-left: 28pt;\"><span style=\"color: #c00000; font-family: Arial;\">\u00ab\u00a0Huit photos terrifiantes, prises par un homme de la Wehrmacht, illustrent la rage raciste \u00e0 l&rsquo;\u0153uvre lors des fameuses journ\u00e9es. Les photos en question, totalement in\u00e9dites, dormaient dans un vieil album, mis sur un site d&rsquo;ench\u00e8res par un brocanteur outre-Rhin et achet\u00e9 par un jeune collectionneur priv\u00e9 de Troyes, Baptiste Garin. Sur une double page \u00e9tait \u00e9pingl\u00e9 un massacre de tirailleurs. \u00ab J&rsquo;ai \u00e9t\u00e9 saisi d&rsquo;une \u00e9motion \u00e9trange, d&rsquo;un malaise et puis du sentiment d&rsquo;un cauchemar en croisant le regard de ces pauvres types \u00bb, raconte l&rsquo;acqu\u00e9reur. Il prend contact avec un historien, Julien Fargettas. Voil\u00e0 un quart de si\u00e8cle que cet ancien militaire de 46 ans travaille sur cet \u00e9pisode. Il vient m\u00eame d&rsquo;y consacrer un livre : \u00ab\u00a0<span style=\"color: #0000ff;\"><a style=\"color: #0000ff;\" href=\"https:\/\/poutan.fr\/site\/produit\/juin-1940-combats-et-massacres-en-lyonnais-de-julien-fargettas\/\">Juin 1940. Combats et massacres en Lyonnais<\/a><\/span> (Poutan, 250 pages, 21 euros)\u00a0\u00bb. Julien Fargettas identifie la sc\u00e8ne. [\u2026] Ces preuves photographiques d&rsquo;un crime de guerre corroborent les descriptions des grad\u00e9s fran\u00e7ais t\u00e9moins de la sc\u00e8ne. Avant le carnage, ces Blancs avaient \u00e9t\u00e9 mis \u00e0 l&rsquo;\u00e9cart et forc\u00e9s \u00e0 se coucher au sol sous la menace de mitraillettes.\u00a0\u00bb<br \/>\n<\/span><\/p>\n<p><span style=\"color: #777777; font-family: Arial;\">Selon Julien Fargettas, les photos permettent d&rsquo;identifier l&rsquo;unit\u00e9 et les soldats responsables de la tuerie\u00a0:<br \/>\n<\/span><\/p>\n<p><span style=\"color: #777777; font-family: Arial;\">\u00ab <span style=\"color: #c00000; font-size: 11pt;\"><strong>Il ne s&rsquo;agissait pas de SS, comme on l&rsquo;a longtemps cru, mais d&rsquo;hommes de la Wehrmacht<\/strong><span style=\"color: #777777;\"> \u00bb.<br \/>\n<\/span><\/span><\/span><\/p>\n<p><span style=\"color: #777777; font-family: Arial;\">Certains voulaient \u00e9pargner l&rsquo;arm\u00e9e officielle allemande qui \u00e9tait une arm\u00e9e respectable pas comme les SS. Ce n&rsquo;est pas exact.<br \/>\n<\/span><\/p>\n<p><img loading=\"lazy\" decoding=\"async\" class=\"size-full wp-image-9343 alignleft\" src=\"https:\/\/lemotdujour.fr\/wp-content\/uploads\/2020\/06\/Une-Saison-noire.jpg\" alt=\"\" width=\"300\" height=\"392\" srcset=\"https:\/\/lemotdujour.fr\/wp-content\/uploads\/2020\/06\/Une-Saison-noire.jpg 300w, https:\/\/lemotdujour.fr\/wp-content\/uploads\/2020\/06\/Une-Saison-noire-230x300.jpg 230w\" sizes=\"auto, (max-width: 300px) 100vw, 300px\" \/><\/p>\n<p><span style=\"color: #777777; font-family: Arial;\">C&rsquo;est un historien allemand <strong>Raffael Scheck <\/strong>qui a \u00e9crit un livre \u00ab\u00a0<a href=\"https:\/\/www.laprocure.com\/livre\/9782847343762.html?id_affilie_widget=399\"><span style=\"color: #0000ff;\">UNE SAISON NOIRE. Les massacres de tirailleurs s\u00e9n\u00e9galais (Mai-Juin 1940)<\/span><\/a><span style=\"color: #0000ff;\">\u00bb qui l&rsquo;avait d\u00e9j\u00e0 r\u00e9v\u00e9l\u00e9\u00a0: <\/span><a href=\"https:\/\/www.lemonde.fr\/livres\/article\/2007\/10\/18\/raffael-scheck-la-wehrmacht-aussi-avait-les-mains-sales_968244_3260.html\"><span style=\"color: #0000ff;\">la Wehrmacht aussi avait les mains sales<\/span>.<\/a><br \/>\n<\/span><\/p>\n<p><span style=\"color: #777777; font-family: Arial;\">Le Monde cite un t\u00e9moignage, dat\u00e9 de 1975, du caporal Gaspard Scandariato\u00a0:<br \/>\n<\/span><\/p>\n<p style=\"margin-left: 28pt;\"><span style=\"color: #c00000; font-family: Arial;\">\u00ab Tout \u00e0 coup, un cr\u00e9pitement d&rsquo;armes automatiques retentit, se renouvelant \u00e0 trois ou quatre reprises, auquel se succ\u00e9d\u00e8rent des hurlements et des grands cris de douleur. Quelques tirailleurs qui n&rsquo;avaient pas \u00e9t\u00e9 touch\u00e9s par les premi\u00e8res rafales s&rsquo;\u00e9taient enfuis dans le champ bordant le chemin, mais alors les grenadiers panzers qui accompagnaient les blind\u00e9s les ajust\u00e8rent sans h\u00e2te et au bout de quelques minutes les d\u00e9tonations cess\u00e8rent. L&rsquo;ordre nous fut donn\u00e9 de nous remettre debout et, colonne par trois, nous pass\u00e2mes horrifi\u00e9s devant ceux qui quelques heures auparavant avaient combattu c\u00f4te \u00e0 c\u00f4te avec nous et qui maintenant gisaient morts pour notre patrie. Quelques tirailleurs g\u00e9missaient encore et nous entend\u00eemes des coups de feu \u00e9pars alors que nous \u00e9tions d\u00e9j\u00e0 \u00e9loign\u00e9s des lieux du massacre. \u00bb<br \/>\n<\/span><\/p>\n<p><img loading=\"lazy\" decoding=\"async\" class=\"alignright\" src=\"https:\/\/lemotdujour.fr\/wp-content\/uploads\/2020\/06\/061820_1939_Vendredi19j3-1.png\" alt=\"\" width=\"480\" height=\"343\" align=\"left\" \/><span style=\"color: #777777; font-family: Arial;\">Ces homo-sapiens de peau noire \u00e9taient des hommes et des soldats. Mais les militaires allemands leur d\u00e9niaient ce double statut et les appelaient \u00ab Affen \u00bb (\u00ab singes \u00bb).<br \/>\n<\/span><\/p>\n<p><span style=\"color: #777777; font-family: Arial;\">Le Monde pr\u00e9cise\u00a0:<br \/>\n<\/span><\/p>\n<p style=\"margin-left: 28pt;\"><span style=\"color: #c00000; font-family: Arial;\">\u00ab\u00a0Les nazis d\u00e9velopperont par la suite une intense propagande contre ce qu&rsquo;ils appel\u00e8rent \u00ab Die Schwarze Schande \u00bb, \u00ab la honte noire \u00bb. \u00ab Envers ces soldats indig\u00e8nes, toute bienveillance serait une erreur, ils sont \u00e0 traiter avec la plus grande rigueur \u00bb, pouvait-on lire dans un ordre venu de l&rsquo;\u00e9tat-major du g\u00e9n\u00e9ral Heinz Guderian, un des artisans de la victoire \u00e9clair contre la France. Apr\u00e8s la capitulation, les ex\u00e9cutions de prisonniers noirs qui, selon l&rsquo;historien Raffael Scheck, ont fait plusieurs milliers de victimes seront r\u00e9duites \u00e0 des p\u00e9rip\u00e9ties de la guerre et jamais jug\u00e9es.\u00a0\u00bb<br \/>\n<\/span><\/p>\n<p><span style=\"color: #777777; font-family: Arial;\">L&rsquo;\u00e9pisode de Chasselay fut le dernier d&rsquo;une s\u00e9rie d&rsquo;exactions commises contre les tirailleurs africains pendant la campagne de France. Il faut ajouter qu&rsquo;\u00e0 Chasselay, les officiers blancs des tirailleurs s\u00e9n\u00e9galais furent aussi fusill\u00e9s, parce qu&rsquo;ils commandaient des noirs.<br \/>\n<\/span><\/p>\n<p><span style=\"color: #777777; font-family: Arial;\">Vous trouverez sur cette page Wikipedia\u00a0: &lt;<span style=\"color: #0000ff;\"><a style=\"color: #0000ff;\" href=\"https:\/\/fr.wikipedia.org\/wiki\/Liste_de_massacres_perp%C3%A9tr%C3%A9s_par_les_forces_allemandes_en_France_durant_la_Seconde_Guerre_mondiale\">Liste de massacres perp\u00e9tr\u00e9s par les forces allemandes en France durant la Seconde Guerre mondiale<\/a><\/span>&gt; une liste exhaustive des massacres allemands.<br \/>\n<\/span><\/p>\n<p><span style=\"color: #777777; font-family: Arial;\">Sur cette liste il y a une erreur car le massacre de Chasselay est attribu\u00e9 au SS, alors que c&rsquo;\u00e9tait la Wehrmacht qui \u00e9tait \u00e0 l&rsquo;\u0153uvre.<br \/>\n<\/span><\/p>\n<p><img loading=\"lazy\" decoding=\"async\" class=\"alignleft\" src=\"https:\/\/lemotdujour.fr\/wp-content\/uploads\/2020\/06\/061820_1939_Vendredi19j4-1.jpg\" alt=\"\" width=\"334\" height=\"167\" align=\"left\" \/><span style=\"color: #777777; font-family: Arial;\">Au lieu pr\u00e9cis du massacre, le lieudit Vide sac, un cimeti\u00e8re a \u00e9t\u00e9 \u00e9rig\u00e9 : \u00ab\u00a0<a href=\"https:\/\/fr.wikipedia.org\/wiki\/Tata_s%C3%A9n%C3%A9galais_de_Chasselay\"><span style=\"color: #0000ff;\">Le Tata s\u00e9n\u00e9galais de Chasselay<\/span>\u00a0<\/a>\u00bb<br \/>\n<\/span><\/p>\n<p><span style=\"color: #777777; font-family: Arial;\">\u00ab\u00a0<strong>Tata<\/strong> \u00bb signifie enceinte fortifi\u00e9e en Afrique. <\/span><span style=\"color: #777777; font-family: Arial;\">L&rsquo;\u00e9difice, enti\u00e8rement ocre rouge, est constitu\u00e9 de pierres tombales entour\u00e9es d&rsquo;une enceinte rectangulaire de 2,8 m\u00e8tres de hauteur. Son porche et ses quatre angles sont surmont\u00e9s de pyramides bard\u00e9es de pieux. Le portail en claire-voie, en ch\u00eane massif, est orn\u00e9 de huit masques africains.<br \/>\n<\/span><\/p>\n<p><span style=\"color: #777777; font-family: Arial;\">On a fait venir de la terre de Dakar par avion, pour la m\u00e9langer \u00e0 la terre fran\u00e7aise<br \/>\n<\/span><\/p>\n<p><span style=\"color: #777777; font-family: Arial;\">Il sert aussi de s\u00e9pulture \u00e0 d&rsquo;autres victimes de massacres de la r\u00e9gion lyonnaise.<br \/>\n<\/span><\/p>\n<p><span style=\"color: #777777; font-family: Arial;\"><strong>188<\/strong> tirailleurs \u00ab s\u00e9n\u00e9galais \u00bb ainsi que six tirailleurs nord-africains et deux l\u00e9gionnaires (un Albanais et un Russe) y sont inhum\u00e9s.<br \/>\n<\/span><\/p>\n<p><span style=\"color: #777777; font-family: Arial;\">C&rsquo;\u00e9tait exactement, il y a 80 ans.<br \/>\n<\/span><\/p>\n<p><span style=\"color: #777777; font-family: Arial;\">Ces hommes ont parcouru 5000 km du S\u00e9n\u00e9gal jusque dans le Beaujolais pour d\u00e9fendre le territoire de la France.<br \/>\n<\/span><\/p>\n<p><span style=\"color: #777777; font-family: Arial;\">Ils \u00e9taient noirs.<br \/>\n<\/span><\/p>\n<p><span style=\"color: #777777; font-family: Arial;\">Et c&rsquo;est pour cette unique raison qu&rsquo;ils ont \u00e9t\u00e9 abattus, assassin\u00e9s par des soldats dont la peau \u00e9tait blanche.<br \/>\n<\/span><\/p>\n<p><span style=\"color: #777777; font-family: Arial;\">Et dans notre langue on utilise le mot \u00ab\u00a0noir\u00a0\u00bb pour signifier le mauvais, le m\u00e9chant \u00ab\u00a0une \u00e2me noire\u00a0\u00bb, \u00ab\u00a0des noirs desseins\u00a0\u00bb.<br \/>\n<\/span><\/p>\n<p><span style=\"color: #777777; font-family: Arial;\">Et on utilise le mot \u00ab\u00a0blanc\u00a0\u00bb pour d\u00e9signer la puret\u00e9, l&rsquo;innocence.<br \/>\n<\/span><\/p>\n<p><span style=\"color: #777777; font-family: Arial;\">Mais il y a 80 ans, comme avant, comme apr\u00e8s et comme encore aujourd&rsquo;hui ce sont des blancs qui tuent des noirs, parce qu&rsquo;ils sont noirs.<br \/>\n<\/span><\/p>\n<p><img decoding=\"async\" src=\"https:\/\/lemotdujour.fr\/wp-content\/uploads\/2020\/06\/061820_1939_Vendredi19j5-1.jpg\" alt=\"\" \/><span style=\"color: #1f497d; font-family: Arial;\">Le Tata de Chasselay<br \/>\n<\/span><\/p>\n<p><span style=\"color: #777777; font-family: Arial;\">Vous pouvez regarder ce documentaire de 50 minutes consacr\u00e9 \u00e0 ce lieu\u00a0: &lt;<span style=\"color: #0000ff;\"><a style=\"color: #0000ff;\" href=\"https:\/\/www.youtube.com\/watch?v=r5ANf9v3ujM&amp;t=28s\">Le Tata S\u00e9n\u00e9galais de Chasselay &#8211; M\u00e9moire des tirailleurs s\u00e9n\u00e9galais<\/a>&gt;<\/span><br \/>\n<\/span><\/p>\n<p><span style=\"color: maroon; font-family: Arial;\">&lt;1442&gt;<\/span><\/p>\n","protected":false},"excerpt":{"rendered":"<p>\u00abLe Tata s\u00e9n\u00e9galais de Chasselay\u00bb Cimeti\u00e8re militaire de la Seconde Guerre mondiale C&rsquo;\u00e9tait il y a 80 ans. Des hommes venant majoritairement du S\u00e9n\u00e9gal, mais aussi du Mali, de Guin\u00e9e, de C\u00f4te d&rsquo;Ivoire, du Gabon se sont battus pour la<\/p>\n","protected":false},"author":1,"featured_media":0,"comment_status":"open","ping_status":"closed","sticky":false,"template":"","format":"standard","meta":{"footnotes":""},"categories":[1],"tags":[47,15,17,103],"class_list":["post-9329","post","type-post","status-publish","format-standard","hentry","category-motdujour","tag-allemagne","tag-france","tag-histoire","tag-racisme"],"_links":{"self":[{"href":"https:\/\/lemotdujour.fr\/index.php?rest_route=\/wp\/v2\/posts\/9329","targetHints":{"allow":["GET"]}}],"collection":[{"href":"https:\/\/lemotdujour.fr\/index.php?rest_route=\/wp\/v2\/posts"}],"about":[{"href":"https:\/\/lemotdujour.fr\/index.php?rest_route=\/wp\/v2\/types\/post"}],"author":[{"embeddable":true,"href":"https:\/\/lemotdujour.fr\/index.php?rest_route=\/wp\/v2\/users\/1"}],"replies":[{"embeddable":true,"href":"https:\/\/lemotdujour.fr\/index.php?rest_route=%2Fwp%2Fv2%2Fcomments&post=9329"}],"version-history":[{"count":7,"href":"https:\/\/lemotdujour.fr\/index.php?rest_route=\/wp\/v2\/posts\/9329\/revisions"}],"predecessor-version":[{"id":9962,"href":"https:\/\/lemotdujour.fr\/index.php?rest_route=\/wp\/v2\/posts\/9329\/revisions\/9962"}],"wp:attachment":[{"href":"https:\/\/lemotdujour.fr\/index.php?rest_route=%2Fwp%2Fv2%2Fmedia&parent=9329"}],"wp:term":[{"taxonomy":"category","embeddable":true,"href":"https:\/\/lemotdujour.fr\/index.php?rest_route=%2Fwp%2Fv2%2Fcategories&post=9329"},{"taxonomy":"post_tag","embeddable":true,"href":"https:\/\/lemotdujour.fr\/index.php?rest_route=%2Fwp%2Fv2%2Ftags&post=9329"}],"curies":[{"name":"wp","href":"https:\/\/api.w.org\/{rel}","templated":true}]}}