{"id":9318,"date":"2020-06-18T00:35:20","date_gmt":"2020-06-17T22:35:20","guid":{"rendered":"http:\/\/lemotdujour.fr\/?p=9318"},"modified":"2022-10-20T22:33:14","modified_gmt":"2022-10-20T20:33:14","slug":"jeudi-18-juin-2020","status":"publish","type":"post","link":"https:\/\/lemotdujour.fr\/?p=9318","title":{"rendered":"Jeudi 18 juin 2020"},"content":{"rendered":"<div class=\"mdjTexte\">\u00abLe choix des statues dans une ville est un choix politique [\u2026] l&rsquo;inscription des m\u00e9moires qui sont mis en avant !\u00bb<\/div>\n<div class=\"mdjAuteur\">Fran\u00e7oise Verg\u00e9s<\/div>\n<p><span style=\"color: #777777; font-family: Arial;\">Sortir de sa zone de confort\u2026<br \/>\n<\/span><\/p>\n<p><span style=\"color: #777777; font-family: Arial;\">Lundi, j&rsquo;avais \u00e9voqu\u00e9 ce mouvement qui veut d\u00e9boulonner la statue de Colbert, parce qu&rsquo;il avait \u00e9t\u00e9 l&rsquo;instigateur du \u00ab<span style=\"color: #0000ff;\">&nbsp;<\/span><a href=\"https:\/\/lemotdujour.fr\/?p=9275\"><span style=\"color: #0000ff;\">code noir<\/span>&nbsp;<\/a>\u00bb.<br \/>\n<\/span><\/p>\n<p><span style=\"color: #777777; font-family: Arial;\">Emmanuel Macron avait affirm\u00e9 solennellement \u00ab&nbsp;<span style=\"color: #c00000;\">La R\u00e9publique ne d\u00e9boulonnera pas de statue.&nbsp;\u00bb <span style=\"color: #777777;\">et avait ajout\u00e9&nbsp;:<br \/>\n<\/span><\/span><\/span><\/p>\n<p style=\"margin-left: 28pt;\"><span style=\"color: #c00000; font-family: Arial;\">\u00ab&nbsp;Nous devons plut\u00f4t lucidement regarder ensemble toute notre Histoire, toutes nos m\u00e9moires, notre rapport \u00e0 l&rsquo;Afrique en particulier, pour b\u00e2tir un pr\u00e9sent et un avenir possible, d&rsquo;une rive l&rsquo;autre de la M\u00e9diterran\u00e9e avec une volont\u00e9 de v\u00e9rit\u00e9 et en aucun cas de revisiter ou de nier ce que nous sommes.&nbsp;\u00bb<br \/>\n<\/span><\/p>\n<p><span style=\"color: #777777; font-family: Arial;\">J&rsquo;\u00e9tais plut\u00f4t d&rsquo;accord avec lui.<br \/>\n<\/span><\/p>\n<p><span style=\"color: #777777; font-family: Arial;\">Plusieurs ont exprim\u00e9 cette id\u00e9e d&rsquo;accompagner les statues de Colbert d&rsquo;une plaque expliquant ce que fut Colbert, son r\u00f4le positif dans la construction de l&rsquo;Etat mais en rappelant aussi la t\u00e2che que fut sa participation \u00e0 l&rsquo;\u00e9laboration du code noir.<br \/>\n<\/span><\/p>\n<p><span style=\"color: #777777; font-family: Arial;\">Et Fran\u00e7oise Verg\u00e9s a r\u00e9pondu \u00e0 Guillaume Erner qui avan\u00e7ait cette th\u00e8se&nbsp;:<br \/>\n<\/span><\/p>\n<p style=\"margin-left: 28pt;\"><span style=\"color: #c00000; font-family: Arial;\">\u00ab&nbsp;Mais si vous pensez cela, pourquoi vous n&rsquo;acceptez pas qu&rsquo;on \u00e9rige des statues au Mar\u00e9chal P\u00e9tain, c&rsquo;est quand m\u00eame le vainqueur de Verdun.&nbsp;?\u00bb<br \/>\n<\/span><\/p>\n<p><span style=\"color: #777777; font-family: Arial;\">Et elle ajoute qu&rsquo;il suffirait aussi, dans ce cas, d&rsquo;ajouter une petite plaque expliquant que sur ces vieux jours, il a fait d&rsquo;autres choses qui ; elles ; \u00e9taient abominables. \u00bb<br \/>\n<\/span><\/p>\n<p><span style=\"color: #777777; font-family: Arial;\">Et c&rsquo;est l\u00e0 que l&rsquo;on sort de sa zone de confort.<br \/>\n<\/span><\/p>\n<p><span style=\"color: #777777; font-family: Arial;\">J&rsquo;ai \u00e9crit une s\u00e9rie de mot du jour sur l&rsquo;antis\u00e9mitisme, en montrant sa sp\u00e9cificit\u00e9 dans l&rsquo;Histoire. La Shoah qui fut l&rsquo;aboutissement d&rsquo;un processus de haine extr\u00eame des juifs qui s&rsquo;est d\u00e9velopp\u00e9 tout au long de l&rsquo;histoire chr\u00e9tienne par des pogroms et des pers\u00e9cutions, jusqu&rsquo;\u00e0 cette volont\u00e9 d&rsquo;extermination, constitue une faute et une plaie insupportable de l&rsquo;histoire d&rsquo;homo sapiens.<br \/>\n<\/span><\/p>\n<p><span style=\"color: #777777; font-family: Arial;\">Mais il n&rsquo;est pas acceptable, surtout pour celles et ceux dont les anc\u00eatres en furent les victimes, de ne pas donner toute sa place \u00e0 l&rsquo;horreur et \u00e0 la faute tout aussi insupportable d&rsquo;avoir tol\u00e9r\u00e9 et d\u00e9velopp\u00e9 l&rsquo;esclavage des noirs. D&rsquo;avoir consid\u00e9r\u00e9 l&rsquo;homme de peau noire comme un bien meuble, qui n&rsquo;avait aucun droit et pouvait \u00eatre mis \u00e0 mort sans proc\u00e8s, fouetter autant que son ma\u00eetre le souhaitait et aussi mutiler s&rsquo;il s&rsquo;enfuyait ce qui est quand m\u00eame la chose la plus naturelle quand on est r\u00e9duit au statut d&rsquo;esclave.<br \/>\n<\/span><\/p>\n<p><span style=\"color: #777777; font-family: Arial;\">Il ne s&rsquo;agit pas de dire que ces deux abominations sont identiques. Mais vouloir les comparer pour essayer, au bout d&rsquo;une argumentation de l&rsquo;horreur, de pr\u00e9tendre que l&rsquo;une serait plus grave que l&rsquo;autre me semble une autre abomination.<br \/>\n<\/span><\/p>\n<p><span style=\"color: #777777; font-family: Arial;\">Or, il en est beaucoup de \u00ab&nbsp;nos h\u00e9ros&nbsp;\u00bb qui ont jou\u00e9 un r\u00f4le abominable, je persiste dans ce mot, \u00e0 l&rsquo;\u00e9gard des humains de peau noire.<br \/>\n<\/span><\/p>\n<p><span style=\"color: #777777; font-family: Arial;\">Et nous ne le savons pas&nbsp;! ou si peu.<br \/>\n<\/span><\/p>\n<p><span style=\"color: #777777; font-family: Arial;\">Le G\u00e9n\u00e9ral Gallieni par exemple, il y a une rue importante de Montreuil sous-bois qui porte son nom, \u00e0 Lyon c&rsquo;est un pont sur le Rh\u00f4ne, \u00e0 Paris c&rsquo;est une Avenue entre le quai d&rsquo;Orsay et les Invalides, et puis il y a bien s\u00fbr de nombreuses statues.<br \/>\n<\/span><\/p>\n<p><span style=\"color: #777777; font-family: Arial;\">Joseph Gallieni, c&rsquo;est bien sur celui qui en r\u00e9quisitionnant les <span style=\"color: #0000ff;\"><a style=\"color: #0000ff;\" href=\"https:\/\/fr.wikipedia.org\/wiki\/Taxis_de_la_Marne\">taxis de la Marne<\/a><\/span> a pu r\u00e9aliser une man\u0153uvre strat\u00e9gique qui a permis de surprendre l&rsquo;arm\u00e9e allemande et de stopper sa progression vers Paris en 1914 et \u00e9viter de perdre pr\u00e9matur\u00e9ment la guerre qui fut gagn\u00e9e par la suite.<br \/>\n<\/span><\/p>\n<p><span style=\"color: #777777; font-family: Arial;\">Dans les livres d&rsquo;Histoire que je lisais toujours avec passion, il n&rsquo;y avait que cet \u00e9pisode qui \u00e9tait relat\u00e9.<br \/>\n<\/span><\/p>\n<p><span style=\"color: #777777; font-family: Arial;\">A 65 ans, tout \u00e0 la fin de sa carri\u00e8re, Joseph Gallieni fut nomm\u00e9 gouverneur militaire de la place de Paris et c&rsquo;est en tant que tel qu&rsquo;il participa \u00e0 cette man\u0153uvre disruptive pour l&rsquo;\u00e9poque, comme on dirait maintenant.<br \/>\n<\/span><\/p>\n<p><span style=\"color: #777777; font-family: Arial;\">En 1916, il mourut.<br \/>\n<\/span><\/p>\n<p><span style=\"color: #777777; font-family: Arial;\">Mais avant 65 ans que faisait-il&nbsp;?<br \/>\n<\/span><\/p>\n<p><span style=\"color: #777777; font-family: Arial;\">Vous pouvez aller lire sa page Wikipedia qui raconte ses diff\u00e9rentes missions en Afrique noire (1876-1882), puis son poste de Commandant sup\u00e9rieur du Soudan fran\u00e7ais (1886-1888), et la Mission en Indochine (1892-1896) pour finir Gouverneur g\u00e9n\u00e9ral de Madagascar (1896-1905). On parle de massacres, de r\u00e9pressions dures et de politiques coloniales sans \u00e9tats d&rsquo;\u00e2me. Mais cette page n&rsquo;entre pas trop dans le d\u00e9tail.<br \/>\n<\/span><\/p>\n<p><span style=\"color: #777777; font-family: Arial;\">Je vous renvoie donc plut\u00f4t vers un blog de Mediapart, qui pose cette question &lt;<a href=\"https:\/\/blogs.mediapart.fr\/decoloniser-les-arts\/blog\/150619\/planete-gallieni-une-illustration-du-negationnisme-ordinaire\"><span style=\"color: #0000ff;\">Qui \u00e9tait Joseph Gallieni ?<\/span>&gt;<\/a><br \/>\n<\/span><\/p>\n<p><span style=\"color: #777777; font-family: Arial;\">Vous pouvez lire. Il parle par exemple du massacre d&rsquo;Ambiki et renvoie vers une page plus compl\u00e8te sur cet \u00e9pisode&nbsp;: &lt;<a href=\"http:\/\/dormirajamais.org\/ambiky\/\"><span style=\"color: #0000ff;\">Le Massacre d&rsquo;Ambiky en 1897, par Paul Vign\u00e9 d&rsquo;Octon<\/span><\/a>.&gt;&nbsp;:<br \/>\n<\/span><\/p>\n<p style=\"margin-left: 28pt;\"><span style=\"color: #c00000; font-family: Arial;\">\u00ab&nbsp;Le roi Tou\u00e8re, les personnages de marque, tous les habitants tomb\u00e8rent sous les coups des mitrailleurs dans cette matin\u00e9e ; les tirailleurs n&rsquo;avaient ordre de tuer que les hommes, mais on ne les retint pas: enivr\u00e9s de l&rsquo;odeur du sang, ils n&rsquo;\u00e9pargn\u00e8rent pas une femme, pas un enfant. [\u2026] Quand il fit grand jour, la ville n&rsquo;\u00e9tait plus qu&rsquo;un affreux charnier dans le d\u00e9dale duquel s&rsquo;\u00e9garaient les Fran\u00e7ais, fatigu\u00e9s d&rsquo;avoir tant frapp\u00e9.<br \/>\n<\/span><\/p>\n<p style=\"margin-left: 28pt;\"><span style=\"color: #c00000; font-family: Arial;\">Les clairons sonn\u00e8rent le ralliement, les sous-officiers firent l&rsquo;appel : nul des n\u00f4tres ne manquait. On se reposa, on mangea, des chants joyeux ne c\u00e9l\u00e9br\u00e8rent pas la victoire. Une boue rouge couvrait le sol. \u00c0 la fin de l&rsquo;apr\u00e8s-midi, sous l&rsquo;action de la chaleur, un petit brouillard s&rsquo;\u00e9leva: c&rsquo;\u00e9tait le sang des 5000 victimes, l&rsquo;ombre de la ville qui s&rsquo;\u00e9vaporait au soleil couchant. \u00bb<br \/>\n<\/span><\/p>\n<p><span style=\"color: #777777; font-family: Arial;\">Et ce blog cite Aim\u00e9 C\u00e9saire qui disait en 1950&nbsp;:<br \/>\n<\/span><\/p>\n<p style=\"margin-left: 28pt;\"><span style=\"color: #c00000; font-family: Arial;\">\u00ab On s&rsquo;\u00e9tonne, on s&rsquo;indigne. On dit : \u00abComme c&rsquo;est curieux ! Mais, Bah ! C&rsquo;est le nazisme, \u00e7a passera !\u00bb Et on attend, et on esp\u00e8re; et on se tait \u00e0 soi-m\u00eame la v\u00e9rit\u00e9, que c&rsquo;est une barbarie, mais la barbarie supr\u00eame, celle qui couronne, celle qui r\u00e9sume la quotidiennet\u00e9 des barbaries ; que c&rsquo;est du nazisme, oui, mais qu&rsquo;avant d&rsquo;en \u00eatre la victime, on en a \u00e9t\u00e9 le complice ; que ce nazisme-l\u00e0, on l&rsquo;a support\u00e9 avant de le subir, on l&rsquo;a absous, on a ferm\u00e9 l\u2019\u0153il l\u00e0-dessus, on l&rsquo;a l\u00e9gitim\u00e9, parce que, jusque-l\u00e0, il ne s&rsquo;\u00e9tait appliqu\u00e9 qu&rsquo;\u00e0 des peuples non europ\u00e9ens ; que ce nazisme l\u00e0, on l&rsquo;a cultiv\u00e9, on en est responsable, et qu&rsquo;il est sourd, qu&rsquo;il perce, qu&rsquo;il goutte, avant de l&rsquo;engloutir dans ses eaux rougies de toutes les fissures de la civilisation occidentale et chr\u00e9tienne. \u00bb<br \/>\n<\/span><\/p>\n<p><span style=\"color: #777777; font-family: Arial;\">Alors il ne faut pas accepter des statues de P\u00e9tain, mais des statues de Gallieni, pour lui il n&rsquo;y pas de probl\u00e8me ?<br \/>\n<\/span><\/p>\n<p><span style=\"color: #777777; font-family: Arial;\">P\u00e9tain eut un r\u00f4le plus important lors de la guerre 14-18 que Gallieni.<br \/>\n<\/span><\/p>\n<p><span style=\"color: #777777; font-family: Arial;\">Et pour le reste&nbsp;?<br \/>\n<\/span><\/p>\n<p><span style=\"color: #777777; font-family: Arial;\">Les crimes de Gallieni ont \u00e9t\u00e9 perp\u00e9tr\u00e9s contre des populations \u00ab&nbsp;non europ\u00e9ennes&nbsp;\u00bb pour reprendre le mot d&rsquo;Aim\u00e9 C\u00e9saire.<br \/>\n<\/span><\/p>\n<p><img loading=\"lazy\" decoding=\"async\" class=\"alignleft\" src=\"https:\/\/lemotdujour.fr\/wp-content\/uploads\/2020\/06\/061720_2228_Jeudi18juin1.jpg\" alt=\"\" width=\"304\" height=\"304\" align=\"left\"><a href=\"https:\/\/fr.wikipedia.org\/wiki\/Fran%C3%A7oise_Verg%C3%A8s\"><span style=\"font-family: Arial;\"><span style=\"color: #0000ff;\">Fran\u00e7oise Verg\u00e9s<\/span><\/span><\/a><span style=\"color: #777777; font-family: Arial;\"> est n\u00e9e en 1952 \u00e0 Paris, mais a pass\u00e9 la plus grande partie de son enfance \u00e0 l&rsquo;\u00eele de la R\u00e9union o\u00f9 son p\u00e8re Paul Verg\u00e8s poursuivait une carri\u00e8re politique proche du Parti communiste.<br \/>\n<\/span><\/p>\n<p><span style=\"color: #777777; font-family: Arial;\">Le c\u00e9l\u00e8bre avocat Jacques Verg\u00e9s \u00e9tait son oncle.<br \/>\n<\/span><\/p>\n<p><span style=\"color: #777777; font-family: Arial;\">Paul et Jacques Verg\u00e9s \u00e9taient les enfants de Pham Thi Khang, institutrice vietnamienne, et du docteur Raymond Verg\u00e8s, consul de France au Siam, c&rsquo;est-\u00e0-dire la Thailande.<br \/>\n<\/span><\/p>\n<p><span style=\"color: #777777; font-family: Arial;\">La m\u00e8re de Fran\u00e7oise Verg\u00e9s \u00e9tait aussi une militante communiste et f\u00e9ministe&nbsp;: Laurence Deroin.<br \/>\n<\/span><\/p>\n<p><span style=\"color: #777777; font-family: Arial;\">Fran\u00e7oise Verg\u00e9s est une universitaire et militante f\u00e9ministe \u00ab d\u00e9coloniale \u00bb fran\u00e7aise.<br \/>\n<\/span><\/p>\n<p><span style=\"color: #777777; font-family: Arial;\">En effet, elle a publi\u00e9 en 2019 son livre \u00ab&nbsp;<a href=\"https:\/\/www.decitre.fr\/livres\/un-feminisme-decolonial-9782358721745.html\"><strong><span style=\"color: #0000ff;\">Un f\u00e9minisme d\u00e9colonial<\/span><\/strong>&nbsp;<\/a><em>\u00bb<\/em><br \/>\n<\/span><\/p>\n<p><span style=\"color: #777777; font-family: Arial;\">Elle explique dans l&rsquo;\u00e9mission &lt;<span style=\"color: #0000ff;\"><a style=\"color: #0000ff;\" href=\"https:\/\/www.franceculture.fr\/emissions\/les-nuits-de-france-culture\/francoise-verges-apres-la-decolonisation-lhistoire-coloniale-et-raciale-disparait-dans-la\">\u00e0 Voix nue<\/a><\/span>&gt;<br \/>\n<\/span><\/p>\n<p style=\"margin-left: 28pt;\"><span style=\"color: #c00000; font-family: Arial;\">\u00ab&nbsp;Ce que j&rsquo;appelle f\u00e9minisme d\u00e9colonial, c&rsquo;est un f\u00e9minisme qui, tout en reconnaissant qu&rsquo;il y a une domination masculine, ne se focalise pas sur la question de l&rsquo;\u00e9galit\u00e9 de genre. [\u2026] En faisant sienne la fiction selon laquelle le colonialisme a pris fin en 1962, le f\u00e9minisme s&rsquo;est leurr\u00e9 sur l&rsquo;existence d&rsquo;un vaste territoire &lsquo;ultramarin&rsquo; issu de la p\u00e9riode esclavagiste et post-esclavagiste comme la pr\u00e9sence en France de femmes racis\u00e9es. Complice alors des nouvelles formes du capitalisme et de l&rsquo;imp\u00e9rialisme, il demeure silencieux sur les nouvelles formes de colonialit\u00e9 et de racisme d&rsquo;\u00c9tat dans les Outre-mer et en France. [\u2026] La plupart des groupes qui constituent le mouvement f\u00e9ministe en France va rester aveugle et sourd \u00e0 la question de sa propre g\u00e9n\u00e9alogie, de sa propre histoire. Son r\u00e9cit se construit en rapport avec la domination masculine blanche (c&rsquo;est la longue marche vers les droits) et l&rsquo;histoire coloniale et raciale dispara\u00eet compl\u00e8tement de la construction de la soci\u00e9t\u00e9 dans le r\u00e9cit f\u00e9ministe<br \/>\n<\/span><\/p>\n<p><span style=\"color: #777777; font-family: Arial;\">Dans son livre pr\u00e9c\u00e9dent<span style=\"font-size: 11pt;\">, \u00ab&nbsp;<span style=\"color: #0000ff;\"><a style=\"color: #0000ff;\" href=\"https:\/\/www.decitre.fr\/ebooks\/le-ventre-des-femmes-capitalisme-racialisation-feminisme-9782226422996_9782226422996_16.html\"><strong>Le Ventre des femmes&nbsp;: capitalisme, racialisation, f\u00e9minisme<\/strong>&nbsp;<\/a><\/span>\u00bb elle rapporte que dans les ann\u00e9es 70, on pratiquait des avortements et st\u00e9rilisations, \u00e0 leur insu, sur des centaines de femmes r\u00e9unionnaises.<br \/>\n<\/span><\/span><\/p>\n<p><span style=\"color: #777777; font-family: Arial;\">C&rsquo;est cette femme que Guillaume Erner avait invit\u00e9 le 16 juin 2020 pour parler \u00ab&nbsp;<a href=\"https:\/\/www.franceculture.fr\/emissions\/linvite-des-matins\/mouvements-antiracistes-un-tournant-dans-lhistoire\"><span style=\"color: #0000ff;\">des Mouvements antiracistes : un tournant dans l&rsquo;histoire ?<\/span><\/a>&nbsp;\u00bb.<br \/>\n<\/span><\/p>\n<p><span style=\"color: #777777; font-family: Arial;\">Elle parle de sa voix calme et r\u00e9pond \u00e0 l&rsquo;attitude de Macron qui ne veut d\u00e9boulonner aucune statue en rappelant que tout au long de l&rsquo;Histoire on a \u00e9volu\u00e9 dans le statuaire, on en a enlev\u00e9 certains, on en a ajout\u00e9 d&rsquo;autres.<br \/>\n<\/span><\/p>\n<p><span style=\"color: #777777; font-family: Arial;\">Lors de la monarchie, c&rsquo;\u00e9tait des statues de roi qu&rsquo;on a remplac\u00e9 sous l&rsquo;Empire c&rsquo;\u00e9tait diff\u00e9rent et puis encore sous la R\u00e9publique d&rsquo;autres personnalit\u00e9s furent choisis, cela change constamment :<br \/>\n<\/span><\/p>\n<p style=\"margin-left: 28pt;\"><span style=\"color: #c00000; font-family: Arial;\">\u00ab Quand le Pr\u00e9sident dit qu&rsquo;il sera intraitable sur le racisme et les questions d&rsquo;\u00e9galit\u00e9 [&#8230;] les demandes de retrait les statues est une question d&rsquo;\u00e9galit\u00e9. Il n&rsquo;y a pas de justice dont la fa\u00e7on la France pr\u00e9sente les monuments. (&#8230;) En r\u00e9alit\u00e9, il n&rsquo;y a pas de r\u00e9cit fig\u00e9. La R\u00e9publique pourrait se demander les r\u00e9cits qu&rsquo;elle voudrait mettre en avant (&#8230;). Quelles sont les statues que je vois quand je me prom\u00e8ne \u00e0 Paris ? Essentiellement des hommes blancs, dans des postures guerri\u00e8res (..). Il n&rsquo;y a pas d&rsquo;\u00e9galit\u00e9 m\u00e9morielle. \u00bb<br \/>\n<\/span><\/p>\n<p><span style=\"color: #777777; font-family: Arial;\">Et elle approfondit cette question des statues qui sont choisies pour remplir l&rsquo;espace public, comme d&rsquo;ailleurs les noms donn\u00e9s aux Boulevards, places, rues, ruelles, impasse&nbsp;:<\/span><\/p>\n<p style=\"margin-left: 28pt;\"><span style=\"color: #c00000; font-family: Arial;\">\u00ab&nbsp;Plus profond\u00e9ment, c&rsquo;est la question d&rsquo;une plus grande \u00e9galit\u00e9, de l&rsquo;anti-racisme. Quels sont les r\u00e9cits valoris\u00e9s ? Qu&rsquo;est-ce qui est enseign\u00e9 \u00e0 l&rsquo;\u00e9cole ? Qu&rsquo;est-ce que les enfants de France apprennent ? La question des statues est prise dans un contexte. [\u2026]<br \/>\n<\/span><\/p>\n<p style=\"margin-left: 28pt;\"><span style=\"color: #c00000; font-family: Arial;\"><strong>Les statues ce sont des choix politiques<\/strong> [\u2026] Ce sont constamment des choix. [Ne pas discuter de ce qu&rsquo;il faut d\u00e9boulonner et ce qu&rsquo;il faut ajouter signifie] Rien ne changera et votre demande d&rsquo;\u00e9galit\u00e9 ne sera pas entendu. C&rsquo;est-\u00e0-dire ce que vous demandez, vous n&rsquo;existez pas, vous n&rsquo;appartenez pas \u00e0 l&rsquo;Histoire de France. Il n&rsquo;y aura jamais de statue d&rsquo;Aim\u00e9 C\u00e9saire, il n&rsquo;y aura jamais de statue de <span style=\"color: #0000ff;\"><a style=\"color: #0000ff;\" href=\"https:\/\/fr.wikipedia.org\/wiki\/L%C3%A9opold_S%C3%A9dar_Senghor\">L\u00e9opold S\u00e9dar Senghor<\/a>.<\/span> [\u2026]<br \/>\n<\/span><\/p>\n<p style=\"margin-left: 28pt;\"><span style=\"color: #c00000; font-family: Arial;\">Il y a une s\u00e9lection qui est faite, [\u2026] il y a une hi\u00e9rarchie qui est donn\u00e9e, \u00e0 qui aura un boulevard, \u00e0 qui aura une ruelle, une impasse. Il s&rsquo;agit de <strong>l&rsquo;inscription des m\u00e9moires qui sont mis en avant<\/strong> dans une ville. Ce que nous demandons c&rsquo;est plus de justice, plus d&rsquo;\u00e9galit\u00e9&nbsp;\u00bb<br \/>\n<\/span><\/p>\n<p style=\"margin-left: 28pt;\"><span style=\"color: #c00000; font-family: Arial;\">[\u2026] C&rsquo;est une question d&rsquo;\u00e9galit\u00e9 et de dignit\u00e9 pour l&rsquo;histoire de plein de femmes et d&rsquo;hommes qui sont dans la R\u00e9publique fran\u00e7aise, qui sont des citoyens fran\u00e7ais.&nbsp;\u00bb<br \/>\n<\/span><\/p>\n<p><span style=\"color: #777777; font-family: Arial;\">C&rsquo;est une parole qui m&rsquo;a fait \u00e9voluer dans ma perception de l&rsquo;Histoire et des choix qui sont faits pour s\u00e9lectionner, raconter et aussi de valoriser certains aspects, en cacher d&rsquo;autres.<br \/>\n<\/span><\/p>\n<p><span style=\"color: #777777; font-family: Arial;\">Je ne suis plus si s\u00fbr qu&rsquo;il ne faille pas r\u00e9fl\u00e9chir \u00e0 d\u00e9boulonner certaines statues, ou du moins diminuer le nombre de certains personnages statufi\u00e9s et \u00e9riger d&rsquo;autres statues non encore pr\u00e9sente dans la repr\u00e9sentation publique.<br \/>\n<\/span><\/p>\n<p><span style=\"color: #777777; font-family: Arial;\">Je vous invite vraiment \u00e0 \u00e9couter cette \u00e9mission pleine d&rsquo;intelligence&nbsp;: \u00ab&nbsp;<a href=\"https:\/\/www.franceculture.fr\/emissions\/linvite-des-matins\/mouvements-antiracistes-un-tournant-dans-lhistoire\">d<span style=\"color: #0000ff;\">es Mouvements antiracistes : un tournant dans l&rsquo;histoire ?<\/span><\/a><span style=\"color: #0000ff;\">&nbsp;<\/span>\u00bb.<br \/>\n<\/span><\/p>\n<p><span style=\"color: maroon; font-family: Arial;\">&lt;1441&gt;<\/span><\/p>\n","protected":false},"excerpt":{"rendered":"<p>\u00abLe choix des statues dans une ville est un choix politique [\u2026] l&rsquo;inscription des m\u00e9moires qui sont mis en avant !\u00bb Fran\u00e7oise Verg\u00e9s Sortir de sa zone de confort\u2026 Lundi, j&rsquo;avais \u00e9voqu\u00e9 ce mouvement qui veut d\u00e9boulonner la statue de<\/p>\n","protected":false},"author":1,"featured_media":0,"comment_status":"open","ping_status":"closed","sticky":false,"template":"","format":"standard","meta":{"footnotes":""},"categories":[1],"tags":[15,17,103],"class_list":["post-9318","post","type-post","status-publish","format-standard","hentry","category-motdujour","tag-france","tag-histoire","tag-racisme"],"_links":{"self":[{"href":"https:\/\/lemotdujour.fr\/index.php?rest_route=\/wp\/v2\/posts\/9318","targetHints":{"allow":["GET"]}}],"collection":[{"href":"https:\/\/lemotdujour.fr\/index.php?rest_route=\/wp\/v2\/posts"}],"about":[{"href":"https:\/\/lemotdujour.fr\/index.php?rest_route=\/wp\/v2\/types\/post"}],"author":[{"embeddable":true,"href":"https:\/\/lemotdujour.fr\/index.php?rest_route=\/wp\/v2\/users\/1"}],"replies":[{"embeddable":true,"href":"https:\/\/lemotdujour.fr\/index.php?rest_route=%2Fwp%2Fv2%2Fcomments&post=9318"}],"version-history":[{"count":5,"href":"https:\/\/lemotdujour.fr\/index.php?rest_route=\/wp\/v2\/posts\/9318\/revisions"}],"predecessor-version":[{"id":14293,"href":"https:\/\/lemotdujour.fr\/index.php?rest_route=\/wp\/v2\/posts\/9318\/revisions\/14293"}],"wp:attachment":[{"href":"https:\/\/lemotdujour.fr\/index.php?rest_route=%2Fwp%2Fv2%2Fmedia&parent=9318"}],"wp:term":[{"taxonomy":"category","embeddable":true,"href":"https:\/\/lemotdujour.fr\/index.php?rest_route=%2Fwp%2Fv2%2Fcategories&post=9318"},{"taxonomy":"post_tag","embeddable":true,"href":"https:\/\/lemotdujour.fr\/index.php?rest_route=%2Fwp%2Fv2%2Ftags&post=9318"}],"curies":[{"name":"wp","href":"https:\/\/api.w.org\/{rel}","templated":true}]}}