{"id":930,"date":"2014-12-02T01:00:00","date_gmt":"2014-12-01T22:00:00","guid":{"rendered":"http:\/\/lemotdujour.fr\/?p=930"},"modified":"2017-05-08T13:24:08","modified_gmt":"2017-05-08T11:24:08","slug":"mardi-2-decembre-2014","status":"publish","type":"post","link":"https:\/\/lemotdujour.fr\/?p=930","title":{"rendered":"Mardi 2 d\u00e9cembre 2014"},"content":{"rendered":"<div class=\"mdjDate\">Mardi 2 d\u00e9cembre 2014<\/div>\n<div class=\"mdjTexte\">\u00ab Vous ne voulez pas d&rsquo;une jeunesse religieuse,<br \/>\u00a0 la voulez-vous drogu\u00e9e\u00a0? \u00bb\u00a0 <\/div>\n<div class=\"mdjAuteur\">Recep Tayyip Erdogan<strong>, <\/strong><\/div>\n<div class=\"mdjComplements\">Recep Tayyip Erdogan a \u00e9t\u00e9 brillamment \u00e9lu Pr\u00e9sident de Turquie il y a quelques mois.<\/div>\n<div class=\"mdjComplements\">Il y a quelques jours il a d\u00e9fray\u00e9 la chronique parce qu&rsquo;il a os\u00e9 dire lundi 24 novembre, Coran \u00e0 l&rsquo;appui, que les femmes ne pouvaient pas \u00eatre consid\u00e9r\u00e9es comme les \u00e9gales des hommes, alors qu&rsquo;ils intervenaient dans le cadre d&rsquo;un s\u00e9minaire sur le th\u00e8me de la justice et les femmes. Il a ainsi affirm\u00e9 \u00ab\u00a0<a href=\"http:\/\/www.huffingtonpost.fr\/2014\/11\/24\/turquie-erdogan-femme-egalite-homme_n_6213078.html\">Notre religion (l&rsquo;islam) a d\u00e9fini une place pour les femmes (dans la soci\u00e9t\u00e9): la maternit\u00e9<\/a>\u00ab\u00a0.<\/div>\n<div class=\"mdjComplements\">Mais je pr\u00e9f\u00e8re mettre l&rsquo;accent sur un propos pr\u00e9c\u00e9dent qui est cit\u00e9 par plusieurs sites :<\/div>\n<div class=\"mdjComplements\"><a href=\"http:\/\/www.slate.fr\/story\/91101\/description-mouvements-sunnites\">http:\/\/www.slate.fr\/story\/91101\/description-mouvements-sunnites<\/a><\/div>\n<div class=\"mdjComplements\"><a href=\"http:\/\/abonnes.lemonde.fr\/proche-orient\/article\/2012\/02\/22\/l-akp-cherche-t-il-a-islamiser-la-societe-turque_1646562_3218.html\">http:\/\/abonnes.lemonde.fr\/proche-orient\/article\/2012\/02\/22\/l-akp-cherche-t-il-a-islamiser-la-societe-turque_1646562_3218.html<\/a> (aussi en pi\u00e8ce jointe)<strong>.<\/strong><\/div>\n<div class=\"mdjComplements\">Ce propos est tr\u00e8s instructif et d\u00e9crit une des pr\u00e9tentions des religieux simplistes et souvent totalitaires.<\/div>\n<div class=\"mdjComplements\">La religion qui a pour source \u00e9tymologique<em> religare<\/em> signifiant \u00ab\u00a0relier\u00a0\u00bb a certainement des choses \u00e0 nous dire sur notre finitude sur notre rapport \u00e0 la mort, plus g\u00e9n\u00e9ralement la transcendance.<\/div>\n<div class=\"mdjComplements\">Mais le plus souvent et dans beaucoup d&rsquo;esprit c&rsquo;est avant tout une morale contrainte, une organisation soci\u00e9tale et bien s\u00fbr un asservissement des femmes.<\/div>\n<div class=\"mdjComplements\">Mais que dit Erdogan ? soit on est religieux soit on est drogu\u00e9 !<\/div>\n<div class=\"mdjComplements\">Raymond Devos avait en d\u00e9crivant mai 68 fait ce sketch \u00ab\u00a0Faites l&rsquo;amour pas la guerre\u00a0\u00bb il avait analys\u00e9 : \u00ab\u00a0on vous met devant un choix : faire l&rsquo;amour pas la guerre !\u00a0\u00bb et avait ajout\u00e9,\u00a0\u00bb il y en pas peut \u00eatre qui voudrait faire autre chose.\u00a0\u00bb<\/div>\n<div class=\"mdjComplements\">Soyez religieux ou soyez drogu\u00e9 ! C&rsquo;est binaire !<\/div>\n<div class=\"mdjComplements\">Le mot du jour du 25 septembre 2013 donnait ce proverbe juif\u00a0 \u00a0\u00a0 \u00ab\u00a0Quand tu n&rsquo;as que deux solutions, choisis toujours la troisi\u00e8me\u00a0\u00bb<\/div>\n<div class=\"mdjComplements\">En plus c&rsquo;est archi-faux, la religion n&rsquo;a pas emp\u00each\u00e9 la p\u00e9dophilie, la religion n&rsquo;a pas emp\u00each\u00e9 la violence, la religion n&rsquo; pas emp\u00each\u00e9 l&rsquo;alcoolisme, et on peut parfaitement \u00eatre religieux et drogu\u00e9 !<\/div>\n<div class=\"mdjComplements\">Pour tous ceux qui comme moi sont \u200bexc\u00e9d\u00e9s par ceux qui veulent que la religion se m\u00eale de tout et surtout de la vie des autres <a href=\"http:\/\/www.franceculture.fr\/emission-la-grande-table-2eme-partie-peut-on-encore-critiquer-la-religion-2014-11-20\">&lt;Vous pouvez \u00e9couter cette \u00e9mission&gt;<\/a> o\u00f9 \u00e9tait invit\u00e9 Yvon Quinion qui vient de publier un essai : \u00ab Critique de la religion &#8211; Une imposture morale, intellectuelle et politique \u00bb. Il dit notamment \u00ab\u00a0La religion devrait \u00eatre un facteur de lien or elle est un facteur de division.\u00a0\u00bb<\/div>\n","protected":false},"excerpt":{"rendered":"<p>Mardi 2 d\u00e9cembre 2014 \u00ab Vous ne voulez pas d&rsquo;une jeunesse religieuse,\u00a0 la voulez-vous drogu\u00e9e\u00a0? \u00bb\u00a0 Recep Tayyip Erdogan, Recep Tayyip Erdogan a \u00e9t\u00e9 brillamment \u00e9lu Pr\u00e9sident de Turquie il y a quelques mois. Il y a quelques jours il<\/p>\n","protected":false},"author":1,"featured_media":0,"comment_status":"closed","ping_status":"closed","sticky":false,"template":"","format":"standard","meta":{"footnotes":""},"categories":[1],"tags":[],"class_list":["post-930","post","type-post","status-publish","format-standard","hentry","category-motdujour"],"_links":{"self":[{"href":"https:\/\/lemotdujour.fr\/index.php?rest_route=\/wp\/v2\/posts\/930","targetHints":{"allow":["GET"]}}],"collection":[{"href":"https:\/\/lemotdujour.fr\/index.php?rest_route=\/wp\/v2\/posts"}],"about":[{"href":"https:\/\/lemotdujour.fr\/index.php?rest_route=\/wp\/v2\/types\/post"}],"author":[{"embeddable":true,"href":"https:\/\/lemotdujour.fr\/index.php?rest_route=\/wp\/v2\/users\/1"}],"replies":[{"embeddable":true,"href":"https:\/\/lemotdujour.fr\/index.php?rest_route=%2Fwp%2Fv2%2Fcomments&post=930"}],"version-history":[{"count":1,"href":"https:\/\/lemotdujour.fr\/index.php?rest_route=\/wp\/v2\/posts\/930\/revisions"}],"predecessor-version":[{"id":931,"href":"https:\/\/lemotdujour.fr\/index.php?rest_route=\/wp\/v2\/posts\/930\/revisions\/931"}],"wp:attachment":[{"href":"https:\/\/lemotdujour.fr\/index.php?rest_route=%2Fwp%2Fv2%2Fmedia&parent=930"}],"wp:term":[{"taxonomy":"category","embeddable":true,"href":"https:\/\/lemotdujour.fr\/index.php?rest_route=%2Fwp%2Fv2%2Fcategories&post=930"},{"taxonomy":"post_tag","embeddable":true,"href":"https:\/\/lemotdujour.fr\/index.php?rest_route=%2Fwp%2Fv2%2Ftags&post=930"}],"curies":[{"name":"wp","href":"https:\/\/api.w.org\/{rel}","templated":true}]}}