{"id":9298,"date":"2020-06-17T00:01:00","date_gmt":"2020-06-16T22:01:00","guid":{"rendered":"http:\/\/lemotdujour.fr\/?p=9298"},"modified":"2020-06-17T17:21:15","modified_gmt":"2020-06-17T15:21:15","slug":"mercredi-17-juin-2020","status":"publish","type":"post","link":"https:\/\/lemotdujour.fr\/?p=9298","title":{"rendered":"Mercredi 17 juin 2020"},"content":{"rendered":"<div class=\"mdjTexte\">\u00abLes pays gouvern\u00e9s par des femmes ont eu cinq fois moins de morts du coronavirus que les pays dirig\u00e9s par des hommes.\u00bb<\/div>\n<div class=\"mdjAuteur\">Edito du New York Times<\/div>\n<p><span style=\"color: #777777; font-family: Arial;\">C&rsquo;est la revue de Presse de <strong>Claude Askolovitch <\/strong><a href=\"https:\/\/www.franceinter.fr\/emissions\/la-revue-de-presse\/la-revue-de-presse-15-juin-2020\"><span style=\"color: #0000ff;\">de lundi, le 15 juin<\/span>, <\/a>qui a rappel\u00e9 cette information de premi\u00e8re importance<strong>:<\/strong><a href=\"https:\/\/www.franceinter.fr\/emissions\/la-revue-de-presse\/la-revue-de-presse-15-juin-2020\"><strong><br \/>\n<\/strong><\/a><\/span><span style=\"color: #c00000; font-family: Arial;\"><strong>\u00ab\u00a0<\/strong>Je lis dans un bel \u00e9dito du New York Times que les pays gouvern\u00e9s par des femmes ont eu cinq fois moins de morts du coronavirus que les pays dirig\u00e9s par des hommes.\u00a0\u00bb<br \/>\n<\/span><\/p>\n<p><a href=\"https:\/\/www.franceinter.fr\/emissions\/la-revue-de-presse\/la-revue-de-presse-15-juin-2020\"><span style=\"color: #777777; font-family: Arial;\">Le New York Times confirme donc ou r\u00e9pond \u00e0 la question que posait le site de TV5 Monde le 20 avril qui lui-m\u00eame rapportait une question de FORBES \u00a0: \u00ab\u00a0<\/span><\/a><span style=\"color: #0000ff;\"><a style=\"color: #0000ff;\" href=\"https:\/\/information.tv5monde.com\/terriennes\/covid-19-les-pays-diriges-par-des-femmes-gerent-ils-mieux-la-crise-355335\">Covid-19 : les pays dirig\u00e9s par des femmes g\u00e8rent-ils mieux la crise ?\u00a0<\/a><\/span>\u00bb<\/p>\n<p style=\"margin-left: 28pt;\"><img loading=\"lazy\" decoding=\"async\" class=\"aligncenter\" src=\"https:\/\/lemotdujour.fr\/wp-content\/uploads\/2020\/06\/061620_2158_Mercredi17j1.png\" alt=\"\" width=\"706\" height=\"547\" align=\"left\" \/><span style=\"color: #c00000; font-family: Arial;\">\u00ab\u00a0De Taiwan \u00e0 l&rsquo;Islande, en passant par l&rsquo;Allemagne ou la Nouvelle-Z\u00e9lande, quelques pays sont parvenus \u00e0 limiter le bilan de la pand\u00e9mie de coronavirus. Qu&rsquo;ont-ils en commun ?<br \/>\n<\/span><\/p>\n<p style=\"margin-left: 28pt;\"><span style=\"color: #c00000; font-family: Arial;\">\u00ab Ils sont dirig\u00e9s par des femmes \u00bb, titre le magazine Forbes, dat\u00e9 du 13 avril 2020. Et elles ont fait face en d\u00e9ployant sans tergiverser franchise, d\u00e9termination, empathie, r\u00e9activit\u00e9 et anticipation, qui sont aussi les cl\u00e9s d&rsquo;une gestion efficace. Et sans jamais prononcer le mot \u00ab\u00a0guerre\u00a0\u00bb&#8230;<\/span><span style=\"color: #c00000; font-family: Arial;\">\u00a0\u00bb<br \/>\n<\/span><\/p>\n<p><span style=\"color: #777777; font-family: Arial;\">Reprenons chacun de ces cas.<br \/>\n<\/span><\/p>\n<p><span style=\"color: #777777; font-family: Arial;\"><img loading=\"lazy\" decoding=\"async\" class=\"size-full wp-image-9306 alignleft\" src=\"https:\/\/lemotdujour.fr\/wp-content\/uploads\/2020\/06\/Katr\u00edn-Jakobsd\u00f3ttir.jpg\" alt=\"\" width=\"305\" height=\"305\" srcset=\"https:\/\/lemotdujour.fr\/wp-content\/uploads\/2020\/06\/Katr\u00edn-Jakobsd\u00f3ttir.jpg 305w, https:\/\/lemotdujour.fr\/wp-content\/uploads\/2020\/06\/Katr\u00edn-Jakobsd\u00f3ttir-300x300.jpg 300w, https:\/\/lemotdujour.fr\/wp-content\/uploads\/2020\/06\/Katr\u00edn-Jakobsd\u00f3ttir-150x150.jpg 150w, https:\/\/lemotdujour.fr\/wp-content\/uploads\/2020\/06\/Katr\u00edn-Jakobsd\u00f3ttir-230x230.jpg 230w\" sizes=\"auto, (max-width: 305px) 100vw, 305px\" \/>D&rsquo;abord l<strong>&lsquo;Islande<\/strong>.<br \/>\n<\/span><\/p>\n<p style=\"margin-left: 28pt;\"><span style=\"color: #c00000; font-family: Arial;\">\u00ab\u00a0Anticiper pour ne pas se laisser prendre de court \u2013 tel semble avoir \u00e9t\u00e9 le mot d&rsquo;ordre du gouvernement de Katr\u00edn Jakobsd\u00f3ttir. Lorsque le premier malade est confirm\u00e9 sur son territoire, le 28 f\u00e9vrier 2020, l&rsquo;Islande d\u00e9pistait d\u00e9j\u00e0 depuis un mois, ayant commenc\u00e9 alors que la maladie caus\u00e9e par le coronavirus n&rsquo;\u00e9tait m\u00eame pas encore baptis\u00e9e Covid-19, ni la pand\u00e9mie d\u00e9clar\u00e9e.\u00a0\u00bb<br \/>\n<\/span><\/p>\n<p><span style=\"color: #777777; font-family: Arial;\">Dans ce pays selon Wikipedia, au 22 avril 2020, le nombre total de cas enregistr\u00e9s \u00e9tait de 1 785, dont 1 462 se sont r\u00e9tablis et 10 sont d\u00e9c\u00e9d\u00e9s. Le taux d&rsquo;infection est d&rsquo;un cas pour 245 habitants, l&rsquo;un des plus \u00e9lev\u00e9s au monde. Mais avec un taux de l\u00e9talit\u00e9 li\u00e9 au Covid-19 qui est le deuxi\u00e8me plus bas au monde, en avril.<br \/>\n<\/span><\/p>\n<p><span style=\"color: #777777; font-family: Arial;\">J&rsquo;ai trouv\u00e9 cette mise \u00e0 jour au <a href=\"https:\/\/fr.news.yahoo.com\/islande-tests-d%C3%A9pistages-covid-19-023622553.html\"><span style=\"color: #0000ff;\">16 juin<\/span><\/a><span style=\"color: #0000ff;\">\u00a0<\/span>:<br \/>\n<\/span><\/p>\n<p style=\"margin-left: 28pt;\"><span style=\"color: #c00000; font-family: Arial;\">\u00ab\u00a0Avec 1\u00a0810 infections dont seulement quatre en juin, l&rsquo;Islande a presque \u00e9radiqu\u00e9 le Covid-19 de son territoire gr\u00e2ce \u00e0 une politique de d\u00e9pistages massifs.\u00a0\u00bb<br \/>\n<\/span><\/p>\n<p><span style=\"color: #777777; font-family: Arial;\">Au 16 juin, le nombre de d\u00e9c\u00e9d\u00e9s \u00e9tait rest\u00e9 \u00e0 10 soit un taux de l\u00e9talit\u00e9 pour un pays de 362 860 habitants de 27,5 pour 1 000 000 d&rsquo;habitants. En France nous en sommes \u00e0 435 pour 1 000 000 d&rsquo;habitants<br \/>\n<\/span><\/p>\n<p><span style=\"color: #777777; font-family: Arial;\">Voil\u00e0 donc le bilan de <strong>Katr\u00edn Jakobsd\u00f3ttir\u00a0!<\/strong><br \/>\n<\/span><\/p>\n<p><span style=\"color: #777777; font-family: Arial;\"><img loading=\"lazy\" decoding=\"async\" class=\"size-full wp-image-9308 alignright\" src=\"https:\/\/lemotdujour.fr\/wp-content\/uploads\/2020\/06\/Tsai-Ing-wen.jpg\" alt=\"\" width=\"300\" height=\"300\" srcset=\"https:\/\/lemotdujour.fr\/wp-content\/uploads\/2020\/06\/Tsai-Ing-wen.jpg 300w, https:\/\/lemotdujour.fr\/wp-content\/uploads\/2020\/06\/Tsai-Ing-wen-150x150.jpg 150w, https:\/\/lemotdujour.fr\/wp-content\/uploads\/2020\/06\/Tsai-Ing-wen-230x230.jpg 230w\" sizes=\"auto, (max-width: 300px) 100vw, 300px\" \/>Ensuite <strong>Taiwan<\/strong><br \/>\n<\/span><\/p>\n<p style=\"margin-left: 28pt;\"><span style=\"color: #c00000; font-family: Arial;\">\u00ab\u00a0D\u00e8s le mois de janvier, soit bien avant que l&rsquo;alerte ne soit lanc\u00e9e \u00e0 l&rsquo;\u00e9chelle mondiale et que l&rsquo;OMS reconnaisse la transmission humaine du virus, et 21 jours avant la d\u00e9tection du premier cas de personnes contamin\u00e9es \u00e0 Taiwan, la pr\u00e9sidente <strong>Tsai Ing-wen<\/strong> avait impos\u00e9 124 mesures fortes pour bloquer l&rsquo;\u00e9pid\u00e9mie. Des prises de temp\u00e9rature sont mises en place \u00e0 l&rsquo;atterrissage de tous les vols en provenance de Wuhan d\u00e8s le 31 d\u00e9cembre 2019, par exemple. Bilan \u00e0 ce jour, 6 d\u00e9c\u00e8s et moins de 400 personnes contamin\u00e9es pour pr\u00e8s de 24 millions de Taiwanais, et ce sans confinement de la population.\u00a0\u00bb<br \/>\n<\/span><\/p>\n<p><span style=\"color: #777777; font-family: Arial;\">J&rsquo;ajoute que Taiwan est vraiment tout pr\u00e8s de la source de l&rsquo;\u00e9pid\u00e9mie\u00a0: la Chine. Elle a donc de bien meilleurs r\u00e9sultats que la Chine totalitaire avec un r\u00e9gime d\u00e9mocratique\u00a0!<br \/>\n<\/span><\/p>\n<p><span style=\"color: #777777; font-family: Arial;\">Une information <span style=\"color: #0000ff;\"><a style=\"color: #0000ff;\" href=\"https:\/\/fr.news.yahoo.com\/ta%C3%AFwan-pr%C3%A9pare-%C3%A0-l%C3%A8re-post-191700108.html\">du 16 juin<\/a><\/span> porte le bilan de Taiwan \u00e0 445 personnes contamin\u00e9es et sept d\u00e9c\u00e8s.<br \/>\n<\/span><\/p>\n<p><span style=\"color: #777777; font-family: Arial;\">Voil\u00e0 donc le bilan de <strong>Tsai Ing-wen<\/strong><br \/>\n<\/span><\/p>\n<p><span style=\"color: #777777; font-family: Arial;\">Pour l<strong>&lsquo;Allemagne<\/strong> je n&rsquo;insiste pas, nous avons eu suffisamment de pr\u00e9cisions qui nous renvoyaient \u00e0 nos faiblesses fran\u00e7aises.<br \/>\n<\/span><\/p>\n<p><span style=\"color: #777777; font-family: Arial;\">Le bilan de <strong>Angela Merkel<\/strong> est remarquable, concernant ce point pr\u00e9cis du COVID-19.<br \/>\n<\/span><\/p>\n<p><span style=\"color: #777777; font-family: Arial;\">Juste une petite pr\u00e9cision Merkel n&rsquo;a pas parl\u00e9 de guerre \u00e0 ses concitoyens mais d\u00e8s le 11 mars elle a fait cette d\u00e9claration solennelle<br \/>\n<\/span><\/p>\n<p style=\"margin-left: 28pt;\"><span style=\"color: #c00000; font-family: Arial;\">\u00ab La situation est s\u00e9rieuse, alors prenez-la au s\u00e9rieux.\u00a0\u00bb<br \/>\n<\/span><\/p>\n<p><span style=\"color: #777777; font-family: Arial;\">C&rsquo;est que les Allemands ont fait, suivant \u00e0 la lettre les ordres de leur dirigeante.<br \/>\n<\/span><\/p>\n<p><span style=\"color: #777777; font-family: Arial;\"><strong><img loading=\"lazy\" decoding=\"async\" class=\"size-full wp-image-9309 alignleft\" src=\"https:\/\/lemotdujour.fr\/wp-content\/uploads\/2020\/06\/Erna-Solberg.png\" alt=\"\" width=\"300\" height=\"300\" srcset=\"https:\/\/lemotdujour.fr\/wp-content\/uploads\/2020\/06\/Erna-Solberg.png 300w, https:\/\/lemotdujour.fr\/wp-content\/uploads\/2020\/06\/Erna-Solberg-150x150.png 150w, https:\/\/lemotdujour.fr\/wp-content\/uploads\/2020\/06\/Erna-Solberg-230x230.png 230w\" sizes=\"auto, (max-width: 300px) 100vw, 300px\" \/>En Norv\u00e8ge<\/strong> :<br \/>\n<\/span><\/p>\n<p><span style=\"color: #777777; font-family: Arial;\">Au 16 juin le nombre de d\u00e9c\u00e9d\u00e9s pour le coronavirus est de 242 soit un taux de l\u00e9talit\u00e9 de 45 pour 1\u00a0000\u00a0000 d&rsquo;habitants..<br \/>\n<\/span><\/p>\n<p><span style=\"color: #777777; font-family: Arial;\"><strong>Erna Solberg<\/strong>, n&rsquo;a pas non plus parl\u00e9 de guerre. Elle s&rsquo;est en revanche adress\u00e9 directement aux enfants \u00e0 la t\u00e9l\u00e9vision pour leur dire :<br \/>\n<\/span><\/p>\n<p style=\"margin-left: 28pt;\"><span style=\"color: #c00000; font-family: Arial;\">\u00ab\u00a0Je sais que \u00e7a fait peur et c&rsquo;est normal d&rsquo;avoir peur quand tout est bouscul\u00e9, comme en ce moment\u00a0\u00bb<br \/>\n<\/span><\/p>\n<p><span style=\"color: #777777; font-family: Arial;\"><strong>En Finlande<br \/>\n<\/strong><\/span><\/p>\n<p><span style=\"color: #777777; font-family: Arial;\">Au 16 juin le nombre de d\u00e9c\u00e8s s&rsquo;\u00e9levait \u00e0 326 soit un taux de l\u00e9talit\u00e9 de 59 pour 1\u00a0000\u00a0000 d&rsquo;habitants.<br \/>\n<\/span><\/p>\n<p><span style=\"color: #777777; font-family: Arial;\"><img loading=\"lazy\" decoding=\"async\" class=\"size-full wp-image-9311 alignright\" src=\"https:\/\/lemotdujour.fr\/wp-content\/uploads\/2020\/06\/sanna-marin.jpg\" alt=\"\" width=\"300\" height=\"300\" srcset=\"https:\/\/lemotdujour.fr\/wp-content\/uploads\/2020\/06\/sanna-marin.jpg 300w, https:\/\/lemotdujour.fr\/wp-content\/uploads\/2020\/06\/sanna-marin-150x150.jpg 150w, https:\/\/lemotdujour.fr\/wp-content\/uploads\/2020\/06\/sanna-marin-230x230.jpg 230w\" sizes=\"auto, (max-width: 300px) 100vw, 300px\" \/>TV5 donne ces informations\u00a0:<br \/>\n<\/span><\/p>\n<p style=\"margin-left: 28pt;\"><span style=\"color: #c00000; font-family: Arial;\">\u00ab\u00a0En d\u00e9cembre 2019, <strong>Sanna Marin<\/strong> devenait la plus jeune cheffe d&rsquo;Etat du monde, \u00e0 la t\u00eate d&rsquo;une coalition exclusivement compos\u00e9e de femmes. Consciente que les m\u00e9dias traditionnels et les communiqu\u00e9s gouvernementaux ne sont pas les plus porteurs, surtout parmi les plus jeunes, elle a fait \u00e9tablir une liste d&rsquo;influenceurs \u00e0 suivre &#8211; bloggeurs, rappeurs, chroniqueurs, instagrameurs&#8230;. Sana Marin fait appel \u00e0 ces \u00ab\u00a0key workers\u00a0\u00bb (acteurs essentiels) pour l&rsquo;aider \u00e0 partager l&rsquo;information destin\u00e9e \u00e0 juguler la pand\u00e9mie.<br \/>\n<\/span><\/p>\n<p style=\"margin-left: 28pt;\"><span style=\"color: #c00000; font-family: Arial;\">Les messages du gouvernement sont distribu\u00e9s au r\u00e9seau de quelque 1500 influenceurs, qui restent libres de les relayer, ou non, \u00e0 leur mani\u00e8re. La plupart ont eu \u00e0 c\u0153ur de participer \u00e0 cet effort national \u00e0 leur \u00e9chelle et se sont pr\u00eat\u00e9s au jeu sans songer \u00e0 demander de contrepartie, \u00e0 l&rsquo;instar d&rsquo;Inari Fern\u00e1ndez, une influenceuse professionnelle avec 34 000 followers sur Instagram.\u00a0\u00bb<br \/>\n<\/span><\/p>\n<p><span style=\"color: #777777; font-family: Arial;\"><strong><img loading=\"lazy\" decoding=\"async\" class=\"size-full wp-image-9310 alignleft\" src=\"https:\/\/lemotdujour.fr\/wp-content\/uploads\/2020\/06\/Mette-Frederiksen.jpg\" alt=\"\" width=\"301\" height=\"301\" srcset=\"https:\/\/lemotdujour.fr\/wp-content\/uploads\/2020\/06\/Mette-Frederiksen.jpg 301w, https:\/\/lemotdujour.fr\/wp-content\/uploads\/2020\/06\/Mette-Frederiksen-150x150.jpg 150w, https:\/\/lemotdujour.fr\/wp-content\/uploads\/2020\/06\/Mette-Frederiksen-230x230.jpg 230w\" sizes=\"auto, (max-width: 301px) 100vw, 301px\" \/>Au Danemark<br \/>\n<\/strong><\/span><\/p>\n<p><span style=\"color: #777777; font-family: Arial;\">Le taux de l\u00e9talit\u00e9 est un peu plus \u00e9lev\u00e9 \u00e0 102 pour 1\u00a0000\u00a0000 d&rsquo;habitants. Mais au Royaume-Uni du flamboyant Boris Johnson nous en sommes \u00e0 630\u00a0!<br \/>\n<\/span><\/p>\n<p><span style=\"color: #777777; font-family: Arial;\">Le pays a ferm\u00e9 ses fronti\u00e8res d\u00e8s le 13 mars, puis les autorit\u00e9s ont fait confiance aux Danois et cela a march\u00e9 : \u00ab\u00a0Les commerces ne sont pas engorg\u00e9s et la distance sociale de deux m\u00e8tres est respect\u00e9e, y compris dans les parcs. M\u00eame \u00e0 un feu, les pi\u00e9tons et les cyclistes reculent d&rsquo;eux-m\u00eame s&rsquo;ils sont trop pr\u00e8s les uns des autres,\u00a0\u00bb expliquait un journaliste sur France Info le 13 avril.<br \/>\n<\/span><\/p>\n<p><span style=\"color: #777777; font-family: Arial;\">C&rsquo;est le bilan de <strong>Mette Frederiksen<\/strong><br \/>\n<\/span><\/p>\n<p><span style=\"color: #777777; font-family: Arial;\"><img loading=\"lazy\" decoding=\"async\" class=\"size-full wp-image-9312 alignright\" src=\"https:\/\/lemotdujour.fr\/wp-content\/uploads\/2020\/06\/jacinda-ardern-vogue-march-2018-768x432-1.jpg\" alt=\"\" width=\"300\" height=\"300\" srcset=\"https:\/\/lemotdujour.fr\/wp-content\/uploads\/2020\/06\/jacinda-ardern-vogue-march-2018-768x432-1.jpg 300w, https:\/\/lemotdujour.fr\/wp-content\/uploads\/2020\/06\/jacinda-ardern-vogue-march-2018-768x432-1-150x150.jpg 150w, https:\/\/lemotdujour.fr\/wp-content\/uploads\/2020\/06\/jacinda-ardern-vogue-march-2018-768x432-1-230x230.jpg 230w\" sizes=\"auto, (max-width: 300px) 100vw, 300px\" \/>Il reste <strong>la Nouvelle-Z\u00e9lande de Jacinda Ardem<\/strong><br \/>\n<\/span><\/p>\n<p style=\"margin-left: 28pt;\"><span style=\"color: #c00000; font-family: Arial;\">\u00ab\u00a0Solidarit\u00e9, proximit\u00e9, empathie &#8211; les qualit\u00e9s que la Premi\u00e8re ministre n\u00e9oz\u00e9landaise d\u00e9ploie dans la gestion de la crise sanitaire sont aussi celles qui avaient \u00e9t\u00e9 remarqu\u00e9es il y a un an, dans l&rsquo;onde de choc de la trag\u00e9die de Christchurch.<br \/>\n<\/span><\/p>\n<p style=\"margin-left: 28pt;\"><span style=\"color: #c00000; font-family: Arial;\">Jacinda Ardern et ses ministres ont d\u00e9cid\u00e9 de r\u00e9duire leurs r\u00e9mun\u00e9rations de 20 % en solidarit\u00e9 avec les victimes de la pand\u00e9mie en Nouvelle-Z\u00e9lande.<br \/>\n<\/span><\/p>\n<p style=\"margin-left: 28pt;\"><span style=\"color: #c00000; font-family: Arial;\">D\u00e8s les six premiers cas d\u00e9tect\u00e9s, la Premi\u00e8re ministre a ordonn\u00e9 la fermeture des fronti\u00e8res et le confinement. Elle a clairement annonc\u00e9 \u00e0 ses compatriotes le pourquoi et le comment de l&rsquo;\u00e9tat d&rsquo;alerte maximum dans lequel elle pla\u00e7ait le pays. Il semble que l&rsquo;int\u00e9grit\u00e9 de ses d\u00e9cisions et sa d\u00e9termination ait \u00e9pargn\u00e9 \u00e0 son pays des milliers de morts : mi-avril la Nouvelle-Z\u00e9lande ne d\u00e9plorait que 4 d\u00e9c\u00e8s dus au Covid-19 sur une population de 4,8 millions.\u00a0\u00bb<br \/>\n<\/span><\/p>\n<p><span style=\"color: #777777; font-family: Arial;\">Au 16 juin le bilan est mont\u00e9 \u00e0 22 d\u00e9c\u00e8s, d&rsquo;o\u00f9 un taux de l\u00e9talit\u00e9 de 4 pour 1 millions.<br \/>\n<\/span><\/p>\n<p><span style=\"color: #777777; font-family: Arial;\">Cependant, <a href=\"https:\/\/www.leparisien.fr\/societe\/coronavirus-des-nouveaux-cas-en-nouvelle-zelande-apres-25-jours-de-repit-16-06-2020-8336346.php\"><span style=\"color: #0000ff;\">une information<\/span><\/a> datant de quelques heures, au moment de cette r\u00e9daction, font \u00e9tat de nouveaux cas en Nouvelle Z\u00e9lande apr\u00e8s 25 jours de r\u00e9pit.<br \/>\n<\/span><\/p>\n<p><span style=\"color: #777777; font-family: Arial;\">Comme le rappelle TV5, Jacinda Ardem est devenu c\u00e9l\u00e8bre dans le monde entier apr\u00e8s la trag\u00e9die de Christchurch. <\/span><span style=\"color: #777777; font-family: Arial;\">Le 15\u00a0mars 2019, un supr\u00e9maciste blanc australien de 28\u00a0ans est entr\u00e9 dans deux mosqu\u00e9es de Christchurch a tu\u00e9 51\u00a0personnes et bless\u00e9 plusieurs dizaines d&rsquo;autres.<br \/>\n<\/span><\/p>\n<p><span style=\"color: #777777; font-family: Arial;\">Elle a su \u00e0 la fois allier fermet\u00e9 et une extraordinaire empathie pour ses compatriotes musulmans.<br \/>\n<\/span><\/p>\n<p><span style=\"color: #777777; font-family: Arial;\">Elle a d\u00e9cid\u00e9 d&rsquo;aller \u00e0 leur rencontre en portant le voile par signe de solidarit\u00e9.<br \/>\n<\/span><\/p>\n<p><img loading=\"lazy\" decoding=\"async\" class=\"alignnone size-full wp-image-9297\" src=\"https:\/\/lemotdujour.fr\/wp-content\/uploads\/2020\/06\/061620_2158_Mercredi17j2.jpg\" alt=\"\" width=\"839\" height=\"303\" srcset=\"https:\/\/lemotdujour.fr\/wp-content\/uploads\/2020\/06\/061620_2158_Mercredi17j2.jpg 839w, https:\/\/lemotdujour.fr\/wp-content\/uploads\/2020\/06\/061620_2158_Mercredi17j2-300x108.jpg 300w, https:\/\/lemotdujour.fr\/wp-content\/uploads\/2020\/06\/061620_2158_Mercredi17j2-768x277.jpg 768w\" sizes=\"auto, (max-width: 839px) 100vw, 839px\" \/><\/p>\n<p><span style=\"color: #777777; font-family: Arial;\">Quand Donald Trump lui a demand\u00e9 ce qu&rsquo;il pouvait faire pour la Nouvelle Z\u00e9lande, elle a r\u00e9pondu\u00a0:<br \/>\n<\/span><\/p>\n<p style=\"margin-left: 28pt;\"><span style=\"color: #c00000; font-family: Arial;\">\u00ab\u00a0Avoir de la compassion pour les musulmans n\u00e9o-z\u00e9landais\u00a0\u00bb<br \/>\n<\/span><\/p>\n<p><span style=\"color: #777777; font-family: Arial;\">Vous pouvez lire cet article de l&rsquo;Obs\u00a0: \u00ab <a href=\"https:\/\/www.nouvelobs.com\/monde\/20190515.OBS12950\/l-appel-de-christchurch-10-choses-a-savoir-sur-jacinda-ardern-premiere-ministre-de-la-nouvelle-zelande.html\"><span style=\"color: #0000ff;\">L&rsquo;appel de Christchurch<\/span><\/a> \u00bb : 10 choses \u00e0 savoir sur Jacinda Ardern, Premi\u00e8re ministre de la Nouvelle-Z\u00e9lande\u00a0:<br \/>\n<\/span><\/p>\n<p style=\"margin-left: 28pt;\"><span style=\"color: #c00000; font-family: Arial;\">\u00ab\u00a0Son attitude exemplaire apr\u00e8s les attentats de Christchurch contre deux mosqu\u00e9es avait \u00e9t\u00e9 salu\u00e9e dans le monde entier.\u00a0\u00bb<br \/>\n<\/span><\/p>\n<p><span style=\"color: #777777; font-family: Arial;\">Ou cet article de France 24\u00a0: \u00ab<span style=\"color: #0000ff;\">\u00a0<a style=\"color: #0000ff;\" href=\"https:\/\/www.france24.com\/fr\/20190321-nouvelle-zelande-christchurch-premiere-ministre-jacinda-ardern-portrait-video\">Jacinda Ardern, premi\u00e8re ministre, \u00ab\u00a0le r\u00e9confort et l&rsquo;acier\u00a0\u00bb de la Nouvelle-Z\u00e9lande\u00a0<\/a><\/span>\u00bb<br \/>\n<\/span><\/p>\n<p><span style=\"color: #777777; font-family: Arial;\">Et encore cet article du Monde<span style=\"color: #0000ff;\"> <a style=\"color: #0000ff;\" href=\"https:\/\/www.lemonde.fr\/international\/article\/2019\/03\/20\/apres-les-attentats-de-christchurch-les-neo-zelandais-unis-derriere-jacinda-ardern-rassemble_5438638_3210.html\">\u00ab\u00a0Apr\u00e8s les attentats de Christchurch, les N\u00e9o-Z\u00e9landais unis derri\u00e8re Jacinda Ardern\u00a0<\/a>\u00bb<\/span><br \/>\n<\/span><\/p>\n<p><span style=\"color: #777777; font-family: Arial;\">Plus globalement sur la capacit\u00e9 des femmes \u00e0 bien gouverner, je partage cette conclusion de TV5Monde pleine de nuance et de pertinence\u00a0:<br \/>\n<\/span><\/p>\n<p style=\"margin-left: 28pt;\"><span style=\"color: #c00000; font-family: Arial;\">\u00ab\u00a0Est-ce qu&rsquo;\u00eatre une femme pr\u00e9dispose \u00e0 la bonne gestion de crise ? Le syllogisme serait sexiste et, comme le souligne le quotidien britannique The Guardian, \u00ab\u00a0une corr\u00e9lation n&rsquo;est pas un lien de cause \u00e0 effet. Etre une femme ne donne pas automatiquement l&rsquo;avantage dans la gestion d&rsquo;une pand\u00e9mie mondiale. Cela ne fait pas non plus de vous un meilleur chef d&rsquo;Etat.\u00a0\u00bb D&rsquo;autres facteurs entrent en compte, souligne le Guardian, comme les politiques de sant\u00e9 mises en place par les gouvernements pr\u00e9c\u00e9dents ou la situation g\u00e9ographique d&rsquo;un pays &#8211; moins il a de fronti\u00e8res terrestres, plus il est \u00e9pargn\u00e9. [\u2026] Il n&rsquo;en reste pas moins que la gestion de crise exemplaire de certaines dirigeantes politiques devrait s&rsquo;inscrire dans les annales. Et puis les femmes, dans un milieu politique majoritairement domin\u00e9 par les hommes, ne doivent-elles pas \u00eatre meilleures pour y arriver&#8230; ?\u00a0\u00bb<\/span><\/p>\n<p><span style=\"color: #777777; font-family: Arial;\">Et puis quand m\u00eame elles n&rsquo;ont pas toujours le mot \u00abguerre\u00bb et \u00abcombat\u00bb \u00e0 la bouche, elles sont probablement plus pragmatiques et savent elles mieux ce que \u00abprendre soin\u00bb veut dire<\/span><\/p>\n<p><span style=\"color: #800000;\">&lt;&lt;1440&gt;<\/span><\/p>\n","protected":false},"excerpt":{"rendered":"<p>\u00abLes pays gouvern\u00e9s par des femmes ont eu cinq fois moins de morts du coronavirus que les pays dirig\u00e9s par des hommes.\u00bb Edito du New York Times C&rsquo;est la revue de Presse de Claude Askolovitch de lundi, le 15 juin,<\/p>\n","protected":false},"author":1,"featured_media":0,"comment_status":"open","ping_status":"closed","sticky":false,"template":"","format":"standard","meta":{"footnotes":""},"categories":[1],"tags":[36,126,3],"class_list":["post-9298","post","type-post","status-publish","format-standard","hentry","category-motdujour","tag-feminisme","tag-pandemie","tag-politique"],"_links":{"self":[{"href":"https:\/\/lemotdujour.fr\/index.php?rest_route=\/wp\/v2\/posts\/9298","targetHints":{"allow":["GET"]}}],"collection":[{"href":"https:\/\/lemotdujour.fr\/index.php?rest_route=\/wp\/v2\/posts"}],"about":[{"href":"https:\/\/lemotdujour.fr\/index.php?rest_route=\/wp\/v2\/types\/post"}],"author":[{"embeddable":true,"href":"https:\/\/lemotdujour.fr\/index.php?rest_route=\/wp\/v2\/users\/1"}],"replies":[{"embeddable":true,"href":"https:\/\/lemotdujour.fr\/index.php?rest_route=%2Fwp%2Fv2%2Fcomments&post=9298"}],"version-history":[{"count":9,"href":"https:\/\/lemotdujour.fr\/index.php?rest_route=\/wp\/v2\/posts\/9298\/revisions"}],"predecessor-version":[{"id":9316,"href":"https:\/\/lemotdujour.fr\/index.php?rest_route=\/wp\/v2\/posts\/9298\/revisions\/9316"}],"wp:attachment":[{"href":"https:\/\/lemotdujour.fr\/index.php?rest_route=%2Fwp%2Fv2%2Fmedia&parent=9298"}],"wp:term":[{"taxonomy":"category","embeddable":true,"href":"https:\/\/lemotdujour.fr\/index.php?rest_route=%2Fwp%2Fv2%2Fcategories&post=9298"},{"taxonomy":"post_tag","embeddable":true,"href":"https:\/\/lemotdujour.fr\/index.php?rest_route=%2Fwp%2Fv2%2Ftags&post=9298"}],"curies":[{"name":"wp","href":"https:\/\/api.w.org\/{rel}","templated":true}]}}