{"id":9284,"date":"2020-06-16T01:10:42","date_gmt":"2020-06-15T23:10:42","guid":{"rendered":"http:\/\/lemotdujour.fr\/?p=9284"},"modified":"2020-06-16T09:51:49","modified_gmt":"2020-06-16T07:51:49","slug":"mardi-16-juin-2020","status":"publish","type":"post","link":"https:\/\/lemotdujour.fr\/?p=9284","title":{"rendered":"Mardi 16 juin 2020"},"content":{"rendered":"<div class=\"mdjTexte\">\u00abDans toutes les villes o\u00f9 on a fait les enqu\u00eates, la police en France a des comportements discriminatoires.\u00bb<\/div>\n<div class=\"mdjAuteur\">S\u00e9bastian Roch\u00e9<\/div>\n<p><span style=\"color: #777777; font-family: Arial;\">J&rsquo;ai d\u00e9j\u00e0 \u00e9crit deux mots du jour sur le sujet du comportement des policiers fran\u00e7ais dans le cadre de leurs missions.<br \/>\n<\/span><\/p>\n<p><span style=\"color: #777777;\"><span style=\"font-family: Arial;\">Le premier \u00e9tait pour prendre leur d\u00e9fense de mani\u00e8re r\u00e9solue, lors des manifestations des gilets jaunes\u00a0: <\/span><span style=\"color: navy;\"><span style=\"font-family: Verdana;\"><strong>\u00ab\u00a0<\/strong><\/span><a href=\"https:\/\/lemotdujour.fr\/?p=5884\"><span style=\"font-family: Arial; color: #0000ff;\">C&rsquo;\u00e9tait de l&rsquo;ultraviolence. Ils avaient des envies de meurtre. Nous, notre but c&rsquo;est juste de rentrer en vie chez nous, pour retrouver nos familles<\/span><span style=\"font-family: Verdana;\"><strong><span style=\"color: #0000ff;\">.<\/span> \u00bb<\/strong><\/span><span style=\"color: #777777; font-family: Arial;\"><br \/>\n<\/span><\/a><\/span><\/span><span style=\"color: #777777; font-family: Arial;\">Dans cet article, je prenais presque une posture \u00e9motionnelle\u00a0: \u00ab\u00a0<span style=\"color: #c00000;\">Ces personnes sont des fonctionnaires comme moi. Ils ont fait le choix de se mettre au service de L&rsquo;\u00c9tat et de la R\u00e9publique. Mais quand ils sont appel\u00e9s \u00e0 assurer leur mission, sur un th\u00e9\u00e2tre d&rsquo;op\u00e9ration, ils ne sont pas certains de rentrer en bonne forme le soir, en retournant dans leur famille retrouver leurs enfants, leur compagne ou compagnon.\u00a0<span style=\"color: #777777;\">\u00bb<br \/>\n<\/span><\/span><\/span><\/p>\n<p><span style=\"color: #777777; font-family: Arial;\">Mais dans ce genre de questions il ne me semble pas pertinent de ne rester que dans l&rsquo;\u00e9motion. Il faut aussi de l&rsquo;analyse, des faits et de la rigueur dans le propos.<br \/>\n<\/span><\/p>\n<p><a href=\"https:\/\/lemotdujour.fr\/?p=5884\"><span style=\"color: #777777; font-family: Arial;\">Plus d&rsquo;un an plus tard, je me suis r\u00e9solu \u00e0 \u00e9voquer certains dysfonctionnements en utilisant explicitement le terme de \u00ab\u00a0<\/span><\/a><a href=\"https:\/\/lemotdujour.fr\/?p=7961\"><span style=\"color: #0000ff;\">violences polici\u00e8res<\/span><\/a>.\u00a0\u00bb<\/p>\n<p><span style=\"color: #777777; font-family: Arial;\">Ce second article ne contredisait pas le premier, il exprimait simplement un autre aspect de la m\u00eame r\u00e9alit\u00e9.<br \/>\n<\/span><\/p>\n<p><span style=\"color: #777777; font-family: Arial;\">Pour ce faire j&rsquo;ai d&rsquo;abord entendu et lu des amis qui m&rsquo;informaient de cette face sombre de la police en France.<br \/>\n<\/span><\/p>\n<p><img loading=\"lazy\" decoding=\"async\" class=\"size-full wp-image-9288 alignleft\" src=\"https:\/\/lemotdujour.fr\/wp-content\/uploads\/2020\/06\/David-Dufresne.jpg\" alt=\"\" width=\"394\" height=\"267\" srcset=\"https:\/\/lemotdujour.fr\/wp-content\/uploads\/2020\/06\/David-Dufresne.jpg 394w, https:\/\/lemotdujour.fr\/wp-content\/uploads\/2020\/06\/David-Dufresne-300x203.jpg 300w\" sizes=\"auto, (max-width: 394px) 100vw, 394px\" \/><\/p>\n<p><span style=\"color: #777777; font-family: Arial;\">Il y avait aussi le travail rigoureux et document\u00e9 du journaliste <strong>David Dufresne<\/strong>\u00a0:<br \/>\n<\/span><\/p>\n<p><span style=\"color: #777777; font-family: Arial;\">Il a effectu\u00e9 sur twitter, le recensement de violences polici\u00e8res\u00a0: &lt;<span style=\"color: #0000ff;\"><a style=\"color: #0000ff;\" href=\"https:\/\/twitter.com\/search?q=allo%20%40Place_Beauvau&amp;src=typed_query\">Allo place Beauvau<\/a><\/span>&gt;.<br \/>\n<\/span><\/p>\n<p><span style=\"color: #777777; font-family: Arial;\">Il a aussi \u00e9crit un roman traitant de ce sujet\u00a0: \u00ab\u00a0<span style=\"color: #0000ff;\"><a style=\"color: #0000ff;\" href=\"http:\/\/www.davduf.net\/-derniere-sommation-\">Derni\u00e8re sommation\u00a0<\/a><\/span>\u00bb.<br \/>\n<\/span><\/p>\n<p><span style=\"color: #777777; font-family: Arial;\">Il dispose aussi d&rsquo;un site qui traite de l&rsquo;ensemble de ses travaux\u00a0: <a href=\"http:\/\/www.davduf.net\/\"><span style=\"color: #0000ff;\">http:\/\/www.davduf.net\/<\/span><\/a><br \/>\n<\/span><\/p>\n<p><span style=\"color: #777777; font-family: Arial;\">Plus r\u00e9cemment, il s&rsquo;est int\u00e9ress\u00e9 aux rapports de l&rsquo;IGPN, cette structure interne \u00e0 la Police qui a vocation \u00e0 exercer un contr\u00f4le sur les activit\u00e9s de police. Mediapart l&rsquo;a interrog\u00e9, il y a quelques jours sur les conclusions de son enqu\u00eate\u00a0: \u00ab\u00a0<a href=\"https:\/\/www.mediapart.fr\/journal\/france\/120620\/l-air-libre-allo-igpn-avec-david-dufresne-percee-ecologiste-aux-municipales?onglet=full\"><span style=\"color: #0000ff;\">Allo l&rsquo;IGPN<\/span>\u00a0<\/a>\u00bb. Selon lui, ce travail de contr\u00f4le n&rsquo;est pas assez rigoureux et manifeste trop de laxisme sur les comportements d\u00e9viants de la police.<br \/>\n<\/span><\/p>\n<p><span style=\"color: #777777; font-family: Arial;\">Dans ce second article je citais aussi <strong>S\u00e9bastien Roch\u00e9<\/strong> qui a \u00e9crit un livre\u00a0: &lt;<a href=\"https:\/\/journals.openedition.org\/champpenal\/9452\"><span style=\"color: #0000ff;\">De la police en d\u00e9mocratie<\/span><\/a>&gt;<br \/>\n<\/span><\/p>\n<p><img loading=\"lazy\" decoding=\"async\" class=\"size-full wp-image-9289 alignright\" src=\"https:\/\/lemotdujour.fr\/wp-content\/uploads\/2020\/06\/S\u00e9bastien-Roch\u00e9.png\" alt=\"\" width=\"413\" height=\"274\" srcset=\"https:\/\/lemotdujour.fr\/wp-content\/uploads\/2020\/06\/S\u00e9bastien-Roch\u00e9.png 413w, https:\/\/lemotdujour.fr\/wp-content\/uploads\/2020\/06\/S\u00e9bastien-Roch\u00e9-300x199.png 300w\" sizes=\"auto, (max-width: 413px) 100vw, 413px\" \/><\/p>\n<p><span style=\"color: #777777; font-family: Arial;\">\u00ab\u00a0<span style=\"color: #0000ff;\"><a style=\"color: #0000ff;\" href=\"https:\/\/fr.wikipedia.org\/wiki\/Sebastian_Roch%C3%A9_(criminologue)\">S\u00e9bastien Roch\u00e9\u00a0<\/a><\/span>\u00bb est un chercheur sp\u00e9cialis\u00e9 en criminologie, docteur en sciences politiques, directeur de recherche au CNRS et \u00e9diteur (Europe) de Policing and Society, un des journaux internationaux sur la science de la police les plus importants.<br \/>\n<\/span><\/p>\n<p><span style=\"color: #777777; font-family: Arial;\">Ses travaux portent essentiellement sur les questions de d\u00e9linquance et d&rsquo;ins\u00e9curit\u00e9, puis sur les politiques judiciaires et polici\u00e8res compar\u00e9es ainsi que sur la gouvernance de la police et les r\u00e9formes du secteur de la s\u00e9curit\u00e9.<br \/>\n<\/span><\/p>\n<p><span style=\"color: #777777; font-family: Arial;\">C&rsquo;est un chercheur respect\u00e9 dans son domaine. Il avait \u00e9t\u00e9 nomm\u00e9 en 2016 par Bernard Cazeneuve au Conseil de la strat\u00e9gie et de la prospective du minist\u00e8re de l&rsquo;Int\u00e9rieur. Et il a enseign\u00e9 pendant 16 ans \u00e0 l&rsquo;\u00c9cole nationale sup\u00e9rieure de la Police (ENSP).<br \/>\n<\/span><\/p>\n<p><span style=\"color: #777777; font-family: Arial;\">Mais le 27 ao\u00fbt 2019, il est inform\u00e9 qu&rsquo;il n&rsquo;enseignera plus dans cette \u00e9cole.<br \/>\n<\/span><\/p>\n<p><span style=\"color: #777777; font-family: Arial;\">Difficile de ne pas y voir un lien avec ses analyses critiques sur des violences polici\u00e8res pendant le mouvement des Gilets Jaunes.<br \/>\n<\/span><\/p>\n<p><span style=\"color: #777777; font-family: Arial;\">Ce point m&rsquo;alerte\u00a0!<br \/>\n<\/span><\/p>\n<p><span style=\"color: #777777; font-family: Arial;\">Il ne me semble pas pertinent de ne pas accepter la critique et de refuser de discuter des faiblesses et des probl\u00e8mes. Le d\u00e9ni ne permet pas de progresser.<br \/>\n<\/span><\/p>\n<p><span style=\"color: #777777; font-family: Arial;\">En ce moment, la question des violences polici\u00e8res est revenue sur le devant de la sc\u00e8ne.<br \/>\n<\/span><\/p>\n<p><span style=\"color: #777777; font-family: Arial;\">Sur France Culture Guillaume Erner a donc invit\u00e9 S\u00e9bastien Roch\u00e9, vendredi le 12 juin, pour reparler de ce sujet\u00a0: &lt;<a href=\"https:\/\/www.franceculture.fr\/emissions\/la-question-du-jour\/la-police-doit-elle-se-reformer\"><span style=\"color: #0000ff;\">La Police doit-elle se r\u00e9former\u00a0?<\/span><\/a>&gt;.<br \/>\n<\/span><\/p>\n<p><span style=\"color: #777777; font-family: Arial;\">Dans cet entretien, il n\u2019a pas \u00e9t\u00e9 question de violences, mais de discrimination et de racisme. S\u00e9bastien Roch\u00e9 ne laisse pas de doutes sur le caract\u00e8re extr\u00eamement r\u00e9pandu de comportements discriminatoires\u00a0:<br \/>\n<\/span><\/p>\n<p style=\"margin-left: 28pt;\"><span style=\"color: #c00000; font-family: Arial;\">\u00ab\u00a0On a maintenant depuis plus de dix ans un grand nombre d&rsquo;enqu\u00eates sur la mani\u00e8re dont la police travaille, sur les contr\u00f4les d&rsquo;identit\u00e9 et sur le traitement des personnes pendant les contr\u00f4les et les sanctions \u00e0 l&rsquo;issue des contr\u00f4les. Ces enqu\u00eates je me rends compte qu&rsquo;elles ne sont pas connues. Pourtant d\u00e8s 2007, on a observ\u00e9 les comportements policiers dans les gares parisiennes avec une m\u00e9thodologie tr\u00e8s pr\u00e9cise. Un peu plus tard \u00ab\u00a0<strong>l&rsquo;agence europ\u00e9enne pour les droits fondamentaux<\/strong>\u00a0\u00bb a fait des enqu\u00eates dans toute l&rsquo;Europe, dans les grandes villes de France avec des \u00e9chantillons qui permettent de bien comparer les gens, qu&rsquo;ils soient blancs ou non, d&rsquo;origine \u00e9trang\u00e8re ou nationale. Et puis, il y a une \u00e9norme enqu\u00eate, l&rsquo;enqu\u00eate <span style=\"color: #0000ff;\"><a style=\"color: #0000ff;\" href=\"https:\/\/teo.site.ined.fr\/fr\/pourquoi-enquete\/resultats-teo1\/\">\u00ab\u00a0TeO\u00a0\u00bb Trajectoire Et Origine, faite par l&rsquo;INED<\/a><\/span> (publi\u00e9 en 2016. Et puis il y a encore d&rsquo;autres enqu\u00eates, j&rsquo;en ai dirig\u00e9 une avec Dietrich Oberwittler pour comparer la mani\u00e8re avec laquelle la police travaille en France et en Allemagne et le contact avec les jeunes. Bref on a aujourd&rsquo;hui un \u00e9norme corpus de donn\u00e9es qu&rsquo;on n&rsquo;avait pas il y a dix ans. Et je me rends compte que le gouvernement fait comme s&rsquo;ils n&rsquo;existaient pas et le public ne les connait pas forc\u00e9ment.<br \/>\n<\/span><\/p>\n<p style=\"margin-left: 28pt;\"><span style=\"color: #c00000; font-family: Arial;\"> Et toutes ces \u00e9tudes montrent une chose simple\u00a0: dans toutes les villes o\u00f9 on a fait les enqu\u00eates, la police en France a des comportements discriminatoires. Que ce soit Grenoble, que ce soit Lyon, que ce soit les transports de la r\u00e9gion parisienne, que ce soit Marseille, que ce soit Aix en Provence. [\u2026]<br \/>\n<\/span><span style=\"color: #c00000; font-family: Arial;\">On a d\u00e9sormais la preuve d&rsquo;une discrimination syst\u00e9mique. Cela ne fait plus de doute.\u00a0\u00bb<br \/>\n<\/span><\/p>\n<p><span style=\"color: #777777; font-family: Arial;\">Concernant l&rsquo;accusation de racisme syst\u00e9mique dans la police, S\u00e9bastien Roch\u00e9 n&rsquo;est pas aussi cat\u00e9gorique\u00a0:<br \/>\n<\/span><\/p>\n<p style=\"margin-left: 28pt;\"><span style=\"color: #c00000; font-family: Arial; font-size: 11pt;\">\u00ab\u00a0Nous ne l&rsquo;avons pas beaucoup observ\u00e9\u00a0\u00bb.<br \/>\n<\/span><\/p>\n<p><span style=\"color: #777777; font-family: Arial;\">Toutefois r\u00e9cemment, le 4 juin, &lt;<span style=\"color: #0000ff;\"><a style=\"color: #0000ff;\" href=\"https:\/\/www.streetpress.com\/sujet\/1591288577-milliers-policiers-echangent-messages-racistes-groupe-facebook-racisme-violences-sexisme\">Street Press<\/a><\/span>&gt; a r\u00e9v\u00e9l\u00e9 qu&rsquo;un groupe facebook compos\u00e9 de milliers (8000) de policiers \u00e9crit des propos ouvertement racistes et vulgaires.<br \/>\n<\/span><\/p>\n<p><span style=\"color: #777777; font-family: Arial;\">&lt;<a href=\"https:\/\/www.ouest-france.fr\/societe\/police\/propos-racistes-de-policiers-sur-facebook-un-deuxieme-groupe-devoile-6862866\"><span style=\"color: #0000ff;\">Un deuxi\u00e8me groupe facebook<\/span><\/a>&gt; a \u00e9t\u00e9 \u00e9galement r\u00e9v\u00e9l\u00e9 le 8 juin.<br \/>\n<\/span><\/p>\n<p><span style=\"color: #777777; font-family: Arial;\">A la question de savoir, si la police Fran\u00e7aise se distingue par rapport aux autres polices europ\u00e9ennes, S\u00e9bastien Roch\u00e9 r\u00e9pond\u00a0:<br \/>\n<\/span><\/p>\n<p style=\"margin-left: 28pt;\"><span style=\"color: #c00000; font-family: Arial;\">\u00ab\u00a0Toutes les polices sont diff\u00e9rentes. La discrimination ethnique est un probl\u00e8me s\u00e9rieux dans certains pays, particuli\u00e8rement en France. Les \u00e9carts de traitement suivant votre couleur de peau, sont particuli\u00e8rement nets. C&rsquo;est pour cela qu&rsquo;il y a cette \u00e9motion. \u00c9videmment, ce n&rsquo;est pas le seul pays en Europe \u00e0 observer ce ph\u00e9nom\u00e8ne. Vous allez retrouver \u00e9galement en Espagne. Mais si vous prenez les pays qui sont les plus grandes puissances \u00e9conomiques europ\u00e9ennes, c&rsquo;est-\u00e0-dire celles qui ont le plus de moyens pour former les policiers et les encadrer, la France et l&rsquo;Allemagne, vous voyez qu&rsquo;en France, ces pratiques discriminatoires sont bien \u00e9tablies, alors qu&rsquo;en Allemagne, elles sont tr\u00e8s faibles, voire nulles pour la police des L\u00e4nder. On voit simplement qu&rsquo;on peut faire la police sans discrimination ou avec des niveaux de discrimination qui sont beaucoup plus r\u00e9duits qu&rsquo;en France. Donc on peut faire une meilleure police. Faire la police ne justifie pas la discrimination.\u00a0\u00bb<br \/>\n<\/span><\/p>\n<p><span style=\"color: #777777; font-family: Arial;\">Pour S\u00e9bastien Roch\u00e9, avant toute chose il faut une vraie prise de conscience.<br \/>\n<\/span><\/p>\n<p style=\"margin-left: 28pt;\"><span style=\"color: #c00000; font-family: Arial;\">\u00ab\u00a0La premi\u00e8re \u00e9tape, c&rsquo;est vraiment la prise de conscience. C&rsquo;est ce qu&rsquo;il y a de plus inqui\u00e9tant. On a le sentiment que le gouvernement n&rsquo;a pas pris conscience du choc moral, malgr\u00e9 la vague de protestation au niveau mondial. Les syndicats de police majoritaire n&rsquo;ont pas non plus pris conscience de ce choc. Il faut voir que la discrimination polici\u00e8re c&rsquo;est une violation, tous les jours de la constitution et de la d\u00e9claration des droits de l&rsquo;homme. [\u2026] C&rsquo;est curieux que le gouvernement ne se mobilise pas pour d\u00e9fendre les droits constitutionnels des fran\u00e7ais.<br \/>\n<\/span><\/p>\n<p style=\"margin-left: 28pt;\"><span style=\"color: #c00000; font-family: Arial;\">On a pu penser que M. Castaner avait pris conscience d&rsquo;un certain nombre de choses lors de ses premi\u00e8res annonces. Il a eu des propos qui laissaient entrevoir une ouverture du minist\u00e8re de l&rsquo;Int\u00e9rieur, qui n&rsquo;est pas courante. Mais il n&rsquo;a pas annonc\u00e9 de choses pratiques. Il n&rsquo;a pas annonc\u00e9 la cr\u00e9ation d&rsquo;outils de connaissance de la discrimination. Comment lutter contre quelque chose que l&rsquo;on ne conna\u00eet pas. Comment faire si on ne dispose pas d&rsquo;outils de connaissance. Il n&rsquo;a pas fait d&rsquo;annonces au sujet des moyens. On sait tr\u00e8s bien que si on veut faire une politique de lutte contre la discrimination efficace dans la police \u00e0 tous les niveaux, il faut des moyens. Et il n&rsquo;a pas non plus annonc\u00e9 d&rsquo;objectifs quantifi\u00e9s clairs. De combien il veut r\u00e9duire le ph\u00e9nom\u00e8ne, dans combien de temps.\u00a0\u00bb<br \/>\n<\/span><\/p>\n<p><span style=\"color: #777777; font-family: Arial;\">En mars, avant le confinement S\u00e9bastien Roch\u00e9 avait \u00e9t\u00e9 interview\u00e9 par Mediapart : \u00ab<span style=\"color: #0000ff;\"><a style=\"color: #0000ff;\" href=\"https:\/\/www.youtube.com\/watch?v=PEVfQcpIw7I\">Le mod\u00e8le fran\u00e7ais, c\u2019est la police qui fait peur<\/a><\/span>\u00bb.<\/span><\/p>\n<p><span style=\"color: #777777; font-family: Arial;\">La \u00ab Loi et l&rsquo;ordre \u00bb disait r\u00e9cemment un dirigeant peu recommandable.O<\/span><span style=\"color: #777777; font-family: Arial;\">n peut \u00eatre d&rsquo;accord sur cette devise, mais il est question d&rsquo;abord de Loi. Il faut que la Loi soit respect\u00e9e. <\/span><span style=\"color: #777777; font-family: Arial;\">La discrimination, l&rsquo;usage disproportionn\u00e9 de la force ne sont pas conformes \u00e0 la Loi.<br \/>\n<\/span><\/p>\n<p><span style=\"color: #777777; font-family: Arial;\">Il ne s&rsquo;agit pas de sous-estimer la difficult\u00e9 de l&rsquo;exercice du m\u00e9tier de la police et de la violence \u00e0 laquelle elle-m\u00eame doit faire face. <\/span><span style=\"color: #777777; font-family: Arial;\">Mais on ne peut pas rester dans le d\u00e9ni.<br \/>\n<\/span><\/p>\n<p><span style=\"color: #777777; font-family: Arial;\">Il faut d\u2019abord que la Police soit capable d\u2019aider \u00e0 maintenir la paix dans la soci\u00e9t\u00e9. Certains comportements ne vont pas dans ce sens.<br \/>\n<\/span><\/p>\n<p><span style=\"color: maroon; font-family: Arial;\">&lt;1439&gt;<\/span><\/p>\n","protected":false},"excerpt":{"rendered":"<p>\u00abDans toutes les villes o\u00f9 on a fait les enqu\u00eates, la police en France a des comportements discriminatoires.\u00bb S\u00e9bastian Roch\u00e9 J&rsquo;ai d\u00e9j\u00e0 \u00e9crit deux mots du jour sur le sujet du comportement des policiers fran\u00e7ais dans le cadre de leurs<\/p>\n","protected":false},"author":1,"featured_media":0,"comment_status":"open","ping_status":"closed","sticky":false,"template":"","format":"standard","meta":{"footnotes":""},"categories":[1],"tags":[113,15,169,136],"class_list":["post-9284","post","type-post","status-publish","format-standard","hentry","category-motdujour","tag-droits-de-lhomme","tag-france","tag-republique","tag-securite"],"_links":{"self":[{"href":"https:\/\/lemotdujour.fr\/index.php?rest_route=\/wp\/v2\/posts\/9284","targetHints":{"allow":["GET"]}}],"collection":[{"href":"https:\/\/lemotdujour.fr\/index.php?rest_route=\/wp\/v2\/posts"}],"about":[{"href":"https:\/\/lemotdujour.fr\/index.php?rest_route=\/wp\/v2\/types\/post"}],"author":[{"embeddable":true,"href":"https:\/\/lemotdujour.fr\/index.php?rest_route=\/wp\/v2\/users\/1"}],"replies":[{"embeddable":true,"href":"https:\/\/lemotdujour.fr\/index.php?rest_route=%2Fwp%2Fv2%2Fcomments&post=9284"}],"version-history":[{"count":5,"href":"https:\/\/lemotdujour.fr\/index.php?rest_route=\/wp\/v2\/posts\/9284\/revisions"}],"predecessor-version":[{"id":9295,"href":"https:\/\/lemotdujour.fr\/index.php?rest_route=\/wp\/v2\/posts\/9284\/revisions\/9295"}],"wp:attachment":[{"href":"https:\/\/lemotdujour.fr\/index.php?rest_route=%2Fwp%2Fv2%2Fmedia&parent=9284"}],"wp:term":[{"taxonomy":"category","embeddable":true,"href":"https:\/\/lemotdujour.fr\/index.php?rest_route=%2Fwp%2Fv2%2Fcategories&post=9284"},{"taxonomy":"post_tag","embeddable":true,"href":"https:\/\/lemotdujour.fr\/index.php?rest_route=%2Fwp%2Fv2%2Ftags&post=9284"}],"curies":[{"name":"wp","href":"https:\/\/api.w.org\/{rel}","templated":true}]}}