{"id":928,"date":"2014-12-01T01:00:00","date_gmt":"2014-11-30T22:00:00","guid":{"rendered":"http:\/\/lemotdujour.fr\/?p=928"},"modified":"2017-05-08T13:24:07","modified_gmt":"2017-05-08T11:24:07","slug":"lundi-1-decembre-2014","status":"publish","type":"post","link":"https:\/\/lemotdujour.fr\/?p=928","title":{"rendered":"Lundi  1 d\u00e9cembre 2014"},"content":{"rendered":"<div class=\"mdjDate\">Lundi  1 d\u00e9cembre 2014<\/div>\n<div class=\"mdjTexte\">\u00abIls cherchent seulement la lumi\u00e8re.<br \/>\u00a0Le soir, quand ils rentrent chez eux, je suis s\u00fbr qu&rsquo;ils parlent aux cam\u00e9ras du parking\u00bb.<\/div>\n<div class=\"mdjAuteur\">Bernard Cazeneuve<\/div>\n<div class=\"mdjComplements\">Le ministre de l&rsquo;int\u00e9rieur a eu cette formule pour d\u00e9crire des \u00e9cologistes qui l&rsquo;ont injustement critiqu\u00e9, selon lui.<\/div>\n<div class=\"mdjComplements\">En dehors de ce contexte, je trouve cette formule tr\u00e8s descriptive et surtout tellement juste pour beaucoup de politiques, de people,\u00a0 d&rsquo;hommes et femmes de m\u00e9dia et aussi de gens sans grand talent dont la plus grande ambition est de passer \u00e0 la t\u00e9l\u00e9.<\/div>\n<div class=\"mdjComplements\"><a href=\"http:\/\/www.lefigaro.fr\/politique\/le-scan\/citations\/2014\/11\/28\/25002-20141128ARTFIG00184-cazeneuve-sur-de-rugy-et-place-des-gens-sans-conviction-ni-rigeur.php\">http:\/\/www.lefigaro.fr\/politique\/le-scan\/citations\/2014\/11\/28\/25002-20141128ARTFIG00184-cazeneuve-sur-de-rugy-et-place-des-gens-sans-conviction-ni-rigeur.php<\/a><\/div>\n","protected":false},"excerpt":{"rendered":"<p>Lundi 1 d\u00e9cembre 2014 \u00abIls cherchent seulement la lumi\u00e8re.\u00a0Le soir, quand ils rentrent chez eux, je suis s\u00fbr qu&rsquo;ils parlent aux cam\u00e9ras du parking\u00bb. Bernard Cazeneuve Le ministre de l&rsquo;int\u00e9rieur a eu cette formule pour d\u00e9crire des \u00e9cologistes qui l&rsquo;ont<\/p>\n","protected":false},"author":1,"featured_media":0,"comment_status":"closed","ping_status":"closed","sticky":false,"template":"","format":"standard","meta":{"footnotes":""},"categories":[1],"tags":[],"class_list":["post-928","post","type-post","status-publish","format-standard","hentry","category-motdujour"],"_links":{"self":[{"href":"https:\/\/lemotdujour.fr\/index.php?rest_route=\/wp\/v2\/posts\/928","targetHints":{"allow":["GET"]}}],"collection":[{"href":"https:\/\/lemotdujour.fr\/index.php?rest_route=\/wp\/v2\/posts"}],"about":[{"href":"https:\/\/lemotdujour.fr\/index.php?rest_route=\/wp\/v2\/types\/post"}],"author":[{"embeddable":true,"href":"https:\/\/lemotdujour.fr\/index.php?rest_route=\/wp\/v2\/users\/1"}],"replies":[{"embeddable":true,"href":"https:\/\/lemotdujour.fr\/index.php?rest_route=%2Fwp%2Fv2%2Fcomments&post=928"}],"version-history":[{"count":1,"href":"https:\/\/lemotdujour.fr\/index.php?rest_route=\/wp\/v2\/posts\/928\/revisions"}],"predecessor-version":[{"id":929,"href":"https:\/\/lemotdujour.fr\/index.php?rest_route=\/wp\/v2\/posts\/928\/revisions\/929"}],"wp:attachment":[{"href":"https:\/\/lemotdujour.fr\/index.php?rest_route=%2Fwp%2Fv2%2Fmedia&parent=928"}],"wp:term":[{"taxonomy":"category","embeddable":true,"href":"https:\/\/lemotdujour.fr\/index.php?rest_route=%2Fwp%2Fv2%2Fcategories&post=928"},{"taxonomy":"post_tag","embeddable":true,"href":"https:\/\/lemotdujour.fr\/index.php?rest_route=%2Fwp%2Fv2%2Ftags&post=928"}],"curies":[{"name":"wp","href":"https:\/\/api.w.org\/{rel}","templated":true}]}}