{"id":924,"date":"2014-11-27T01:00:00","date_gmt":"2014-11-26T22:00:00","guid":{"rendered":"http:\/\/lemotdujour.fr\/?p=924"},"modified":"2023-03-05T13:57:11","modified_gmt":"2023-03-05T12:57:11","slug":"jeudi-27-novembre-2014","status":"publish","type":"post","link":"https:\/\/lemotdujour.fr\/?p=924","title":{"rendered":"Jeudi 27 novembre 2014"},"content":{"rendered":"<div class=\"mdjTexte\">\u00ab L&rsquo;\u00c9pigramme contre Staline \u00bb<\/div>\n<div class=\"mdjAuteur\">Ossip Mandelstam<\/div>\n<p><span style=\"color: #777777; font-family: Arial;\">Ceci est le 400\u00e8me mot du jour.<br \/>\n<\/span><\/p>\n<p><span style=\"color: #777777; font-family: Arial;\">Pour cet instant particulier je vous offre un moment d&rsquo;Histoire, un po\u00e8me politique \u00e9crit il y a 80 ans (81 pour ceux qui aiment la pr\u00e9cision \u2013 novembre 1933) par un des grands po\u00e8tes russes :\u00a0 Ossip Mandelstam<br \/>\n<\/span><\/p>\n<p><span style=\"color: #777777; font-family: Arial;\">L&rsquo;\u00e9pigramme d&rsquo;Ossip Mandelstam demeure, en seulement seize vers, l&rsquo;un des textes les plus engageants jamais \u00e9crits. L&rsquo;intransigeance du po\u00e8te, face \u00e0 Staline et \u00e0 la Tch\u00e9ka, font de lui un homme exceptionnel, un exemple de d\u00e9sob\u00e9issance civile et de courage contre la barbarie.<br \/>\n<\/span><\/p>\n<p><span style=\"color: #777777; font-family: Arial;\">Voici ces seize vers :<br \/>\n<\/span><\/p>\n<p style=\"margin-left: 28pt;\"><span style=\"color: #c00000; font-family: Arial;\">\u00ab\u00a0Nous vivons sans sentir sous nos pieds le pays,<br \/>\n<\/span><span style=\"color: #c00000; font-family: Arial;\">Nos paroles \u00e0 dix pas ne sont m\u00eame plus ou\u00efes,<br \/>\n<\/span><span style=\"color: #c00000; font-family: Arial;\">Et l\u00e0 o\u00f9 s&rsquo;engage un d\u00e9but d&rsquo;entretien, \u2014<br \/>\n<\/span><span style=\"color: #c00000; font-family: Arial;\">L\u00e0 on se rappelle le montagnard du Kremlin.<br \/>\n<\/span><\/p>\n<p style=\"margin-left: 28pt;\"><span style=\"color: #c00000; font-family: Arial;\">Ses gros doigts sont gras comme des vers,<br \/>\n<\/span><span style=\"color: #c00000; font-family: Arial;\">Ses mots comme des quintaux lourds sont pr\u00e9cis.<br \/>\n<\/span><\/p>\n<p style=\"margin-left: 28pt;\"><span style=\"color: #c00000; font-family: Arial;\">Ses moustaches narguent comme des cafards,<br \/>\n<\/span><span style=\"color: #c00000; font-family: Arial;\">Et tout le haut de ses bottes luit.<br \/>\n<\/span><\/p>\n<p style=\"margin-left: 28pt;\"><span style=\"color: #c00000; font-family: Arial;\">Une bande de chefs au cou gr\u00eale tourne autour de lui,<br \/>\n<\/span><span style=\"color: #c00000; font-family: Arial;\">Et des services de ces ombres d&rsquo;humains, il se r\u00e9jouit.<br \/>\n<\/span><\/p>\n<p style=\"margin-left: 28pt;\"><span style=\"color: #c00000; font-family: Arial;\">L&rsquo;un siffle, l&rsquo;autre miaule, un autre g\u00e9mit,<br \/>\n<\/span><span style=\"color: #c00000; font-family: Arial;\">Il n&rsquo;y a que lui qui d\u00e9signe et punit.<br \/>\n<\/span><\/p>\n<p style=\"margin-left: 28pt;\"><span style=\"color: #c00000; font-family: Arial;\">Or, de d\u00e9cret en d\u00e9cret, comme des fers, il forge \u2014<br \/>\n<\/span><span style=\"color: #c00000; font-family: Arial;\">\u00c0 qui au ventre, au front, \u00e0 qui \u00e0 l&rsquo;\u0153il, au sourcil.<br \/>\n<\/span><\/p>\n<p style=\"margin-left: 28pt;\"><span style=\"color: #c00000; font-family: Arial;\">Pour lui, ce qui n&rsquo;est pas une ex\u00e9cution, est une f\u00eate.<br \/>\n<\/span><span style=\"color: #c00000; font-family: Arial;\">Ainsi comme elle est large la poitrine de l&rsquo;Oss\u00e8te.\u00a0\u00bb<br \/>\n<\/span><\/p>\n<p><img decoding=\"async\" class=\"alignleft\" src=\"https:\/\/lemotdujour.fr\/wp-content\/uploads\/2023\/03\/030523_1248_Lundixxfvri1.jpg\" alt=\"\" align=\"left\" \/><span style=\"color: #777777; font-family: Arial;\">D&rsquo;abord, ce po\u00e8me a \u00e9t\u00e9 compos\u00e9 \u00e0 la voix, de t\u00eate, puis Mandelstam livre cette \u00e9pigramme \u00e0 un cercle restreint de connaissances.<br \/>\n<\/span><\/p>\n<p><span style=\"color: #777777; font-family: Arial;\">En 1934, le po\u00e8te confie \u00e0 sa femme Nadejda Mandelstam : \u00ab <span style=\"color: #c00000;\">Je suis pr\u00eat \u00e0 mourir<span style=\"color: #777777;\">. \u00bb<br \/>\n<\/span><\/span><\/span><\/p>\n<p><span style=\"color: #777777; font-family: Arial;\">Un jour, il croise Boris Pasternak et lui r\u00e9cite son po\u00e8me.<br \/>\n<\/span><\/p>\n<p><span style=\"color: #777777; font-family: Arial;\">Effray\u00e9, Pasternak ajoute :<br \/>\n<\/span><\/p>\n<p><span style=\"color: #777777; font-family: Arial;\">\u00ab <span style=\"color: #c00000;\">Je n&rsquo;ai rien entendu et vous n&rsquo;avez rien r\u00e9cit\u00e9. Vous savez, il se passe en ce moment des choses \u00e9tranges, terribles, les gens disparaissent ; je crains que les murs aient des oreilles, il se pourrait que les pav\u00e9s aussi puissent entendre et parler. Restons-en l\u00e0 : je n&rsquo;ai rien entendu<span style=\"color: #777777;\">. \u00bb<br \/>\n<\/span><\/span><\/span><\/p>\n<p><span style=\"color: #777777; font-family: Arial;\">Mandelstam, re\u00e7oit la visite de trois agents de la Gu\u00e9p\u00e9ou dans la nuit du 16 au 17 mai 1934. Ils lui pr\u00e9sentent un mandat d&rsquo;arr\u00eat et perquisitionnent jusqu&rsquo;au matin et l&rsquo;arr\u00eatent.<br \/>\n<\/span><\/p>\n<p><span style=\"color: #777777; font-family: Arial;\">Mandelstam quitte sa femme Nadejda et ses amis \u00e0 7 heures du matin pour la Loubianka.<br \/>\n<\/span><\/p>\n<p><span style=\"color: #777777; font-family: Arial;\">Tous les manuscrits sont confisqu\u00e9s, lettres, r\u00e9pertoire de t\u00e9l\u00e9phone et d&rsquo;adresses, ainsi que des feuilles manuscrites. Mais pas d&rsquo;\u00e9pigramme\u2026<br \/>\n<\/span><\/p>\n<p><span style=\"color: #777777; font-family: Arial;\">Ce po\u00e8me ne fut \u00e9crit que devant le juge d&rsquo;instruction de la Loubianka o\u00f9 \u00ab le po\u00e8te coucha ces seize lignes sur une feuille \u00e0 carreaux arrach\u00e9e d&rsquo;un cahier d&rsquo;\u00e9colier. Il a d\u00e9fendu \u00ab sa dignit\u00e9 d&rsquo;homme, d&rsquo;artiste et de contemporain, jusqu&rsquo;au bout. \u00bb<br \/>\n<\/span><\/p>\n<p><span style=\"color: #777777; font-family: Arial;\">Cette \u00e9pigramme sera plus tard catalogu\u00e9e comme \u00ab <span style=\"color: #c00000;\">document contre-r\u00e9volutionnaire sans exemple<span style=\"color: #777777;\"> \u00bb par le quartier g\u00e9n\u00e9ral de la police secr\u00e8te.<br \/>\n<\/span><\/span><\/span><\/p>\n<p><span style=\"color: #777777; font-family: Arial;\">Pour <strong>Vitali Chentalinski<\/strong>, c&rsquo;\u00e9tait \u00ab plus qu&rsquo;un po\u00e8me : un acte d\u00e9sesp\u00e9r\u00e9 d&rsquo;audace et de courage civil dont on n&rsquo;a pas d&rsquo;analogie dans l&rsquo;histoire de la litt\u00e9rature. En r\u00e9alit\u00e9, en refusant de renier son \u0153uvre, le po\u00e8te signait ainsi sa condamnation.<br \/>\n<\/span><\/p>\n<p><a href=\"http:\/\/fr.wikipedia.org\/wiki\/%C3%89pigramme_contre_Staline\"><span style=\"color: blue; font-family: Arial; text-decoration: underline;\">&lt;Un article de Wikipedia sur l&rsquo;\u00e9pigramme contre Staline&gt;<\/span><\/a><span style=\"color: #777777; font-family: Arial;\"><br \/>\n<\/span><\/p>\n<p><a href=\"http:\/\/fr.wikipedia.org\/wiki\/Ossip_Mandelstam\"><span style=\"color: blue; font-family: Arial; text-decoration: underline;\">&lt;Ici la page Wikipedia sur Ossip Mandelstam&gt;<\/span><\/a><span style=\"color: #777777; font-family: Arial;\"><br \/>\n<\/span><\/p>\n<p><a href=\"https:\/\/www.espritsnomades.net\/litterature\/ossip-mandelstam-contre-tout-espoir\/\"><span style=\"font-family: Arial;\"><span style=\"color: #0000ff;\">&lt;Un magnifique texte sur Mandelstam&gt;<\/span><br \/>\n<\/span><\/a><span style=\"color: #777777; font-family: Arial;\"><img loading=\"lazy\" decoding=\"async\" class=\"size-full wp-image-14454 alignright\" src=\"https:\/\/lemotdujour.fr\/wp-content\/uploads\/2014\/11\/Nadejda-MAndelstam.jpg\" alt=\"\" width=\"227\" height=\"353\" srcset=\"https:\/\/lemotdujour.fr\/wp-content\/uploads\/2014\/11\/Nadejda-MAndelstam.jpg 227w, https:\/\/lemotdujour.fr\/wp-content\/uploads\/2014\/11\/Nadejda-MAndelstam-193x300.jpg 193w\" sizes=\"auto, (max-width: 227px) 100vw, 227px\" \/>Et puis il me semble indispensable aussi de dire quelques mots sur son extraordinaire \u00e9pouse<span style=\"color: #0000ff;\"> <a style=\"color: #0000ff;\" href=\"https:\/\/fr.wikipedia.org\/wiki\/Nadejda_Mandelstam\"><strong>Nadejda Iakovlevna Khazina<\/strong><\/a><\/span> n\u00e9e \u00e0 Saratov le 31 octobre dans une famille juive de la classe moyenne, Elle \u00e9pouse en 1921 Ossip Mandelstam. Quand Ossip est arr\u00eat\u00e9 en 1934 pour son \u00c9pigramme contre Staline elle est exil\u00e9e avec lui \u00e0 Tcherdyne, dans la r\u00e9gion de Perm, puis \u00e0 Voronej.<br \/>\n<\/span><\/p>\n<p><span style=\"color: #777777; font-family: Arial;\">Apr\u00e8s la deuxi\u00e8me arrestation et la mort de son mari dans le camp de transit de Vtora\u00efa Rechka (pr\u00e8s de Vladivostok) en 1938, Nadejda Mandelstam m\u00e8ne un mode de vie quasi-nomade, fuyant parfois \u00e0 une journ\u00e9e pr\u00e8s le NKVD, changeant de r\u00e9sidence \u00e0 tous vents et vivant d&#8217;emplois temporaires.<br \/>\n<\/span><\/p>\n<p><span style=\"color: #777777; font-family: Arial;\">Elle s&rsquo;est fix\u00e9 comme mission la conservation de l&rsquo;h\u00e9ritage po\u00e9tique de son mari<strong>. Elle a appris par c\u0153ur la majeure partie de son \u0153uvre clandestine<\/strong>, parce qu&rsquo;elle ne faisait pas confiance au papier.<br \/>\n<\/span><\/p>\n<p><span style=\"color: #777777; font-family: Arial;\">Apr\u00e8s la mort de Staline, elle ach\u00e8ve son doctorat en 1956 et est autoris\u00e9e \u00e0 revenir \u00e0 Moscou en 1958.<br \/>\n<\/span><\/p>\n<p><span style=\"color: #777777; font-family: Arial;\">En 1979, elle fait don de toutes ses archives \u00e0 l&rsquo;Universit\u00e9 de Princeton.<br \/>\n<\/span><\/p>\n<p><span style=\"color: #777777; font-family: Arial;\">Nadejda Mandelstam meurt \u00e0 Moscou le 29 d\u00e9cembre 1980 \u00e0 l&rsquo;\u00e2ge de 81 ans.<\/span><\/p>\n<p><span style=\"color: #800000;\">&lt;400&gt;<\/span><\/p>\n","protected":false},"excerpt":{"rendered":"<p>\u00ab L&rsquo;\u00c9pigramme contre Staline \u00bb Ossip Mandelstam Ceci est le 400\u00e8me mot du jour. Pour cet instant particulier je vous offre un moment d&rsquo;Histoire, un po\u00e8me politique \u00e9crit il y a 80 ans (81 pour ceux qui aiment la pr\u00e9cision<\/p>\n","protected":false},"author":1,"featured_media":0,"comment_status":"closed","ping_status":"closed","sticky":false,"template":"","format":"standard","meta":{"footnotes":""},"categories":[1],"tags":[158,17,8,78],"class_list":["post-924","post","type-post","status-publish","format-standard","hentry","category-motdujour","tag-communisme","tag-histoire","tag-poesie","tag-russie"],"_links":{"self":[{"href":"https:\/\/lemotdujour.fr\/index.php?rest_route=\/wp\/v2\/posts\/924","targetHints":{"allow":["GET"]}}],"collection":[{"href":"https:\/\/lemotdujour.fr\/index.php?rest_route=\/wp\/v2\/posts"}],"about":[{"href":"https:\/\/lemotdujour.fr\/index.php?rest_route=\/wp\/v2\/types\/post"}],"author":[{"embeddable":true,"href":"https:\/\/lemotdujour.fr\/index.php?rest_route=\/wp\/v2\/users\/1"}],"replies":[{"embeddable":true,"href":"https:\/\/lemotdujour.fr\/index.php?rest_route=%2Fwp%2Fv2%2Fcomments&post=924"}],"version-history":[{"count":4,"href":"https:\/\/lemotdujour.fr\/index.php?rest_route=\/wp\/v2\/posts\/924\/revisions"}],"predecessor-version":[{"id":14456,"href":"https:\/\/lemotdujour.fr\/index.php?rest_route=\/wp\/v2\/posts\/924\/revisions\/14456"}],"wp:attachment":[{"href":"https:\/\/lemotdujour.fr\/index.php?rest_route=%2Fwp%2Fv2%2Fmedia&parent=924"}],"wp:term":[{"taxonomy":"category","embeddable":true,"href":"https:\/\/lemotdujour.fr\/index.php?rest_route=%2Fwp%2Fv2%2Fcategories&post=924"},{"taxonomy":"post_tag","embeddable":true,"href":"https:\/\/lemotdujour.fr\/index.php?rest_route=%2Fwp%2Fv2%2Ftags&post=924"}],"curies":[{"name":"wp","href":"https:\/\/api.w.org\/{rel}","templated":true}]}}