{"id":916,"date":"2014-11-21T01:00:00","date_gmt":"2014-11-20T22:00:00","guid":{"rendered":"http:\/\/lemotdujour.fr\/?p=916"},"modified":"2017-05-08T13:24:01","modified_gmt":"2017-05-08T11:24:01","slug":"vendredi-21-novembre-2014","status":"publish","type":"post","link":"https:\/\/lemotdujour.fr\/?p=916","title":{"rendered":"Vendredi 21 novembre 2014"},"content":{"rendered":"<div class=\"mdjDate\">Vendredi 21 novembre 2014<\/div>\n<div class=\"mdjTexte\"> \u00abtax ruling<em>\u00bb <\/em>ou \u00abd\u00e9claration fiscale anticip\u00e9e\u00bb<\/div>\n<div class=\"mdjAuteur\">Sp\u00e9cialit\u00e9 luxembourgeoise et de quelques autres Etats<\/div>\n<div class=\"mdjComplements\">Quand les journaux ou des ONG accusent le Luxembourg d&rsquo;optimisation fiscale voire de comportement d\u00e9loyal par rapport aux autres Etats, le Luxembourg d\u00e9fend sa position en disant \u00ab\u00a0mais nous pratiquons simplement le principe de la d\u00e9claration fiscale anticip\u00e9e !\u00a0\u00bb<\/div>\n<div class=\"mdjComplements\"><a href=\"http:\/\/www.mf.public.lu\/actualites\/2014\/06\/lux_fisc_130614\/index.html\">Sur le site du Minist\u00e8re des Finances du Luxembourg<\/a>, une page d\u00e9fend la position du Luxembourg contre une proc\u00e9dure men\u00e9e contre lui par la commission europ\u00e9enne : \u00ab\u00a0Le Luxembourg constate que la Commission ne met pas en question les principes juridiques permettant \u00e0 l&rsquo;administration fiscale luxembourgeoise d&rsquo;accorder des d\u00e9cisions anticip\u00e9es \u00e0 la demande de contribuables souhaitant obtenir la s\u00e9curit\u00e9 juridique quant au traitement fiscal de certaines transactions.\u00a0\u00bb<\/div>\n<div class=\"mdjComplements\">Bref, on se met d&rsquo;accord au pr\u00e9alable sur un prix, on n\u00e9gocie. L&rsquo;imp\u00f4t devient une transaction comme une autre.<\/div>\n<div class=\"mdjComplements\"><a href=\"http:\/\/www.franceinter.fr\/emission-un-jour-dans-le-monde-optimisation-fiscale-legale-immorale\">&lt;Dans l&rsquo;\u00e9mission de France Inter un jour dans le monde vous entendrez un d\u00e9put\u00e9 luxembourgeois d\u00e9fendre cette mani\u00e8re de faire&gt;<\/a><\/div>\n<div class=\"mdjComplements\">Ce qui est exact c&rsquo;est que le Luxembourg n&rsquo;est pas le seul Etat \u00e0 agir ainsi, les Pays Bas et l&rsquo;Irlande le concurrencent. Mais la France n&rsquo;est pas innocente, souvenons-nous comment Fabius avait fait venir Disney \u00e0 Marne La Vall\u00e9e.<\/div>\n<div class=\"mdjComplements\">Et c&rsquo;est ainsi qu&rsquo;APPLE paie environ 3% d&rsquo;imp\u00f4t sur ses immenses b\u00e9n\u00e9fices dans le Monde.<\/div>\n<div class=\"mdjComplements\"><a href=\"http:\/\/www.liberation.fr\/economie\/2014\/11\/12\/luxleaks-jean-claude-juncker-nie-toute-erreur_1141754\">&lt;Dans un article de Lib\u00e9ration Juncker explique : &gt;<\/a> <em>\u00ab<\/em>Les d\u00e9cisions fiscales anticip\u00e9es sont une pratique bien \u00e9tablie dans 22\u00a0pays de l\u2019UE. La Commission elle-m\u00eame les a d\u00e9clar\u00e9es conformes au droit communautaire d\u00e8s lors qu\u2019il n\u2019y a pas de discrimination entre les entreprises [qui en b\u00e9n\u00e9ficient]\u00bb, Il a n\u00e9anmoins admis que \u00abl\u2019interaction entre les r\u00e8gles nationales des uns et celles des autres peut conduire \u00e0 des taux d\u2019imposition tr\u00e8s faibles. [Mais] c\u2019est le r\u00e9sultat auquel conduit la logique de non-harmonisation fiscale au sein de l\u2019UE\u00bb<\/div>\n<div class=\"mdjComplements\">Rappelons que lorsque Juncker \u00e9tait \u00e0 la t\u00eate du Luxembourg il ne voulait pas de l&rsquo;harmonisation fiscale, comme le <a href=\"http:\/\/www.latribune.fr\/actualites\/economie\/union-europeenne\/20141119tribcdf656ca0\/le-premier-ministre-luxembourgeois-contre-une-harmonisation-fiscale-europeenne.html\">premier ministre actuel du Luxembourg qui n&rsquo;en veut pas non plus<\/a>.<\/div>\n<div class=\"mdjComplements\"><a href=\"http:\/\/www.franceinter.fr\/emission-le-79-yann-galut-au-sujet-de-levasion-fiscale-juncker-ne-peut-pas-rester-en-place\">&lt;Le 7-9 de France inter du 20\/11 parlait aussi de ce sujet&gt;<\/a><\/div>\n<div class=\"mdjComplements\">A tout cela, je r\u00e9pondrai par le mot du jour du\u00a0 21 mars 2013 qui rappelait un propos tenu il y a plus de 75 ans, aux Etats Unis. par Henry Morgenthau qui avait \u00e9crit dans un rapport que lui avait command\u00e9 le pr\u00e9sident Roosevelt en 1937 sur la fraude fiscale : \u00abLes imp\u00f4ts sont le prix \u00e0 payer pour une soci\u00e9t\u00e9 civilis\u00e9e, trop de citoyens veulent la civilisation au rabais\u00bb, <em>(Citation originale \u00abTaxes are what we pay for civilized society. Too many citizens want the civilization at a discount\u00bb).<\/em><\/div>\n","protected":false},"excerpt":{"rendered":"<p>Vendredi 21 novembre 2014 \u00abtax ruling\u00bb ou \u00abd\u00e9claration fiscale anticip\u00e9e\u00bb Sp\u00e9cialit\u00e9 luxembourgeoise et de quelques autres Etats Quand les journaux ou des ONG accusent le Luxembourg d&rsquo;optimisation fiscale voire de comportement d\u00e9loyal par rapport aux autres Etats, le Luxembourg d\u00e9fend<\/p>\n","protected":false},"author":1,"featured_media":0,"comment_status":"closed","ping_status":"closed","sticky":false,"template":"","format":"standard","meta":{"footnotes":""},"categories":[1],"tags":[],"class_list":["post-916","post","type-post","status-publish","format-standard","hentry","category-motdujour"],"_links":{"self":[{"href":"https:\/\/lemotdujour.fr\/index.php?rest_route=\/wp\/v2\/posts\/916","targetHints":{"allow":["GET"]}}],"collection":[{"href":"https:\/\/lemotdujour.fr\/index.php?rest_route=\/wp\/v2\/posts"}],"about":[{"href":"https:\/\/lemotdujour.fr\/index.php?rest_route=\/wp\/v2\/types\/post"}],"author":[{"embeddable":true,"href":"https:\/\/lemotdujour.fr\/index.php?rest_route=\/wp\/v2\/users\/1"}],"replies":[{"embeddable":true,"href":"https:\/\/lemotdujour.fr\/index.php?rest_route=%2Fwp%2Fv2%2Fcomments&post=916"}],"version-history":[{"count":1,"href":"https:\/\/lemotdujour.fr\/index.php?rest_route=\/wp\/v2\/posts\/916\/revisions"}],"predecessor-version":[{"id":917,"href":"https:\/\/lemotdujour.fr\/index.php?rest_route=\/wp\/v2\/posts\/916\/revisions\/917"}],"wp:attachment":[{"href":"https:\/\/lemotdujour.fr\/index.php?rest_route=%2Fwp%2Fv2%2Fmedia&parent=916"}],"wp:term":[{"taxonomy":"category","embeddable":true,"href":"https:\/\/lemotdujour.fr\/index.php?rest_route=%2Fwp%2Fv2%2Fcategories&post=916"},{"taxonomy":"post_tag","embeddable":true,"href":"https:\/\/lemotdujour.fr\/index.php?rest_route=%2Fwp%2Fv2%2Ftags&post=916"}],"curies":[{"name":"wp","href":"https:\/\/api.w.org\/{rel}","templated":true}]}}