{"id":914,"date":"2014-11-20T01:00:00","date_gmt":"2014-11-19T22:00:00","guid":{"rendered":"http:\/\/lemotdujour.fr\/?p=914"},"modified":"2017-05-08T13:24:00","modified_gmt":"2017-05-08T11:24:00","slug":"jeudi-20-novembre-2014","status":"publish","type":"post","link":"https:\/\/lemotdujour.fr\/?p=914","title":{"rendered":"Jeudi 20 novembre 2014"},"content":{"rendered":"<div class=\"mdjDate\">Jeudi 20 novembre 2014<\/div>\n<div class=\"mdjTexte\">\u00ab\u00a0Les braconniers font les meilleurs gardes chasse\u00a0\u00bb<\/div>\n<div class=\"mdjAuteur\">Proverbe populaire<\/div>\n<div class=\"mdjComplements\">La nouvelle commission europ\u00e9enne est entr\u00e9e en fonction le 1er novembre.<\/div>\n<div class=\"mdjComplements\">Le mot du jour a \u00e9t\u00e9 prononc\u00e9 dans l&rsquo;\u00e9mission l&rsquo;esprit public du 16\/11\/2014 pour d\u00e9crire de mani\u00e8re humoristique les qualit\u00e9s des commissaires d\u00e9sign\u00e9s.<\/div>\n<div class=\"mdjComplements\">Jean-Louis Bourlanges a ainsi expliqu\u00e9 :<\/div>\n<div class=\"mdjComplements\">\u00ab\u00a0La composition de la commission est totalement paradoxale<\/div>\n<div class=\"mdjComplements\">A la t\u00eate de la commission il y a Juncker qui \u00e9tait premier ministre et ministre des finances. Il \u00e9tait donc en premi\u00e8re ligne sur l&rsquo;affaire de l&rsquo;optimisation fiscale luxembourgeoise qui \u00e9tait soup\u00e7onn\u00e9e et qui est d\u00e9sormais r\u00e9v\u00e9l\u00e9e \u00e0 tous et qu&rsquo;on a appel\u00e9 l&rsquo;affaire LuxLeaks :<a href=\"http:\/\/tempsreel.nouvelobs.com\/politique\/20141106.OBS4358\/luxleaks-jean-claude-juncker-l-incendiaire-a-la-tete-des-pompiers.html\"> http:\/\/tempsreel.nouvelobs.com\/politique\/20141106.OBS4358\/luxleaks-jean-claude-juncker-l-incendiaire-a-la-tete-des-pompiers.html<\/a><\/div>\n<div class=\"mdjComplements\">Donc alors qu&rsquo;on pr\u00f4ne au niveau europ\u00e9en la lutte contre l&rsquo;\u00e9vasion fiscale, on met \u00e0 la t\u00eate de la commission un champion d&rsquo;Europe de l&rsquo;optimisation fiscale. La Droite europ\u00e9enne a pr\u00e9f\u00e9r\u00e9 Juncker \u00e0 Michel Barnier qui lui en tant que commissaire europ\u00e9en a vraiment lutt\u00e9 pour la r\u00e9gulation bancaire et se trouvait beaucoup plus dans la ligne qu&rsquo;on pr\u00e9tend poursuivre.<\/div>\n<div class=\"mdjComplements\">Michel Barnier \u00e9tait charg\u00e9 du march\u00e9 int\u00e9rieur et des services. Il a \u00e9t\u00e9 remplac\u00e9 par Jonathan Hill\u00a0 en charge des services financiers, un britannique qui fait partie du pays sp\u00e9cialiste de la d\u00e9r\u00e9gulation financi\u00e8re. <\/div>\n<div class=\"mdjComplements\">Pierre Moscovici a la place du commissaire qui doit contr\u00f4ler les d\u00e9ficits budg\u00e9taires. Moscovici a de grandes qualit\u00e9s intellectuelles, mais il n&rsquo;a pas prouv\u00e9 en tant que ministre son grand talent pour r\u00e9duire les d\u00e9ficits.<\/div>\n<div class=\"mdjComplements\">On met \u00e0 la Culture et aux libert\u00e9s, un hongrois proche de Viktor Orban dont l&rsquo;action en Hongrie est de plus en plus contraire aux droits fondamentaux et aux Trait\u00e9s europ\u00e9ens.<\/div>\n<div class=\"mdjComplements\">Le commissaire europ\u00e9en d\u00e9sign\u00e9 \u00e0 l&rsquo;\u00e9nergie et \u00e0 l&rsquo;action climatique, l&rsquo;Espagnol Miguel Arias Ca\u00f1ete est en plein conflit d&rsquo;int\u00e9r\u00eat car il avait des int\u00e9r\u00eats dans des entreprises p\u00e9troli\u00e8res. Il a affirm\u00e9 avoir vendu ses participations. Mais on a appris qu&rsquo;en r\u00e9alit\u00e9 qu&rsquo;il les avait c\u00e9d\u00e9es\u00a0 \u00e0 sa femme et \u00e0 ses enfants.\u00a0\u00bb<\/div>\n<div class=\"mdjComplements\">De qui se moque-t-on ? a ajout\u00e9 Bourlanges \u00ab\u00a0Comment le Parlement a t-il pu accepter cela ?\u00a0\u00bb<\/div>\n<div class=\"mdjComplements\">La r\u00e9ponse a \u00e9t\u00e9 donn\u00e9e : Parce qu&rsquo;il y avait collusion entre les diff\u00e9rents partis du Parlement (Droite, Centre et Gauche) qui se sont prot\u00e9g\u00e9s mutuellement et qui ont chacun accept\u00e9 les candidats \u00ab\u00a0litigieux\u00a0\u00bb des autres partis pour qu&rsquo;on accepte les leurs.\u00a0 <\/div>\n<div class=\"mdjComplements\">Et la conclusion \u00e0 laquelle sont arriv\u00e9s les chroniqueurs a \u00e9t\u00e9 r\u00e9sum\u00e9 par ce proverbe\u00a0 \u00ab\u00a0Les braconniers font les meilleurs gardes chasse\u00a0\u00bb<\/div>\n<div class=\"mdjComplements\">C&rsquo;est dans l&rsquo;\u00e9mission L&rsquo;esprit Public \u00e0 partir de la minute 32. <a href=\"http:\/\/www.franceculture.fr\/emission-l-esprit-public-l-actualite-monetaire-la-nouvelle-commission-europeenne-2014-11-16\">http:\/\/www.franceculture.fr\/emission-l-esprit-public-l-actualite-monetaire-la-nouvelle-commission-europeenne-2014-11-16<\/a><\/div>\n<div class=\"mdjComplements\">Esp\u00e9rons que le proverbe est juste et que ces commissaires \u00ab\u00a0ambig\u00fces\u00a0\u00bb surprendront par leurs audaces.<\/div>\n","protected":false},"excerpt":{"rendered":"<p>Jeudi 20 novembre 2014 \u00ab\u00a0Les braconniers font les meilleurs gardes chasse\u00a0\u00bb Proverbe populaire La nouvelle commission europ\u00e9enne est entr\u00e9e en fonction le 1er novembre. Le mot du jour a \u00e9t\u00e9 prononc\u00e9 dans l&rsquo;\u00e9mission l&rsquo;esprit public du 16\/11\/2014 pour d\u00e9crire de<\/p>\n","protected":false},"author":1,"featured_media":0,"comment_status":"closed","ping_status":"closed","sticky":false,"template":"","format":"standard","meta":{"footnotes":""},"categories":[1],"tags":[],"class_list":["post-914","post","type-post","status-publish","format-standard","hentry","category-motdujour"],"_links":{"self":[{"href":"https:\/\/lemotdujour.fr\/index.php?rest_route=\/wp\/v2\/posts\/914","targetHints":{"allow":["GET"]}}],"collection":[{"href":"https:\/\/lemotdujour.fr\/index.php?rest_route=\/wp\/v2\/posts"}],"about":[{"href":"https:\/\/lemotdujour.fr\/index.php?rest_route=\/wp\/v2\/types\/post"}],"author":[{"embeddable":true,"href":"https:\/\/lemotdujour.fr\/index.php?rest_route=\/wp\/v2\/users\/1"}],"replies":[{"embeddable":true,"href":"https:\/\/lemotdujour.fr\/index.php?rest_route=%2Fwp%2Fv2%2Fcomments&post=914"}],"version-history":[{"count":1,"href":"https:\/\/lemotdujour.fr\/index.php?rest_route=\/wp\/v2\/posts\/914\/revisions"}],"predecessor-version":[{"id":915,"href":"https:\/\/lemotdujour.fr\/index.php?rest_route=\/wp\/v2\/posts\/914\/revisions\/915"}],"wp:attachment":[{"href":"https:\/\/lemotdujour.fr\/index.php?rest_route=%2Fwp%2Fv2%2Fmedia&parent=914"}],"wp:term":[{"taxonomy":"category","embeddable":true,"href":"https:\/\/lemotdujour.fr\/index.php?rest_route=%2Fwp%2Fv2%2Fcategories&post=914"},{"taxonomy":"post_tag","embeddable":true,"href":"https:\/\/lemotdujour.fr\/index.php?rest_route=%2Fwp%2Fv2%2Ftags&post=914"}],"curies":[{"name":"wp","href":"https:\/\/api.w.org\/{rel}","templated":true}]}}