{"id":9135,"date":"2020-06-10T00:25:05","date_gmt":"2020-06-09T22:25:05","guid":{"rendered":"http:\/\/lemotdujour.fr\/?p=9135"},"modified":"2020-06-10T00:25:34","modified_gmt":"2020-06-09T22:25:34","slug":"lundi-10-juin-2020","status":"publish","type":"post","link":"https:\/\/lemotdujour.fr\/?p=9135","title":{"rendered":"Mercredi 10 juin 2020"},"content":{"rendered":"<div class=\"mdjTexte\">\u00abPause\u00bb<\/div>\n<div class=\"mdjAuteur\">Un jour sans mot du jour<\/div>\n<p><span style=\"color: #777777; font-family: Arial;\">Le temps a manqu\u00e9 pour que puisse finaliser un mot du jour pour ce 10 juin 2020<br \/>\n<\/span><\/p>\n<p><img loading=\"lazy\" decoding=\"async\" class=\"alignleft\" src=\"https:\/\/lemotdujour.fr\/wp-content\/uploads\/2020\/06\/060920_2223_Lundi10juin1.jpg\" alt=\"\" width=\"296\" height=\"193\" align=\"left\"><span style=\"color: #777777; font-family: Arial;\">Pour votre r\u00e9flexion, je vous invite \u00e0 lire la tribune de Fran\u00e7ois de Closets, publi\u00e9 le 29 mai 2020 sur le site du Monde&nbsp;: \u00ab&nbsp;<span style=\"color: #0000ff;\"><a style=\"color: #0000ff;\" href=\"https:\/\/www.lemonde.fr\/idees\/article\/2020\/05\/29\/francois-de-closets-la-generation-predatrice-du-toujours-plus-devrait-avoir-honte_6041118_3232.html\">La g\u00e9n\u00e9ration pr\u00e9datrice du \u00ab toujours plus \u00bb, n\u00e9e autour de 1950, devrait avoir honte<\/a> <\/span>\u00bb<br \/>\n<\/span><\/p>\n<p><span style=\"color: #777777; font-family: Arial;\">Le journaliste accuse les 150 signataires d&rsquo;une tribune publi\u00e9e sur le site du \u00ab Monde\u00ab le 26 mai et appelant \u00e0 une \u00ab<span style=\"color: #0000ff;\"> <a style=\"color: #0000ff;\" href=\"https:\/\/www.lemonde.fr\/idees\/article\/2020\/05\/26\/manifeste-pour-une-revolution-de-la-longevite_6040734_3232.html\">r\u00e9volution de la long\u00e9vit\u00e9<\/a><\/span> \u00bb, de \u00ab revendiquer l&rsquo;argent que nos enfants n&rsquo;auront pas \u00bb.<br \/>\n<\/span><\/p>\n<p style=\"margin-left: 28pt;\"><span style=\"color: #c00000; font-family: Arial;\">\u00ab&nbsp;Publi\u00e9e sur le site du Monde le 26 mai, une tribune appelait le pays \u00e0 prendre soin de la g\u00e9n\u00e9ration des \u00ab nouveaux vieux \u00bb n\u00e9s autour de 1950. Que l&rsquo;on permette \u00e0 un \u00ab ancien vieux \u00bb n\u00e9 dans les ann\u00e9es 1930 d&rsquo;y r\u00e9pondre. Et tout d&rsquo;abord de poser aux signataires de ce texte plusieurs questions. N&rsquo;\u00e9prouvent-ils pas de la g\u00eane, pour ne pas dire de la honte, en regardant leurs enfants et petits-enfants ? Ne sont-ils pas conscients d&rsquo;appartenir \u00e0 une g\u00e9n\u00e9ration pr\u00e9datrice qui laisse \u00e0 ses descendants une nature d\u00e9vast\u00e9e et 2 000 milliards d&rsquo;euros de dettes accumul\u00e9es sans la moindre justification ? Croient-ils vraiment que nous n&rsquo;y sommes pour rien ?<br \/>\n<\/span><\/p>\n<p style=\"margin-left: 28pt;\"><span style=\"color: #c00000; font-family: Arial;\">Leur texte fait r\u00e9f\u00e9rence au \u00ab d\u00e9fi de la long\u00e9vit\u00e9 \u00bb. Fort bien. Celui-ci ne se traduit-il pas, en premier lieu, par le fait que l&rsquo;on conserve plus longtemps la pleine possession de ses moyens, bref que nous sommes en \u00e9tat de travailler \u00e0 un \u00e2ge plus avanc\u00e9 que nos parents ? Et qu&rsquo;avons-nous fait ? Notre g\u00e9n\u00e9ration du \u00ab toujours plus \u00bb a fix\u00e9 la retraite pour tous, et pas seulement pour les ouvriers, \u00e0 60 ans, mettant ainsi cinq ann\u00e9es de plus \u00e0 la charge de nos enfants. Et pour que ces ann\u00e9es soient confortables, nous nous sommes octroy\u00e9 un niveau de vie sup\u00e9rieur \u00e0 celui des actifs. C&rsquo;est ainsi que la part de la richesse nationale affect\u00e9e aux soins de la vieillesse atteint chez nous le chiffre record de 14 % du PIB. Et ce n&rsquo;est pas assez, il faudrait y rajouter 10 milliards d&rsquo;euros alors m\u00eame que les budgets explosent de partout.<br \/>\n<\/span><\/p>\n<p style=\"margin-left: 28pt;\"><span style=\"color: #c00000; font-family: Arial;\">J&rsquo;\u00e9prouve une immense gratitude vis-\u00e0-vis des moins de 60 ans qui ont accept\u00e9 ce sacrifice, qu&rsquo;ils vont payer tr\u00e8s cher, pour nous sauver. Les auteurs de la tribune le rappellent eux-m\u00eames : le Covid-19 ne repr\u00e9sente une menace mortelle que pour les plus de 64 ans. Les jeunes g\u00e9n\u00e9rations pouvaient parfaitement vivre avec et laisser mourir les anciens. C&rsquo;est d&rsquo;ailleurs ce que notre g\u00e9n\u00e9ration a fait, entre 1968 et 1970, avec la grippe de Hongkong, tout aussi g\u00e9ronticide. Nous n&rsquo;avons pas, que je sache, arr\u00eat\u00e9 le pays pour sauver nos parents. Donc nous sommes redevables aux moins de 60 ans et devons apporter tous nos efforts \u00e0 la lutte contre l&rsquo;\u00e9pid\u00e9mie.<br \/>\n<\/span><\/p>\n<p style=\"margin-left: 28pt;\"><span style=\"color: #c00000; font-family: Arial;\">Je dois avouer que l&rsquo;argument sur le risque de discrimination, face au d\u00e9confinement, m&rsquo;a beaucoup choqu\u00e9. Cette crise est double, sanitaire et \u00e9conomique. L&rsquo;une n\u00e9cessite le confinement pour faire obstacle \u00e0 la propagation du virus, l&rsquo;autre exige que la France reprenne au plus vite le travail pour remettre en marche l&rsquo;appareil de production. Il \u00e9tait donc naturel de demander aux actifs de sortir pour aller travailler et aux retrait\u00e9s de rester chez eux pour faire obstacle au virus. En v\u00e9rit\u00e9, c&rsquo;est nous qui aurions d\u00fb le proposer. Au lieu de quoi le ch\u0153ur des indign\u00e9s a d\u00e9nonc\u00e9 une discrimination fond\u00e9e sur l&rsquo;\u00e2ge. Indignation d&rsquo;autant plus malvenue que nous nous \u00e9tions \u00e9charp\u00e9s tout au long de 2019 sur l&rsquo;\u00e2ge auquel devait s&rsquo;\u00e9tablir la discrimination entre les actifs et les retrait\u00e9s. Vraiment, renoncer \u00e0 promener le virus pour manifester notre gratitude aurait eu plus de cachet.<br \/>\n<\/span><\/p>\n<p style=\"margin-left: 28pt;\"><span style=\"color: #c00000; font-family: Arial;\">Que la fin de vie en \u00e9tablissement d&rsquo;h\u00e9bergement pour personnes \u00e2g\u00e9es d\u00e9pendantes (Ehpad) n&rsquo;ait rien de r\u00e9jouissant, c&rsquo;est un fait. Que chacun pr\u00e9f\u00e8re finir sa vie chez soi, c&rsquo;est bien naturel et les services sociaux agissent en ce sens. Que la d\u00e9gradation de nos facult\u00e9s rende ce s\u00e9jour de plus en plus difficile, il ne faut pas l&rsquo;oublier. Nous pouvons mieux faire et, pour les vieux comme pour les handicap\u00e9s, il faut secouer l&rsquo;\u00e9go\u00efsme des bien-portants. Mais nous ne pourrons jamais avoir trois ou quatre personnes pour permettre le maintien \u00e0 domicile de chaque personne impotente et d\u00e9pendante. Dans un monde de familles \u00e9clat\u00e9es, avec les progr\u00e8s de la m\u00e9decine qui vont multiplier les ann\u00e9es de d\u00e9pendance, nous serons de plus en plus nombreux \u00e0 finir nos jours dans un \u00e9tablissement sp\u00e9cialis\u00e9 et m\u00e9dicalis\u00e9. Telle est la r\u00e9alit\u00e9 et nous n&rsquo;avons pas \u00e0 nous en scandaliser.<br \/>\n<\/span><\/p>\n<p style=\"margin-left: 28pt;\"><span style=\"color: #c00000; font-family: Arial;\">En revanche, arriv\u00e9 au tr\u00e8s grand \u00e2ge, une question devient essentielle : le choix de sa mort. Des pays voisins et civilis\u00e9s nous montrent en ce domaine des solutions que nous devrions suivre afin que chacun puisse d\u00e9cider de la voie qu&rsquo;il souhaite emprunter \u00e0 son heure derni\u00e8re pour quitter le monde. Mais, de cette question essentielle, les promoteurs de la \u00ab r\u00e9volution de la long\u00e9vit\u00e9 \u00bb ne parlent pas.<br \/>\n<\/span><\/p>\n<p style=\"margin-left: 28pt;\"><span style=\"color: #c00000; font-family: Arial;\">Nous ferions bien de nous faire modestes, de nous mettre au service des g\u00e9n\u00e9rations qui nous suivent, ce qui va bien au-del\u00e0 des seuls soins apport\u00e9s \u00e0 nos petits-enfants. Et, plut\u00f4t que revendiquer l&rsquo;argent que nos enfants n&rsquo;auront pas, demandons plus de libert\u00e9 pour nous-m\u00eames, notre derni\u00e8re libert\u00e9.&nbsp;\u00bb<\/span><\/p>\n<p><span style=\"color: #c00000; font-family: Arial;\"><span style=\"color: #800000;\">&lt;Mot sans num\u00e9ro&gt;<\/span><span style=\"color: #777777;\"><br \/>\n<\/span><\/span><\/p>\n","protected":false},"excerpt":{"rendered":"<p>\u00abPause\u00bb Un jour sans mot du jour Le temps a manqu\u00e9 pour que puisse finaliser un mot du jour pour ce 10 juin 2020 Pour votre r\u00e9flexion, je vous invite \u00e0 lire la tribune de Fran\u00e7ois de Closets, publi\u00e9 le<\/p>\n","protected":false},"author":1,"featured_media":0,"comment_status":"open","ping_status":"closed","sticky":false,"template":"","format":"standard","meta":{"footnotes":""},"categories":[1],"tags":[96],"class_list":["post-9135","post","type-post","status-publish","format-standard","hentry","category-motdujour","tag-pause"],"_links":{"self":[{"href":"https:\/\/lemotdujour.fr\/index.php?rest_route=\/wp\/v2\/posts\/9135","targetHints":{"allow":["GET"]}}],"collection":[{"href":"https:\/\/lemotdujour.fr\/index.php?rest_route=\/wp\/v2\/posts"}],"about":[{"href":"https:\/\/lemotdujour.fr\/index.php?rest_route=\/wp\/v2\/types\/post"}],"author":[{"embeddable":true,"href":"https:\/\/lemotdujour.fr\/index.php?rest_route=\/wp\/v2\/users\/1"}],"replies":[{"embeddable":true,"href":"https:\/\/lemotdujour.fr\/index.php?rest_route=%2Fwp%2Fv2%2Fcomments&post=9135"}],"version-history":[{"count":3,"href":"https:\/\/lemotdujour.fr\/index.php?rest_route=\/wp\/v2\/posts\/9135\/revisions"}],"predecessor-version":[{"id":9138,"href":"https:\/\/lemotdujour.fr\/index.php?rest_route=\/wp\/v2\/posts\/9135\/revisions\/9138"}],"wp:attachment":[{"href":"https:\/\/lemotdujour.fr\/index.php?rest_route=%2Fwp%2Fv2%2Fmedia&parent=9135"}],"wp:term":[{"taxonomy":"category","embeddable":true,"href":"https:\/\/lemotdujour.fr\/index.php?rest_route=%2Fwp%2Fv2%2Fcategories&post=9135"},{"taxonomy":"post_tag","embeddable":true,"href":"https:\/\/lemotdujour.fr\/index.php?rest_route=%2Fwp%2Fv2%2Ftags&post=9135"}],"curies":[{"name":"wp","href":"https:\/\/api.w.org\/{rel}","templated":true}]}}