{"id":912,"date":"2014-11-19T01:00:00","date_gmt":"2014-11-18T22:00:00","guid":{"rendered":"http:\/\/lemotdujour.fr\/?p=912"},"modified":"2018-02-04T10:21:35","modified_gmt":"2018-02-04T09:21:35","slug":"mercredi-19-novembre-2014","status":"publish","type":"post","link":"https:\/\/lemotdujour.fr\/?p=912","title":{"rendered":"Mercredi 19 novembre 2014"},"content":{"rendered":"<div class=\"mdjDate\">Mercredi 19 novembre 2014<\/div>\n<div class=\"mdjTexte\">\u00ab\u00a0L\u2019Europe, c\u2019est<br \/>\n7% de la population mondiale<br \/>\n25% de la production mondiale,<br \/>\net 50% des transferts sociaux mondiaux\u00a0\u00bb<\/div>\n<div class=\"mdjAuteur\">Angela Merkel<\/div>\n<div class=\"mdjComplements\">Dans le num\u00e9ro du 13 novembre 2014 \u00ab\u00a0du Point\u00a0\u00bb, Nicolas Baverez rappelle ce propos de Merkel et il ajoute que, selon elle, cela r\u00e9sume le probl\u00e8me fondamental de l\u2019Europe.<\/div>\n<div class=\"mdjComplements\">Et Nicolas Baverez applique le m\u00eame calcul \u00e0 la France\u00a0:<\/div>\n<div class=\"mdjComplements\">la France compte 66 millions d\u2019habitants, soit environ 1% de la population mondiale.<\/div>\n<div class=\"mdjComplements\">Son PIB est de 2\u00a0750 milliards de dollars, soit 3,7% du PIB de la plan\u00e8te.<\/div>\n<div class=\"mdjComplements\">Son Etat providence redistribue 670 milliards d\u2019euros soit 15% des 4\u00a0500 milliards de d\u00e9penses sociales mondiales.<\/div>\n<div class=\"mdjComplements\">Remarquons que si pour l\u2019Europe le coefficient multiplicateur entre le PIB et les transferts est de 2 (25% \u00e0 50%) en France il est de plus de 4 ( de 3,7 \u00e0 15%).<\/div>\n<div class=\"mdjComplements\">Baverez consid\u00e8re cette situation insoutenable.<\/div>\n<div class=\"mdjComplements\">A mon analyse, il me semble en effet que dans une \u00e9conomie ouverte cela doit certainement poser de grandes difficult\u00e9s et la soutenabilit\u00e9 de ce d\u00e9s\u00e9quilibre pose question.<\/div>\n<div class=\"mdjComplements\">Maintenant ce sont ces transferts sociaux massifs qui caract\u00e9risent le mod\u00e8le europ\u00e9en et le diff\u00e9rencie du reste du monde. \u00a0C\u2019est un syst\u00e8me \u00a0moins dur que les autres.<\/div>\n<div class=\"mdjComplements\">Le drame est comme l\u2019avait soulign\u00e9 le regrett\u00e9 Olivier Ferrand de terra nova, c\u2019est que le syst\u00e8me social est ce qui caract\u00e9rise l\u2019Europe par rapport aux autres ensembles \u00e9conomiques mais ne fait pas partie de la comp\u00e9tence de l\u2019Union Europ\u00e9enne. Ce qui a \u00e9t\u00e9 mis en commun c\u2019est le march\u00e9 unique et la libre concurrence qui ne constitue pas une singularit\u00e9 des Etats europ\u00e9ens.<\/div>\n<div class=\"mdjComplements\">Autrement dit\u00a0: le point commun des europ\u00e9ens n\u2019est pas mis en commun.<\/div>\n<div class=\"mdjComplements\">Vous trouverez derri\u00e8re ce lien :\u00a0 <span style=\"color: #0000ff;\"><a style=\"color: #0000ff;\" href=\"http:\/\/www.lepoint.fr\/editos-du-point\/nicolas-baverez\/la-france-un-risque-majeur-pour-elle-meme-14-11-2014-1881157_73.php#xtmc=la-france-un-risque-majeur-pour-elle-meme&amp;xtnp=1&amp;xtcr=1\">l\u2019article du Point<\/a><\/span> \u00e9crit par Nicholas Baverez qui cite ces chiffres et fait l&rsquo;analyse de cette situation.<\/div>\n<div><\/div>\n<div><span style=\"color: #800000;\">&lt;394&gt;<\/span><\/div>\n","protected":false},"excerpt":{"rendered":"<p>Mercredi 19 novembre 2014 \u00ab\u00a0L\u2019Europe, c\u2019est 7% de la population mondiale 25% de la production mondiale, et 50% des transferts sociaux mondiaux\u00a0\u00bb Angela Merkel Dans le num\u00e9ro du 13 novembre 2014 \u00ab\u00a0du Point\u00a0\u00bb, Nicolas Baverez rappelle ce propos de Merkel<\/p>\n","protected":false},"author":1,"featured_media":0,"comment_status":"closed","ping_status":"closed","sticky":false,"template":"","format":"standard","meta":{"footnotes":""},"categories":[1],"tags":[10,50,76],"class_list":["post-912","post","type-post","status-publish","format-standard","hentry","category-motdujour","tag-economie","tag-europe","tag-social"],"_links":{"self":[{"href":"https:\/\/lemotdujour.fr\/index.php?rest_route=\/wp\/v2\/posts\/912","targetHints":{"allow":["GET"]}}],"collection":[{"href":"https:\/\/lemotdujour.fr\/index.php?rest_route=\/wp\/v2\/posts"}],"about":[{"href":"https:\/\/lemotdujour.fr\/index.php?rest_route=\/wp\/v2\/types\/post"}],"author":[{"embeddable":true,"href":"https:\/\/lemotdujour.fr\/index.php?rest_route=\/wp\/v2\/users\/1"}],"replies":[{"embeddable":true,"href":"https:\/\/lemotdujour.fr\/index.php?rest_route=%2Fwp%2Fv2%2Fcomments&post=912"}],"version-history":[{"count":3,"href":"https:\/\/lemotdujour.fr\/index.php?rest_route=\/wp\/v2\/posts\/912\/revisions"}],"predecessor-version":[{"id":4113,"href":"https:\/\/lemotdujour.fr\/index.php?rest_route=\/wp\/v2\/posts\/912\/revisions\/4113"}],"wp:attachment":[{"href":"https:\/\/lemotdujour.fr\/index.php?rest_route=%2Fwp%2Fv2%2Fmedia&parent=912"}],"wp:term":[{"taxonomy":"category","embeddable":true,"href":"https:\/\/lemotdujour.fr\/index.php?rest_route=%2Fwp%2Fv2%2Fcategories&post=912"},{"taxonomy":"post_tag","embeddable":true,"href":"https:\/\/lemotdujour.fr\/index.php?rest_route=%2Fwp%2Fv2%2Ftags&post=912"}],"curies":[{"name":"wp","href":"https:\/\/api.w.org\/{rel}","templated":true}]}}