{"id":9119,"date":"2020-06-08T00:02:33","date_gmt":"2020-06-07T22:02:33","guid":{"rendered":"http:\/\/lemotdujour.fr\/?p=9119"},"modified":"2020-06-08T00:02:34","modified_gmt":"2020-06-07T22:02:34","slug":"lundi-8-juin-2020","status":"publish","type":"post","link":"https:\/\/lemotdujour.fr\/?p=9119","title":{"rendered":"Lundi 8 juin 2020"},"content":{"rendered":"<div class=\"mdjTexte\">\u00ab Les Etats-Unis ont \u00e9t\u00e9 fond\u00e9s sur le vol de la terre, le g\u00e9nocide des Indiens, et sur l&rsquo;esclavage. Je le r\u00e9p\u00e8te : c&rsquo;est ainsi que les Etats-Unis ont \u00e9t\u00e9 b\u00e2tis ! C&rsquo;est la raison pour laquelle j&rsquo;ai un vrai probl\u00e8me avec le terme \u00ab les p\u00e8res fondateurs \u00bb.\u00bb<\/div>\n<div class=\"mdjAuteur\">Spike Lee<\/div>\n<p><span style=\"color: #777777; font-family: Arial;\">Apr\u00e8s un nouveau meurtre d&rsquo;un homme noir, George Floyd, par un policier am\u00e9ricain \u00e0 Minneapolis, une vague de protestation et de manifestations d\u00e9ferlent sur les grandes villes am\u00e9ricaines.<br \/>\n<\/span><\/p>\n<p><span style=\"color: #777777; font-family: Arial;\">Mais cet \u00e9lan ne s&rsquo;arr\u00eate pas aux Etats-Unis. De Bristol \u00e0 Budapest en passant par Madrid et Rome, des dizaines de milliers d&rsquo;Europ\u00e9ens ont rejoint dimanche les manifestations contre le racisme. Et ce mouvement ne s&rsquo;arr\u00eate pas non plus en Europe, il a gagn\u00e9 progressivement le reste de la plan\u00e8te.<br \/>\n<\/span><\/p>\n<p><a href=\"https:\/\/www.20minutes.fr\/monde\/2794567-20200607-mort-geroge-floyd-vague-manifestations-contre-racisme-deferle-toute-europe\"><span style=\"font-family: Arial;\">&lt;<span style=\"color: #0000ff;\">L&rsquo;AFP<\/span>&gt;<\/span><\/a><span style=\"color: #777777; font-family: Arial;\"> donne une description de ces diff\u00e9rentes manifestations.<br \/>\n<\/span><\/p>\n<p><img decoding=\"async\" class=\"alignleft\" src=\"https:\/\/lemotdujour.fr\/wp-content\/uploads\/2020\/06\/060720_2157_Lundi8juin21.jpg\" alt=\"\" align=\"left\"><span style=\"color: #777777; font-family: Arial;\">Le journaliste de l&rsquo;OBS, Fran\u00e7ois Forestier, a interrog\u00e9 sur ces \u00e9v\u00e8nements le cin\u00e9aste afro-am\u00e9ricain <strong>Spike Lee<\/strong>&nbsp;: \u00ab <a href=\"https:\/\/www.nouvelobs.com\/cinema\/20200607.OBS29787\/spike-lee-les-etats-unis-se-sont-batis-sur-l-assassinat-des-noirs.html\"><span style=\"color: #0000ff;\">Les Etats-Unis se sont b\u00e2tis sur l&rsquo;assassinat des Noirs<\/span><\/a> \u00bb<br \/>\n<\/span><\/p>\n<p><span style=\"color: #777777; font-family: Arial;\">Spike Lee devait pr\u00e9sider le jury du Festival de Cannes, cette ann\u00e9e 2020. Nous savons que le festival n&rsquo;aura pas lieu.<br \/>\n<\/span><\/p>\n<p><span style=\"color: #777777; font-family: Arial;\">Il comprend parfaitement la r\u00e9action des manifestants&nbsp;:<br \/>\n<\/span><\/p>\n<p style=\"margin-left: 28pt;\"><span style=\"color: #c00000; font-family: Arial;\">\u00ab&nbsp;Comment ne pas comprendre la r\u00e9action des gens ? Nous avons eu les \u00e9meutes des ann\u00e9es 1960, l&rsquo;assassinat de Martin Luther King, l&rsquo;affaire Rodney King, et, \u00e0 chaque nouvel \u00e9v\u00e9nement, justice n&rsquo;est pas faite. Les gens veulent se faire entendre\u2026 Encore et encore. Rien de nouveau l\u00e0-dedans.<br \/>\n<\/span><\/p>\n<p style=\"margin-left: 28pt;\"><span style=\"color: #c00000; font-family: Arial;\">C&rsquo;est la m\u00eame chose depuis quatre cents ans. L&rsquo;assassinat des Noirs, c&rsquo;est l\u00e0-dessus que le pays s&rsquo;est b\u00e2ti. Le positif, c&rsquo;est qu&rsquo;il y a des gens tr\u00e8s divers dans les manifestations. Voir que nos fr\u00e8res et s\u0153urs blancs sont dans la rue, c&rsquo;est tr\u00e8s encourageant. L&rsquo;espoir est l\u00e0, dans cette jeune g\u00e9n\u00e9ration qui ne veut pas perp\u00e9tuer la situation\u2026 Quant \u00e0 Trump, c&rsquo;est un gangster qui tente de devenir un dictateur.&nbsp;\u00bb<br \/>\n<\/span><\/p>\n<p><span style=\"color: #777777; font-family: Arial;\">Il souligne un point essentiel c&rsquo;est que lors des manifestations actuelles, la communaut\u00e9 noire n&rsquo;est pas la seule \u00e0 se r\u00e9volter contre cette injustice, mais que de nombreux \u00ab&nbsp;blancs&nbsp;\u00bb n&rsquo;acceptent plus cette situation aux Etats-Unis<br \/>\n<\/span><\/p>\n<p><span style=\"color: #777777; font-family: Arial;\">Il appelle Trump&nbsp;: <strong>l&rsquo;agent orange<\/strong>. On comprend qu&rsquo;il fait r\u00e9f\u00e9rence aux cheveux du pr\u00e9sident am\u00e9ricain mais L&rsquo;\u00ab <span style=\"color: #0000ff;\"><a style=\"color: #0000ff;\" href=\"https:\/\/fr.wikipedia.org\/wiki\/Agent_orange\"><strong>agent orange<\/strong><\/a><\/span> \u00bb est surtout le surnom donn\u00e9 \u00e0 l&rsquo;un des herbicides arc-en-ciel, plus pr\u00e9cis\u00e9ment un d\u00e9foliant, le plus employ\u00e9 par l&rsquo;arm\u00e9e des \u00c9tats-Unis lors de la guerre du Vi\u00eat Nam entre 1961 et octobre 1971<br \/>\n<\/span><\/p>\n<p><span style=\"color: #777777; font-family: Arial;\">Il rappelle aussi que lors de la guerre du Vi\u00eat-Nam, alors que le pourcentage de Noirs aux Etats-Unis \u00e9tait de 13 %, sur le terrain de guerre les troupes en ligne allaient jusqu&rsquo;\u00e0 30 %.<br \/>\n<\/span><\/p>\n<p><span style=\"color: #777777; font-family: Arial;\">Spike Lee sort, le 12 juin, un film sur Netflix, \u00ab&nbsp;<a href=\"https:\/\/www.netflix.com\/fr\/title\/81045635\"><span style=\"color: #0000ff;\">Da&nbsp;5&nbsp;Bloods&nbsp;<\/span><\/a>\u00bb, dans lequel cinq v\u00e9t\u00e9rans afro-am\u00e9ricains reviennent au Vietnam pour chercher une caisse d&rsquo;or.<br \/>\n<\/span><\/p>\n<p><span style=\"color: #777777; font-family: Arial;\">Le journaliste l&rsquo;interroge \u00e0 son propos&nbsp;:<br \/>\n<\/span><\/p>\n<p style=\"margin-left: 28pt;\"><span style=\"color: #c00000; font-family: Arial;\">\u00ab&nbsp;<em>Dans \u00ab Da 5 Bloods \u00bb, vous faites r\u00e9f\u00e9rence \u00e0 des h\u00e9ros inconnus de la guerre du Vietnam, comme Milton Olive, soldat noir qui s&rsquo;est jet\u00e9 sur une grenade pour sauver ses compagnons\u2026<\/em><br \/>\n<\/span><\/p>\n<p style=\"margin-left: 28pt;\"><span style=\"color: #c00000; font-family: Arial;\">Ce que j&rsquo;essaie de faire, c&rsquo;est de mentionner des faits historiques, souvent oubli\u00e9s. Milton Olive a \u00e9t\u00e9 l&rsquo;un des premiers soldats \u00e0 mourir l\u00e0-bas, au nom des Etats-Unis. En octobre 1965, alors qu&rsquo;il patrouillait dans la jungle lors de la bataille de Phu Cuong, il s&rsquo;est sacrifi\u00e9 en se couchant sur une grenade. Il avait 18 ans. On a lui attribu\u00e9 la Medal of Honor, \u00e0 titre posthume.<br \/>\n<\/span><\/p>\n<p style=\"margin-left: 28pt;\"><span style=\"color: #c00000; font-family: Arial;\">[Les soldats afro-am\u00e9ricains.] sont les grands oubli\u00e9s. C&rsquo;est comme \u00e7a depuis toujours. <strong>Les Etats-Unis ont \u00e9t\u00e9 fond\u00e9s sur le vol de la terre, le g\u00e9nocide des Indiens, et sur l&rsquo;esclavage. Je le r\u00e9p\u00e8te : c&rsquo;est ainsi que les Etats-Unis ont \u00e9t\u00e9 b\u00e2tis ! C&rsquo;est la raison pour laquelle j&rsquo;ai un vrai probl\u00e8me avec le terme \u00ab les p\u00e8res fondateurs \u00bb<\/strong>. Ces putains de p\u00e8res fondateurs \u00e9taient des esclavagistes ! George Washington, le premier pr\u00e9sident, poss\u00e9dait cent vingt-quatre esclaves \u00e0 sa mort. Le pays a \u00e9t\u00e9 construit sur cette inhumanit\u00e9.&nbsp;\u00bb<br \/>\n<\/span><\/p>\n<p><span style=\"color: #777777; font-family: Arial;\">Il souligne que la violence \u00e0 l&rsquo;\u00e9gards des noirs et d&rsquo;ailleurs aussi des indiens est consubstantiel eux Etats Unis.<br \/>\n<\/span><\/p>\n<p><span style=\"color: #777777; font-family: Arial;\">Il faut d&rsquo;ailleurs comprendre que si les blancs am\u00e9ricains suite \u00e0 la guerre de s\u00e9cession ont accept\u00e9 d&rsquo;affranchir les esclaves noirs, ils ont en fait des citoyens de secondes zones et ont imm\u00e9diatement consid\u00e9r\u00e9s qu&rsquo;ils constituaient une menace pour les biens et l&rsquo;int\u00e9grit\u00e9 des personnes qui d\u00e9tenaient le pouvoir \u00e9conomique et \u00e9taient les anciens esclavagistes.<br \/>\n<\/span><\/p>\n<p><span style=\"color: #777777; font-family: Arial;\">Et c&rsquo;est la police qui a eu ce r\u00f4le de contenir par tous les moyens \u00ab&nbsp;le danger des anciens esclaves noirs&nbsp;\u00bb.<br \/>\n<\/span><\/p>\n<p><span style=\"color: #777777; font-family: Arial;\">&lt;<a href=\"https:\/\/www.lemonde.fr\/international\/article\/2019\/03\/24\/etats-unis-l-indemnisation-des-descendants-d-esclaves-de-nouveau-debattue-a-l-occasion-de-la-primaire-democrate_5440530_3210.html\"><span style=\"color: #0000ff;\">Cet article du Monde<\/span><\/a>&gt; rappelle qu&rsquo;en janvier 1865, quelques mois avant la fin de la guerre de S\u00e9cession et l&rsquo;abolition de l&rsquo;esclavage, le gouvernement d&rsquo;Abraham Lincoln avait promis d&rsquo;octroyer \u00ab 40 acres et une mule \u00bb aux quelque 4 millions d&rsquo;esclaves noirs pour d\u00e9marrer leur nouvelle vie d&rsquo;hommes libres. Mais sa parole n&rsquo;a pas \u00e9t\u00e9 respect\u00e9e et les lopins de terre, \u00e9quivalents \u00e0 16 hectares, ont \u00e9t\u00e9 rapidement rendus aux anciens propri\u00e9taires.<br \/>\n<\/span><\/p>\n<p><span style=\"color: #777777; font-family: Arial;\">Cette mani\u00e8re de sortir de l&rsquo;esclavage a eu des effets d\u00e9l\u00e9t\u00e8res.<br \/>\n<\/span><\/p>\n<p><span style=\"color: #777777; font-family: Arial;\">On trouve ainsi sur le site de Mediapart un article d&rsquo;une bloggeuse de New-York, cet article instructif &lt;<a href=\"https:\/\/blogs.mediapart.fr\/agnes-kerr\/blog\/201016\/de-l-esclavage-l-incarceration-de-masse\"><span style=\"color: #0000ff;\">De l&rsquo;esclavage \u00e0 l&rsquo;incarc\u00e9ration de masse<\/span><\/a>&gt; qui \u00e9voque un documentaire \u00ab&nbsp;<strong>The 13 th<\/strong>&nbsp;\u00bb de la r\u00e9alisatrice Ava DuVernay qui expose les racines id\u00e9ologiques supr\u00e9macistes de l&rsquo;Am\u00e9rique et les politiques qui ont abouti jusqu&rsquo;\u00e0 pr\u00e9sent \u00e0 la criminalisation et \u00e0 l&rsquo;incarc\u00e9ration exponentielle de la population noire aux Etats-Unis&nbsp;:<br \/>\n<\/span><\/p>\n<p style=\"margin-left: 28pt;\"><span style=\"color: #c00000; font-family: Arial;\">\u00ab&nbsp;Le titre The 13th, (le treizi\u00e8me) pourrait faire penser \u00e0 un film d&rsquo;horreur. Ce chiffre malheureux est celui du 13eme amendement de la Constitution des Etats-Unis, dont l&rsquo;histoire retient qu&rsquo;il a abolit l&rsquo;esclavage en 1865, \u00e0 une exception pr\u00e8s: \u00ab sauf en tant que punition pour les personnes reconnues coupables de crime \u00bb. A partir de ces pr\u00e9misses, Ava DuVernay retrace l&rsquo;histoire terrifiante des injustices raciales et des violations des droits humains, toujours pr\u00e9sentes au coeur de la politique et de soci\u00e9t\u00e9 am\u00e9ricaine.<br \/>\n<\/span><\/p>\n<p style=\"margin-left: 28pt;\"><span style=\"color: #c00000; font-family: Arial;\">[\u2026] Remontant le fil de l&rsquo;histoire, les protagonistes exposent la mani\u00e8re dont, d\u00e8s la fin de la guerre de S\u00e9cession, la clause de criminalit\u00e9 du 13 eme amendement a \u00e9t\u00e9 imm\u00e9diatement utilis\u00e9e pour reconstruire les Etats du Sud. L&rsquo;esclavage \u00e9tait un syst\u00e8me \u00e9conomique. Quatre millions de personnes qui \u00e9taient auparavant d\u00e9finies comme propri\u00e9t\u00e9 sont d\u00e9sormais libres. Tr\u00e8s vite, le st\u00e9r\u00e9optype du noir criminel remplace la figure de l&rsquo;esclave dans la culture am\u00e9ricaine. Apr\u00e8s la guerre civile, les anciens esclaves sont arr\u00eat\u00e9s massivement et un nouveau syst\u00e8me de location de d\u00e9tenus est mis en place, fournissant une main d&rsquo;\u0153uvre gratuite. Un syst\u00e8me qui trouve son prolongement aujourd&rsquo;hui \u00e0 une \u00e9chelle industrielle, dans la gestion de 150 prisons par des int\u00e9r\u00eats priv\u00e9s et dans l&rsquo;exploitation du travail des d\u00e9tenus. La Corrections Corporation of America (CCA) et G4S, les deux entreprises leaders sur le march\u00e9 des prisons priv\u00e9es, sous-traitent le travail des d\u00e9tenus aux 500 plus grandes entreprises comme Chevron, Bank of America, A&amp;T, IBM, ou Boeing. Dans la plupart des Etats, pr\u00e8s d&rsquo;un million de prisonniers fabriquent des meubles de bureau, des composants \u00e9lectroniques, des uniformes, r\u00e9pondent aux appels dans des call-centers, travaillent dans des abattoirs et des champs de patates, ou fabriquent des jean&rsquo;s , des chaussures ou des sous-v\u00eatements pour de grandes marques, en \u00e9tant pay\u00e9s entre 93 cents et $4,73 par jour. [\u2026]<br \/>\n<\/span><\/p>\n<p style=\"margin-left: 28pt;\"><span style=\"color: #c00000; font-family: Arial;\">Au fur et \u00e0 mesure que la soci\u00e9t\u00e9 devient moins tol\u00e9rante \u00e0 la discrimination raciale, le glissement s\u00e9mantique qui s&rsquo;op\u00e8re entre noirs et criminels permet d&rsquo;adopter des lois r\u00e9pressives qui ciblent les personnes de couleur et qui permettent de criminaliser les mouvements progressistes et les leaders de la communaut\u00e9 noire qui revendiquent plus de justice sociale. Dans une s\u00e9quence \u00e9difiante, John Ehrlichman, secr\u00e9taire d&rsquo;Etat aux affaires int\u00e9rieures du pr\u00e9sident Richard Nixon d\u00e9clare ainsi: \u00ab Nous ne pouvions pas rendre ill\u00e9gale l&rsquo;opposition \u00e0 la guerre du Vietnam ou aux noirs, mais en associant les hippies \u00e0 la marijuana et les noirs \u00e0 l&rsquo;h\u00e9roine, et en p\u00e9nalisant lourdement les deux, nous pouvions disloquer ces communaut\u00e9s \u00bb.<br \/>\n<\/span><\/p>\n<p style=\"margin-left: 28pt;\"><span style=\"color: #c00000; font-family: Arial;\">La southern strategy inaugur\u00e9e par Richard Nixon en 1968 et sa campagne pr\u00e9sidentielle Law and Order, stigmatise les minorit\u00e9s ethniques comme criminels pour regagner l&rsquo;\u00e9lectorat blanc d\u00e9mocrate dans les Etats du Sud. Cette strat\u00e9gie sera poursuivie par Ronald Reagan dans les ann\u00e9es 80 au nom de la \u00ab guerre contre la drogue \u00bb, p\u00e9nalisant bien plus lourdement le crack, qui ravage les quartiers pauvres noirs et hispaniques, que la coca\u00efne qui se r\u00e9pand dans les classes moyennes et sup\u00e9rieures blanches, puis par Bill Clinton dans la d\u00e9cennie suivante.<br \/>\n<\/span><\/p>\n<p style=\"margin-left: 28pt;\"><span style=\"color: #c00000; font-family: Arial;\">\u00ab L&rsquo;institution de la s\u00e9gr\u00e9gation qui faisait des noirs des citoyens de seconde zone est remplac\u00e9 aujourd&rsquo;hui par le syst\u00e8me d&rsquo;incarc\u00e9ration de masse qui prive des millions d&rsquo;am\u00e9ricains noirs des droits suppos\u00e9s gagn\u00e9s par le mouvement des droits civils. \u00bb analyse Michelle Alexander.&nbsp;\u00bb<br \/>\n<\/span><\/p>\n<p><span style=\"color: #777777; font-family: Arial;\">Dans une &lt;<a href=\"https:\/\/www.jeuneafrique.com\/992441\/societe\/tribune-george-floyd-en-finir-avec-le-racisme-dans-la-police-americaine\/\"><span style=\"color: #0000ff;\">Tribune \u00e0 Jeune Afrique<\/span><\/a>&gt; l&rsquo;historien sp\u00e9cialiste des Etats-Unis Pap Ndiaye rappelle la longue histoire du racisme au sein de la police am\u00e9ricaine&nbsp;:<br \/>\n<\/span><\/p>\n<p style=\"margin-left: 28pt;\"><span style=\"color: #c00000; font-family: Arial;\">\u00ab&nbsp;Au d\u00e9but des ann\u00e9es 1920, la National Association for the Advancement of Colored People (NAACP), la principale organisation de d\u00e9fense des droits des Noirs, d\u00e9non\u00e7ait la collusion entre certains services de police et de justice et des organisations supr\u00e9matistes blanches comme le Ku Klux Klan (KKK), alors tout puissant dans le Sud profond. Des chefs du KKK portaient une \u00e9toile de sh\u00e9rif le jour et une cagoule blanche la nuit. Dans les grandes villes du Nord, ce sont les policiers, presque tous blancs jusqu&rsquo;aux ann\u00e9es 1960, qui \u00e9taient accus\u00e9s de violences, comme \u00e0 Chicago, en 1919, lorsqu&rsquo;ils participaient aux ratonnades dans le quartier noir. [\u2026]<br \/>\n<\/span><\/p>\n<p style=\"margin-left: 28pt;\"><span style=\"color: #c00000; font-family: Arial;\">Pendant le mouvement pour les droits civiques, Martin Luther King n&rsquo;h\u00e9sitait pas \u00e0 d\u00e9noncer les policiers violents et racistes. Dans son plus c\u00e9l\u00e8bre discours, \u00ab I have a dream \u00bb, il avertissait : \u00ab Nous ne pouvons \u00eatre satisfaits tant que le Noir est la victime des horreurs indicibles des brutalit\u00e9s polici\u00e8res \u00bb. Le combat contre la s\u00e9gr\u00e9gation et les violences trouva des \u00e9chos profonds en Afrique.&nbsp;[\u2026]<br \/>\n<\/span><\/p>\n<p style=\"margin-left: 28pt;\"><span style=\"color: #c00000; font-family: Arial;\">Les d\u00e9partements de police de trop nombreuses villes am\u00e9ricaines sont gangren\u00e9s en profondeur par un racisme structurel qui ruine la vie des Am\u00e9ricains noirs depuis des d\u00e9cennies. Des efforts s\u00e9rieux ont \u00e9t\u00e9 consentis ici et l\u00e0, mais on est encore tr\u00e8s loin du compte. \u00bb<br \/>\n<\/span><\/p>\n<p><span style=\"color: #777777; font-family: Arial;\">Cette page de France Culture retrace l&rsquo;histoire aux &lt;<span style=\"color: #0000ff;\"><a style=\"color: #0000ff;\" href=\"https:\/\/www.franceculture.fr\/societe\/etats-unis-les-violences-policieres-contre-les-noirs-en-quelques-grandes-dates\">\u00c9tats-Unis des violences polici\u00e8res contre les noirs en quelques grandes dates<\/a><\/span>&gt;<br \/>\n<\/span><\/p>\n<p><span style=\"color: #777777; font-family: Arial;\">Le mouvement de fond qui soul\u00e8ve actuellement l&rsquo;Am\u00e9rique doit se comprendre dans cette histoire de violence et d&rsquo;asservissement. Et nous pouvons esp\u00e9rer qu&rsquo;il d\u00e9bouche sur des \u00e9volutions importantes sur ce sujet de la violence faite aux noirs.<br \/>\n<\/span><\/p>\n<p><span style=\"color: maroon; font-family: Arial;\">&lt;1435&gt;<\/span><\/p>\n","protected":false},"excerpt":{"rendered":"<p>\u00ab Les Etats-Unis ont \u00e9t\u00e9 fond\u00e9s sur le vol de la terre, le g\u00e9nocide des Indiens, et sur l&rsquo;esclavage. Je le r\u00e9p\u00e8te : c&rsquo;est ainsi que les Etats-Unis ont \u00e9t\u00e9 b\u00e2tis ! C&rsquo;est la raison pour laquelle j&rsquo;ai un vrai<\/p>\n","protected":false},"author":1,"featured_media":0,"comment_status":"open","ping_status":"closed","sticky":false,"template":"","format":"standard","meta":{"footnotes":""},"categories":[1],"tags":[65,129,103],"class_list":["post-9119","post","type-post","status-publish","format-standard","hentry","category-motdujour","tag-etats-unis","tag-inegalite","tag-racisme"],"_links":{"self":[{"href":"https:\/\/lemotdujour.fr\/index.php?rest_route=\/wp\/v2\/posts\/9119","targetHints":{"allow":["GET"]}}],"collection":[{"href":"https:\/\/lemotdujour.fr\/index.php?rest_route=\/wp\/v2\/posts"}],"about":[{"href":"https:\/\/lemotdujour.fr\/index.php?rest_route=\/wp\/v2\/types\/post"}],"author":[{"embeddable":true,"href":"https:\/\/lemotdujour.fr\/index.php?rest_route=\/wp\/v2\/users\/1"}],"replies":[{"embeddable":true,"href":"https:\/\/lemotdujour.fr\/index.php?rest_route=%2Fwp%2Fv2%2Fcomments&post=9119"}],"version-history":[{"count":2,"href":"https:\/\/lemotdujour.fr\/index.php?rest_route=\/wp\/v2\/posts\/9119\/revisions"}],"predecessor-version":[{"id":9121,"href":"https:\/\/lemotdujour.fr\/index.php?rest_route=\/wp\/v2\/posts\/9119\/revisions\/9121"}],"wp:attachment":[{"href":"https:\/\/lemotdujour.fr\/index.php?rest_route=%2Fwp%2Fv2%2Fmedia&parent=9119"}],"wp:term":[{"taxonomy":"category","embeddable":true,"href":"https:\/\/lemotdujour.fr\/index.php?rest_route=%2Fwp%2Fv2%2Fcategories&post=9119"},{"taxonomy":"post_tag","embeddable":true,"href":"https:\/\/lemotdujour.fr\/index.php?rest_route=%2Fwp%2Fv2%2Ftags&post=9119"}],"curies":[{"name":"wp","href":"https:\/\/api.w.org\/{rel}","templated":true}]}}