{"id":9070,"date":"2020-06-04T00:40:23","date_gmt":"2020-06-03T22:40:23","guid":{"rendered":"http:\/\/lemotdujour.fr\/?p=9070"},"modified":"2020-06-04T00:40:24","modified_gmt":"2020-06-03T22:40:24","slug":"jeudi-4-juin-2020","status":"publish","type":"post","link":"https:\/\/lemotdujour.fr\/?p=9070","title":{"rendered":"Jeudi 4 juin 2020"},"content":{"rendered":"<div class=\"mdjTexte\">\u00ab\u00c7a veut dire aujourd&rsquo;hui, si on parle des r\u00e9fugi\u00e9s, de la justice, des in\u00e9galit\u00e9s, si on doit sauver des vies, \u00ab\u00a0quoi qu&rsquo;il en co\u00fbte\u00a0\u00bb \u00e7a vaut pour tout le monde, on est bien d&rsquo;accord\u00a0?\u00bb<\/div>\n<div class=\"mdjAuteur\">Patrick Boucheron<\/div>\n<p><span style=\"color: #777777; font-family: Arial;\">Patrick Boucheron est un de nos grands historiens. Je l&rsquo;ai d\u00e9j\u00e0 cit\u00e9 dans deux mots du jour qui concernaient les r\u00e9actions post attentats islamiques. Il s&rsquo;agissait des mots du jour du &lt;<span style=\"color: #0000ff;\"><a style=\"color: #0000ff;\" href=\"https:\/\/lemotdujour.fr\/?p=1604\">5 f\u00e9vrier 2016<\/a><\/span>&gt; et du &lt;<a href=\"https:\/\/lemotdujour.fr\/?p=1395\"><span style=\"color: #0000ff;\">1er septembre 2016<\/span><\/a>&gt;.<br \/>\n<\/span><\/p>\n<p><span style=\"color: #777777; font-family: Arial;\">Depuis j&rsquo;ai achet\u00e9 l&rsquo;ouvrage imposant dont il a dirig\u00e9 la r\u00e9daction \u00ab\u00a0<a href=\"https:\/\/www.seuil.com\/ouvrage\/histoire-mondiale-de-la-france-collectif\/9782021336290\"><span style=\"color: #0000ff;\">Histoire Mondiale de la France\u00a0<\/span><\/a>\u00bb et dont je ferais probablement une s\u00e9rie de mots du jour.<br \/>\n<\/span><\/p>\n<p><span style=\"color: #777777; font-family: Arial;\">Il est aussi professeur au Coll\u00e8ge de France.<br \/>\n<\/span><\/p>\n<p><span style=\"color: #777777; font-family: Arial;\">Il a \u00e9t\u00e9 invit\u00e9 par Nicolas Demorand et L\u00e9a Salam\u00e9 dans la matinale de France Inter de ce mercredi 3 juin\u00a0: \u00ab<span style=\"color: #0000ff;\">\u00a0<\/span><a href=\"https:\/\/www.franceinter.fr\/emissions\/l-invite-de-8h20-le-grand-entretien\/l-invite-de-8h20-le-grand-entretien-03-juin-2020\"><span style=\"color: #0000ff;\">La jeunesse a pay\u00e9 un prix extravagant \u00e0 cette crise<\/span>\u00a0<\/a>\u00bb, pour revenir sur ce qui s&rsquo;est pass\u00e9, sur l&rsquo;avenir et l&rsquo;analyse de tout cela.<br \/>\n<\/span><\/p>\n<p><img loading=\"lazy\" decoding=\"async\" class=\"alignleft\" src=\"https:\/\/lemotdujour.fr\/wp-content\/uploads\/2020\/06\/060320_2236_Jeudi4juin21.png\" alt=\"\" width=\"361\" height=\"205\" align=\"left\" \/><span style=\"color: #777777; font-family: Arial;\">J&rsquo;ai trouv\u00e9 cet entretien passionnant et je vous invite \u00e0 l&rsquo;\u00e9couter.<br \/>\n<\/span><\/p>\n<p><span style=\"color: #777777; font-family: Arial;\">J&rsquo;en tire quelques extraits.<br \/>\n<\/span><\/p>\n<p><span style=\"color: #777777; font-family: Arial;\">Pour \u00e9voquer le \u00ab\u00a0Monde d&rsquo;apr\u00e8s\u00a0\u00bb celui du d\u00e9confinement, Patrick Boucheron tire le bilan suivant\u00a0:<br \/>\n<\/span><\/p>\n<p style=\"margin-left: 28pt;\"><span style=\"color: #c00000; font-family: Arial;\">\u00ab\u00a0On est ramen\u00e9 aux conditions singuli\u00e8res de l&rsquo;exp\u00e9rience. Nous avons v\u00e9cu quelque chose ensemble et s\u00e9par\u00e9ment, chacun confront\u00e9 \u00e0 sa propre solitude.<br \/>\n<\/span><\/p>\n<p style=\"margin-left: 28pt;\"><span style=\"color: #c00000; font-family: Arial;\">J&rsquo;ai l&rsquo;impression que c&rsquo;est comme un s\u00e9isme. La terre a trembl\u00e9 pour tout le monde, c&rsquo;est la m\u00eame terre pour tout le monde, mais nous sommes plus ou moins pr\u00e8s de l&rsquo;\u00e9picentre. Et puis il y a des r\u00e9pliques qui ne sont pas les m\u00eames partout.<br \/>\n<\/span><\/p>\n<p style=\"margin-left: 28pt;\"><span style=\"color: #c00000; font-family: Arial;\">Et on n&rsquo;a pas tous les m\u00eames fondations, s\u00fbres ou souples. Donc, il est temps de descendre \u00e0 la cave pour voir les d\u00e9g\u00e2ts. C&rsquo;est le cas pour les individus que nous sommes, solitaires et solidaires comme dirait Victor Hugo. Mais c&rsquo;est vrai pour les soci\u00e9t\u00e9s. Et l\u00e0, Il y a un gouffre qui s&rsquo;ouvre devant nous, devant la responsabilit\u00e9 politique c&rsquo;est l&rsquo;autre temps, qui vient\u00a0\u00bb.<br \/>\n<\/span><\/p>\n<p><span style=\"color: #777777; font-family: Arial;\">Devant ces mots de \u00ab\u00a0s\u00e9isme\u00a0\u00bb, \u00ab\u00a0d\u00e9g\u00e2ts\u00a0\u00bb, \u00ab\u00a0gouffre\u00a0\u00bb L\u00e9a Salam\u00e9 l&rsquo;interpelle pour lui demander s&rsquo;il ne voit que le pire dans ce qui est arriv\u00e9 et ce qui arrive.<br \/>\n<\/span><\/p>\n<p><span style=\"color: #777777; font-family: Arial;\">Sa r\u00e9ponse d\u00e9cal\u00e9e va concerner des intellectuels qui collent leur sch\u00e9ma de pens\u00e9e sur les \u00e9v\u00e8nements et ne les regardent pas avec lucidit\u00e9 et sans filtre d\u00e9formant.<br \/>\n<\/span><\/p>\n<p><span style=\"color: #777777; font-family: Arial;\">Cette r\u00e9ponse me parait particuli\u00e8rement pertinente pour le temps de l&rsquo;analyse\u00a0:<br \/>\n<\/span><\/p>\n<p style=\"margin-left: 28pt;\"><span style=\"color: #c00000; font-family: Arial;\">\u00ab\u00a0Je me m\u00e9fie spontan\u00e9ment des intellectuels \u00e0 th\u00e8se qui viennent d\u00e9fendre leurs th\u00e8ses. Comme si \u00ab\u00a0le chien aboie, la caravane passe\u00a0\u00bb, le chien c&rsquo;est l&rsquo;\u00e9v\u00e8nement, la caravane, c&rsquo;est leurs certitudes. Comme le dit Bruno Latour, tr\u00e8s justement, \u00ab\u00a0il ne faut pas g\u00e2cher une crise. Bien s\u00fbr, il y a une opportunit\u00e9 formidable. Mais de cela que l&rsquo;on parle, on ne parle que de cela. L&rsquo;histoire n&rsquo;est pas l\u00e0 pour nous rassurer sur nos certitudes, mais pour nous dire \u00ab\u00a0<strong>l\u00e0, il y a une entaille<\/strong>\u00a0\u00bb, il s&rsquo;est pass\u00e9 quelque chose, il y a un \u00e9v\u00e8nement. Et comme le disait l&rsquo;historien du contemporain, Pierre Laborie : \u00ab\u00a0Un \u00e9v\u00e8nement c&rsquo;est ce qui advient de ce qui est advenu\u00a0\u00bb. Il y a quelque chose qui est survenu et maintenant ce qui va avoir lieu, c&rsquo;est \u00e0 nous d&rsquo;en d\u00e9cider collectivement, politiquement\u00a0\u00bb.<br \/>\n<\/span><\/p>\n<p><span style=\"color: #777777; font-family: Arial;\">Et il ajoute en revenant sur l&rsquo;exp\u00e9rience des ann\u00e9es sida\u00a0:<br \/>\n<\/span><\/p>\n<p style=\"margin-left: 28pt;\"><span style=\"color: #c00000; font-family: Arial;\">\u00ab\u00a0On n&rsquo;a rien \u00e0 attendre d&rsquo;une maladie, sinon qu&rsquo;elle ne nous tue pas et qu&rsquo;elle passe le plus vite possible, ce sont les malades, les marqueurs sociaux, \u00e7a veut dire qu&rsquo;on va en discuter en commun (&#8230;) La recherche publique\u00a0: c&rsquo;est en faire un enjeu commun. Comment l&rsquo;arracher \u00e0 la technostructure. C&rsquo;est cela, au fond, l&rsquo;enjeu d&rsquo;aujourd&rsquo;hui.\u00a0\u00bb<br \/>\n<\/span><\/p>\n<p><span style=\"color: #777777; font-family: Arial;\">Pour Patrick Boucheron, le COVID-19 a pris toute la place et mis \u00e0 l&rsquo;ombre tous les autres sujets mondiaux dont beaucoup sont aussi, sinon davantage pr\u00e9occupants.<br \/>\n<\/span><\/p>\n<p style=\"margin-left: 28pt;\"><span style=\"color: #c00000; font-family: Arial;\">\u00ab Il faut parler d&rsquo;autre chose, de ce qu&rsquo;on a tu et qu&rsquo;on a eu raison de taire.[\u2026]<br \/>\n<\/span><\/p>\n<p style=\"margin-left: 28pt;\"><span style=\"color: #c00000; font-family: Arial;\">La terre enti\u00e8re, quels que soient les r\u00e9gimes politiques, quels que soient les structures d\u00e9mocratiques a pris une d\u00e9cision incroyable au regard de l&rsquo;Histoire : d\u00e9fendre toutes les vies, m\u00eame les plus vuln\u00e9rables, m\u00eame les plus \u00e2g\u00e9es <strong>quoi qu&rsquo;il en co\u00fbte<\/strong>, comme a dit le pr\u00e9sident Macron. \u00ab\u00a0Quoi qu&rsquo;il en co\u00fbte\u00a0\u00bb est la formule m\u00eame de l&rsquo;inconditionnalit\u00e9. Qui peut \u00eatre discut\u00e9, mais ce n&rsquo;est peut-\u00eatre pas encore le moment.<br \/>\n<\/span><\/p>\n<p style=\"margin-left: 28pt;\"><span style=\"color: #c00000; font-family: Arial;\">Dans un calcul de sant\u00e9 publique, on dit \u00ab\u00a0quoi qu&rsquo;il en co\u00fbte\u00a0\u00bb. Mais enfin, la mis\u00e8re entra\u00eene une mortalit\u00e9 terrible.<br \/>\n<\/span><\/p>\n<p style=\"margin-left: 28pt;\"><span style=\"color: #c00000; font-family: Arial;\">Mais <strong>\u00ab\u00a0quoi qu&rsquo;il en co\u00fbte\u00a0\u00bb, veut dire que la vie est un bien inconditionnel<\/strong>. C&rsquo;est ce que <strong>Didier Fassin<\/strong> appelle la \u00ab\u00a0<strong>biol\u00e9gitimit\u00e9<\/strong>\u00a0\u00bb, mais il dit aussi qu&rsquo;il y a une in\u00e9galit\u00e9 des vies<strong>. \u00c7a veut dire aujourd&rsquo;hui, si on parle des r\u00e9fugi\u00e9s, de la justice, des in\u00e9galit\u00e9s, si on doit sauver des vies, \u00ab\u00a0quoi qu&rsquo;il en co\u00fbte\u00a0\u00bb \u00e7a vaut pour tout le monde, on est bien d&rsquo;accord\u00a0?<br \/>\n<\/strong><\/span><\/p>\n<p style=\"margin-left: 28pt;\"><span style=\"color: #c00000; font-family: Arial;\">C&rsquo;est \u00e0 ce moment-l\u00e0 qu&rsquo;il faut v\u00e9rifier qu&rsquo;on est bien d&rsquo;accord, \u00e7a vaut pour celles et ceux qui rament dans la vie, \u00e7a vaut pour celles et ceux qui sont sur des canots en M\u00e9diterran\u00e9e, et \u00e7a vaut pour tout le monde.<br \/>\n<\/span><\/p>\n<p style=\"margin-left: 28pt;\"><span style=\"color: #c00000; font-family: Arial;\">Et l\u00e0 commence un moment politique, [\u2026] maintenant on discute et on discute aussi sur l&rsquo;\u00e9v\u00e8nement. Car il nous a pris de court, mais il a nous a aussi pris en cours de quelque chose. D&rsquo;autres sujets, on a vu hier soir les manifestations de Minneapolis apr\u00e8s la mort violente de George Floyd qui montre le besoin de justice.\u00a0\u00bb<br \/>\n<\/span><\/p>\n<p><span style=\"color: #777777; font-family: Arial;\">Et puis il \u00e9voque le sacrifice g\u00e9n\u00e9rationnel\u00a0:<br \/>\n<\/span><\/p>\n<p style=\"margin-left: 28pt;\"><span style=\"color: #c00000; font-family: Arial;\">\u00ab\u00a0Cette crise a surtout touch\u00e9 les citoyens les plus \u00e2g\u00e9s. [\u2026] la responsabilit\u00e9 est quand m\u00eame l\u00e0 de dire quelque chose de ce temps. Et ce qu&rsquo;on a \u00e0 dire, c&rsquo;est que tout de m\u00eame. La jeunesse a pay\u00e9 un prix extravagant \u00e0 cette crise. Elle a pay\u00e9 aujourd&rsquo;hui et elle paiera encore demain. Je ne dis pas qu&rsquo;il ne fallait pas le faire, mais au fond, il faut le dire il y a eu un sacrifice, un sacrifice g\u00e9n\u00e9rationnel. [\u2026] La jeunesse est sacrifi\u00e9e. On a fait subir aux enfants, \u00e0 l&rsquo;\u00e9cole une \u00e9preuve terrible et les \u00e9tudiants [\u2026]<br \/>\n<\/span><\/p>\n<p style=\"margin-left: 28pt;\"><span style=\"color: #c00000; font-family: Arial;\">\u00ab\u00a0Dans les annonces gouvernementales, les universit\u00e9s venaient toujours en dernier, apr\u00e8s les terrasses et le Puy du Fou de fou, on leur disait : &lsquo;elles ne rouvriront pas&rsquo;. Mais quel scandale !<br \/>\n<\/span><\/p>\n<p style=\"margin-left: 28pt;\"><span style=\"color: #c00000; font-family: Arial;\">\u00ab\u00a0On ne parle que des examens, on s&rsquo;assure qu&rsquo;ils [les \u00e9tudiants] n&rsquo;ont pas trich\u00e9, on utilise leurs webcam comme outil de t\u00e9l\u00e9surveillance. [\u2026]<br \/>\n<\/span><\/p>\n<p style=\"margin-left: 28pt;\"><span style=\"color: #c00000; font-family: Arial;\">La population \u00e9tudiante n&rsquo;est pas qu&rsquo;une question sanitaire : ce sont des lieux de vie et de production du savoir, et on n&rsquo;a jamais autant parl\u00e9 de sciences que pendant cette crise. \u00bb<br \/>\n<\/span><\/p>\n<p><span style=\"color: #777777; font-family: Arial;\">Patrick Boucheron a \u00e9nonc\u00e9 ce constat avec moults pr\u00e9cautions, en ne disant jamais qu&rsquo;il ne fallait pas faire ce qui a \u00e9t\u00e9 fait mais il a dresse ce constat, l&rsquo;essentiel de cette crise va devoir \u00eatre assum\u00e9 par les jeunes g\u00e9n\u00e9rations qui vont devoir financer d&rsquo;une mani\u00e8re ou d&rsquo;une autre le \u00ab\u00a0quoi qu&rsquo;il en co\u00fbte\u00a0\u00bb.<br \/>\n<\/span><\/p>\n<p><span style=\"color: #777777; font-family: Arial;\">Alors certains parlent de la \u00ab\u00a0<span style=\"color: #0000ff;\"><a style=\"color: #0000ff;\" href=\"https:\/\/www.nouvelobs.com\/chroniques\/20200518.OBS28984\/qu-adviendra-t-il-de-la-generation-covid.html\">g\u00e9n\u00e9ration COVID\u00a0<\/a><\/span>\u00bb, il existe m\u00eame un site\u00a0: <span style=\"color: #0000ff;\"><a style=\"color: #0000ff;\" href=\"https:\/\/generationcovid.fr\/\">https:\/\/generationcovid.fr\/<\/a><\/span><br \/>\n<\/span><\/p>\n<p><span style=\"color: #777777; font-family: Arial;\">Ce qui met Patrick Boucheron en col\u00e8re.<br \/>\n<\/span><\/p>\n<p style=\"margin-left: 28pt;\"><span style=\"color: #c00000; font-family: Arial;\">\u00ab\u00a0On ne peut pas se laisser d\u00e9signer par une catastrophe, la jeunesse ne peut [accepter de se faire appeler la g\u00e9n\u00e9ration Covid], \u00e0 eux de donner le nom du temps qu&rsquo;ils ont v\u00e9cu (&#8230;) l&rsquo;\u00e9v\u00e9nement, c&rsquo;est moins l&rsquo;\u00e9pid\u00e9mie, que la r\u00e9ponse politique : ce sont les jeunes qui doivent dire, aujourd&rsquo;hui, de quelle g\u00e9n\u00e9ration ils veulent \u00eatre.\u00a0\u00bb<br \/>\n<\/span><\/p>\n<p><span style=\"color: #777777; font-family: Arial;\">Et il fait une grande confiance \u00e0 la jeunesse pour trouver des solutions\u2026 si on les laisse faire..<br \/>\n<\/span><\/p>\n<p style=\"margin-left: 28pt;\"><span style=\"color: #c00000; font-family: Arial;\">\u00ab\u00a0On doit dire \u00e0 la jeunesse qu&rsquo;elle a peut-\u00eatre la solution \u00e0 des questions que leurs ain\u00e9s ont \u00e9t\u00e9 incapables de poser (&#8230;) J&rsquo;ai 54 ans, et je suis dans une soci\u00e9t\u00e9 o\u00f9 l&rsquo;on consid\u00e8re que je suis jeune ! \u00c7a ne va pas ! Je ne suis plus jeune\u00a0!\u00a0\u00bb<br \/>\n<\/span><\/p>\n<p><span style=\"color: #777777; font-family: Arial;\">Entretien donc tr\u00e8s int\u00e9ressant que je vous recommande d&rsquo;\u00e9couter.<br \/>\n<\/span><\/p>\n<p><span style=\"color: #777777; font-family: Arial;\">Et il a aussi ce propos avec lequel mon accord est total, tant il est vrai qu&rsquo;un scientifique doute et que celui qui a des certitudes n&rsquo;est pas un scientifique mais un croyant\u00a0:<br \/>\n<\/span><\/p>\n<p style=\"margin-left: 28pt;\"><span style=\"color: #c00000; font-family: Arial;\">\u00ab\u00a0Un scientifique qui affirme des certitudes, je ne comprends pas ce qu&rsquo;il dit. Je ne comprends pas ce que veut dire chez un scientifique\u00a0: \u00ab\u00a0je suis s\u00fbr que \u2026\u00a0\u00bb<br \/>\n<\/span><\/p>\n<p><span style=\"color: #777777; font-family: Arial;\">Son d\u00e9veloppement sur ce point est aussi d&rsquo;une grande pertinence.<br \/>\n<\/span><\/p>\n<p><span style=\"color: #777777; font-family: Arial;\">Je redonne le lien vers l&rsquo;\u00e9mission\u00a0: \u00ab<span style=\"color: #0000ff;\">\u00a0<a style=\"color: #0000ff;\" href=\"https:\/\/www.franceinter.fr\/emissions\/l-invite-de-8h20-le-grand-entretien\/l-invite-de-8h20-le-grand-entretien-03-juin-2020\">La jeunesse a pay\u00e9 un prix extravagant \u00e0 cette crise\u00a0<\/a><\/span>\u00bb<br \/>\n<\/span><\/p>\n<p><span style=\"color: maroon; font-family: Arial;\">&lt;1434&gt;<\/span><\/p>\n","protected":false},"excerpt":{"rendered":"<p>\u00ab\u00c7a veut dire aujourd&rsquo;hui, si on parle des r\u00e9fugi\u00e9s, de la justice, des in\u00e9galit\u00e9s, si on doit sauver des vies, \u00ab\u00a0quoi qu&rsquo;il en co\u00fbte\u00a0\u00bb \u00e7a vaut pour tout le monde, on est bien d&rsquo;accord\u00a0?\u00bb Patrick Boucheron Patrick Boucheron est un<\/p>\n","protected":false},"author":1,"featured_media":0,"comment_status":"open","ping_status":"closed","sticky":false,"template":"","format":"standard","meta":{"footnotes":""},"categories":[1],"tags":[17,39,126],"class_list":["post-9070","post","type-post","status-publish","format-standard","hentry","category-motdujour","tag-histoire","tag-jeunesse","tag-pandemie"],"_links":{"self":[{"href":"https:\/\/lemotdujour.fr\/index.php?rest_route=\/wp\/v2\/posts\/9070","targetHints":{"allow":["GET"]}}],"collection":[{"href":"https:\/\/lemotdujour.fr\/index.php?rest_route=\/wp\/v2\/posts"}],"about":[{"href":"https:\/\/lemotdujour.fr\/index.php?rest_route=\/wp\/v2\/types\/post"}],"author":[{"embeddable":true,"href":"https:\/\/lemotdujour.fr\/index.php?rest_route=\/wp\/v2\/users\/1"}],"replies":[{"embeddable":true,"href":"https:\/\/lemotdujour.fr\/index.php?rest_route=%2Fwp%2Fv2%2Fcomments&post=9070"}],"version-history":[{"count":2,"href":"https:\/\/lemotdujour.fr\/index.php?rest_route=\/wp\/v2\/posts\/9070\/revisions"}],"predecessor-version":[{"id":9072,"href":"https:\/\/lemotdujour.fr\/index.php?rest_route=\/wp\/v2\/posts\/9070\/revisions\/9072"}],"wp:attachment":[{"href":"https:\/\/lemotdujour.fr\/index.php?rest_route=%2Fwp%2Fv2%2Fmedia&parent=9070"}],"wp:term":[{"taxonomy":"category","embeddable":true,"href":"https:\/\/lemotdujour.fr\/index.php?rest_route=%2Fwp%2Fv2%2Fcategories&post=9070"},{"taxonomy":"post_tag","embeddable":true,"href":"https:\/\/lemotdujour.fr\/index.php?rest_route=%2Fwp%2Fv2%2Ftags&post=9070"}],"curies":[{"name":"wp","href":"https:\/\/api.w.org\/{rel}","templated":true}]}}