{"id":904,"date":"2014-11-13T01:00:00","date_gmt":"2014-11-12T22:00:00","guid":{"rendered":"http:\/\/lemotdujour.fr\/?p=904"},"modified":"2017-05-08T13:23:55","modified_gmt":"2017-05-08T11:23:55","slug":"jeudi-13-novembre-2014","status":"publish","type":"post","link":"https:\/\/lemotdujour.fr\/?p=904","title":{"rendered":"Jeudi 13 novembre 2014"},"content":{"rendered":"<div class=\"mdjDate\">Jeudi 13 novembre 2014<\/div>\n<div class=\"mdjTexte\">\u00ab Les crises [internationales] sur lesquels on agit ne sont pas les plus graves.<br \/>La crise la plus importante depuis la fin de la seconde guerre mondiale c&rsquo;est la crise du Congo : 2,5 millions de morts. Ce n&rsquo;est pas celle l\u00e0 qui nous a mobilis\u00e9 \u00bb<\/div>\n<div class=\"mdjAuteur\">\u00a0Pierre Conesa, <br \/>ancien haut fonctionnaire du Minist\u00e8re de la D\u00e9fense, sp\u00e9cialiste des questions strat\u00e9giques internationales, auteur de \u00ab\u00a0Surtout ne rien d\u00e9cider\u00a0\u00bb chez Robert Laffont.\u00a0 <\/div>\n<div class=\"mdjComplements\">Une \u00e9mission de France Culture \u00ab\u00a0Dimanche et apr\u00e8s\u00a0\u00bb \u00e9tait consacr\u00e9e \u00e0 la guerre que pr\u00e9tendait poursuivre les occidentaux contre le terrorisme.<\/div>\n<div class=\"mdjComplements\">Cette \u00e9mission d\u00e9veloppe deux th\u00e8ses : <\/div>\n<p>les objectifs de guerre ne sont pas d\u00e9finis et nous n&rsquo;avons donc aucune chance d&rsquo;atteindre un r\u00e9sultat positif.<\/p>\n<p>l&rsquo;action des am\u00e9ricains et de leurs alli\u00e9s, dont nous sommes, n&rsquo;a pas pour priorit\u00e9 premi\u00e8re la d\u00e9fense des faibles et des droits de l&rsquo;homme comme ils voudraient le faire croire. D&rsquo;autres terrains de conflits, notamment en Afrique, r\u00e9v\u00e8lent des victimes et des d\u00e9sastres humanitaires encore beaucoup plus terrifiants o\u00f9 ils n&rsquo;interviennent pas du tout.<\/p>\n<div class=\"mdjComplements\">Pierre Conesa, dans cette \u00e9mission a dit :<\/div>\n<div class=\"mdjCiter\"> \u00ab On est dans une m\u00e9canique folle<\/div>\n<div class=\"mdjCiter\">On d\u00e9cide d&rsquo;envoyer du militaire absolument partout<\/div>\n<div class=\"mdjCiter\">C&rsquo;est une machine qui s&rsquo;est d\u00e9clench\u00e9 quand l&rsquo;URSS a disparu<\/div>\n<div class=\"mdjCiter\">C&rsquo;\u00e9tait dans la mouvance am\u00e9ricaine. <\/div>\n<div class=\"mdjCiter\">On a dit la superpuissance doit faire la police de la plan\u00e8te.<\/div>\n<div class=\"mdjCiter\">Il y a eu deux probl\u00e8mes dans cette affirmation :<\/div>\n<div class=\"mdjCiter\">S&rsquo;il n&rsquo;y a qu&rsquo;une superpuissance qui d\u00e9cide d&rsquo;agir, elle choisit les endroits !<\/div>\n<div class=\"mdjCiter\">Les crises [internationales] sur lesquels on agit ne sont pas les plus graves.<\/div>\n<div class=\"mdjCiter\">La crise la plus importante depuis la fin de la seconde guerre mondiale c&rsquo;est la crise du Congo : 2,5 millions de morts.<\/div>\n<div class=\"mdjCiter\">Ce n&rsquo;est pas celle-l\u00e0 qui nous a mobilis\u00e9<\/div>\n<div class=\"mdjCiter\">il y a bien un choix id\u00e9ologique.<\/div>\n<div class=\"mdjCiter\">Le choix id\u00e9ologique c&rsquo;est la formulation am\u00e9ricaine<\/div>\n<div class=\"mdjCiter\">Dans le cas de \u00ab\u00a0l&rsquo;Etat Islamique\u00a0\u00bb on va aller combattre un groupe qui d\u00e9capite, coupe les mains qui opprime les femmes et qui interdit les autres religions pour aller d\u00e9fendre l&rsquo;Arabie Saoudite qui d\u00e9capite, coupe les mains, opprime les femmes et qui interdit les autres religions sur son territoire.<\/div>\n<div class=\"mdjCiter\">Je ne sais pas l&rsquo;objectif politique que nous poursuivons. \u00bb<\/div>\n<div class=\"mdjComplements\">J&rsquo;ai voulu en savoir plus sur le Congo, c&rsquo;est dans ce pays qu\u2019\u0153uvre Denis Mukwege le m\u00e9decin \u00e9voqu\u00e9 par le mot du jour du 30 octobre. <\/div>\n<div class=\"mdjComplements\">D&rsquo;abord concernant le traitement m\u00e9diatique. J&rsquo;ai v\u00e9rifi\u00e9 (en tant qu&rsquo;abonn\u00e9s du Monde j&rsquo;ai acc\u00e8s \u00e0 toutes les archives du journal depuis 1946), j&rsquo;ai fait la recherche des articles comportant &lsquo;Congo\u00a0\u00bb dans le titre depuis le 1er janvier 1992, il y en a eu 758. Pour l&rsquo;Irak c&rsquo;est 6 fois plus (4398) pour la Syrie 3 fois plus (2195).<\/div>\n<div class=\"mdjComplements\">Voici l&rsquo;\u00e9mission \u00e9voqu\u00e9e contre le terrorisme : <a href=\"http:\/\/www.franceculture.fr\/emission-dimanche-et-apres-lutte-contre-le-terrorisme-et-apres-de-kidal-a-kobane-l-efficacite-milita\">http:\/\/www.franceculture.fr\/emission-dimanche-et-apres-lutte-contre-le-terrorisme-et-apres-de-kidal-a-kobane-l-efficacite-milita<\/a><\/div>\n<div class=\"mdjComplements\">Vous trouverez ci-apr\u00e8s un article tr\u00e8s d\u00e9taill\u00e9 et avec un tr\u00e8s grand nombre de liens, tr\u00e8s \u00e0 charge des multinationales et contenant\u00a0 des explications sur les raisons du conflit au Congo, vous apprendrez aussi l&rsquo;existence du coltan, indispensable pour nos portables et dont le minerai se trouve essentiellement au Congo et dont l&rsquo;exploitation est aussi au c\u0153ur du conflit.<\/div>\n<div class=\"mdjComplements\">C&rsquo;est un article tr\u00e8s accusatoire, publi\u00e9 par Agora vox.<\/div>\n<div class=\"mdjComplements\">Pour ceux qui pourraient penser que ce site est un site d\u2019extr\u00e9mistes, de gauchistes ou d&rsquo;anarchistes irresponsables, je dois h\u00e9las les d\u00e9tromper. AgoraVox a \u00e9t\u00e9 fond\u00e9 en mars 2005 par Carlo Revelli en collaboration avec Jo\u00ebl de Rosnay. C&rsquo;est un m\u00e9dia participatif qui est contr\u00f4l\u00e9 par une Fondation d&rsquo;utilit\u00e9 publique : la Fondation AgoraVox qui\u00a0 a \u00e9t\u00e9 d\u00e9clar\u00e9e d&rsquo;utilit\u00e9 publique par le Ministre belge de la justice le 26 mars 2009. La Fondation AgoraVox a son si\u00e8ge \u00e0 Bruxelles.<\/div>\n<div class=\"mdjComplements\">Ses informations ont donc une pr\u00e9somption de cr\u00e9dibilit\u00e9 tr\u00e8s forte : <a href=\"http:\/\/www.agoravox.fr\/actualites\/international\/article\/rdc-des-millions-de-morts-un-138851\">http:\/\/www.agoravox.fr\/actualites\/international\/article\/rdc-des-millions-de-morts-un-138851<\/a><\/div>\n<div class=\"mdjComplements\">Et ce qui est d\u00e9crit dans cet article est terrible.<\/div>\n","protected":false},"excerpt":{"rendered":"<p>Jeudi 13 novembre 2014 \u00ab Les crises [internationales] sur lesquels on agit ne sont pas les plus graves.La crise la plus importante depuis la fin de la seconde guerre mondiale c&rsquo;est la crise du Congo : 2,5 millions de morts.<\/p>\n","protected":false},"author":1,"featured_media":0,"comment_status":"closed","ping_status":"closed","sticky":false,"template":"","format":"standard","meta":{"footnotes":""},"categories":[1],"tags":[],"class_list":["post-904","post","type-post","status-publish","format-standard","hentry","category-motdujour"],"_links":{"self":[{"href":"https:\/\/lemotdujour.fr\/index.php?rest_route=\/wp\/v2\/posts\/904","targetHints":{"allow":["GET"]}}],"collection":[{"href":"https:\/\/lemotdujour.fr\/index.php?rest_route=\/wp\/v2\/posts"}],"about":[{"href":"https:\/\/lemotdujour.fr\/index.php?rest_route=\/wp\/v2\/types\/post"}],"author":[{"embeddable":true,"href":"https:\/\/lemotdujour.fr\/index.php?rest_route=\/wp\/v2\/users\/1"}],"replies":[{"embeddable":true,"href":"https:\/\/lemotdujour.fr\/index.php?rest_route=%2Fwp%2Fv2%2Fcomments&post=904"}],"version-history":[{"count":1,"href":"https:\/\/lemotdujour.fr\/index.php?rest_route=\/wp\/v2\/posts\/904\/revisions"}],"predecessor-version":[{"id":905,"href":"https:\/\/lemotdujour.fr\/index.php?rest_route=\/wp\/v2\/posts\/904\/revisions\/905"}],"wp:attachment":[{"href":"https:\/\/lemotdujour.fr\/index.php?rest_route=%2Fwp%2Fv2%2Fmedia&parent=904"}],"wp:term":[{"taxonomy":"category","embeddable":true,"href":"https:\/\/lemotdujour.fr\/index.php?rest_route=%2Fwp%2Fv2%2Fcategories&post=904"},{"taxonomy":"post_tag","embeddable":true,"href":"https:\/\/lemotdujour.fr\/index.php?rest_route=%2Fwp%2Fv2%2Ftags&post=904"}],"curies":[{"name":"wp","href":"https:\/\/api.w.org\/{rel}","templated":true}]}}