{"id":9008,"date":"2020-06-02T05:39:00","date_gmt":"2020-06-02T03:39:00","guid":{"rendered":"http:\/\/lemotdujour.fr\/?p=9008"},"modified":"2020-06-03T22:34:45","modified_gmt":"2020-06-03T20:34:45","slug":"mardi-2-juin-2020","status":"publish","type":"post","link":"https:\/\/lemotdujour.fr\/?p=9008","title":{"rendered":"Mardi 2 juin 2020"},"content":{"rendered":"<div class=\"mdjTexte\">\u00abPause\u00bb<\/div>\n<div class=\"mdjAuteur\">Un jour sans mot du jour<\/div>\n<p><span style=\"font-size: 12pt;\"><span style=\"color: #777777; font-family: Arial;\">Je ne suis pas parvenu \u00e0 \u00e9crire un mot du jour pour ce mardi.<\/span><span style=\"font-family: Times New Roman;\"><br \/>\n<\/span><\/span><\/p>\n<p><img loading=\"lazy\" decoding=\"async\" class=\"alignleft\" src=\"https:\/\/lemotdujour.fr\/wp-content\/uploads\/2020\/06\/060120_1839_Mardi2juin21.jpg\" alt=\"\" width=\"435\" height=\"201\" align=\"left\"><span style=\"color: #777777; font-family: Arial;\">L&rsquo;ann\u00e9e derni\u00e8re le 2 juin \u00e9tait un dimanche.<br \/>\n<\/span><\/p>\n<p><span style=\"color: #777777; font-family: Arial;\">Et le jour d&rsquo;avant \u00e9tait le samedi 1<sup>er<\/sup> juin. C&rsquo;est ce jour l\u00e0 que Michel Serres quitta la vie terrestre.<\/span><\/p>\n<p><span style=\"color: #777777; font-family: Arial;\"><strong>Le lundi 3 juin<\/strong> j&rsquo;\u00e9crivais un mot du jour hommage \u00e0 cet homme remarquable&nbsp;:<br \/>\n<\/span><\/p>\n<p style=\"margin-left: 14pt;\"><span style=\"color: navy; font-size: 11pt;\"><span style=\"font-family: Verdana;\"><strong>\u00ab&nbsp;Le moraliste espi\u00e8gle s&rsquo;en est all\u00e9 \u2026&nbsp;\u00bb<br \/>\n<\/strong><\/span><span style=\"color: maroon; font-family: Arial;\">Michel Serres est d\u00e9c\u00e9d\u00e9 samedi 1<sup>er<\/sup> juin \u00e0 19 heures<\/span><span style=\"font-family: Times New Roman;\"><br \/>\n<\/span><\/span><\/p>\n<p><span style=\"font-size: 12pt;\"><span style=\"color: #777777; font-family: Arial;\">Je n&rsquo;imaginais pas lorsque je publiais le mot du jour, avant le long week-end de l&rsquo;ascension, dans lequel je partageais l&rsquo;\u00e9mission de France Inter \u00ab&nbsp;<a href=\"https:\/\/www.dailymotion.com\/video\/x79e7oa\"><span style=\"color: blue; text-decoration: underline;\">Michel Serres \u2013 Questions Politiques du 26 mai 2019&nbsp;<\/span><\/a>\u00bb, que lors du mot du jour suivant, il faudrait prendre cong\u00e9 de cet homme qui a \u00e9t\u00e9 si inspirant et m&rsquo;a donn\u00e9 tant de sources de r\u00e9flexions.<\/span><span style=\"font-family: Times New Roman;\"><br \/>\n<\/span><\/span><\/p>\n<p><span style=\"font-size: 12pt;\"><span style=\"color: #777777; font-family: Arial;\">Il est mort de vieillesse, je pense que c&rsquo;est cela qu&rsquo;il aurait dit<\/span><span style=\"font-family: Times New Roman;\"><br \/>\n<\/span><\/span><\/p>\n<p><span style=\"font-size: 12pt;\"><span style=\"color: #777777; font-family: Arial;\">Dans notre soci\u00e9t\u00e9 actuelle, on meurt de plus en plus vieux, mais selon ce que l&rsquo;on dit on meurt du cancer, d&rsquo;un infarctus ou de tout autre d\u00e9tail technique mais plus de vieillesse.<\/span><span style=\"font-family: Times New Roman;\"><br \/>\n<\/span><\/span><\/p>\n<p><span style=\"font-size: 12pt;\"><span style=\"color: #777777; font-family: Arial;\">Dans ce qui sera donc sa derni\u00e8re \u00e9mission de radio, il \u00e9tait visible que si son esprit \u00e9tait toujours aussi p\u00e9tillant et vivace, le corps \u00e9tait affaibli, malade.<\/span><span style=\"font-family: Times New Roman;\"><br \/>\n<\/span><\/span><\/p>\n<p><a href=\"https:\/\/lemotdujour.fr\/?p=6795\"><span style=\"font-family: Arial;\"><span style=\"color: #0000ff;\">&lt;Lire la suite sur le blog&gt;<\/span><\/span><\/a><span style=\"color: #777777; font-family: Arial;\"><br \/>\n<\/span><\/p>\n<p><span style=\"color: #777777; font-family: Arial;\">Et &lt;<a href=\"https:\/\/lemotdujour.fr\/?page_id=7839\"><span style=\"color: #0000ff;\">Sur cette page<\/span><\/a>&gt; il y a le rappel de 18 mots du jour inspir\u00e9s par Michel Serres.<br \/>\n<\/span><\/p>\n<p><span style=\"color: #c00000; font-family: Arial;\">&lt;Mot sans num\u00e9ro&gt;<\/span><\/p>\n","protected":false},"excerpt":{"rendered":"<p>\u00abPause\u00bb Un jour sans mot du jour Je ne suis pas parvenu \u00e0 \u00e9crire un mot du jour pour ce mardi. L&rsquo;ann\u00e9e derni\u00e8re le 2 juin \u00e9tait un dimanche. Et le jour d&rsquo;avant \u00e9tait le samedi 1er juin. C&rsquo;est ce<\/p>\n","protected":false},"author":1,"featured_media":0,"comment_status":"open","ping_status":"closed","sticky":false,"template":"","format":"standard","meta":{"footnotes":""},"categories":[1],"tags":[96],"class_list":["post-9008","post","type-post","status-publish","format-standard","hentry","category-motdujour","tag-pause"],"_links":{"self":[{"href":"https:\/\/lemotdujour.fr\/index.php?rest_route=\/wp\/v2\/posts\/9008","targetHints":{"allow":["GET"]}}],"collection":[{"href":"https:\/\/lemotdujour.fr\/index.php?rest_route=\/wp\/v2\/posts"}],"about":[{"href":"https:\/\/lemotdujour.fr\/index.php?rest_route=\/wp\/v2\/types\/post"}],"author":[{"embeddable":true,"href":"https:\/\/lemotdujour.fr\/index.php?rest_route=\/wp\/v2\/users\/1"}],"replies":[{"embeddable":true,"href":"https:\/\/lemotdujour.fr\/index.php?rest_route=%2Fwp%2Fv2%2Fcomments&post=9008"}],"version-history":[{"count":5,"href":"https:\/\/lemotdujour.fr\/index.php?rest_route=\/wp\/v2\/posts\/9008\/revisions"}],"predecessor-version":[{"id":9061,"href":"https:\/\/lemotdujour.fr\/index.php?rest_route=\/wp\/v2\/posts\/9008\/revisions\/9061"}],"wp:attachment":[{"href":"https:\/\/lemotdujour.fr\/index.php?rest_route=%2Fwp%2Fv2%2Fmedia&parent=9008"}],"wp:term":[{"taxonomy":"category","embeddable":true,"href":"https:\/\/lemotdujour.fr\/index.php?rest_route=%2Fwp%2Fv2%2Fcategories&post=9008"},{"taxonomy":"post_tag","embeddable":true,"href":"https:\/\/lemotdujour.fr\/index.php?rest_route=%2Fwp%2Fv2%2Ftags&post=9008"}],"curies":[{"name":"wp","href":"https:\/\/api.w.org\/{rel}","templated":true}]}}