{"id":8985,"date":"2020-05-29T02:15:00","date_gmt":"2020-05-29T00:15:00","guid":{"rendered":"http:\/\/lemotdujour.fr\/?p=8985"},"modified":"2020-06-03T22:03:01","modified_gmt":"2020-06-03T20:03:01","slug":"vendredi-29-mai-2020","status":"publish","type":"post","link":"https:\/\/lemotdujour.fr\/?p=8985","title":{"rendered":"Vendredi 29 mai 2020"},"content":{"rendered":"<div class=\"mdjTexte\">\u00abQuelle est votre richesse ? Qui \u00eates-vous que je ne suis pas ? est la seule question qui vaille\u00bb<\/div>\n<div class=\"mdjAuteur\">Tobie Nathan<\/div>\n<p><span style=\"color: #777777; font-family: Arial;\">Plusieurs fois \u00e0 travers les \u00e9missions que j&rsquo;\u00e9coute ou les articles que je lis, j&rsquo;ai rencontr\u00e9 la route de <strong>Tobie Nathan<\/strong>. Chaque fois j&rsquo;ai \u00e9t\u00e9 happ\u00e9 par son humanisme, son intelligence, son ouverture d&rsquo;esprit. Je n&rsquo;ai jamais su pour l&rsquo;instant transformer ces rencontres en un mot du jour. Mais il fait partie des grands entretiens de la revue XXI et ceci me donne l&rsquo;opportunit\u00e9 enfin d&rsquo;ouvrir une nouvelle porte vers la r\u00e9flexion et l&rsquo;action d&rsquo;un homme remarquable de notre temps.<br \/>\n<\/span><\/p>\n<p><span style=\"color: #777777; font-family: Arial;\">C&rsquo;est un homme \u00e0 l&rsquo;\u00e9coute de l&rsquo;alt\u00e9rit\u00e9 qui ne croit pas tout savoir. Qui est \u00e0 la recherche de l&rsquo;autre, du monde de l&rsquo;autre, de ce qui explique l&rsquo;autre, de ce qui peut le soigner.<br \/>\n<\/span><\/p>\n<p><img loading=\"lazy\" decoding=\"async\" class=\"alignleft\" src=\"https:\/\/lemotdujour.fr\/wp-content\/uploads\/2020\/05\/052820_2115_Vendredi29m1.jpg\" alt=\"\" width=\"305\" height=\"206\" align=\"left\"><span style=\"color: #777777;\"><span style=\"font-family: Arial;\">L&rsquo;entretien de la revue XXI consacr\u00e9e \u00e0 Tobie Nathan \u00e9tait un hors-s\u00e9rie \u00ab&nbsp;<strong>Les d\u00e9racin\u00e9s<\/strong>&nbsp;\u00bb paru en f\u00e9vrier 2016. Ce num\u00e9ro explicitait son titre par cette d\u00e9finition&nbsp;: \u00ab&nbsp;Ils vivent ailleurs que l\u00e0 o\u00f9 ils sont n\u00e9s&nbsp;\u00bb.<\/span><span style=\"font-family: Times New Roman;\"><br \/>\n<\/span><\/span><\/p>\n<p><span style=\"color: #777777;\"><span style=\"font-family: Arial;\">L&rsquo;entretien, qui avait \u00e9t\u00e9 men\u00e9 par <strong>Marion Quillard<\/strong> a donc \u00e9t\u00e9 repris dans l&rsquo;ouvrage \u00ab&nbsp;<strong>comprendre le monde<\/strong>.<\/span><span style=\"font-family: Times New Roman;\"><br \/>\n<\/span><\/span><\/p>\n<p><span style=\"color: #777777; font-family: Arial;\">Tobie Nathan se pr\u00e9sente ainsi&nbsp;:<br \/>\n<\/span><\/p>\n<p style=\"margin-left: 28pt;\"><span style=\"color: #c00000; font-family: Arial;\">\u00ab&nbsp;Je suis psychologue et je travaille dans le domaine de l&rsquo;ethnopsychiatrie, mais je ne suis ni ethnologue ni psychiatre.&nbsp;\u00bb<br \/>\n<\/span><\/p>\n<p><span style=\"color: #777777; font-family: Arial;\">Il va tenter pendant l&rsquo;entretien de d\u00e9finir l&rsquo;ethnopsychiatrie, cette psychiatrie imagin\u00e9e pour les migrants, cette \u00ab obligation de prendre en compte le monde de l&rsquo;autre pour le soigner \u00bb. <\/span><span style=\"color: #777777; font-family: Arial;\">Et \u00e0 la fin, il a l\u00e2ch\u00e9&nbsp;:<br \/>\n<\/span><\/p>\n<p style=\"margin-left: 28pt;\"><span style=\"color: #c00000; font-family: Arial;\">\u00ab&nbsp;C&rsquo;est la d\u00e9finition que je donnerais aujourd&rsquo;hui. Demain j&rsquo;en donnerai peut \u00eatre une autre\u2026.&nbsp;\u00bb<br \/>\n<\/span><\/p>\n<p><span style=\"color: #777777; font-family: Arial;\">Marion Quillard raconte&nbsp;:<br \/>\n<\/span><\/p>\n<p style=\"margin-left: 28pt;\"><span style=\"color: #c00000; font-family: Arial;\">\u00ab&nbsp;Tobie Nathan ouvre des portes et ne les referme pas toujours. Roi de la pirouette, il re\u00e7oit au Centre Georges-Devereux, la structure qu&rsquo;il a cr\u00e9\u00e9e en 1993 \u00e0 Saint Denis et qui se situe d\u00e9sormais en plein c\u0153ur de Paris. Au deuxi\u00e8me \u00e9tage, des chaises en rang d&rsquo;oignons, une petite cuisine dont s&rsquo;\u00e9chappe une odeur de caf\u00e9, quelques livres mis \u00e0 disposition. Ici les consultations durent en moyenne deux heures \u00ab&nbsp;et elles sont gratuites&nbsp;\u00bb dit le dr\u00f4le d&rsquo;oiseau qui me fait face.<br \/>\n<\/span><\/p>\n<p style=\"margin-left: 28pt;\"><a href=\"https:\/\/www.lanouvellerepublique.fr\/blois\/tobie-nathan-une-vie-a-comprendre-le-monde\"><img loading=\"lazy\" decoding=\"async\" class=\"alignleft\" src=\"https:\/\/lemotdujour.fr\/wp-content\/uploads\/2020\/05\/052820_2115_Vendredi29m2.png\" alt=\"\" width=\"380\" height=\"232\" border=\"0\" align=\"left\"><\/a><span style=\"color: #c00000; font-family: Arial;\">Avec lui, des psychologues, des m\u00e9decins, des \u00e9ducateurs et des traducteurs prennent en charge la sant\u00e9 mentale des plus faibles. Les migrants, historiquement. Puis les anciens membres de sectes, les boulimiques, les transsexuels. [\u2026]<\/span><\/p>\n<p style=\"margin-left: 28pt;\"><img loading=\"lazy\" decoding=\"async\" class=\"alignright\" src=\"https:\/\/lemotdujour.fr\/wp-content\/uploads\/2020\/05\/052820_2115_Vendredi29m3.jpg\" alt=\"\" width=\"157\" height=\"252\" align=\"left\"><span style=\"color: #c00000; font-family: Arial;\">\u00c9crivain de la nuit, il raconte dans son livre \u00ab <a href=\"https:\/\/www.youtube.com\/watch?v=J9-7yXAgu4s\"><span style=\"color: #0000ff;\">Ce pays qui te ressemble<\/span>&nbsp;<\/a>\u00bb&nbsp;; son monde disparu, celui des juifs d&rsquo;Egypte, forc\u00e9s \u00e0 l&rsquo;exil en 1956. La \u00ab&nbsp;d\u00e9chirure&nbsp;\u00bb qui a fait de lui un oiseau migrateur. Attachant, m\u00ealant la pr\u00e9cision scientifique et gouaille de l&#8217;emberlificoteur, il fait toujours le pari de l&rsquo;intelligence de l&rsquo;autre.&nbsp;\u00bb<br \/>\n<\/span><\/p>\n<p><span style=\"color: #777777; font-family: Arial;\">Tobie Nathan est n\u00e9 en 1948 au Caire, sa famille a \u00e9t\u00e9 expuls\u00e9e en 1956 parce que juive. Il est arriv\u00e9 en France un an plus tard. Et quand Marion Quillard lui demande s&rsquo;il ressemble aux migrants qu&rsquo;il rencontre, il r\u00e9pond&nbsp;:<br \/>\n<\/span><\/p>\n<p style=\"margin-left: 28pt;\"><span style=\"color: #c00000; font-family: Arial;\">\u00ab&nbsp;Bien s\u00fbr&nbsp;! Je partage avec eux une conscience aigu\u00eb de la contingence du monde. Contrairement \u00e0 ce que pensent les Fran\u00e7ais, notre monde n&rsquo;est pas \u00e9ternel. Moi, je suis plusieurs. J&rsquo;ai \u00e9t\u00e9 un enfant \u00e9gyptien, un enfant italien et un enfant fran\u00e7ais. J&rsquo;aurais pu \u00eatre un enfant canadien, puisque mes parents ont eu envie d&rsquo;\u00e9migrer au Canada. Et je garde le souvenir de mes \u00eatres pr\u00e9c\u00e9dents. Je n&rsquo;ai jamais cru que le monde qui s&rsquo;\u00e9talait sous mes yeux \u00e9tait \u00ab&nbsp;le monde&nbsp;\u00bb. Il y a eu d&rsquo;autres mondes avant, il y en aura d&rsquo;autres apr\u00e8s, il y en d\u00e9j\u00e0 d&rsquo;autres ailleurs.&nbsp;\u00bb<br \/>\n<\/span><\/p>\n<p><span style=\"color: #777777; font-family: Arial;\">Et il raconte le d\u00e9but de son travail avec les migrants&nbsp;:<br \/>\n<\/span><\/p>\n<p style=\"margin-left: 28pt;\"><span style=\"color: #c00000; font-family: Arial;\">J&rsquo;ai rencontr\u00e9 mon premier patient le 15 avril 1972 et il se trouve que c&rsquo;\u00e9tait un migrant, un Tamoul de Pondich\u00e9ry, en Inde. Il avait \u00e9t\u00e9 m\u00e9tamorphos\u00e9 par la migration. \u00ab&nbsp;Je&nbsp;\u00bb \u00e9tait devenu un autre. J&rsquo;ai eu envie de comprendre et j&rsquo;ai toujours travaill\u00e9 sur cette \u00ab&nbsp;m\u00e9tamorphose&nbsp;\u00bb. Pourquoi notre identit\u00e9 change-t-elle quand nous passons d&rsquo;un monde \u00e0 l&rsquo;autre&nbsp;?<br \/>\n<\/span><\/p>\n<p style=\"margin-left: 28pt;\"><span style=\"color: #c00000; font-family: Arial;\">Comment la migration qui est un simple d\u00e9m\u00e9nagement, un changement de d\u00e9cor, peut-elle \u00e0 ce point affecter notre \u00eatre int\u00e9rieur&nbsp;? Ces questions me sid\u00e8rent.<br \/>\n<\/span><\/p>\n<p style=\"margin-left: 28pt;\"><span style=\"color: #c00000; font-family: Arial;\">En France j&rsquo;ai vu arriver les migrants par vagues successives&nbsp;: les Portugais, les Maghr\u00e9bins, les Africains, les gens d&rsquo;Asie du Sud-Est, et maintenant les Syriens.<br \/>\n<\/span><\/p>\n<p style=\"margin-left: 28pt;\"><span style=\"color: #c00000; font-family: Arial;\">A chaque fois, on refuse d&rsquo;\u00e9couter ce qu&rsquo;ils \u00e0 nous dire. Avec notre universalisme simplet, nous pensons que ces gens nous ressemblent. Nous pensons \u00e0 tort qu&rsquo;ils viennent nous rappeler nos id\u00e9aux de justice, notre responsabilit\u00e9 dans la mis\u00e8re du monde. Pire encore, nous rappeler \u00ab&nbsp;d&rsquo;o\u00f9 nous venons&nbsp;\u00bb. Mais <strong>les migrants ne sont pas l\u00e0 \u00ab&nbsp;pour nous&nbsp;\u00bb.<\/strong> Ils viennent pour des raisons qui leur sont propres et il nous faut les \u00e9couter, comprendre leurs mondes, leurs id\u00e9es et leurs dieux.<br \/>\n<\/span><\/p>\n<p style=\"margin-left: 28pt;\"><span style=\"color: #c00000; font-family: Arial;\">Leur demander&nbsp;: \u00ab&nbsp;<strong>Quelle est votre richesse&nbsp;? Qui \u00eates-vous que je ne suis pas&nbsp;?&nbsp;\u00bb est la seule question qui vaille.&nbsp;<\/strong>\u00bb<br \/>\n<\/span><\/p>\n<p><a href=\"http:\/\/www.wanacorp.fr\/ben-ezra-synagogue-egypte\/\"><img loading=\"lazy\" decoding=\"async\" class=\"alignleft\" src=\"https:\/\/lemotdujour.fr\/wp-content\/uploads\/2020\/05\/052820_2115_Vendredi29m4.jpg\" alt=\"\" width=\"401\" height=\"281\" border=\"0\" align=\"left\"><\/a><span style=\"color: #777777; font-family: Arial;\">Nous sommes profond\u00e9ment ancr\u00e9s dans nos racines, nos anc\u00eatres, notre famille, le lieu de notre enfance, notre histoire. Tobie Nathan n&rsquo;\u00e9chappe pas \u00e0 cette r\u00e8gle et lui, en plus, en est totalement conscient&nbsp;:<br \/>\n<\/span><\/p>\n<p style=\"margin-left: 28pt;\"><span style=\"color: #c00000; font-family: Arial;\">\u00ab&nbsp;Nous sommes en 1956, j&rsquo;ai une passion pour la radio. [\u2026] Un soir, mes parents sortent et je demande \u00e0 rester avec les bonnes pour \u00e9couter la radio. Toute la soir\u00e9e, Nasser n&rsquo;a qu&rsquo;un mot \u00e0 la bouche&nbsp;: \u00ab&nbsp;juif&nbsp;\u00bb. Il vient de nationaliser le canal de Suez [\u2026]. Mes parents sont encore insouciants&nbsp;! Ils sortent&nbsp;! Et moi, je pressens le cataclysme \u00e0 venir. Je savais qu&rsquo;\u00e0 partir de ce moment-l\u00e0 nous serions expuls\u00e9s. [\u2026]<br \/>\n<\/span><\/p>\n<p style=\"margin-left: 28pt;\"><span style=\"color: #c00000; font-family: Arial;\">Adulte, j&rsquo;ai pos\u00e9 la question \u00e0 mon p\u00e8re&nbsp;: Comment \u00e7a se fait que tu n&rsquo;aies rien vu venir&nbsp;? Tu \u00e9tais commer\u00e7ant, tu discutais avec tout le monde&nbsp;! Il \u00e9tait incapable de me r\u00e9pondre. Il rigolait, il disait&nbsp;: parce que je suis con&nbsp;! \u00bb. Une fois seulement, il m&rsquo;a dit&nbsp;: \u00ab&nbsp;Je n&rsquo;y ai jamais pens\u00e9. \u00bb Jamais il n&rsquo;avait imagin\u00e9 que le tissu qui maillait les Juifs et les Arabes en Egypte depuis des si\u00e8cles allait se d\u00e9chirer. Pour qu&rsquo;il comprenne, il a fallu qu&rsquo;un militaire surgisse \u00e0 la boutique, sorte un flingue et le pose sur le bureau en disant&nbsp;: \u00ab&nbsp;Ouvre ce coffre, tout ce qui est ici appartient \u00e0 l&rsquo;Etat \u00e9gyptien.&nbsp;\u00bb Nos biens ont \u00e9t\u00e9 saisis, nous sommes partis les mains vides. [\u2026]<br \/>\n<\/span><\/p>\n<p style=\"margin-left: 28pt;\"><span style=\"color: #c00000; font-family: Arial;\">Je suis un juif d&rsquo;Egypte. Du c\u00f4t\u00e9 de ma m\u00e8re, on trouve des rabbins de p\u00e8re en fils, les Isra\u00ebl, de 1500 \u00e0 1870.Le dernier \u00e9tait grand rabbin d&rsquo;Egypte. Autant vous dire, le top du top. Un homme politique autant qu&rsquo;un homme religieux. [\u2026]. Il s&rsquo;appelait Yom-Tov Isra\u00ebl Shrezli et c&rsquo;\u00e9tait le grand-p\u00e8re de mon grand-p\u00e8re maternel.<br \/>\n<\/span><\/p>\n<p><span style=\"color: #777777; font-family: Arial;\">Et puis, il esquisse ces relations compliqu\u00e9es avec sa m\u00e8re faites de respect, de crainte et de d\u00e9sir de s&rsquo;\u00e9chapper&nbsp;:<br \/>\n<\/span><\/p>\n<p style=\"margin-left: 28pt;\"><span style=\"color: #c00000; font-family: Arial;\">\u00ab&nbsp;Je suis marqu\u00e9 par ma m\u00e8re oui, cette forte t\u00eate. Vous ne pouvez pas imaginer ce que c&rsquo;est, une m\u00e8re juive \u00e9gyptienne qui vous dit&nbsp;: \u00ab&nbsp;H\u00e9, je te parle. Je t&rsquo;ai port\u00e9 pendant neuf mois dans mon ventre, t&rsquo;\u00e9tais une chiure de mouche. T&rsquo;\u00e9tais rien et maintenant t&rsquo;\u00e9l\u00e8ves la voix devant moi&nbsp;?&nbsp;\u00bb Vous tremblez. Vous avez 40, 50 ans, vous tremblez, je vous assure. Mais j&rsquo;ai fait ce que je voulais. Je ne me suis laiss\u00e9 influencer par personne. J&rsquo;ai fait des erreurs, mais de mon plein gr\u00e9. J&rsquo;ai pris des chemins de traverse\u2026Ma m\u00e8re pensait que je deviendrai ing\u00e9nieur. Elle \u00e9tait prof. De maths, j&rsquo;ai eu peur de l&rsquo;avoir sur le dos, alors j&rsquo;ai fait le contraire. J&rsquo;ai \u00e9tudi\u00e9 la philosophie. Je me suis passionn\u00e9 pour la psychanalyse.&nbsp;\u00bb<br \/>\n<\/span><\/p>\n<p><span style=\"color: #777777; font-family: Arial;\">Et il parle de son don de soigner. <\/span><span style=\"color: #777777; font-family: Arial;\">Il rattache ce don \u00e0 la famille maternelle de son p\u00e8re qui s&rsquo;appelait Cohen&nbsp;:<br \/>\n<\/span><\/p>\n<p style=\"margin-left: 28pt;\"><span style=\"color: #c00000; font-family: Arial;\">\u00ab&nbsp;Ils \u00e9taient joailliers. Leur boutique au souk des orf\u00e8vres devait faire un m\u00e8tre de large., mais ils vivaient dans un palais. Ils \u00e9taient riches donc, mais riches de quoi&nbsp;? C&rsquo;est un myst\u00e8re.<br \/>\n<\/span><\/p>\n<p style=\"margin-left: 28pt;\"><span style=\"color: #c00000; font-family: Arial;\">Je sais juste qu&rsquo;ils fabriquaient des bijoux sp\u00e9ciaux. Si vous passiez un examen, si vous vouliez vous marier, vous alliez les voir. Ils fabriquaient pour vous des bagues magiques, en diluant un texte sacr\u00e9 dans de l&rsquo;eau et en y \u00e9teignant l&rsquo;or ou l&rsquo;argent. Les textes impr\u00e9gnaient les bijoux, qui coutaient tr\u00e8s chers. Ils fabriquaient aussi les objets du culte, les grenades en argent qui surmontent les Torah.\u00bb<br \/>\n<\/span><\/p>\n<p><span style=\"color: #777777; font-family: Arial;\"><img loading=\"lazy\" decoding=\"async\" class=\"size-full wp-image-8999 alignleft\" src=\"https:\/\/lemotdujour.fr\/wp-content\/uploads\/2020\/05\/tobie-Nathan-02.jpg\" alt=\"\" width=\"337\" height=\"229\" srcset=\"https:\/\/lemotdujour.fr\/wp-content\/uploads\/2020\/05\/tobie-Nathan-02.jpg 337w, https:\/\/lemotdujour.fr\/wp-content\/uploads\/2020\/05\/tobie-Nathan-02-300x204.jpg 300w\" sizes=\"auto, (max-width: 337px) 100vw, 337px\" \/>Et il part de ces origines pour se sentir l\u00e9gitime pour soigner. Il croit \u00e0 son obligation de soigner ses semblables. Et il d\u00e9passe la seule souffrance psychologique pour parler de g\u00e9opolitique. Et pour donner du corps \u00e0 cette \u00e9tonnante affirmation, il donne l&rsquo;exemple de survivants de la shoah qui quarante ans apr\u00e8s la guerre, font encore des cauchemars&nbsp;:<br \/>\n<\/span><\/p>\n<p style=\"margin-left: 28pt;\"><span style=\"color: #c00000; font-family: Arial;\">\u00ab&nbsp;La psychologie c&rsquo;est de la g\u00e9opolitique. Les causes et les traitements sont \u00e0 l&rsquo;ext\u00e9rieur des patients. Ils sont dans le monde, dans leur monde, pas dans leur petite t\u00eate&nbsp;!<br \/>\n<\/span><\/p>\n<p style=\"margin-left: 28pt;\"><span style=\"color: #c00000; font-family: Arial;\">Moi je n&rsquo;ai pas de probl\u00e8mes psychologiques, mais j&rsquo;ai des probl\u00e8mes de g\u00e9opolitique. \u00c7a oui. Je suis un hypersensible de la g\u00e9opolitique. [\u2026] Lorsque j&rsquo;\u00e9coute les informations par exemple. Il me semble insens\u00e9 qu&rsquo;un journaliste puisse prononcer la phrase suivante&nbsp;: \u00ab&nbsp;Il y a eu 2200 morts \u00e0 La Mecque&nbsp;\u00bb. J&rsquo;entends cette phrase sans la comprendre. En revanche, quand quelqu&rsquo;un vient me voir en consultation et me raconte&nbsp;: \u00ab&nbsp;Mon grand-p\u00e8re est parti \u00e0 La Mecque. Il faisait beau, il \u00e9tait fou de joie et, il y a eu cet accident terrible, les gens se sont march\u00e9s dessus\u2026&nbsp;\u00bb L\u00e0 je comprends&nbsp;\u00bb<br \/>\n<\/span><\/p>\n<p><span style=\"color: #777777; font-family: Arial;\">Et puis il a cette appr\u00e9hension tr\u00e8s particuli\u00e8re, en tout cas assez \u00e9loign\u00e9e des standards occidentaux concernant le concept d&rsquo;individu, de sa libert\u00e9, de son ind\u00e9pendance&nbsp;:<br \/>\n<\/span><\/p>\n<p style=\"margin-left: 28pt;\"><span style=\"color: #c00000; font-family: Arial;\">\u00ab Je ne crois pas que les gens soient interchangeables. Je sais que c&rsquo;est la relation des journalistes, celle de \u00ab l&rsquo;individu quelconque \u00bb. Mais ce n&rsquo;est pas la mienne. [\u2026] <\/span><span style=\"color: #c00000; font-family: Arial;\">O\u00f9 voyez-vous des individus ? <\/span><span style=\"color: #c00000; font-family: Arial;\">Vous connaissez des individus&nbsp;?<br \/>\n<\/span><\/p>\n<p style=\"margin-left: 28pt;\"><span style=\"color: #c00000; font-family: Arial;\">Les individus existent quand ils sont morts, quand on peut dire&nbsp;: \u00ab&nbsp;Il a \u00e9t\u00e9&nbsp;\u00bb. Mais \u00ab&nbsp;il est&nbsp;\u00bb, \u00e7a n&rsquo;a aucun sens. L&rsquo;individu est une notion juridique. \u00ab&nbsp;Je&nbsp;\u00bb suis un \u00e9tat civil, un num\u00e9ro de s\u00e9curit\u00e9 sociale, mais c&rsquo;est tout. Il faut arr\u00eater de se pavaner comme si nous n&rsquo;\u00e9tions rien d&rsquo;autre que nous-m\u00eames. Nous sommes bien plus que nous-m\u00eames&nbsp;!&nbsp;\u00bb<br \/>\n<\/span><\/p>\n<p><span style=\"color: #777777; font-family: Arial;\">Et il parle de son exp\u00e9rience dans les banlieues de France qu&rsquo;il a beaucoup \u00e9tudi\u00e9 et surtout dans lesquelles il a rencontr\u00e9 les habitants, des habitants qu&rsquo;il soignait.<br \/>\n<\/span><\/p>\n<p><span style=\"color: #777777; font-family: Arial;\">Il donne ainsi les cl\u00e9s de sa m\u00e9thode.<br \/>\n<\/span><\/p>\n<p style=\"margin-left: 28pt;\"><span style=\"color: #c00000; font-family: Arial;\"><strong>[Dans les banlieues] un nouveau monde, une nouvelle culture, de nouveaux \u00eatres sont en train de na\u00eetre. Dans ces banlieues que j&rsquo;ai beaucoup fr\u00e9quent\u00e9es ces derni\u00e8res ann\u00e9es, personne n&rsquo;est inscrit \u00e0 la s\u00e9cu, personne ne paie d&rsquo;imp\u00f4ts, personne ne sort du quartier. [\u2026] Ils ont de nouveaux rep\u00e8res, de nouvelles divinit\u00e9s&nbsp;: la d\u00e9linquance, le radicalisme religieux. Soit l&rsquo;un, soit l&rsquo;autre, souvent l&rsquo;un puis l&rsquo;autre. Et moi, j&rsquo;ai besoin de comprendre pourquoi leur respect se porte sur ces mouvements.<br \/>\n<\/strong><\/span><\/p>\n<p style=\"margin-left: 28pt;\"><span style=\"color: #c00000; font-family: Arial;\"><strong>J&rsquo;insiste, ce n&rsquo;est pas \u00ab&nbsp;l&rsquo;islam qui vient&nbsp;\u00bb, qui va nous envahir, nous submerger. \u00c7a n&rsquo;a rien \u00e0 voir avec l&rsquo;islam. C&rsquo;est autre chose&nbsp;: des r\u00e8gles et des forces propres. Un monde que je ne connais pas bien encore, mais qu&rsquo;il nous faut \u00e9tudier.&nbsp;\u00bb<br \/>\n<\/strong><\/span><\/p>\n<p><span style=\"color: #777777; font-family: Arial;\">Nous sommes ici au point central de ce partage. Tout le d\u00e9but de l&rsquo;article n&rsquo;est qu&rsquo;une longue introduction pour arriver \u00e0 comprendre la d\u00e9marche de Tobie Nathan, sa mani\u00e8re d&rsquo;agir quand il se trouve en face de personnes en souffrance qui viennent d&rsquo;ailleurs ou dont les racines ne sont pas dans le pays dans lequel ils r\u00e9sident.<br \/>\n<\/span><\/p>\n<p style=\"margin-left: 28pt;\"><span style=\"color: #c00000; font-family: Arial;\"><strong>[Il ne s&rsquo;agit pas de] se mettre \u00e0 la place, mais permettre \u00e0 autrui de prendre sa place. \u00catre poss\u00e9d\u00e9 par autrui, se vider de son monde int\u00e9rieur pour lui laisser une place. Et ensuite, quand l&rsquo;autre s&rsquo;en va, r\u00e9cup\u00e9rer une partie de soi pour raconter cette m\u00e9tamorphose.<br \/>\n<\/strong><\/span><\/p>\n<p style=\"margin-left: 28pt;\"><span style=\"color: #c00000; font-family: Arial;\"><strong>Le patient vient en famille. Il se raconte dans sa langue, des interpr\u00e8tes traduisent. Je dois savoir comment il aurait \u00e9t\u00e9 soign\u00e9 dans son pays ou dans celui de ses parents, car, m\u00eame s&rsquo;il n&rsquo;y vit pas, les traitements potentiels de sa maladie sont inscrits dans sa culture d&rsquo;origine. Pour cette raison, j&rsquo;ai beaucoup voyag\u00e9, en Afrique de l&rsquo;Ouest, \u00e0 Tahiti, au Br\u00e9sil, \u00e0 la rencontre des gu\u00e9risseurs et en qu\u00eate de leur savoir. J&rsquo;essaie d&rsquo;entrer en communication avec le patient, \u00e0 l&rsquo;int\u00e9rieur de moi. [\u2026] <\/strong><\/span><span style=\"color: #c00000; font-family: Arial;\"><strong>Soigner les gens, vous savez, c&rsquo;est les rattacher quelque part, leur montrer un fragment de terre ferme. Sinon, ce sont des \u00e2mes errantes.<br \/>\n<\/strong><\/span><\/p>\n<p style=\"margin-left: 28pt;\"><span style=\"color: #c00000; font-family: Arial;\"><strong>[C&rsquo;est-\u00e0-dire] des \u00e2mes qui voient la terre ferme s&rsquo;\u00e9loigner. Au sens physique du terme, des migrants, des gens qu&rsquo;on arrache \u00e0 leur terre natale, au sens m\u00e9taphorique, des personnes qui perdent leurs rep\u00e8res qui ne savent plus \u00e0 qui s&rsquo;adresser et qui se tournent vers d&rsquo;autres divinit\u00e9s, le radicalisme religieux par exemple.<br \/>\n<\/strong><\/span><\/p>\n<p><span style=\"color: #777777; font-family: Arial;\"><img loading=\"lazy\" decoding=\"async\" class=\"wp-image-8997 alignleft\" src=\"https:\/\/lemotdujour.fr\/wp-content\/uploads\/2020\/05\/052820_2115_Vendredi29m5.gif\" alt=\"\" width=\"245\" height=\"365\">\u00ab&nbsp;<span style=\"color: #0000ff;\"><a style=\"color: #0000ff;\" href=\"https:\/\/www.editions-iconoclaste.fr\/livres\/les-ames-errantes\/?doing_wp_cron=1590692653.3988969326019287109375\">Les \u00e2mes errantes&nbsp;<\/a><\/span>\u00bb est devenu un livre que Tobie Nathan a publi\u00e9 en 2017 et qui est un essai sur la question des jeunes radicalis\u00e9s, fond\u00e9e sur une exp\u00e9rience clinique.<br \/>\n<\/span><\/p>\n<p><span style=\"color: #777777; font-family: Arial;\">Claire Servajean l&rsquo;a invit\u00e9 dans son <a href=\"https:\/\/www.franceinter.fr\/emissions\/une-semaine-en-france\/une-semaine-en-france-27-octobre-2017\"><span style=\"color: #0000ff;\">\u00e9mission sur France Inter<\/span><\/a> pour pr\u00e9senter ce livre<br \/>\n<\/span><\/p>\n<p><a href=\"https:\/\/www.francetvinfo.fr\/culture\/livres\/rentree-litteraire-les-ames-errantes-5-questions-a-tobie-nathan_3357361.html\"><span style=\"font-family: Arial;\">&lt;<span style=\"color: #0000ff;\">France Info<\/span>&gt;<\/span><\/a><span style=\"color: #777777; font-family: Arial;\"> a \u00e9galement consacr\u00e9 une page \u00e0 ce livre, qui n&rsquo;a pas laiss\u00e9 indiff\u00e9rent et qui a m\u00eame provoqu\u00e9 des r\u00e9actions violentes.<br \/>\n<\/span><\/p>\n<p><span style=\"color: #777777; font-family: Arial;\">Comprendre l&rsquo;autre n&rsquo;est pas toujours accept\u00e9.<br \/>\n<\/span><\/p>\n<p><span style=\"color: #777777; font-family: Arial;\">Manuel Valls, \u00e0 l&rsquo;\u00e9poque premier ministre, avait eu ce jugement d\u00e9finitif&nbsp;: <span style=\"color: #0000ff;\">\u00ab&nbsp;<a style=\"color: #0000ff;\" href=\"https:\/\/www.lemonde.fr\/societe\/article\/2016\/03\/03\/terrorisme-la-cinglante-reponse-des-sciences-sociales-a-manuel-valls_4875959_3224.html\">Expliquer c&rsquo;est d\u00e9j\u00e0 vouloir un peu excuser&nbsp;<\/a>\u00bb<\/span><br \/>\n<\/span><\/p>\n<p><span style=\"color: #777777; font-family: Arial;\">Et il donne ce conseil de sagesse et d&rsquo;humilit\u00e9.<br \/>\n<\/span><\/p>\n<p style=\"margin-left: 28pt;\"><span style=\"color: #c00000; font-family: Arial;\">\u00ab&nbsp;On ne peut pas soigner les gens en les rabaissant. Il ne faut jamais faire le pari de la pauvret\u00e9 des gens, toujours celui de leur richesse et de leur intelligence. Les soigner, c&rsquo;est aller les chercher l\u00e0 o\u00f9 ils sont.&nbsp;\u00bb<br \/>\n<\/span><\/p>\n<p><span style=\"color: #777777; font-family: Arial;\">Et comme conclusion de l&rsquo;entretien, il explique comment il s&rsquo;y prend avec les patients&nbsp;:<br \/>\n<\/span><\/p>\n<p style=\"margin-left: 28pt;\"><span style=\"color: #c00000; font-family: Arial;\">\u00ab&nbsp;Je laisse venir. Je l\u00e2che quelque chose au patient, et nous construisons ensemble une meilleure proposition. C&rsquo;est du th\u00e9\u00e2tre, de la cr\u00e9ation. Des moments magiques. Vous savez ce qu&rsquo;on dit en Afrique&nbsp;? toute la v\u00e9rit\u00e9 est dans le sable. Il contient les os d\u00e9truits, abim\u00e9s, d&rsquo;anc\u00eatres tr\u00e8s anciens. Si vous savez interroger le sable, vous gagnerez la sagesse\u2026&nbsp;\u00bb<br \/>\n<\/span><\/p>\n<p><span style=\"color: #777777; font-family: Arial;\">Tobie Nathan \u00e9crit des livres et tient un blog&nbsp;: <span style=\"color: #0000ff;\"><a style=\"color: #0000ff;\" href=\"https:\/\/tobienathan.wordpress.com\/\">https:\/\/tobienathan.wordpress.com\/<\/a><\/span><br \/>\n<\/span><\/p>\n<p><span style=\"color: maroon; font-family: Arial;\">&lt;1433&gt;<\/span><\/p>\n","protected":false},"excerpt":{"rendered":"<p>\u00abQuelle est votre richesse ? Qui \u00eates-vous que je ne suis pas ? est la seule question qui vaille\u00bb Tobie Nathan Plusieurs fois \u00e0 travers les \u00e9missions que j&rsquo;\u00e9coute ou les articles que je lis, j&rsquo;ai rencontr\u00e9 la route de<\/p>\n","protected":false},"author":1,"featured_media":0,"comment_status":"open","ping_status":"closed","sticky":false,"template":"","format":"standard","meta":{"footnotes":""},"categories":[1],"tags":[54,84],"class_list":["post-8985","post","type-post","status-publish","format-standard","hentry","category-motdujour","tag-humanisme","tag-psychanalyse"],"_links":{"self":[{"href":"https:\/\/lemotdujour.fr\/index.php?rest_route=\/wp\/v2\/posts\/8985","targetHints":{"allow":["GET"]}}],"collection":[{"href":"https:\/\/lemotdujour.fr\/index.php?rest_route=\/wp\/v2\/posts"}],"about":[{"href":"https:\/\/lemotdujour.fr\/index.php?rest_route=\/wp\/v2\/types\/post"}],"author":[{"embeddable":true,"href":"https:\/\/lemotdujour.fr\/index.php?rest_route=\/wp\/v2\/users\/1"}],"replies":[{"embeddable":true,"href":"https:\/\/lemotdujour.fr\/index.php?rest_route=%2Fwp%2Fv2%2Fcomments&post=8985"}],"version-history":[{"count":10,"href":"https:\/\/lemotdujour.fr\/index.php?rest_route=\/wp\/v2\/posts\/8985\/revisions"}],"predecessor-version":[{"id":9059,"href":"https:\/\/lemotdujour.fr\/index.php?rest_route=\/wp\/v2\/posts\/8985\/revisions\/9059"}],"wp:attachment":[{"href":"https:\/\/lemotdujour.fr\/index.php?rest_route=%2Fwp%2Fv2%2Fmedia&parent=8985"}],"wp:term":[{"taxonomy":"category","embeddable":true,"href":"https:\/\/lemotdujour.fr\/index.php?rest_route=%2Fwp%2Fv2%2Fcategories&post=8985"},{"taxonomy":"post_tag","embeddable":true,"href":"https:\/\/lemotdujour.fr\/index.php?rest_route=%2Fwp%2Fv2%2Ftags&post=8985"}],"curies":[{"name":"wp","href":"https:\/\/api.w.org\/{rel}","templated":true}]}}