{"id":8970,"date":"2020-05-28T02:52:00","date_gmt":"2020-05-28T00:52:00","guid":{"rendered":"http:\/\/lemotdujour.fr\/?p=8970"},"modified":"2020-05-28T23:44:10","modified_gmt":"2020-05-28T21:44:10","slug":"jeudi-28-mai-2020","status":"publish","type":"post","link":"https:\/\/lemotdujour.fr\/?p=8970","title":{"rendered":"Jeudi 28 mai 2020"},"content":{"rendered":"<div class=\"mdjTexte\">\u00abPour ma part, j&rsquo;en suis s\u00fbr : le sens de la solidarit\u00e9 nous vient du fond des \u00e2ges, il est profond\u00e9ment ancr\u00e9 dans notre nature.\u00bb<\/div>\n<div class=\"mdjAuteur\">Frans de Waal<\/div>\n<p><span style=\"color: #777777; font-family: Arial;\">Franciscus Bernardus Maria de Waal, plus connu sous le nom de Frans de Waal est n\u00e9 en 1948 aux Pays-Bas. C&rsquo;est un primatologue et un \u00e9thologue.<br \/>\n<\/span><\/p>\n<p><span style=\"color: #777777; font-family: Arial;\">La primatologie est la discipline qui \u00e9tudie les esp\u00e8ces de l&rsquo;ordre des Primates donc essentiellement les singes, les humains et leurs anc\u00eatres.<br \/>\n<\/span><\/p>\n<p><span style=\"color: #777777; font-family: Arial;\">L&rsquo;\u00e9thologie est l&rsquo;\u00e9tude scientifique du comportement des esp\u00e8ces animales, incluant l&rsquo;humain, dans leur milieu naturel ou dans un environnement exp\u00e9rimental, par des m\u00e9thodes scientifiques d&rsquo;observation et de quantification des comportements animaux.<br \/>\n<\/span><\/p>\n<p><span style=\"color: #777777; font-family: Arial;\">Deux mots du jour lui ont d\u00e9j\u00e0 \u00e9t\u00e9 consacr\u00e9s\u00a0:<br \/>\n<\/span><\/p>\n<ul>\n<li><span style=\"color: #777777; font-family: Arial;\">Le 28 juin 2017\u00a0: \u00ab\u00a0<a href=\"https:\/\/lemotdujour.fr\/?p=2640\"><span style=\"color: #0000ff;\">Est-ce que l&rsquo;homme est plus intelligent que le poulpe ? On ne sait pas<\/span><\/a> \u00bb<br \/>\n<\/span><\/li>\n<li><span style=\"color: #777777; font-family: Arial;\">Le 25 janvier 2019\u00a0: \u00ab<span style=\"color: #0000ff;\"> <a style=\"color: #0000ff;\" href=\"https:\/\/lemotdujour.fr\/?p=6035\">La derni\u00e8re \u00e9treinte<\/a> <\/span>\u00bb qui \u00e9tait le titre de son dernier livre, pour l&rsquo;instant. Il portait pour sous-titre\u00a0: \u00ab\u00a0le monde fabuleux des \u00e9motions animales et ce qu&rsquo;il r\u00e9v\u00e8le de nous\u00a0\u00bb<br \/>\n<\/span><\/li>\n<\/ul>\n<p><img loading=\"lazy\" decoding=\"async\" class=\"alignleft\" src=\"https:\/\/lemotdujour.fr\/wp-content\/uploads\/2020\/05\/052720_2247_Jeudi28mai21.jpg\" alt=\"\" width=\"338\" height=\"230\" align=\"left\" \/><span style=\"color: #777777;\"><span style=\"font-family: Arial;\">Frans de Waal a fait l&rsquo;objet d&rsquo;un entretien de la revue XXI, c&rsquo;\u00e9tait dans le num\u00e9ro 12 paru en octobre 2010.<\/span><span style=\"font-family: Times New Roman;\"><br \/>\n<\/span><\/span><\/p>\n<p><span style=\"color: #777777;\"><span style=\"font-family: Arial;\">L&rsquo;entretien, qui avait \u00e9t\u00e9 men\u00e9 par Pierre Vandeginste a \u00e9t\u00e9 repris dans l&rsquo;ouvrage \u00ab\u00a0<strong>comprendre le monde<\/strong>\u00a0<\/span><span style=\"font-family: Times New Roman;\"><br \/>\n<\/span><\/span><\/p>\n<p><span style=\"color: #777777; font-family: Arial;\">Dans son introduction le journaliste pr\u00e9sente Frans de Waal de la mani\u00e8re suivante\u00a0:<br \/>\n<\/span><\/p>\n<p style=\"margin-left: 28pt;\"><span style=\"color: #c00000; font-family: Arial;\">\u00ab\u00a0L&rsquo;homme descend du singe\u00a0? alors observons les singes pour mieux comprendre l&rsquo;homme\u00a0! Tel est le point de d\u00e9part du travail consid\u00e9rable abattu par Frans de Waal.<br \/>\n<\/span><\/p>\n<p><span style=\"color: #777777; font-family: Arial;\">Il explique comment lui est venu le principal objet de ses \u00e9tudes\u00a0: l&rsquo;observation de l&#8217;empathie chez les grands singes\u00a0:<br \/>\n<\/span><\/p>\n<p style=\"margin-left: 28pt;\"><span style=\"color: #c00000; font-family: Arial;\">\u00ab\u00a0Dans les ann\u00e9es 1970, j&rsquo;\u00e9tais \u00e9tudiant aux Pays-Bas et le grand sujet \u00e0 la mode en \u00e9thologie \u00e9tait l&rsquo;agression. C&rsquo;\u00e9tait l&rsquo;un des th\u00e8mes favoris de <strong>Konrad Lorenz<\/strong>, laur\u00e9at du prix Nobel 1973 qui avait publi\u00e9 en 1969\u00a0: <span style=\"color: #0000ff;\">\u00ab\u00a0<a style=\"color: #0000ff;\" href=\"https:\/\/www.decitre.fr\/livres\/l-agression-9782081234987.html\"><span style=\"color: #0000ff;\">l&rsquo;Agression, une histoire naturelle d<\/span>u mal\u00a0<\/a>\u00bb<\/span>.<br \/>\n<\/span><\/p>\n<p style=\"margin-left: 28pt;\"><span style=\"color: #c00000; font-family: Arial;\">J&rsquo;ai commenc\u00e9 \u00e0 travailler sur ce sujet. Et, tr\u00e8s vite, j&rsquo;ai \u00e9t\u00e9 surpris. J&rsquo;ai constat\u00e9 en observant des macaques, \u00e0 Utrecht, que les conflits \u00e9taient rares et brefs. Et surtout, ils \u00e9taient s\u00e9par\u00e9s par de longues p\u00e9riodes pacifiques pendant lesquelles les ennemis de la veille vivaient en bonne entente.\u00a0\u00bb<br \/>\n<\/span><\/p>\n<p><a href=\"https:\/\/www.babelio.com\/livres\/Waal-De-la-reconciliation-chez-les-primates\/346077\"><img loading=\"lazy\" decoding=\"async\" class=\"alignright\" src=\"https:\/\/lemotdujour.fr\/wp-content\/uploads\/2020\/05\/052720_2247_Jeudi28mai22.jpg\" alt=\"\" width=\"224\" height=\"372\" align=\"right\" border=\"0\" \/><\/a><span style=\"color: #777777; font-family: Arial;\">Et il raconte des choses \u00e9tonnantes qu&rsquo;il a vu\u00a0:<br \/>\n<\/span><\/p>\n<p style=\"margin-left: 28pt;\"><span style=\"color: #c00000; font-family: Arial;\">\u00ab\u00a0Un jour, mon attention a \u00e9t\u00e9 attir\u00e9e par une \u00e9trange sc\u00e8ne\u00a0: apr\u00e8s une s\u00e9v\u00e8re bagarre, le groupe encerclait deux chimpanz\u00e9s qui s&#8217;embrassaient, en les encourageant bruyamment. Or les deux singes s&rsquo;\u00e9taient battus dix minutes plus t\u00f4t. Je venais de d\u00e9couvrir la r\u00e9conciliation chez les primates.<br \/>\n<\/span><\/p>\n<p style=\"margin-left: 28pt;\"><span style=\"color: #c00000; font-family: Arial;\">J&rsquo;ai longuement \u00e9tudi\u00e9 le ph\u00e9nom\u00e8ne. R\u00e9guli\u00e8rement, apr\u00e8s une bagarre, je voyais les protagonistes entamer ce patient processus de r\u00e9conciliation, qui les ram\u00e8ne l&rsquo;un vers l&rsquo;autre. Pendant un certain temps, ils gardent leurs distances, \u00e9vitent de se croiser. Puis, insensiblement, ils se rapprochent, sans se regarder. Ils finissent par se trouver \u00e0 proximit\u00e9, mais dos \u00e0 dos. Arrive enfin le moment o\u00f9 ils r\u00e9tablissent le contact. Ils se rapprochent un peu plus, toujours sans croiser leur regard. Jusqu&rsquo;\u00e0 ce que l&rsquo;un des deux pose une main \u2013 tout \u00e0 fait par hasard \u2013 sur le dos de son adversaire pour se mettre n\u00e9gligemment \u00e0 l&rsquo;\u00e9pouiller.\u00a0\u00bb<br \/>\n<\/span><\/p>\n<p><span style=\"color: #777777; font-family: Arial;\">Le plus \u00e9tonnant de cette exp\u00e9rience, ce n&rsquo;est finalement pas que Frans de Waal ait fait ces constats, mais c&rsquo;est que la communaut\u00e9 scientifique ne les a pas tout de suite accept\u00e9 et reconnu\u00a0:<br \/>\n<\/span><\/p>\n<p style=\"margin-left: 28pt;\"><span style=\"color: #c00000; font-family: Arial;\">\u00ab\u00a0A l&rsquo;\u00e9poque, tout comportement consid\u00e9r\u00e9 comme n\u00e9gatif pouvait \u00eatre associ\u00e9 aux animaux sans choquer. A l&rsquo;inverse, les esprits n&rsquo;\u00e9taient pas pr\u00eats \u00e0 entendre que l&rsquo;on observe chez l&rsquo;animal, fut-il primate, un comportement pr\u00e9sum\u00e9 \u00ab\u00a0humain\u00a0\u00bb.<br \/>\n<\/span><\/p>\n<p style=\"margin-left: 28pt;\"><span style=\"color: #c00000; font-family: Arial;\">L&rsquo;agression \u00e9tant consid\u00e9r\u00e9e comme quelque chose de \u00ab\u00a0mal\u00a0\u00bb, il semblait logique que les b\u00eates en soient aussi capables. L&rsquo;id\u00e9e commune \u00e9tait que l&rsquo;agressivit\u00e9 des hommes tenait \u00e0 leur lointaine condition animale, ce n&rsquo;\u00e9tait donc pas un probl\u00e8me d&rsquo;utiliser le m\u00eame mot pour parler de ce type de comportement chez l&rsquo;homme et chez l&rsquo;animal.<br \/>\n<\/span><\/p>\n<p style=\"margin-left: 28pt;\"><span style=\"color: #c00000; font-family: Arial;\">Pour ma part, je n&rsquo;ai jamais consid\u00e9r\u00e9 l&rsquo;agression comme quelque chose de \u00ab\u00a0mauvais\u00a0\u00bb. C&rsquo;est simplement une r\u00e9alit\u00e9 biologique, un comportement que la s\u00e9lection naturelle a retenu parce qu&rsquo;il am\u00e9liore la survie des individus\u00a0\u00bb<br \/>\n<\/span><\/p>\n<p><span style=\"color: #777777; font-family: Arial;\">Frans de Waal ne peut pas \u00eatre consid\u00e9r\u00e9 comme un homme na\u00eff croyant \u00e0 la bienveillance g\u00e9n\u00e9rale. Il a simplement observ\u00e9 que la bienveillance existait chez les primates, comme le d\u00e9sir de r\u00e9conciliation.<br \/>\n<\/span><\/p>\n<p><span style=\"color: #777777; font-family: Arial;\">Mais il a aussi constat\u00e9 que les grands singes \u00e9taient des animaux politiques\u00a0:<br \/>\n<\/span><\/p>\n<p style=\"margin-left: 28pt;\"><img decoding=\"async\" class=\"alignleft\" src=\"https:\/\/lemotdujour.fr\/wp-content\/uploads\/2020\/05\/052720_2247_Jeudi28mai23.jpg\" alt=\"\" align=\"left\" \/><span style=\"color: #c00000; font-family: Arial;\">\u00ab\u00a0Dans mon premier ouvrage pour le grand public \u00ab\u00a0<strong>la Politique du chimpanz\u00e9<\/strong>\u00a0\u00bb, nos proches cousins ne sont pas pr\u00e9sent\u00e9s sous leur meilleur jour. C&rsquo;est m\u00eame souvent leur machiav\u00e9lisme que je pointe.<br \/>\n<\/span><\/p>\n<p><span style=\"color: #777777; font-family: Arial;\">Par la suite il va s&rsquo;installer aux Etats-Unis, \u00e0 Atlanta au Yerkes, un centre de recherche sur les primates, o\u00f9 il disposera de moyens de recherche tout \u00e0 fait remarquables. Lui et son \u00e9quipe r\u00e9alise des exp\u00e9riences sur des th\u00e8mes comme le partage de la nourriture, la r\u00e9ciprocit\u00e9, la coop\u00e9ration et la r\u00e9solution de conflits. Et son analyse est la suivante :<br \/>\n<\/span><\/p>\n<p style=\"margin-left: 28pt;\"><span style=\"color: #c00000; font-family: Arial;\">\u00ab\u00a0Ces r\u00e9sultats scientifiques montrent qu&rsquo;\u00e0 des degr\u00e9s divers, les grands singes, notamment le chimpanz\u00e9 et le bonobo, mais aussi des petits singes comme le capucin ou le macaque, sont capables de certains comportements que nous avons l&rsquo;habitude de qualifier de \u00ab\u00a0moraux\u00a0\u00bb.<br \/>\n<\/span><\/p>\n<p style=\"margin-left: 28pt;\"><span style=\"color: #c00000; font-family: Arial;\">Il devient de plus en plus raisonnable de soutenir l&rsquo;hypoth\u00e8se que la propension humaine \u00e0 se pr\u00e9occuper du bien d&rsquo;autrui est apparue bien avant nous, et s&rsquo;appuie sur des m\u00e9canismes pr\u00e9sents depuis longtemps au cours de l&rsquo;\u00e9volution.\u00a0\u00bb<br \/>\n<\/span><\/p>\n<p><span style=\"color: #777777; font-family: Arial;\">Il publie en 1996 un ouvrage au titre provocateur\u00a0: \u00ab\u00a0Le bon singe\u00a0\u00bb dans lequel il entend \u00e9tudier les origines du bien et du mal chez les humains et d&rsquo;autres animaux\u00a0:<br \/>\n<\/span><\/p>\n<p style=\"margin-left: 28pt;\"><span style=\"color: #c00000; font-family: Arial;\">\u00ab\u00a0J&rsquo;ai voulu poser clairement la question de la morale en termes \u00e9volutionnistes.\u00a0\u00bb<br \/>\n<\/span><\/p>\n<p><span style=\"color: #777777; font-family: Arial;\">Cet ouvrage suscite des r\u00e9ticences chez certains chercheurs qui l&rsquo;accuse d&rsquo;appliquer une grille de lecture humaine au comportement animal, de se laisser subjuguer par son amour des animaux. Il conteste cela et invente un nouveau concept \u00ab\u00a0<strong>l&rsquo;anthropod\u00e9ni\u00a0<\/strong>\u00bb\u00a0:<br \/>\n<\/span><\/p>\n<p style=\"margin-left: 28pt;\"><span style=\"color: #c00000; font-family: Arial;\">\u00ab\u00a0Nos exp\u00e9riences sont r\u00e9alis\u00e9s dans des conditions rigoureuses. [\u2026] Nous nous donnons beaucoup de mal pour nous en tenir \u00e0 des faits observables, mesurables. [\u2026]<br \/>\n<\/span><\/p>\n<p style=\"margin-left: 28pt;\"><img decoding=\"async\" class=\"alignright\" src=\"https:\/\/lemotdujour.fr\/wp-content\/uploads\/2020\/05\/052720_2247_Jeudi28mai24.jpg\" alt=\"\" align=\"left\" \/><span style=\"color: #c00000; font-family: Arial;\">J&rsquo;ai fini par construire le \u00ab\u00a0anthropod\u00e9ni\u00a0\u00bb, anthropodenial en anglais. L&rsquo;anthropomorphisme consiste \u00e0 pr\u00eater abusivement une caract\u00e9ristique humaine \u00e0 un animal. A contrario, quand tout montre que certains animaux partagent r\u00e9ellement quelque chose avec l&rsquo;homme, mais que, pour des raisons ext\u00e9rieures, philosophiques, religieuses ou autres, on ne veut pas le voir, c&rsquo;est une attitude que je propose de nommer \u00ab\u00a0anthropod\u00e9ni\u00a0\u00bb.<br \/>\n<\/span><\/p>\n<p><span style=\"color: #777777; font-family: Arial;\">Dans la conclusion de l&rsquo;article, l&rsquo;\u00e9thologue donne sa conviction\u00a0:<br \/>\n<\/span><\/p>\n<p style=\"margin-left: 28pt;\"><span style=\"color: #c00000; font-family: Arial;\">\u00ab\u00a0Aujourd&rsquo;hui encore, des \u00e9conomistes, des hommes politiques, notamment dans le camp\u00a0r\u00e9publicain aux Etats-Unis, \u00e9maillent de justifications naturalistes leurs discours pr\u00f4nant le chacun pour soi. A les entendre, puisque l&rsquo;homme est naturellement \u00e9go\u00efste, il serait contre-nature de proposer des r\u00e9formes allant dans le sens de la solidarit\u00e9 ou d&rsquo;une r\u00e9duction des in\u00e9galit\u00e9s. Nous ne serions, disent-ils, que motiv\u00e9s par la conqu\u00eate du pouvoir, l&rsquo;accumulation de biens mat\u00e9riels, sans aucune consid\u00e9ration pour les autres.<br \/>\n<\/span><\/p>\n<p style=\"margin-left: 28pt;\"><span style=\"color: #c00000; font-family: Arial;\">\u00a0 Ces discours sont anciens. Darwin avait \u00e0 peine publi\u00e9 que, d\u00e9j\u00e0, on lui faisait dire &#8211; au m\u00e9pris de ses textes &#8211; que l&rsquo;homme se devait d&rsquo;\u00eatre un loup pour l&rsquo;homme. Au nom du struggle for life*, de la lutte pour la survie, ce qu&rsquo;il n&rsquo;a jamais \u00e9crit.<br \/>\n<\/span><\/p>\n<p style=\"margin-left: 28pt;\"><span style=\"color: #c00000; font-family: Arial;\">\u00a0 Pour un biologiste, tout particuli\u00e8rement pour un \u00e9thologue, c&rsquo;est \u00e9nervant, pour ne pas dire plus. A fortiori quand vous avez pass\u00e9 quarante ans \u00e0 \u00e9tayer la th\u00e8se inverse. Pour ma part, j&rsquo;en suis s\u00fbr : le sens de la solidarit\u00e9 nous vient du fond des \u00e2ges, il est profond\u00e9ment ancr\u00e9 dans notre nature.\u00a0\u00bb<\/span><\/p>\n<p><span style=\"color: #800000;\">&lt;1432&gt;<\/span><\/p>\n","protected":false},"excerpt":{"rendered":"<p>\u00abPour ma part, j&rsquo;en suis s\u00fbr : le sens de la solidarit\u00e9 nous vient du fond des \u00e2ges, il est profond\u00e9ment ancr\u00e9 dans notre nature.\u00bb Frans de Waal Franciscus Bernardus Maria de Waal, plus connu sous le nom de Frans<\/p>\n","protected":false},"author":1,"featured_media":0,"comment_status":"open","ping_status":"closed","sticky":false,"template":"","format":"standard","meta":{"footnotes":""},"categories":[1],"tags":[60,48,35],"class_list":["post-8970","post","type-post","status-publish","format-standard","hentry","category-motdujour","tag-animal","tag-nature","tag-sciences"],"_links":{"self":[{"href":"https:\/\/lemotdujour.fr\/index.php?rest_route=\/wp\/v2\/posts\/8970","targetHints":{"allow":["GET"]}}],"collection":[{"href":"https:\/\/lemotdujour.fr\/index.php?rest_route=\/wp\/v2\/posts"}],"about":[{"href":"https:\/\/lemotdujour.fr\/index.php?rest_route=\/wp\/v2\/types\/post"}],"author":[{"embeddable":true,"href":"https:\/\/lemotdujour.fr\/index.php?rest_route=\/wp\/v2\/users\/1"}],"replies":[{"embeddable":true,"href":"https:\/\/lemotdujour.fr\/index.php?rest_route=%2Fwp%2Fv2%2Fcomments&post=8970"}],"version-history":[{"count":6,"href":"https:\/\/lemotdujour.fr\/index.php?rest_route=\/wp\/v2\/posts\/8970\/revisions"}],"predecessor-version":[{"id":9003,"href":"https:\/\/lemotdujour.fr\/index.php?rest_route=\/wp\/v2\/posts\/8970\/revisions\/9003"}],"wp:attachment":[{"href":"https:\/\/lemotdujour.fr\/index.php?rest_route=%2Fwp%2Fv2%2Fmedia&parent=8970"}],"wp:term":[{"taxonomy":"category","embeddable":true,"href":"https:\/\/lemotdujour.fr\/index.php?rest_route=%2Fwp%2Fv2%2Fcategories&post=8970"},{"taxonomy":"post_tag","embeddable":true,"href":"https:\/\/lemotdujour.fr\/index.php?rest_route=%2Fwp%2Fv2%2Ftags&post=8970"}],"curies":[{"name":"wp","href":"https:\/\/api.w.org\/{rel}","templated":true}]}}