{"id":8961,"date":"2020-05-27T00:52:07","date_gmt":"2020-05-26T22:52:07","guid":{"rendered":"http:\/\/lemotdujour.fr\/?p=8961"},"modified":"2021-08-05T22:11:58","modified_gmt":"2021-08-05T20:11:58","slug":"mercredi-27-mai-2020","status":"publish","type":"post","link":"https:\/\/lemotdujour.fr\/?p=8961","title":{"rendered":"Mercredi 27 mai 2020"},"content":{"rendered":"<div class=\"mdjTexte\">\u00abJe veux redonner la parole aux gens, moi qui ai tellement capt\u00e9 leur image.\u00bb<\/div>\n<div class=\"mdjAuteur\">Raymond Depardon<\/div>\n<p><span style=\"color: #777777; font-family: Arial;\">Raymond Depardon est n\u00e9 dans le d\u00e9partement du Rh\u00f4ne, en 1942, \u00e0 Villefranche-sur-Sa\u00f4ne. Il \u00e9tait fils de cultivateurs du Beaujolais<br \/>\n<\/span><\/p>\n<p><span style=\"color: #777777; font-family: Arial;\">Il est consid\u00e9r\u00e9 comme l&rsquo;un des ma\u00eetres du film documentaire. <\/span><span style=\"color: #777777; font-family: Arial;\">Il est \u00e0 la fois photographe, r\u00e9alisateur, journaliste et sc\u00e9nariste.<br \/>\n<\/span><\/p>\n<p><span style=\"color: #777777; font-family: Arial;\">Il a cr\u00e9\u00e9 l&rsquo;agence photographique Gamma en 1966 et est membre de Magnum Photos depuis 1979. <\/span><span style=\"color: #777777; font-family: Arial;\">L&rsquo;agence Gamma a disparu en 2009 suite \u00e0 une faillite.<br \/>\n<\/span><\/p>\n<p><img loading=\"lazy\" decoding=\"async\" class=\"alignleft\" src=\"https:\/\/lemotdujour.fr\/wp-content\/uploads\/2020\/05\/052620_2241_Mercredi27m1.jpg\" alt=\"\" width=\"351\" height=\"233\" align=\"left\"><span style=\"color: #777777;\"><span style=\"font-family: Arial;\">Raymond Depardon a fait l&rsquo;objet d&rsquo;un entretien de la revue XXI, c&rsquo;\u00e9tait dans le num\u00e9ro 6 paru en avril 2009.<\/span><span style=\"font-family: Times New Roman;\"><br \/>\n<\/span><\/span><\/p>\n<p><span style=\"color: #777777;\"><span style=\"font-family: Arial;\">L&rsquo;entretien, qui avait \u00e9t\u00e9 men\u00e9 par Michel Guerrin a \u00e9t\u00e9 repris dans l&rsquo;ouvrage \u00ab&nbsp;<strong>comprendre le monde\u00bb<\/strong>&nbsp;<\/span><span style=\"font-family: Times New Roman;\"><br \/>\n<\/span><\/span><\/p>\n<p><span style=\"color: #777777; font-family: Arial;\">Il explique que c&rsquo;est son origine paysanne qui va malgr\u00e9 sa timidit\u00e9 lui permettre, dans ses premiers ann\u00e9es, de devenir un photographe t\u00e9m\u00e9raire et opini\u00e2tre :<br \/>\n<\/span><\/p>\n<p><img loading=\"lazy\" decoding=\"async\" class=\"size-full wp-image-8963 alignright\" src=\"https:\/\/lemotdujour.fr\/wp-content\/uploads\/2020\/05\/RAYMOND_DEPARDON_AUTOPORTRAIT.jpg\" alt=\"\" width=\"260\" height=\"337\" srcset=\"https:\/\/lemotdujour.fr\/wp-content\/uploads\/2020\/05\/RAYMOND_DEPARDON_AUTOPORTRAIT.jpg 260w, https:\/\/lemotdujour.fr\/wp-content\/uploads\/2020\/05\/RAYMOND_DEPARDON_AUTOPORTRAIT-231x300.jpg 231w\" sizes=\"auto, (max-width: 260px) 100vw, 260px\" \/><\/p>\n<p style=\"margin-left: 28pt;\"><span style=\"color: #c00000; font-family: Arial;\">\u00ab&nbsp;Ce d\u00e9sir d&rsquo;\u00eatre photographe est venu \u00e0 14 ou 15 ans. [\u2026] Je pense \u00e0 cette formule du paysan occitan Raymond Privat, qui appara\u00eet dans mon film &lt;<a href=\"http:\/\/www.allocine.fr\/film\/fichefilm_gen_cfilm=111105.html\"><span style=\"color: #0000ff;\">La vie moderne<\/span>&nbsp;<\/a>&gt;&nbsp;: \u00ab&nbsp;il ne faut pas seulement aimer son m\u00e9tier, il faut \u00eatre passionn\u00e9&nbsp;\u00bb.<br \/>\n<\/span><\/p>\n<p style=\"margin-left: 28pt;\"><span style=\"color: #c00000; font-family: Arial;\">L&rsquo;orgueil est aussi un trait de mon caract\u00e8re, quelque chose qui fait que je vais passer du statut de fils de paysan exploitant \u00e0 petit photographe ind\u00e9pendant. Je pleure alors alors beaucoup, c&rsquo;est li\u00e9 \u00e0 mon \u00e2ge. Mais je pleure litt\u00e9ralement de rage quand je rate un clich\u00e9. Le d\u00e9sir de r\u00e9ussir une \u00ab&nbsp;plaque&nbsp;\u00bb, c&rsquo;est ma qu\u00eate du Graal.<br \/>\n<\/span><\/p>\n<p style=\"margin-left: 28pt;\"><span style=\"color: #c00000; font-family: Arial;\">Un autre point central&nbsp;: comme un paysan, je d\u00e9teste les activit\u00e9s structur\u00e9es. J&rsquo;ai enfin une grande curiosit\u00e9. [\u2026] En fat, mon origine paysanne et mon extr\u00eame jeunesse vont se r\u00e9v\u00e9ler \u00eatre deux atouts.<br \/>\n<\/span><\/p>\n<p style=\"margin-left: 28pt;\"><span style=\"color: #c00000; font-family: Arial;\">Ma timidit\u00e9 s&rsquo;estompe quand je tiens une raison de faire une photo. D\u00e8s le d\u00e9but, \u00e0 16 ans, je n&rsquo;ai pas peur, je veux \u00eatre sur la br\u00e8che, tout plut\u00f4t que la solitude du dimanche. Je me dis \u00ab&nbsp;Pourvu qu&rsquo;il y ait un tremblement de terre, un fait divers, une personnalit\u00e9 \u00e0 photographier&nbsp;\u00bb<br \/>\n<\/span><\/p>\n<p><span style=\"color: #777777; font-family: Arial;\">Au d\u00e9but de sa carri\u00e8re, il photographie beaucoup les personnalit\u00e9s, les vedettes. Il devient m\u00eame une sorte de paparazzi.<br \/>\n<\/span><\/p>\n<p><span style=\"color: #777777; font-family: Arial;\">Mais le voyage va l&rsquo;\u00e9loigner de ce type de photographie du superficiel.<br \/>\n<\/span><\/p>\n<p style=\"margin-left: 28pt;\"><span style=\"color: #c00000; font-family: Arial;\">\u00ab&nbsp;A partir de 20 ans, je voyage beaucoup [\u2026] Ce qui me sauve, c&rsquo;est de ne pas avoir peur du voyage. Je suis silencieux, empot\u00e9 avec les filles, casanier, un peu sauvage, mais prendre un avion pour un pays lointain, m\u00eame en guerre, ne me fait pas peur. Il est alors mille fois plus violent pour moi d&rsquo;aller de Villefranche \u00e0 Paris que de Paris \u00e0 Saigon ou \u00e0 Beyrouth en guerre. [\u2026]<br \/>\n<\/span><\/p>\n<p style=\"margin-left: 28pt;\"><img loading=\"lazy\" decoding=\"async\" class=\"alignleft\" src=\"https:\/\/lemotdujour.fr\/wp-content\/uploads\/2020\/05\/052620_2241_Mercredi27m2.jpg\" alt=\"\" width=\"417\" height=\"304\" align=\"left\"><span style=\"color: #c00000; font-family: Arial;\">J&rsquo;ai pass\u00e9 la fin de mon adolescence dans ces grandes villes du monde que sont Buenos Aires, Sa\u00efgon, Alger ou Beyrouth. Au march\u00e9 des mouches \u00e0 Djibouti, m\u00eame si on ne s&rsquo;occupe pas de toi, tu peux rester des mois, grimper dans les montagnes, il y a cette force de vivre. Dans ces villes, je retrouve \u00e9trangement l&rsquo;atmosph\u00e8re de Villefranche. Je cherche un marchand de journaux, je bois un Coca. Apr\u00e8s la journ\u00e9e de combats, tu as fait des photos, la lumi\u00e8re est belle, tu as envie de rencontrer la femme de ta vie, mais tu es seul.<br \/>\n<\/span><\/p>\n<p style=\"margin-left: 28pt;\"><span style=\"color: #c00000; font-family: Arial;\">Quand je d\u00e9couvre l\u2019\u00c9thiopie, je me dis que ce pays, c&rsquo;est la Bible. [\u2026] Je me suis mari\u00e9 \u00e0 45 ans avec Claudine, nous avons fait voyager tr\u00e8s jeunes nos enfants ; nous avons vendu une maison pour cela. Si tu aimes voyager loin, si tu n&rsquo;as pas peur, si \u00e7a devient naturel, m\u00eame si le monde est dur, c&rsquo;est une fantastique joie et une belle le\u00e7on de r\u00e9el. C&rsquo;est le r\u00e9el qui m&rsquo;a sauv\u00e9 \u00bb<br \/>\n<\/span><\/p>\n<p><span style=\"color: #777777; font-family: Arial;\">Toujours au long de sa vie et de son \u00e9volution, il veut affirmer son ind\u00e9pendance et aussi un destin d&rsquo;artiste&nbsp;:<br \/>\n<\/span><\/p>\n<p style=\"margin-left: 28pt;\"><span style=\"color: #c00000; font-family: Arial;\">\u00ab&nbsp;Je ne veux d\u00e9pendre de personne. Je veux rester propri\u00e9taire de mon travail, donc de mes n\u00e9gatifs. C&rsquo;est parce que je ne le suis pas \u00e0 l&rsquo;agence Dalmas que je contribue, avec d&rsquo;autres, \u00e0 cr\u00e9er l&rsquo;agence Gamma en 1967. Rejoindre Magnum, en 1979, c&rsquo;est aussi la confirmation que je deviens un auteur. [\u2026] .Un photographe, c&rsquo;est un propri\u00e9taire, une profession lib\u00e9rale. Pas un salari\u00e9, pas un m\u00e9tayer. C&rsquo;est la m\u00eame chose pour mon cin\u00e9ma. Je suis propri\u00e9taire de tous mes films. Je ne les ai jamais faits pour un client ou pour une t\u00e9l\u00e9vision [\u2026] Quand un photographe me dit&nbsp;: \u00ab&nbsp;Je suis photographe salari\u00e9 \u00e0 l&rsquo;AFP&nbsp;\u00bb, il fait le choix de recevoir un salaire quel que soit son travail. C&rsquo;est un choix, pas le mien. Pour moi, un photographe n&rsquo;est pas un ouvrier mais un artiste.<br \/>\n<\/span><\/p>\n<p style=\"margin-left: 28pt;\"><span style=\"color: #c00000; font-family: Arial;\">Quand on me propose de rejoindre l&rsquo;agence Magnum, la premi\u00e8re chose que je fais est de lire les statuts. Ils sont d&rsquo;une intelligence incroyable. C&rsquo;est comme une ferme autog\u00e9r\u00e9e&nbsp;: mettre des choses en commun, mais jamais sa personnalit\u00e9 artistique.&nbsp;\u00bb<br \/>\n<\/span><\/p>\n<p><span style=\"color: #777777; font-family: Arial;\">Rappelons que \u00ab&nbsp;Magnum Photos&nbsp;\u00bb est une des plus grandes agence photo mondiales et a \u00e9t\u00e9 cr\u00e9\u00e9e en 1947 notamment par Robert Capa et Henri Cartier-Bresson. Vous trouverez &lt;<a href=\"https:\/\/www.magnumphotos.com\/photographer\/raymond-depardon\/\"><span style=\"color: #0000ff;\">sur cette page<\/span><\/a>&gt; des photos que Raymond Depardon a r\u00e9alis\u00e9 dans le cadre de Magnum.<br \/>\n<\/span><\/p>\n<p><span style=\"color: #777777; font-family: Arial;\">Toujours il privil\u00e9gie l&rsquo;art, la po\u00e9sie&nbsp;:<br \/>\n<\/span><\/p>\n<p style=\"margin-left: 28pt;\"><span style=\"color: #c00000; font-family: Arial;\">\u00ab&nbsp;Je m&rsquo;exprime en images pour percevoir au mieux. Pas comme un professionnel, mais comme un amateur. Mon probl\u00e8me en fait est ailleurs. Beaucoup de gens, dans la photo documentaire, ne voient que le contenu et pas la forme, la description et pas la po\u00e9sie.<br \/>\n<\/span><\/p>\n<p style=\"margin-left: 28pt;\"><a href=\"https:\/\/www.actes-sud.fr\/catalogue\/sciences-humaines-et-sociales-sciences\/terre-natale\"><img loading=\"lazy\" decoding=\"async\" class=\"alignleft\" src=\"https:\/\/lemotdujour.fr\/wp-content\/uploads\/2020\/05\/052620_2241_Mercredi27m3.jpg\" alt=\"\" width=\"250\" height=\"402\" border=\"0\" align=\"left\"><\/a><span style=\"color: #c00000; font-family: Arial;\">A la sortie de mon exposition \u00ab&nbsp;<a href=\"https:\/\/www.fondationcartier.com\/expositions\/terre-natale-ailleurs-commence-ici\"><span style=\"color: #0000ff;\">Terre natale<\/span>&nbsp;<\/a>\u00bb, \u00e0 la fondation Cartier, une femme dit \u00e0 propos de ces portraits sonores de gens du monde entier dont la langue est menac\u00e9e&nbsp;: \u00ab&nbsp;Vous avez montr\u00e9 toute les mis\u00e8re du monde&nbsp;\u00bb. Ce n&rsquo;est pas du tout ce que je voulais traduire. C&rsquo;est toute l&rsquo;ambig\u00fcit\u00e9 de l&rsquo;image. Mais ce n&rsquo;est pas une raison de d\u00e9missionner. Je continue r\u00e9solument de travailler la forme. J&rsquo;avance\u2026 Toujours avec l&rsquo;image.&nbsp;\u00bb<br \/>\n<\/span><\/p>\n<p><span style=\"color: #777777; font-family: Arial;\">Vous trouverez derri\u00e8re &lt;<span style=\"color: #0000ff;\"><a style=\"color: #0000ff;\" href=\"https:\/\/www.youtube.com\/watch?v=xyd7gXxMRls\">Ce lien<\/a><\/span>&gt; une pr\u00e9sentation de cette exposition par Raymond Depardon.<br \/>\n<\/span><\/p>\n<p><span style=\"color: #777777; font-family: Arial;\">Et puis, il va passer de la photographie au cin\u00e9ma, toujours dans la recherche de l&rsquo;\u00e9motion et du partage de celle-ci. Ainsi en 1969, il part faire un reportage consacr\u00e9 \u00e0 la minute de silence des Pragois visant \u00e0 comm\u00e9morer le premier anniversaire de la mort de Ian Palach qui s&rsquo;\u00e9tait immol\u00e9 par le feu pour s&rsquo;opposer \u00e0 l&rsquo;intervention des chars russes en Tch\u00e9coslovaquie. Il va prendre une cam\u00e9ra et non un appareil photo et il s&rsquo;en explique&nbsp;:<br \/>\n<\/span><\/p>\n<p style=\"margin-left: 28pt;\"><span style=\"color: #c00000; font-family: Arial;\">\u00ab&nbsp;L&rsquo;image en mouvement est un r\u00eave d&rsquo;enfant, un r\u00eave aussi de l&rsquo;agence Gamma qui est toute jeune (<em>cr\u00e9\u00e9e en 1967<\/em>). Nous voulons exp\u00e9rimenter, je peux oser des choses. Je veux \u00e9tirer la minute de silence \u2013 le film dure douze minutes \u2013 et le cin\u00e9ma est le meilleur moyen de le faire. C&rsquo;est comme si je filmais ces gens pour la premi\u00e8re ou la derni\u00e8re fois. Ils sont magnifiques, car arrach\u00e9s \u00e0 leur quotidien. Entre m\u00e9lancolie et perte.<br \/>\n<\/span><\/p>\n<p style=\"margin-left: 28pt;\"><span style=\"color: #c00000; font-family: Arial;\">Les bases de mon cin\u00e9ma sont dans ce film. Montrer des choses qui disparaissent, un temps qui passe, mais sans nostalgie. Quand je fais un plan fixe de dix secondes, on me dit que c&rsquo;est parce que je suis photographe. C&rsquo;est faux, c&rsquo;est m\u00eame le contraire. C&rsquo;est le rapport au temps qui s&rsquo;oppose. En photo, je l&rsquo;arr\u00eate&nbsp;; au cin\u00e9ma, je l&rsquo;\u00e9tire.&nbsp;\u00bb<br \/>\n<\/span><\/p>\n<p><img loading=\"lazy\" decoding=\"async\" class=\"wp-image-8965 alignleft\" src=\"https:\/\/lemotdujour.fr\/wp-content\/uploads\/2020\/05\/Raymond-Depardon-2.png\" alt=\"\" width=\"310\" height=\"213\" srcset=\"https:\/\/lemotdujour.fr\/wp-content\/uploads\/2020\/05\/Raymond-Depardon-2.png 843w, https:\/\/lemotdujour.fr\/wp-content\/uploads\/2020\/05\/Raymond-Depardon-2-300x206.png 300w, https:\/\/lemotdujour.fr\/wp-content\/uploads\/2020\/05\/Raymond-Depardon-2-768x527.png 768w\" sizes=\"auto, (max-width: 310px) 100vw, 310px\" \/><\/p>\n<p><span style=\"color: #777777; font-family: Arial;\">Il va aussi faire des photos en Afghanistan o\u00f9 il rencontre le commandant Massoud qui devient son guide.<br \/>\n<\/span><\/p>\n<p><span style=\"color: #777777; font-family: Arial;\">Et il raconte comment il s&rsquo;est senti trahi par la Presse raison pour laquelle il s&rsquo;est \u00e9loign\u00e9 du photojournalisme pour se tourner davantage vers le documentaire&nbsp;:<br \/>\n<\/span><\/p>\n<p style=\"margin-left: 28pt;\"><span style=\"color: #c00000; font-family: Arial;\">\u00ab&nbsp;Une histoire en Afghanistan cristallise tout cela. A l&rsquo;approche d&rsquo;un village Massoud me dit de monter sur un cheval. Des enfants surgissent et me jettent des noix. C&rsquo;est une tradition. Plusieurs mois apr\u00e8s, je d\u00e9couvre l&rsquo;image dans \u00ab<strong>&nbsp;Stern<\/strong>&nbsp;\u00bb avec cette l\u00e9gende \u00ab&nbsp;Les enfants fuient les bombes.&nbsp;\u00bb En fait, ils courent apr\u00e8s les noix. Je suis triste, car je ne voix pas d&rsquo;avenir pour cette photographie. Le cin\u00e9ma m&rsquo;aide alors \u00e0 avancer. <strong>Je veux redonner la parole aux gens, moi qui ai tellement capt\u00e9 leur image<\/strong>. Mon cin\u00e9ma part de l\u00e0, filmer des mots, enregistrer ce que j&rsquo;appelle le \u00ab&nbsp;discours frais&nbsp;\u00bb.&nbsp;\u00bb<br \/>\n<\/span><\/p>\n<p><span style=\"color: #777777; font-family: Arial;\">Et j&rsquo;aime beaucoup sa conclusion&nbsp;:<br \/>\n<\/span><\/p>\n<p style=\"margin-left: 28pt;\"><span style=\"color: #c00000; font-family: Arial;\">\u00ab&nbsp;Voil\u00e0 comment, alors que je suis photographe, je d\u00e9cide de construire un cin\u00e9ma fond\u00e9 sur la parole. Sur le naturel des gens film\u00e9s, aussi. Pour cela, avec ma cam\u00e9ra, je deviens abat-jour ou portemanteau et prends un plaisir immense \u00e0 \u00eatre transparent. Gamin, \u00e0 la ferme, j&rsquo;avais vu une photo prise \u00e7\u00e0 Lourdes d&rsquo;un cam\u00e9raman au milieu des p\u00e8lerins. Il leur disait&nbsp;: \u00ab Ne regardez pas la cam\u00e9ra, priez&nbsp;!&nbsp;\u00bb. Je m&rsquo;en souviens, car c&rsquo;est un peu la m\u00e9taphore de mon cin\u00e9ma&nbsp;: \u00ab&nbsp;Ne regardez pas la cam\u00e9ra, parlez&nbsp;!&nbsp;\u00bb.<br \/>\n<\/span><\/p>\n<p><span style=\"color: #777777; font-family: Arial;\">Il existe des exemples sur Internet du travail de Raymond Depardon. Par exemple &lt;<span style=\"color: #0000ff;\"><a style=\"color: #0000ff;\" href=\"https:\/\/www.youtube.com\/watch?v=KaAozcGj21M\">10e chambre, instants d&rsquo;audiences<\/a><\/span>&gt; qui est un film documentaire fran\u00e7ais r\u00e9alis\u00e9 en 2004. \u00c0 travers 12 cas r\u00e9els (conduite en \u00e9tat d&rsquo;ivresse, petit trafic de drogue\u2026), s\u00e9lectionn\u00e9s parmi plus de 200 film\u00e9s exceptionnellement entre mai et juillet 2003 \u00e0 la 10e chambre du tribunal correctionnel de Paris, pr\u00e9sid\u00e9e par <strong>Mich\u00e8le Bernard-Requin<\/strong>, ce film documentaire montre le quotidien de la justice. Les cas sont simplement film\u00e9s sans ajout de commentaire.<br \/>\n<\/span><\/p>\n<p><span style=\"color: #777777; font-family: Arial;\">Je rappelle que Mich\u00e8le Bernard-Requin est d\u00e9c\u00e9d\u00e9e le samedi 14 d\u00e9cembre 2019 et que quelques jours auparavant, elle avait \u00e9crit un texte bouleversant pour \u00e9crire un hymne au&nbsp;personnel hospitalier du pavillon Rossini de l&rsquo;h\u00f4pital Sainte-Perrine, pavillon de soins palliatifs dans lequel elle finissait sa vie. Je l&rsquo;avais repris dans un mot du jour &lt;<a href=\"https:\/\/lemotdujour.fr\/?p=7565\"><span style=\"color: #0000ff;\">Une \u00eele<\/span><\/a>&gt;.<br \/>\n<\/span><\/p>\n<p><img loading=\"lazy\" decoding=\"async\" class=\"alignnone size-full wp-image-8964\" src=\"https:\/\/lemotdujour.fr\/wp-content\/uploads\/2020\/05\/Raymond-Depardon-Bernard-Requin.png\" alt=\"\" width=\"1272\" height=\"713\" srcset=\"https:\/\/lemotdujour.fr\/wp-content\/uploads\/2020\/05\/Raymond-Depardon-Bernard-Requin.png 1272w, https:\/\/lemotdujour.fr\/wp-content\/uploads\/2020\/05\/Raymond-Depardon-Bernard-Requin-300x168.png 300w, https:\/\/lemotdujour.fr\/wp-content\/uploads\/2020\/05\/Raymond-Depardon-Bernard-Requin-1024x574.png 1024w, https:\/\/lemotdujour.fr\/wp-content\/uploads\/2020\/05\/Raymond-Depardon-Bernard-Requin-768x430.png 768w\" sizes=\"auto, (max-width: 1272px) 100vw, 1272px\" \/><\/p>\n<p><span style=\"color: #c00000; font-family: Arial;\">&lt;1431&gt;<\/span><\/p>\n","protected":false},"excerpt":{"rendered":"<p>\u00abJe veux redonner la parole aux gens, moi qui ai tellement capt\u00e9 leur image.\u00bb Raymond Depardon Raymond Depardon est n\u00e9 dans le d\u00e9partement du Rh\u00f4ne, en 1942, \u00e0 Villefranche-sur-Sa\u00f4ne. Il \u00e9tait fils de cultivateurs du Beaujolais Il est consid\u00e9r\u00e9 comme<\/p>\n","protected":false},"author":1,"featured_media":0,"comment_status":"open","ping_status":"closed","sticky":false,"template":"","format":"standard","meta":{"footnotes":""},"categories":[1],"tags":[12,89,28],"class_list":["post-8961","post","type-post","status-publish","format-standard","hentry","category-motdujour","tag-documentaire","tag-media","tag-photo"],"_links":{"self":[{"href":"https:\/\/lemotdujour.fr\/index.php?rest_route=\/wp\/v2\/posts\/8961","targetHints":{"allow":["GET"]}}],"collection":[{"href":"https:\/\/lemotdujour.fr\/index.php?rest_route=\/wp\/v2\/posts"}],"about":[{"href":"https:\/\/lemotdujour.fr\/index.php?rest_route=\/wp\/v2\/types\/post"}],"author":[{"embeddable":true,"href":"https:\/\/lemotdujour.fr\/index.php?rest_route=\/wp\/v2\/users\/1"}],"replies":[{"embeddable":true,"href":"https:\/\/lemotdujour.fr\/index.php?rest_route=%2Fwp%2Fv2%2Fcomments&post=8961"}],"version-history":[{"count":4,"href":"https:\/\/lemotdujour.fr\/index.php?rest_route=\/wp\/v2\/posts\/8961\/revisions"}],"predecessor-version":[{"id":11999,"href":"https:\/\/lemotdujour.fr\/index.php?rest_route=\/wp\/v2\/posts\/8961\/revisions\/11999"}],"wp:attachment":[{"href":"https:\/\/lemotdujour.fr\/index.php?rest_route=%2Fwp%2Fv2%2Fmedia&parent=8961"}],"wp:term":[{"taxonomy":"category","embeddable":true,"href":"https:\/\/lemotdujour.fr\/index.php?rest_route=%2Fwp%2Fv2%2Fcategories&post=8961"},{"taxonomy":"post_tag","embeddable":true,"href":"https:\/\/lemotdujour.fr\/index.php?rest_route=%2Fwp%2Fv2%2Ftags&post=8961"}],"curies":[{"name":"wp","href":"https:\/\/api.w.org\/{rel}","templated":true}]}}