{"id":8942,"date":"2020-05-25T00:20:15","date_gmt":"2020-05-24T22:20:15","guid":{"rendered":"http:\/\/lemotdujour.fr\/?p=8942"},"modified":"2020-05-25T00:23:15","modified_gmt":"2020-05-24T22:23:15","slug":"lundi-25-mai-2020","status":"publish","type":"post","link":"https:\/\/lemotdujour.fr\/?p=8942","title":{"rendered":"Lundi 25 mai 2020"},"content":{"rendered":"<div class=\"mdjTexte\">\u00abAu nom de la terre\u00bb<\/div>\n<div class=\"mdjAuteur\">Film d&rsquo;Edouard Bergeon<\/div>\n<p><span style=\"color: #777777; font-family: Arial;\">Depuis longtemps Annie voulait que nous regardions ce film qui lui avaient \u00e9t\u00e9 chaudement recommand\u00e9 par des agriculteurs. Nous n&rsquo;avons pas pu le voir en salle, nous nous y sommes pris trop tard. Le film est sorti le 25 septembre 2019. Mais nous avons trouv\u00e9 le DVD et ce week-end prolong\u00e9 fut l&rsquo;occasion de le voir.<br \/>\n<\/span><\/p>\n<p><img decoding=\"async\" class=\"alignleft\" src=\"https:\/\/lemotdujour.fr\/wp-content\/uploads\/2020\/05\/052420_2212_Lundi25mai21.jpg\" alt=\"\" align=\"left\" \/><span style=\"color: #777777; font-family: Arial;\">C&rsquo;est un choc, un moment d&rsquo;\u00e9motion et de multiple questionnements.<br \/>\n<\/span><\/p>\n<p><span style=\"color: #777777; font-family: Arial;\">Ce film a \u00e9t\u00e9 r\u00e9alis\u00e9 par Edouard Bergeon. Il \u00e9tait journaliste \u00e0 France 2, sp\u00e9cialis\u00e9 dans le documentaire, quand il s&rsquo;est lanc\u00e9 dans l&rsquo;aventure de la r\u00e9alisation d&rsquo;un film, de ce film.<br \/>\n<\/span><\/p>\n<p><span style=\"color: #777777; font-family: Arial;\">Il est n\u00e9 en 1982 et a grandi dans une ferme, pr\u00e8s de Poitiers.<br \/>\n<\/span><\/p>\n<p><span style=\"color: #777777; font-family: Arial;\">Le film \u00ab\u00a0<strong>Au nom de la terre<\/strong> \u00bb est une fiction largement inspir\u00e9e de faits r\u00e9els qu&rsquo;il a v\u00e9cus avec son p\u00e8re, sa m\u00e8re et sa s\u0153ur.<br \/>\n<\/span><\/p>\n<p><span style=\"color: #777777; font-family: Arial;\">Son p\u00e8re a repris la ferme familiale.<br \/>\n<\/span><\/p>\n<p><span style=\"color: #777777; font-family: Arial;\">Le contexte est celui d&rsquo;une \u00e9conomie aux mains des industriels, de la grande distribution et du r\u00e8gne du prix bas.<br \/>\n<\/span><\/p>\n<p><span style=\"color: #777777; font-family: Arial;\">Pour s&rsquo;en sortir, il faut investir. Pour investir il faut s&rsquo;endetter.<br \/>\n<\/span><\/p>\n<p><span style=\"color: #777777; font-family: Arial;\">Quand la dette devient trop compliqu\u00e9e \u00e0 rembourser, des coop\u00e9ratives, des banquiers ou des industriels viennent vous aider et vous envoie un commercial qui explique au paysan que pour s&rsquo;en sortir, il faut encore industrialiser davantage, donc investir, donc s&rsquo;endetter mais avec de beaux rendements qui rendront possible le remboursement de la nouvelle dette et des anciennes dettes.<br \/>\n<\/span><\/p>\n<p><span style=\"color: #777777; font-family: Arial;\">Cette industrialisation conduit \u00e0 produire une alimentation de plus en plus m\u00e9diocre.<br \/>\n<\/span><\/p>\n<p><span style=\"color: #777777; font-family: Arial;\">Il suffit d&rsquo;un grain de sable, d&rsquo;un accident et toute cette construction d\u00e9voile sa fragilit\u00e9.<br \/>\n<\/span><\/p>\n<p><span style=\"color: #777777; font-family: Arial;\">Dans le film, un violent incendie ravage une grande partie des installations productives dans la ferme. Edouard Bergeon explique que dans la vraie vie, celle de son p\u00e8re, il y eut plusieurs incendies.<br \/>\n<\/span><\/p>\n<p><span style=\"color: #777777; font-family: Arial;\">C&rsquo;est trop lourd pour le paysan, il n&rsquo;a plus la force de continuer le combat.<br \/>\n<\/span><\/p>\n<p><span style=\"color: #777777; font-family: Arial;\">La fin du film, comme la r\u00e9alit\u00e9 est une longue d\u00e9ch\u00e9ance, un \u00e9tat de d\u00e9sordre psychologique qui n\u00e9cessite des soins psychiatriques et qui m\u00e8nent finalement au suicide.<br \/>\n<\/span><\/p>\n<p><span style=\"color: #777777; font-family: Arial;\">C&rsquo;est une chose de lire <a href=\"https:\/\/www.francetvinfo.fr\/economie\/emploi\/metiers\/agriculture\/suicides-chez-les-agricultures-des-chiffres-qui-font-froid-dans-le-dos_3612595.html\"><span style=\"color: #0000ff;\">dans un article<\/span><\/a> de septembre 2019 que<br \/>\n<\/span><\/p>\n<p style=\"margin-left: 28pt;\"><span style=\"color: #c00000; font-family: Arial;\">\u00ab\u00a0Ce serait plus de deux suicides par jour, selon les chiffres de la Mutualit\u00e9 sociale agricole parus cet \u00e9t\u00e9. Elle \u00e9voque 605 suicides chez agriculteurs, exploitants et salari\u00e9s. [\u2026] On parle bien de surmortalit\u00e9. Le risque de se suicider est plus \u00e9lev\u00e9 de 12,6% chez les agriculteurs. Et ce chiffre explose chez les agriculteurs les plus pauvres. On atteint 57% chez les b\u00e9n\u00e9ficiaires de la CMU. Deux activit\u00e9s sont particuli\u00e8rement touch\u00e9es : les \u00e9leveurs bovins et les producteurs laitiers\u00a0\u00bb.<br \/>\n<\/span><\/p>\n<p><span style=\"color: #777777; font-family: Arial;\">C&rsquo;est une autre chose que de le vivre dans l&rsquo;\u00e9motion d&rsquo;une \u0153uvre de fiction dont on sait qu&rsquo;elle montre la r\u00e9alit\u00e9 de la vie, des contraintes et du pi\u00e8ge dans lequel sont attir\u00e9s grand nombre de paysans.<br \/>\n<\/span><\/p>\n<p><span style=\"color: #777777; font-family: Arial;\">Avant ce film, Edouard Bergeon avait r\u00e9alis\u00e9 un documentaire &lt;<a href=\"https:\/\/solidaritepaysans.org\/zoom-sur\/des-films-et-reportages-a-decouvrir\/les-fils-de-la-terre\"><span style=\"color: #0000ff;\">Les fils de la terre<\/span><\/a>&gt; dans lequel il racontait d\u00e9j\u00e0 l&rsquo;histoire de son p\u00e8re avec en parall\u00e8le le r\u00e9cit contemporain d&rsquo;un paysan et de son p\u00e8re confront\u00e9s aux m\u00eames difficult\u00e9s de l&rsquo;endettement et des prix bas dans le cadre d&rsquo;une ferme de vaches laiti\u00e8res.<br \/>\n<\/span><\/p>\n<p><img loading=\"lazy\" decoding=\"async\" class=\"alignright\" src=\"https:\/\/lemotdujour.fr\/wp-content\/uploads\/2020\/05\/052420_2212_Lundi25mai22.jpg\" alt=\"\" width=\"416\" height=\"338\" align=\"left\" \/><span style=\"color: #777777; font-family: Arial;\">Le film est port\u00e9 par des acteurs remarquables et notamment <strong>Guillaume Canet<\/strong> qui joue le r\u00f4le du p\u00e8re. Et lorsque Guillaume Canet, lui-m\u00eame fils de paysan, d\u00e9couvre par hasard le documentaire \u00ab\u00a0<strong>Les fils de la terre<\/strong>\u00a0\u00bb en allumant sa t\u00e9l\u00e9vision, il est imm\u00e9diatement conquis et veut en faire une \u0153uvre de fiction. Il est alors en tournage de \u00ab\u00a0Mon gar\u00e7on\u00a0\u00bb, produit par Christophe Rossignon. L&rsquo;acteur dit alors \u00e0 ce dernier qu&rsquo;il aimerait adapter un long m\u00e9trage de ce documentaire et qu&rsquo;il souhaite le r\u00e9aliser. Christophe Rossignon explique que ce projet est d\u00e9j\u00e0 en d\u00e9veloppement et qu&rsquo;il va le produire et qu&rsquo;Edouard Bergeon va le r\u00e9aliser. Il accepte imm\u00e9diatement de jouer le r\u00f4le du P\u00e8re dans cette distribution.<br \/>\n<\/span><\/p>\n<p><span style=\"color: #777777; font-family: Arial;\">Lors de la sortie du film Guillaume Canet et Edouard Bergeon avaient \u00e9t\u00e9 invit\u00e9s sur France Inter dans l&rsquo;\u00e9mission de <a href=\"https:\/\/www.franceinter.fr\/emissions\/l-invite-de-7h50\/l-invite-de-7h50-18-septembre-2019\"><span style=\"color: #0000ff;\">Nicolas Demorand et L\u00e9a Salam\u00e9<\/span><\/a><br \/>\n<\/span><\/p>\n<p><span style=\"color: #777777; font-family: Arial;\">Dans cette interview Edouard Bergeon a dit\u00a0:<br \/>\n<\/span><\/p>\n<p style=\"margin-left: 28pt;\"><span style=\"color: #c00000; font-family: Arial;\">\u00ab\u00a0Aujourd&rsquo;hui, beaucoup d&rsquo;agriculteurs souffrent, se battent : un tiers de nos paysans fran\u00e7ais gagnent moins de 350 euros par mois. Ce sont eux qui remplissent notre assiette, il ne faut pas l&rsquo;oublier. Moi je me bats pour tous ces agriculteurs qui se battent pour survivre, pour nourrir la France, et pour tous ceux qui sont partis trop jeunes. Mon p\u00e8re est parti il y a 20 ans, il avait 45 ans, je crois que c&rsquo;est un peu trop jeune. C&rsquo;est pour cela que j&rsquo;ai voulu r\u00e9aliser ce film, qui n&rsquo;est pas un documentaire, qui est un film de cin\u00e9ma, o\u00f9 j&rsquo;ai voulu filmer de beaux moments et magnifier la nature.<br \/>\n<\/span><\/p>\n<p style=\"margin-left: 28pt;\"><span style=\"color: #c00000; font-family: Arial;\">[\u2026] J&rsquo;ai voulu faire un film sur la transmission de la terre sur trois g\u00e9n\u00e9rations : le grand-p\u00e8re, le p\u00e8re, le fils. Moi je suis le fils. Le grand-p\u00e8re, c&rsquo;est la g\u00e9n\u00e9ration des 30 glorieuses. Il faut produire, on travaille, on modernise et on gagne de l&rsquo;argent. On cr\u00e9\u00e9e des outils, on les transmet au fils&#8230; et l\u00e0 on arrive en 1992, l&rsquo;\u00e9conomie de march\u00e9, le march\u00e9 int\u00e9rieur, la bourse de Chicago qui fixe tout, et on est oblig\u00e9 de se diversifier pour faire bouillir la marmite. C&rsquo;est une catastrophe pour cette g\u00e9n\u00e9ration-l\u00e0 qui travaille toujours plus, qui perd son bon sens paysan.<br \/>\n<\/span><\/p>\n<p style=\"margin-left: 28pt;\"><span style=\"color: #c00000; font-family: Arial;\">Et puis il y a cette g\u00e9n\u00e9ration, la mienne. Moi je suis parti. Mon p\u00e8re m&rsquo;avait dit : \u00ab\u00a0Travaille bien \u00e0 l&rsquo;\u00e9cole et tu choisiras ton m\u00e9tier&#8230;\u00a0\u00bb et \u00ab\u00a0tu m\u00e9rites d&rsquo;avoir une vie meilleure que la mienne : ne sois pas paysan&#8230;\u00a0\u00bb<br \/>\n<\/span><\/p>\n<p style=\"margin-left: 28pt;\"><span style=\"color: #c00000; font-family: Arial;\">J&rsquo;avais des parents qui avaient compris qu&rsquo;il fallait que l&rsquo;\u00e9cole repr\u00e9sente notre ascension sociale. Car eux n&rsquo;avaient pas choisi leur m\u00e9tier\u00a0\u00bb.<br \/>\n<\/span><\/p>\n<p style=\"margin-left: 28pt;\"><span style=\"color: #c00000; font-family: Arial;\">[\u2026] Les agriculteurs fran\u00e7ais sont vraiment isol\u00e9s, parce qu&rsquo;ils sont tr\u00e8s incompris aujourd&rsquo;hui. Mon p\u00e8re souffrait de l&rsquo;image qu&rsquo;avait le grand public des agriculteurs.<br \/>\n<\/span><\/p>\n<p style=\"margin-left: 28pt;\"><span style=\"color: #c00000; font-family: Arial;\">disait qu&rsquo;il en avait marre de ce m\u00e9tier, et il s&rsquo;est isol\u00e9. Lui qui avait un caract\u00e8re fort, il a plong\u00e9 encore plus fort dans un mal-\u00eatre. C&rsquo;est pour cela qu&rsquo;aujourd&rsquo;hui nous soutenons une association qui s&rsquo;appelle &lt;<span style=\"color: #0000ff;\"><a style=\"color: #0000ff;\" href=\"https:\/\/solidaritepaysans.org\/\"><strong>Solidarit\u00e9 paysans<\/strong><\/a><\/span><strong>&gt;<\/strong>, qui fait un travail incroyable de veille et d&rsquo;accompagnement des agriculteurs en d\u00e9tresse. \u00bb<br \/>\n<\/span><\/p>\n<p><span style=\"color: #777777; font-family: Arial;\">Et Guillaume Canet a ajout\u00e9\u00a0:<br \/>\n<\/span><\/p>\n<p style=\"margin-left: 28pt;\"><span style=\"color: #c00000; font-family: Arial;\">\u00ab\u00a0On les traite d&#8217;empoisonneurs, aujourd&rsquo;hui, alors que ce sont eux qui sont les premiers empoisonn\u00e9s aussi.<br \/>\n<\/span><\/p>\n<p style=\"margin-left: 28pt;\"><span style=\"color: #c00000; font-family: Arial;\">[\u2026] j&rsquo;\u00e9tais tomb\u00e9 sur le documentaire \u00ab\u00a0Les fils de la Terre\u00a0\u00bb qu&rsquo;avait r\u00e9alis\u00e9 Edouard et qui m&rsquo;avait boulevers\u00e9. Et parce que son histoire est bouleversante, celle de son p\u00e8re, de sa famille, mais \u00e7a allait au-del\u00e0 de cela. J&rsquo;ai lu aussi ce sc\u00e9nario comme un citoyen, comme un p\u00e8re de famille, et il est vrai que les causes environnementales me touchent et m&rsquo;importent, mais l\u00e0, on va au-del\u00e0 de l&rsquo;agriculture. Ce qui m&rsquo;int\u00e9ressait dans ce sc\u00e9nario, c&rsquo;est qu&rsquo;il n&rsquo;oppose pas les agricultures, la traditionnelle \u00e0 la biologique. Simplement, il y a un \u00e9tat de fait qui renvoie \u00e0 des questions importantes o\u00f9 l&rsquo;on est concern\u00e9 nous, en tant que consommateur. On a tous une assiette devant nous. Et cette assiette, c&rsquo;est notre sant\u00e9. Il faut se poser la question de savoir si ce qu&rsquo;on a dans notre assiette nous fait du bien. Une chose est \u00e9vidente, c&rsquo;est que tout le monde n&rsquo;a pas le pouvoir d&rsquo;achat et la possibilit\u00e9 d&rsquo;acheter bio. Mais il y a aussi une autre agriculture plus raisonn\u00e9e, plus courte et moins dangereuse pour la sant\u00e9.\u00a0\u00bb<br \/>\n<\/span><\/p>\n<p style=\"margin-left: 28pt;\"><span style=\"color: #c00000; font-family: Arial;\">[\u2026] Et moi c&rsquo;est ce qui m&rsquo;a touch\u00e9 : le fait de me dire qu&rsquo;il faut alerter la population, que des gens n&rsquo;ont pas la possibilit\u00e9 de choisir ce qu&rsquo;ils mangent, mais que beaucoup d&rsquo;autres l&rsquo;ont, ce choix-l\u00e0. Qu&rsquo;on peut consommer autre chose. Et surtout, qu&rsquo;on arr\u00eate d&rsquo;importer des produits de l&rsquo;\u00e9tranger qui sont souvent de la merde, alors qu&rsquo;on produit en France des produits d&rsquo;exception que l&rsquo;on exporte.\u00a0\u00bb<br \/>\n<\/span><\/p>\n<p><span style=\"color: #777777; font-family: Arial;\">En f\u00e9vrier 2020, le site &lt;<a href=\"http:\/\/www.allocine.fr\/article\/fichearticle_gen_carticle=18687225.html\"><span style=\"color: #0000ff;\">Allo Cin\u00e9<\/span><\/a>&gt; annon\u00e7ait que le film avait fait plus <strong>de 2\u00a0000\u00a0000 d&rsquo;entr\u00e9es<\/strong>. Mais on apprend aussi que ce succ\u00e8s est un succ\u00e8s en province, les parisiens ont plut\u00f4t boud\u00e9 le film.<br \/>\n<\/span><\/p>\n<p><span style=\"color: #777777; font-family: Arial;\">Il est donc possible de le voir en DVD ou sur une plate-forme qui permet de le t\u00e9l\u00e9charger ou de le regarder en ligne, ce qu&rsquo;on appelle le VOD\u00a0: vid\u00e9o \u00e0 la demande.<br \/>\n<\/span><\/p>\n<p><span style=\"color: #777777; font-family: Arial;\">Il n&rsquo;est pas n\u00e9cessaire de passer par les fourches caudines et am\u00e9ricaines de Netflix mais un site ind\u00e9pendant fran\u00e7ais comme &lt;<a href=\"https:\/\/www.universcine.com\/films\/au-nom-de-la-terre\"><span style=\"color: #0000ff;\">Universcin\u00e9<\/span><\/a>&gt; permet de faire la m\u00eame chose.<br \/>\n<\/span><\/p>\n<p><span style=\"color: #777777; font-family: Arial;\">D&rsquo;ailleurs, les &lt;<span style=\"color: #0000ff;\"><a style=\"color: #0000ff;\" href=\"https:\/\/www.lesinrocks.com\/2019\/04\/05\/cinema\/actualite-cinema\/une-alternative-netflix-les-8-plateformes-de-streaming-du-cinema-dauteur\/\">Inrocks<\/a><\/span>&gt; proposent 8 plateformes dont celle-ci, alternatives \u00e0 Netflix.<br \/>\n<\/span><\/p>\n<p><img loading=\"lazy\" decoding=\"async\" class=\"alignleft\" src=\"https:\/\/lemotdujour.fr\/wp-content\/uploads\/2020\/05\/052420_2212_Lundi25mai23.jpg\" alt=\"\" width=\"420\" height=\"236\" align=\"left\" \/><span style=\"color: #777777; font-family: Arial;\">Vous pouvez aussi voir &lt;<span style=\"color: #0000ff;\"><a style=\"color: #0000ff;\" href=\"https:\/\/www.youtube.com\/watch?v=FZ4Sn72xVi4\">La bande d&rsquo;annonce<\/a><\/span>&gt; du film.<br \/>\n<\/span><\/p>\n<p><span style=\"color: #777777; font-family: Arial;\">Il y a aussi cet article de Sud Ouest\u00a0: \u00ab\u00a0<a href=\"https:\/\/www.sudouest.fr\/2019\/11\/24\/au-nom-de-la-terre-un-film-coup-de-poing-qui-a-change-le-regard-sur-l-agriculture-6861307-4720.php\">\u00ab\u00a0<span style=\"color: #0000ff;\">Au nom de la terre\u00a0\u00bb, un film coup de poing qui a chang\u00e9 le regard sur l&rsquo;agriculture<\/span>\u00a0<\/a>\u00bb et qui permet de voir un court entretien d&rsquo;Edouard Bergeon qui en quelque mots dit l&rsquo;essentiel.<br \/>\n<\/span><\/p>\n<p><span style=\"color: #777777; font-family: Arial;\">Et en plein confinement, le 29 avril Edouard Bergeon a pris <a href=\"https:\/\/france3-regions.francetvinfo.fr\/nouvelle-aquitaine\/vienne\/poitiers\/cultivonsnoustv-nouveau-projet-edouard-bergeon-veut-renouer-liens-entre-agriculteurs-population-1822610.html\"><span style=\"color: #0000ff;\">une nouvelle initiative\u00a0<\/span><\/a><span style=\"color: #0000ff;\">:<\/span><br \/>\n<\/span><\/p>\n<p><span style=\"color: #777777; font-family: Arial;\">Il a cr\u00e9\u00e9 une cha\u00eene de t\u00e9l\u00e9vision en ligne, &lt;<a href=\"https:\/\/www.cultivonsnous.tv\/FR\/video\/nouveautes\/les-fables-de-monsieur-aubree-en-corse\/1:34:786803?clickOrigin=homepage\"><span style=\"color: #0000ff;\">CultivonsNous.tv<\/span><\/a>&gt;.<br \/>\n<\/span><\/p>\n<p><span style=\"color: #777777; font-family: Arial;\">Cette cha\u00eene, cr\u00e9\u00e9e en partenariat avec la plateforme num\u00e9rique Alchimie se pr\u00e9sente comme un \u00ab\u00a0esp\u00e8ce de Netflix\u00a0\u00bb, explique Edouard Bergeon. C&rsquo;est une \u00ab\u00a0<span style=\"color: #c00000;\">cha\u00eene th\u00e9matique de l&rsquo;agriculture, du bien manger et de la transition \u00e9colo<span style=\"color: #777777;\">gique\u00a0\u00bb qui ambitionne de \u00ab\u00a0<span style=\"color: #c00000;\">recoudre le lien entre la terre et les urbains<span style=\"color: #777777;\">. \u00bb<br \/>\n<\/span><\/span><\/span><\/span><\/span><\/p>\n<p><span style=\"color: #777777; font-family: Arial;\">CultivonsNous.tv fonctionne sur la base de l&rsquo;abonnement (4,99\u20ac par mois), dont 1\u20ac est revers\u00e9 \u00e0 des structures associatives. Pour le lancement du projet, l&rsquo;association Solidarit\u00e9 Paysans, soutenue de longue date par Edouard Bergeon, est celle retenue.<br \/>\n<\/span><\/p>\n<p><span style=\"color: #777777; font-family: Arial;\">La cha\u00eene propose d\u00e9j\u00e0 une s\u00e9rie de documentaires sur plusieurs th\u00e9matiques : \u00ab\u00a0Ceux qui nous nourrissent\u00a0\u00bb, \u00ab\u00a0Ma vie de paysan 2.0\u00a0\u00bb, \u00ab\u00a0Dans quel monde vit-on ?\u00a0\u00bb, \u00ab\u00a0Ce qu&rsquo;on mange\u00a0\u00bb, \u00ab\u00a0Ce qu&rsquo;on boit\u00a0\u00bb<br \/>\n<\/span><\/p>\n<p><span style=\"color: #777777; font-family: Arial;\">Edouard Bergeon pr\u00e9cise\u00a0:<br \/>\n<\/span><\/p>\n<p style=\"margin-left: 28pt;\"><span style=\"color: #c00000; font-family: Arial;\">\u00ab\u00a0Les documentaires racontent toute forme d&rsquo;agriculture avec une envie d&rsquo;\u00eatre plus vertueux\u00a0\u00bb<br \/>\n<\/span><\/p>\n<p><span style=\"color: #777777; font-family: Arial;\">Je redonne le lien vers cette plate-forme\u00a0: <span style=\"color: #0000ff;\">&lt;<a style=\"color: #0000ff;\" href=\"https:\/\/www.cultivonsnous.tv\/FR\/home\">https:\/\/www.cultivonsnous.tv\/FR\/home<\/a>&gt;<\/span><br \/>\n<\/span><\/p>\n<p><span style=\"color: #c00000; font-family: Arial;\">&lt;1429&gt;<\/span><\/p>\n","protected":false},"excerpt":{"rendered":"<p>\u00abAu nom de la terre\u00bb Film d&rsquo;Edouard Bergeon Depuis longtemps Annie voulait que nous regardions ce film qui lui avaient \u00e9t\u00e9 chaudement recommand\u00e9 par des agriculteurs. Nous n&rsquo;avons pas pu le voir en salle, nous nous y sommes pris trop<\/p>\n","protected":false},"author":1,"featured_media":0,"comment_status":"open","ping_status":"closed","sticky":false,"template":"","format":"standard","meta":{"footnotes":""},"categories":[1],"tags":[145,25,7],"class_list":["post-8942","post","type-post","status-publish","format-standard","hentry","category-motdujour","tag-agriculture","tag-cinema","tag-societe"],"_links":{"self":[{"href":"https:\/\/lemotdujour.fr\/index.php?rest_route=\/wp\/v2\/posts\/8942","targetHints":{"allow":["GET"]}}],"collection":[{"href":"https:\/\/lemotdujour.fr\/index.php?rest_route=\/wp\/v2\/posts"}],"about":[{"href":"https:\/\/lemotdujour.fr\/index.php?rest_route=\/wp\/v2\/types\/post"}],"author":[{"embeddable":true,"href":"https:\/\/lemotdujour.fr\/index.php?rest_route=\/wp\/v2\/users\/1"}],"replies":[{"embeddable":true,"href":"https:\/\/lemotdujour.fr\/index.php?rest_route=%2Fwp%2Fv2%2Fcomments&post=8942"}],"version-history":[{"count":3,"href":"https:\/\/lemotdujour.fr\/index.php?rest_route=\/wp\/v2\/posts\/8942\/revisions"}],"predecessor-version":[{"id":8945,"href":"https:\/\/lemotdujour.fr\/index.php?rest_route=\/wp\/v2\/posts\/8942\/revisions\/8945"}],"wp:attachment":[{"href":"https:\/\/lemotdujour.fr\/index.php?rest_route=%2Fwp%2Fv2%2Fmedia&parent=8942"}],"wp:term":[{"taxonomy":"category","embeddable":true,"href":"https:\/\/lemotdujour.fr\/index.php?rest_route=%2Fwp%2Fv2%2Fcategories&post=8942"},{"taxonomy":"post_tag","embeddable":true,"href":"https:\/\/lemotdujour.fr\/index.php?rest_route=%2Fwp%2Fv2%2Ftags&post=8942"}],"curies":[{"name":"wp","href":"https:\/\/api.w.org\/{rel}","templated":true}]}}