{"id":894,"date":"2014-11-04T01:00:00","date_gmt":"2014-11-03T22:00:00","guid":{"rendered":"http:\/\/lemotdujour.fr\/?p=894"},"modified":"2017-05-08T13:23:45","modified_gmt":"2017-05-08T11:23:45","slug":"mardi-4-novembre-2014","status":"publish","type":"post","link":"https:\/\/lemotdujour.fr\/?p=894","title":{"rendered":"Mardi 4 novembre 2014"},"content":{"rendered":"<div class=\"mdjDate\">Mardi 4 novembre 2014<\/div>\n<div class=\"mdjTexte\">\u00ab\u00a0J&rsquo;esp\u00e8re que vous trouverez plus de bonheur dans l&rsquo;altruisme que dans l&rsquo;individualisme\u00a0\u00bb<\/div>\n<div class=\"mdjAuteur\">Jacques Attali <br \/>Conclusion de sa conf\u00e9rence \u00e0 l&rsquo;Ecole Polytechnique du 18\/02\/2014<br \/>Peut-on penser le monde en 2030 ?<\/div>\n<div class=\"mdjComplements\">Le lien que je vous donne en fin de message montre \u00e0 la fois l&rsquo;extraordinaire apport d&rsquo;Internet, mais aussi le c\u00f4t\u00e9 noir de la toile.<\/div>\n<div class=\"mdjComplements\">D&rsquo;abord le positif, d\u00e9but 2014 l&rsquo;Ecole Polytechnique invite pour \u00e9clairer la future \u00e9lite fran\u00e7aise, Jacques Attali pour qu&rsquo;il leur parle de sa vision \u00e0 20 ans du monde et des d\u00e9fis qu&rsquo;il aura \u00e0 affronter.<\/div>\n<div class=\"mdjComplements\">Vous et moi pouvons entrer dans la salle de conf\u00e9rence de l&rsquo;X et \u00e9couter aussi cette conf\u00e9rence.<\/div>\n<div class=\"mdjComplements\">Le c\u00f4t\u00e9 obscur : des commentaires des internautes d&rsquo;une m\u00e9diocrit\u00e9 et d&rsquo;une haine sans pareil.<\/div>\n<div class=\"mdjComplements\">Attali est critiquable et a toute vocation \u00e0 \u00eatre critiqu\u00e9, mais sur des arguments sur des contre-propositions non des attaques personnelles et de la simple m\u00e9chancet\u00e9.<\/div>\n<div class=\"mdjComplements\">Pour ma part j&rsquo;ai trouv\u00e9 cette conf\u00e9rence tout \u00e0 fait remarquable. Il s&rsquo;agit d&rsquo;un esprit hyper brillant qui s&rsquo;exprime sans note et qui d\u00e9crit le monde en quelques mots justes, pr\u00e9cis, qui analyse et concentre l&rsquo;\u00e9volution de la soci\u00e9t\u00e9 mondiale avec une acuit\u00e9 extraordinaire. Quand il cherche \u00e0 donner sa vision pour 2030, c&rsquo;est bien entendu plus probl\u00e9matique (la pr\u00e9vision est tr\u00e8s compliqu\u00e9e surtout quand il s&rsquo;agit de l&rsquo;avenir) mais ce qu&rsquo;il raconte est vraisemblable et argument\u00e9e.<\/div>\n<div class=\"mdjComplements\">En tout cas on aimerait que nos hommes politiques nous pr\u00e9sentent des visions de cette hauteur et de cette qualit\u00e9.<\/div>\n<div class=\"mdjComplements\">En r\u00e9sum\u00e9 que dit-il ?<\/div>\n<div class=\"mdjComplements\">Au bout d&rsquo;une bataille ind\u00e9cise, une valeur dominante s&rsquo;est impos\u00e9e en Occident la recherche de la libert\u00e9 individuelle (la valeur dominante aurait pu \u00eatre diff\u00e9rente : la recherche religieuse de l&rsquo;\u00e9ternit\u00e9, l&rsquo;\u00e9galit\u00e9 comme beaucoup de th\u00e9ories utopistes l&rsquo;avaient d\u00e9velopp\u00e9e) <\/div>\n<div class=\"mdjComplements\">C&rsquo;est aujourd&rsquo;hui une banalit\u00e9, mais cette victoire n&rsquo;\u00e9tait pas \u00e9vidente. La libert\u00e9 individuelle s&rsquo;est impos\u00e9e comme l&rsquo;utopie majeure : je veux \u00eatre libre de faire ce que j&rsquo;ai envie.<\/div>\n<div class=\"mdjComplements\">C&rsquo;est de cette valeur que d\u00e9coule la plus grande partie de ce qui nous arrive aujourd&rsquo;hui de fa\u00e7on positive comme de fa\u00e7on n\u00e9gative.<\/div>\n<div class=\"mdjComplements\">L&rsquo;humanit\u00e9 s&rsquo;est ainsi d\u00e9velopp\u00e9e dans cette recherche de la libert\u00e9 individuelle dans un contexte de raret\u00e9. Pour les biens, le m\u00e9canisme qui s&rsquo;est impos\u00e9 c&rsquo;est le march\u00e9 et du point de vue politique c&rsquo;est la d\u00e9mocratie. Ce sont des m\u00e9canismes sommaires, mais c&rsquo;est le meilleur bricolage pour tenter de r\u00e9aliser la qu\u00eate de la valeur pr\u00e9conis\u00e9e.<\/div>\n<div class=\"mdjComplements\">Le march\u00e9 est par nature mondiale et la d\u00e9mocratie par nature est locale, nationale. Il y a donc l\u00e0 une confrontation.<\/div>\n<div class=\"mdjComplements\">Mais ce qu&rsquo;il y a de plus pr\u00e9gnant c&rsquo;est que la libert\u00e9 individuelle repose sur la facult\u00e9 de changer d&rsquo;avis, elle entra\u00eene la pr\u00e9carit\u00e9 des liens et des relations.<\/div>\n<div class=\"mdjComplements\">Je peux d\u00e9cider que je ne suis plus d&rsquo;accord avec celui que j&#8217;emploie, je le licencie. Je ne suis plus d&rsquo;accord avec celui qui m&#8217;emploie je m&rsquo;en vais. Je ne suis plus d&rsquo;accord avec l&rsquo;homme politique que j&rsquo;ai \u00e9lu, j&rsquo;en change. Je change de produit, de fournisseur, de lieu d&rsquo;habitation, de partenaire sentimental et m\u00eame de sexe.<\/div>\n<div class=\"mdjComplements\">Je veux \u00eatre libre tout le temps et en permanence.<\/div>\n<div class=\"mdjComplements\">Quelque part l&rsquo;apologie de la libert\u00e9 individuelle, c&rsquo;est l&rsquo;apologie de la d\u00e9loyaut\u00e9<\/div>\n<div class=\"mdjComplements\">Tout, tout de suite, pour mon seul int\u00e9r\u00eat.<\/div>\n<div class=\"mdjComplements\">Une soci\u00e9t\u00e9 qui repose essentiellement sur cette seule valeur, cette seule pulsion va au-devant de grandes difficult\u00e9s. Pour Attali, elle est clairement condamn\u00e9e.<\/div>\n<div class=\"mdjComplements\">Je r\u00e9sume cette conf\u00e9rence tr\u00e8s riche, en quelques mots.<\/div>\n<div class=\"mdjComplements\">Il donne une solution qui est celle de l&rsquo;altruisme qu&rsquo;il d\u00e9veloppe sous cette id\u00e9e simple qui moi me parle : j&rsquo;ai int\u00e9r\u00eat que l&rsquo;autre, que mon voisin aille bien : parce qu&rsquo;alors il peut \u00eatre mon ami, mon client, mon partenaire et tout simplement parce que je peux trouver du plaisir \u00e0 ce que mon voisin soit heureux. C&rsquo;est un altruisme rationnel.<\/div>\n<div class=\"mdjComplements\">D&rsquo;o\u00f9 le mot du jour qui est la conclusion de cette conf\u00e9rence : \u00ab\u00a0J&rsquo;esp\u00e8re que vous trouverez plus de bonheur dans l&rsquo;altruisme que dans l&rsquo;individualisme.\u00a0\u00bb<\/div>\n<div class=\"mdjComplements\">Ces quelques mots simplement pour vous inciter \u00e0 \u00e9couter une petite heure de conf\u00e9rence \u200b: <a href=\"https:\/\/www.youtube.com\/watch?v=baWfd-vRIqM\">https:\/\/www.youtube.com\/watch?v=baWfd-vRIqM<\/a><\/div>\n","protected":false},"excerpt":{"rendered":"<p>Mardi 4 novembre 2014 \u00ab\u00a0J&rsquo;esp\u00e8re que vous trouverez plus de bonheur dans l&rsquo;altruisme que dans l&rsquo;individualisme\u00a0\u00bb Jacques Attali Conclusion de sa conf\u00e9rence \u00e0 l&rsquo;Ecole Polytechnique du 18\/02\/2014Peut-on penser le monde en 2030 ? Le lien que je vous donne en<\/p>\n","protected":false},"author":1,"featured_media":0,"comment_status":"closed","ping_status":"closed","sticky":false,"template":"","format":"standard","meta":{"footnotes":""},"categories":[1],"tags":[],"class_list":["post-894","post","type-post","status-publish","format-standard","hentry","category-motdujour"],"_links":{"self":[{"href":"https:\/\/lemotdujour.fr\/index.php?rest_route=\/wp\/v2\/posts\/894","targetHints":{"allow":["GET"]}}],"collection":[{"href":"https:\/\/lemotdujour.fr\/index.php?rest_route=\/wp\/v2\/posts"}],"about":[{"href":"https:\/\/lemotdujour.fr\/index.php?rest_route=\/wp\/v2\/types\/post"}],"author":[{"embeddable":true,"href":"https:\/\/lemotdujour.fr\/index.php?rest_route=\/wp\/v2\/users\/1"}],"replies":[{"embeddable":true,"href":"https:\/\/lemotdujour.fr\/index.php?rest_route=%2Fwp%2Fv2%2Fcomments&post=894"}],"version-history":[{"count":1,"href":"https:\/\/lemotdujour.fr\/index.php?rest_route=\/wp\/v2\/posts\/894\/revisions"}],"predecessor-version":[{"id":895,"href":"https:\/\/lemotdujour.fr\/index.php?rest_route=\/wp\/v2\/posts\/894\/revisions\/895"}],"wp:attachment":[{"href":"https:\/\/lemotdujour.fr\/index.php?rest_route=%2Fwp%2Fv2%2Fmedia&parent=894"}],"wp:term":[{"taxonomy":"category","embeddable":true,"href":"https:\/\/lemotdujour.fr\/index.php?rest_route=%2Fwp%2Fv2%2Fcategories&post=894"},{"taxonomy":"post_tag","embeddable":true,"href":"https:\/\/lemotdujour.fr\/index.php?rest_route=%2Fwp%2Fv2%2Ftags&post=894"}],"curies":[{"name":"wp","href":"https:\/\/api.w.org\/{rel}","templated":true}]}}