{"id":8933,"date":"2020-05-20T04:53:00","date_gmt":"2020-05-20T02:53:00","guid":{"rendered":"http:\/\/lemotdujour.fr\/?p=8933"},"modified":"2020-05-19T16:03:11","modified_gmt":"2020-05-19T14:03:11","slug":"mercredi-20-mai-2020","status":"publish","type":"post","link":"https:\/\/lemotdujour.fr\/?p=8933","title":{"rendered":"Mercredi 20 mai 2020"},"content":{"rendered":"<div class=\"mdjTexte\">\u00abEn fait ce que je veux, c&rsquo;est assez simple, c&rsquo;est que personne n&rsquo;oppresse personne, qu&rsquo;aucun homme n&rsquo;oppresse un autre homme et\u00a0 qu&rsquo;aucun \u00e9tat n&rsquo;oppresse un autre \u00e9tat.\u00bb<\/div>\n<div class=\"mdjAuteur\">Anne Beaumanoir<\/div>\n<p><span style=\"color: #777777; font-family: Arial;\">Le mot du jour est butinage et partage. J&rsquo;avais pr\u00e9vu de continuer cette semaine de m&rsquo;inspirer du livre \u00ab\u00a0<strong>Comprendre le Monde<\/strong>\u00a0\u00bb de la Revue XXI. Mais, samedi j&rsquo;ai entendu Claude Alphandery \u00e0 France Culture. Son expression, son optimiste, sa volont\u00e9, sa sagesse m&rsquo;ont conduit \u00e0 lui consacrer l&rsquo;article d&rsquo;hier. Mais j&rsquo;ai lu qu&rsquo;il n&rsquo;\u00e9tait pas le seul pr\u00e9sident du \u00ab <strong>Conseil National de la Nouvelle R\u00e9sistance<\/strong> \u00bb, il partage cet honneur avec <strong>Anne Beaumanoir.<br \/>\n<\/strong><\/span><\/p>\n<p><span style=\"color: #777777; font-family: Arial;\">Si j&rsquo;avais d\u00e9j\u00e0 entendu parler de Claude Alphandery, sans en conna\u00eetre les d\u00e9tails que j&rsquo;ai pu approcher hier, je n&rsquo;avais jamais entendu parler d&rsquo;Anne Beaumanoir.<br \/>\n<\/span><\/p>\n<p><span style=\"color: #777777; font-family: Arial;\">Alors j&rsquo;ai cherch\u00e9. Et une nouvelle fois me vient cette citation d&rsquo;Albert Camus\u00a0:<br \/>\n<\/span><\/p>\n<p style=\"margin-left: 28pt;\"><span style=\"color: #c00000; font-family: Arial;\">\u00ab\u00a0Il y a des \u00eatres qui justifient le monde, qui aident \u00e0 vivre par leur seule pr\u00e9sence.\u00a0\u00bb (<em>Le premier homme<\/em>)<br \/>\n<\/span><\/p>\n<p><span style=\"color: #777777; font-family: Arial;\">Anne Beaumanoir m\u00e9rite autant que Claude Alphandery cette appellation\u00a0: \u00ab\u00a0<strong>des \u00eatres qui justifient le monde<\/strong>\u00a0\u00bb<br \/>\n<\/span><\/p>\n<p><img decoding=\"async\" class=\"alignright\" src=\"https:\/\/lemotdujour.fr\/wp-content\/uploads\/2020\/05\/051920_1353_Mercredi20m1.png\" alt=\"\" align=\"left\" \/><span style=\"color: #777777; font-family: Arial;\">Je voudrais commencer par cette page du Coll\u00e8ge Christiane Bernardin de Francheville qui l&rsquo;avait invit\u00e9e pour t\u00e9moigner aupr\u00e8s des coll\u00e9giens.<br \/>\n<\/span><\/p>\n<p><span style=\"color: #777777; font-family: Arial;\">Sur <a href=\"https:\/\/christianebernardin.blogs.laclasse.com\/2019\/03\/13\/anne-beaumanoir-une-heroine-resistante-au-college\/\"><span style=\"color: #0000ff;\">cette page<\/span><\/a> on peut lire\u00a0:<br \/>\n<\/span><\/p>\n<p style=\"margin-left: 28pt;\"><span style=\"color: #c00000; font-family: Arial;\">\u00ab\u00a0Mardi, au coll\u00e8ge Christiane Bernardin, Anne Beaumanoir a racont\u00e9 son histoire aux \u00e9l\u00e8ves de Troisi\u00e8me. Les coll\u00e9giens \u00e9taient \u00e9mus et tr\u00e8s respectueux face \u00e0 cette grande dame, car ils sont conscients de leur chance. A 96 ans, forte du feu qui l&rsquo;anime toujours, elle exerce son <strong>Devoir de M\u00e9moire<\/strong> aupr\u00e8s des \u00e9l\u00e8ves. Une nouvelle fois, elle est revenue jusqu&rsquo;\u00e0 Francheville pour raconter son incroyable vie, h\u00e9ro\u00efque pour nous, simplement citoyenne et engag\u00e9e\u00a0 pour elle.\u00a0\u00bb<br \/>\n<\/span><\/p>\n<p><span style=\"color: #777777; font-family: Arial;\">Dans les diff\u00e9rents articles et vid\u00e9o que j&rsquo;ai vu d&rsquo;elle, c&rsquo;est probablement outre son c\u00f4t\u00e9 chaleureux et p\u00e9tillant, l&rsquo;humilit\u00e9 qui parait son trait de caract\u00e8re dominant.<br \/>\n<\/span><\/p>\n<p><span style=\"color: #777777; font-family: Arial;\">Elle a fait de brillantes \u00e9tudes de m\u00e9decine, elle a fait de la recherche en neurosciences, fait de la r\u00e9sistance \u00e0 Paris, sauver avec ses parents de jeunes juifs des griffes des nazis, elle s&rsquo;est engag\u00e9e totalement dans la guerre d&rsquo;ind\u00e9pendance de l&rsquo;Alg\u00e9rie. Et pour tout cela elle dit, et on la sent sinc\u00e8re, ce n&rsquo;\u00e9tait pas grand-chose.<br \/>\n<\/span><\/p>\n<p><span style=\"color: #777777; font-family: Arial;\">Anne Beaumanoir est n\u00e9e le 30 octobre 1923 en Bretagne, pr\u00e8s de Dinan, dans les C\u00f4tes-du-Nord. Elle est issue d&rsquo;un milieu modeste. Ses parents sont restaurateurs.<br \/>\n<\/span><\/p>\n<p><span style=\"color: #777777; font-family: Arial;\">Ce site &lt;<a href=\"https:\/\/maitron.fr\/spip.php?article150461\"><span style=\"color: #0000ff;\">Le Maitron<\/span><\/a>&gt; consacr\u00e9 au mouvement ouvrier et social donne davantage de pr\u00e9cisions.<br \/>\n<\/span><\/p>\n<p style=\"margin-left: 28pt;\"><span style=\"color: #c00000; font-family: Arial;\">\u00ab\u00a0Le p\u00e8re d&rsquo;Anne Beaumanoir avait \u00e9t\u00e9 priv\u00e9 de sa part des biens de famille pour avoir d\u00e9chu en se mariant avec une vach\u00e8re, Marthe Brunet, fille de valets de ferme\u00a0; leur fille Anne est n\u00e9e avant leur mariage. [\u2026] El\u00e8ve de l&rsquo;\u00e9cole la\u00efque, ce qui est d\u00e9j\u00e0 un signe de r\u00e9publicanisme qui vaut en pays catholique traditionnaliste, l&rsquo;appellation de \u00ab\u00a0rouges\u00a0\u00bb, Anne Beaumanoir grandit aupr\u00e8s de parents vivement antifascistes, partisans du Front populaire et vibrant au soutien des Brigades internationales dans la guerre d&rsquo;Espagne. La m\u00e8re suivait les r\u00e9unions et activit\u00e9s communistes, [sans] \u00eatre formellement membre du parti\u00a0; le p\u00e8re tout en soutenant les communistes r\u00e9sistants avait une r\u00e9serve vis \u00e0 vis du caract\u00e8re sectaire et policier du parti (\u00ab\u00a0l&rsquo;esprit de parti\u00a0\u00bb)\u00a0; quand en 1942, sa fille lui fit part de son adh\u00e9sion au PCF, il eut cette r\u00e9flexion sur les partisans communistes\u00a0: \u00ab\u00a0dans ce parti, la moiti\u00e9 d&rsquo;entre eux est occup\u00e9e \u00e0 espionner l&rsquo;autre\u00a0\u00bb.<br \/>\n<\/span><\/p>\n<p style=\"margin-left: 28pt;\"><span style=\"color: #c00000; font-family: Arial;\">Anne Beaumanoir fut d&rsquo;abord interne au coll\u00e8ge de Dinan avant que ses parents au d\u00e9but de la guerre, viennent s&rsquo;installer en ville tenant un caf\u00e9 restaurant. Ayant commenc\u00e9 ses \u00e9tudes de m\u00e9decine \u00e0 la facult\u00e9 de Rennes, suspecte de sympathie pour la R\u00e9sistance et le communisme, elle gagne Paris en 1942 et poursuit ses \u00e9tudes m\u00e9dicales en suivant les stages \u00e0 l&rsquo;h\u00f4pital Cochin\u00a0\u00bb<br \/>\n<\/span><\/p>\n<p><span style=\"color: #777777; font-family: Arial;\">Elle poursuit donc, pendant la Seconde Guerre mondiale, des \u00e9tudes de m\u00e9decine \u00e0 Paris. Clandestinement, elle est militante communiste et membre des r\u00e9seaux de r\u00e9sistance.Des amis de ses parents l&rsquo;avertissent un jour qu&rsquo;une rafle va avoir lieu la nuit suivante dans le 13e arrondissement de Paris, et lui demandent de pr\u00e9venir une dame, Victoria, qui cache une famille juive. Anne Beaumanoir se rend chez Victoria, puis aupr\u00e8s de la famille juive, les Lisopravski ; mais elle ne parvient pas \u00e0 les convaincre tous de la suivre d&rsquo;urgence, seuls les deux enfants, Daniel et Simone, partiront avec elle.<br \/>\n<\/span><\/p>\n<p><span style=\"color: #777777; font-family: Arial;\">Elle emm\u00e8ne, d&rsquo;abord les enfants dans une cachette o\u00f9 logent de nombreux membres de la R\u00e9sistance. Mais la Gestapo investit peu apr\u00e8s le repaire, vraisemblablement sur d\u00e9nonciation, et arr\u00eate tous les r\u00e9sistants sauf le chef qui parvient \u00e0 s&rsquo;enfuir par les toits, avec les deux enfants. Par la suite Anne Beaumanoir qui n&rsquo;\u00e9tait pas \u00e0 Paris \u00e0 ce moment-l\u00e0 ; revient et emm\u00e8ne les deux enfants chez ses parents en Bretagne, dans leur maison de Dinan.<br \/>\n<\/span><\/p>\n<p><img decoding=\"async\" class=\"alignleft\" src=\"https:\/\/lemotdujour.fr\/wp-content\/uploads\/2020\/05\/051920_1353_Mercredi20m2.png\" alt=\"\" align=\"left\" \/><span style=\"color: #777777; font-family: Arial;\"><em>Anne Beaumanoir en 1940<br \/>\n<\/em><\/span><\/p>\n<p><span style=\"color: #777777; font-family: Arial;\">\u00c0 Dinan, son p\u00e8re Jean Beaumanoir est interrog\u00e9 par la police qui soup\u00e7onne sa participation \u00e0 la R\u00e9sistance, mais le rel\u00e2che faute de preuve. Sa m\u00e8re Marthe Beaumanoir cache les enfants \u00e0 deux endroits diff\u00e9rents pendant deux semaines, puis avec son mari les accueille chez eux pendant presque un an. Apr\u00e8s la Lib\u00e9ration, les deux enfants sauv\u00e9s gardent contact avec Anne Beaumanoir et ses parents.<br \/>\n<\/span><\/p>\n<p><span style=\"color: #777777; font-family: Arial;\">Pour cet acte, Anne Beaumanoir et ses parents seront reconnus \u00ab <strong>Juste parmi les nations<\/strong> \u00bb le 27 ao\u00fbt 1996 par l&rsquo;institut Yad Vashem.<br \/>\n<\/span><\/p>\n<p><span style=\"color: #777777; font-family: Arial;\">Elle raconte un peu de cette histoire dans ce court extrait d&rsquo;une \u00e9mission de <a href=\"https:\/\/www.youtube.com\/watch?v=aLfA7jUG9WM\"><span style=\"color: #0000ff;\">&lt;C \u00e0 vous&gt;<\/span><\/a> de 2015.<br \/>\n<\/span><\/p>\n<p><span style=\"color: #777777; font-family: Arial;\">Le Comit\u00e9 fran\u00e7ais pour Yad Vashem \u00e9crit au sujet d&rsquo;Anne Beaumanoir :<br \/>\n<\/span><\/p>\n<p style=\"margin-left: 28pt;\"><span style=\"color: #c00000; font-family: Arial;\">\u00ab Lorsqu&rsquo;on lui demanda, apr\u00e8s la guerre, pourquoi elle avait sauv\u00e9 deux Juifs, risquant ainsi sa vie et celle de ses parents, Anne Beaumanoir r\u00e9pondit simplement : \u00ab\u00a0Je hais le racisme ; c&rsquo;est physique\u00a0\u00bb. \u00bb<br \/>\n<\/span><\/p>\n<p><span style=\"color: #777777; font-family: Arial;\"><strong>\u00ab\u00a0La Croix\u00a0\u00bb<\/strong> lui a consacr\u00e9 un article en <a href=\"https:\/\/www.la-croix.com\/France\/Anne-Beaumanoir-dactions-2016-09-05-1200786682\"><span style=\"color: #0000ff;\">\u00ab\u00a0Anne Beaumanoir, une vie d&rsquo;actions\u00a0<\/span><\/a><span style=\"color: #0000ff;\">\u00bb<\/span> et elle raconte comment est venu cette vocation d&rsquo;aller t\u00e9moigner dans les \u00e9tablissements scolaires\u00a0:<br \/>\n<\/span><\/p>\n<p style=\"margin-left: 28pt;\"><span style=\"color: #c00000; font-family: Arial;\">\u00ab\u00a0Depuis neuf ans, Anne Beaumanoir transmet dans les \u00e9coles ces exp\u00e9riences et ce pass\u00e9. Cela a commenc\u00e9 \u00e0 Lyon. \u00ab Un couple d&rsquo;amis m&rsquo;a demand\u00e9 d&rsquo;en parler \u00e0 leurs deux gar\u00e7ons. Ils ont sugg\u00e9r\u00e9 ensuite que je le fasse pour leurs copains. \u00bb Une ni\u00e8ce, inspectrice d&rsquo;acad\u00e9mie, lui propose de continuer en Bretagne. Un jour, elle croise la ministre de l&rsquo;\u00e9ducation nationale, Najat Vallaud-Belkacem. \u00ab Nous nous faisions coiffer avant de passer sur un plateau de t\u00e9l\u00e9vision. Nous avons caus\u00e9 comme chez le coiffeur. \u00bb<br \/>\n<\/span><\/p>\n<p style=\"margin-left: 28pt;\"><span style=\"color: #c00000; font-family: Arial;\">La ministre l&rsquo;engage dans la \u00ab r\u00e9serve citoyenne \u00bb cr\u00e9\u00e9e apr\u00e8s les attentats de Charlie Hebdo, pour aller t\u00e9moigner dans les classes. \u00ab Je tire une certaine fiert\u00e9 d&rsquo;\u00eatre Juste. Et de l&rsquo;\u00eatre avec mes parents. J&rsquo;ai fait ce que j&rsquo;ai pu, confie Anne Beaumanoir. C&rsquo;est une reconnaissance qui engage. Mon travail dans les \u00e9coles est utile pour faire comprendre la vertu d&rsquo;\u00eatre tol\u00e9rant. Si l&rsquo;on vous nomme Juste, c&rsquo;est pour vous dire : \u00ab\u00a0Continuez\u00a0\u00bb ! \u00bb\u00a0\u00bb<br \/>\n<\/span><\/p>\n<p><span style=\"color: #777777; font-family: Arial;\">Apr\u00e8s la guerre, elle reprend ses \u00e9tudes de m\u00e9decine \u00e0 Marseille, devient neurologue et se marie avec un m\u00e9decin. Elle quitte le Parti communiste en 1955.<br \/>\n<\/span><\/p>\n<p style=\"margin-left: 28pt;\"><span style=\"color: #c00000; font-family: Arial;\">\u00ab Ce n&rsquo;\u00e9tait pas l&rsquo;id\u00e9ologie qui me d\u00e9rangeait. Simplement, je n&rsquo;\u00e9tais pas d&rsquo;accord depuis un bout de temps avec les m\u00e9thodes. \u00bb<br \/>\n<\/span><\/p>\n<p><span style=\"color: #777777; font-family: Arial;\">Elle rencontre des pr\u00eatres ouvriers qui font un travail social aupr\u00e8s d&rsquo;Alg\u00e9riens vivant \u00e0 Marseille. Devenue chercheuse \u00e0 Paris, elle aide le FLN qui combat pour l&rsquo;ind\u00e9pendance de l&rsquo;Alg\u00e9rie. Elle est arr\u00eat\u00e9e, jug\u00e9e et condamn\u00e9e \u00e0 dix ann\u00e9es de prison en 1959.<br \/>\n<\/span><\/p>\n<p style=\"margin-left: 28pt;\"><span style=\"color: #c00000; font-family: Arial;\">\u00ab J&rsquo;ai trouv\u00e9 cela normal. Quand on s&rsquo;engage, on sait que c&rsquo;est une possibilit\u00e9. \u00bb<br \/>\n<\/span><\/p>\n<p><span style=\"color: #777777; font-family: Arial;\">Lib\u00e9r\u00e9e provisoirement pour accoucher, elle en profite pour s&rsquo;\u00e9vader en Tunisie. Elle devient la neuropsychiatre de l&rsquo;arm\u00e9e alg\u00e9rienne, un poste o\u00f9 elle remplace l&rsquo;illustre tiers-mondiste Frantz Fanon.<br \/>\n<\/span><\/p>\n<p><span style=\"color: #777777; font-family: Arial;\">\u00c0 la fin de la guerre d&rsquo;Alg\u00e9rie, elle entre au cabinet du ministre de la sant\u00e9 du gouvernement de Ben Bella, le premier pr\u00e9sident du pays. \u00ab <span style=\"color: #c00000;\">Le combat des Juifs, des r\u00e9sistants ou des Alg\u00e9riens est le m\u00eame. C&rsquo;est celui contre l&rsquo;exploitation<span style=\"color: #777777;\"> \u00bb, r\u00e9sume-t-elle.<br \/>\n<\/span><\/span><\/span><\/p>\n<p><span style=\"color: #777777; font-family: Arial;\">En 1965, elle est exfiltr\u00e9e d&rsquo;Alg\u00e9rie apr\u00e8s le coup d&rsquo;\u00c9tat militaire qui renverse Ben Bella, et va diriger un service de neurophysiologie \u00e0 l&rsquo;h\u00f4pital universitaire de Gen\u00e8ve.<br \/>\n<\/span><\/p>\n<p><img decoding=\"async\" class=\"alignright\" src=\"https:\/\/lemotdujour.fr\/wp-content\/uploads\/2020\/05\/051920_1353_Mercredi20m3.png\" alt=\"\" align=\"left\" \/><span style=\"color: #777777; font-family: Arial;\">Elle a \u00e9crit un livre, publi\u00e9 en 2009 &lt;<a href=\"https:\/\/www.decitre.fr\/livres\/le-feu-de-la-memoire-9782356760142.html\"><span style=\"color: #0000ff;\">Le feu de la m\u00e9moire &#8211; La R\u00e9sistance, le communisme et l&rsquo;Alg\u00e9rie, 1940-1965<\/span><\/a><span style=\"color: #0000ff;\">&gt;<\/span><br \/>\n<\/span><\/p>\n<p><span style=\"color: #777777; font-family: Arial;\">Elle est bien s\u00fbr retrait\u00e9e et vit tant\u00f4t \u00e0 Saint-Cast-le-Guildo en Bretagne, son village natal, tant\u00f4t \u00e0 Dieulefit dans la Dr\u00f4me.<br \/>\n<\/span><\/p>\n<p><span style=\"color: #777777; font-family: Arial;\">L\u00e0 encore elle agit dans l&rsquo;humanit\u00e9 et la solidarit\u00e9.<br \/>\n<\/span><\/p>\n<p><span style=\"color: #777777; font-family: Arial;\">Elle est \u00e0 l&rsquo;origine d&rsquo;une lettre ouverte \u00e0 la communaut\u00e9 de communes de Dieulefit pour l&rsquo;accueil de r\u00e9fugi\u00e9s Syriens. Une quarantaine de personnes l&rsquo;ont sign\u00e9e, et la commune <em>\u00ab s&rsquo;est occup\u00e9e de trouver un logement \u00e0 une famille syrienne. \u00bb<\/em><br \/>\n<\/span><\/p>\n<p><span style=\"color: #777777; font-family: Arial;\">La Croix rapporte\u00a0:<br \/>\n<\/span><\/p>\n<p style=\"margin-left: 28pt;\"><span style=\"color: #c00000; font-family: Arial;\">\u00ab\u00a0Sur l&rsquo;ensemble de cette \u00e9pop\u00e9e, Anne Beaumanoir a un constat clinique : \u00ab Non, ma vie n&rsquo;est pas exemplaire. J&rsquo;ai v\u00e9cu dans une p\u00e9riode extr\u00eamement importante de notre vie nationale. Je fais partie de ces gens qui ont fait des choix que l&rsquo;on trouve bien aujourd&rsquo;hui. \u00bb<br \/>\n<\/span><\/p>\n<p><span style=\"color: #777777; font-family: Arial;\">Denis Robert, journaliste d&rsquo;investigation et documentariste, r\u00e9alise en 2016 un documentaire sur la vie d&rsquo;Anne Beaumanoir\u00a0: \u00ab\u00a0<strong>Une vie d&rsquo;Annette<\/strong>\u00a0\u00bb.<br \/>\n<\/span><\/p>\n<p><span style=\"color: #777777; font-family: Arial;\">Je n&rsquo;ai trouv\u00e9 que &lt;<a href=\"https:\/\/www.youtube.com\/watch?v=BrerWWg60TU\"><span style=\"color: #0000ff;\">cette bande annonce<\/span><\/a>&gt; le documentaire dans son int\u00e9gralit\u00e9 ne semble plus accessible.<br \/>\n<\/span><\/p>\n<p><span style=\"color: #777777; font-family: Arial;\">C&rsquo;est dans ce petit extrait qu&rsquo;elle dit\u00a0:<br \/>\n<\/span><\/p>\n<p style=\"margin-left: 28pt;\"><span style=\"color: #c00000; font-family: Arial;\"><strong>\u00ab\u00a0En fait ce que je veux, c&rsquo;est assez simple, c&rsquo;est que personne n&rsquo;oppresse personne, qu&rsquo;aucun homme n&rsquo;oppresse un autre homme et\u00a0 qu&rsquo;aucun \u00e9tat n&rsquo;oppresse un autre \u00e9tat.\u00a0\u00bb<br \/>\n<\/strong><\/span><\/p>\n<p><span style=\"color: #777777; font-family: Arial;\">Et aussi en s&rsquo;adressant \u00e0 une jeune fille de 17 ans elle dit :<br \/>\n<\/span><\/p>\n<p style=\"margin-left: 28pt;\"><span style=\"color: #c00000; font-family: Arial;\">\u00ab\u00a0C&rsquo;est facile \u00e0 17 ans de s&rsquo;engager, d&rsquo;ailleurs il faut s&rsquo;engager, c&rsquo;est s\u00fbr, il faut faire des choix difficiles pour ton \u00e2ge, c&rsquo;est n\u00e9cessaire parce-que \u00e7a te construit.\u00a0\u00bb<br \/>\n<\/span><\/p>\n<p><span style=\"color: #777777; font-family: Arial;\">Le m\u00eame Denis Robert l&rsquo;a interview\u00e9 pour \u00ab\u00a0<strong>Le Media<\/strong>\u00a0\u00bb\u00a0: &lt;<a href=\"https:\/\/www.youtube.com\/watch?v=TdfhtvGnqDQ\"><span style=\"color: #0000ff;\">Vivre c&rsquo;est r\u00e9sister<\/span><\/a>&gt;. Dans cet entretien, elle parle de l&rsquo;actualit\u00e9, c&rsquo;\u00e9tait le 1<sup>er<\/sup> juillet 2019, elle avait 96 ans. Elle montre son dynamisme, son humour, son alacrit\u00e9.<br \/>\n<\/span><\/p>\n<p><span style=\"color: #777777; font-family: Arial;\">J&rsquo;ai encore trouv\u00e9 ce t\u00e9moignage de sa part\u00a0:<br \/>\n<\/span><\/p>\n<p style=\"margin-left: 28pt;\"><span style=\"color: #c00000; font-family: Arial;\">\u00ab Pendant mon enfance bretonne, la rencontre avec ma grand-m\u00e8re a \u00e9t\u00e9 d\u00e9terminante. Elle \u00e9tait illettr\u00e9e. Enfant, elle gardait les vaches et on la payait d&rsquo;une paire de sabots une ann\u00e9e, d&rsquo;une cape l&rsquo;ann\u00e9e suivante. Ensuite, veuve avec trois enfants, elle a v\u00e9cu de la p\u00eache \u00e0 pied, c&rsquo;est-\u00e0-dire qu&rsquo;elle p\u00eachait des coques, qu&rsquo;elle mettait sur son dos et qu&rsquo;elle vendait au porte \u00e0 porte. Sa vie me montre combien nous avons fait des progr\u00e8s depuis.\u00a0\u00bb<br \/>\n<\/span><\/p>\n<p><img decoding=\"async\" class=\"alignnone\" src=\"https:\/\/lemotdujour.fr\/wp-content\/uploads\/2020\/05\/051920_1353_Mercredi20m4.jpg\" alt=\"\" align=\"left\" \/><span style=\"color: #777777; font-family: Arial;\">Que dire de plus qu&rsquo;Albert Camus\u00a0:<br \/>\n<\/span><\/p>\n<p style=\"margin-left: 28pt;\"><span style=\"color: #c00000; font-family: Arial;\">\u00ab\u00a0Il y a des \u00eatres qui justifient le monde, qui aident \u00e0 vivre par leur seule pr\u00e9sence.\u00a0\u00bb<br \/>\n<\/span><\/p>\n<p><span style=\"color: #777777; font-family: Arial;\">Je vais profiter de ce week-end de l&rsquo;ascension pour profiter de faire une pause salvatrice. <\/span><span style=\"color: #777777; font-family: Arial;\">Prochain mot du jour, si tout va bien, lundi 25 mai 2020.<br \/>\n<\/span><\/p>\n<p><span style=\"color: #c00000; font-family: Arial;\">&lt;1428&gt;<\/span><\/p>\n","protected":false},"excerpt":{"rendered":"<p>\u00abEn fait ce que je veux, c&rsquo;est assez simple, c&rsquo;est que personne n&rsquo;oppresse personne, qu&rsquo;aucun homme n&rsquo;oppresse un autre homme et\u00a0 qu&rsquo;aucun \u00e9tat n&rsquo;oppresse un autre \u00e9tat.\u00bb Anne Beaumanoir Le mot du jour est butinage et partage. J&rsquo;avais pr\u00e9vu de<\/p>\n","protected":false},"author":1,"featured_media":0,"comment_status":"open","ping_status":"closed","sticky":false,"template":"","format":"standard","meta":{"footnotes":""},"categories":[1],"tags":[15,17,54,111],"class_list":["post-8933","post","type-post","status-publish","format-standard","hentry","category-motdujour","tag-france","tag-histoire","tag-humanisme","tag-resistance"],"_links":{"self":[{"href":"https:\/\/lemotdujour.fr\/index.php?rest_route=\/wp\/v2\/posts\/8933","targetHints":{"allow":["GET"]}}],"collection":[{"href":"https:\/\/lemotdujour.fr\/index.php?rest_route=\/wp\/v2\/posts"}],"about":[{"href":"https:\/\/lemotdujour.fr\/index.php?rest_route=\/wp\/v2\/types\/post"}],"author":[{"embeddable":true,"href":"https:\/\/lemotdujour.fr\/index.php?rest_route=\/wp\/v2\/users\/1"}],"replies":[{"embeddable":true,"href":"https:\/\/lemotdujour.fr\/index.php?rest_route=%2Fwp%2Fv2%2Fcomments&post=8933"}],"version-history":[{"count":3,"href":"https:\/\/lemotdujour.fr\/index.php?rest_route=\/wp\/v2\/posts\/8933\/revisions"}],"predecessor-version":[{"id":8936,"href":"https:\/\/lemotdujour.fr\/index.php?rest_route=\/wp\/v2\/posts\/8933\/revisions\/8936"}],"wp:attachment":[{"href":"https:\/\/lemotdujour.fr\/index.php?rest_route=%2Fwp%2Fv2%2Fmedia&parent=8933"}],"wp:term":[{"taxonomy":"category","embeddable":true,"href":"https:\/\/lemotdujour.fr\/index.php?rest_route=%2Fwp%2Fv2%2Fcategories&post=8933"},{"taxonomy":"post_tag","embeddable":true,"href":"https:\/\/lemotdujour.fr\/index.php?rest_route=%2Fwp%2Fv2%2Ftags&post=8933"}],"curies":[{"name":"wp","href":"https:\/\/api.w.org\/{rel}","templated":true}]}}