{"id":8926,"date":"2020-05-19T02:35:00","date_gmt":"2020-05-19T00:35:00","guid":{"rendered":"http:\/\/lemotdujour.fr\/?p=8926"},"modified":"2020-05-18T23:41:47","modified_gmt":"2020-05-18T21:41:47","slug":"mardi-19-mai-2020","status":"publish","type":"post","link":"https:\/\/lemotdujour.fr\/?p=8926","title":{"rendered":"Mardi 19 mai 2020"},"content":{"rendered":"<div class=\"mdjTexte\">\u00abProvoquer de nouvelles fa\u00e7ons de produire, de consommer de se comporter, de vivre ensemble, de savoir vivre les uns avec les autres\u00bb<\/div>\n<div class=\"mdjAuteur\">Claude Alphandery en pr\u00e9sentant le <strong>Conseil National de la Nouvelle R\u00e9sistance<\/strong> qui vient d&rsquo;\u00eatre cr\u00e9\u00e9 le 13 mai et dont il est co-pr\u00e9sident<\/div>\n<p><span style=\"color: #777777; font-family: Arial;\">Le monde d&rsquo;apr\u00e8s le COVID-19\u00a0?<br \/>\n<\/span><\/p>\n<p><span style=\"color: #777777; font-family: Arial;\">Beaucoup l&rsquo;imagine, en ad\u00e9quation avec les souhaits, les utopies, les r\u00eaves qu&rsquo;ils avaient avant.<br \/>\n<\/span><\/p>\n<p><span style=\"color: #777777; font-family: Arial;\">Certains d\u00e9veloppent des tribunes, des initiatives ou m\u00eame lance des mouvements. <\/span><span style=\"color: #777777; font-family: Arial;\">L&rsquo;une de ses initiatives a retenu mon attention\u00a0: la cr\u00e9ation du \u00ab <strong>Conseil National de la Nouvelle R\u00e9sistance<\/strong> \u00bb<br \/>\n<\/span><\/p>\n<p><span style=\"color: #777777; font-family: Arial;\">Non pas en raison du titre, mais parce que pour le pr\u00e9sider les personnalit\u00e9s qui ont fond\u00e9es ce mouvement ont eu l&rsquo;id\u00e9e de choisir deux figures de la r\u00e9sistance historique\u00a0: <strong>Claude Alphand\u00e9ry et Anne Beaumanoir.<br \/>\n<\/strong><\/span><\/p>\n<p><span style=\"color: #777777; font-family: Arial;\">Le premier est n\u00e9 en 1922 et la seconde en 1923.<br \/>\n<\/span><\/p>\n<p><span style=\"color: #777777; font-family: Arial;\">Ce sont des grands seniors, mais qui \u00e0 leur \u00e2ge restent absolument \u00e9patants, au bout d&rsquo;une vie \u2026bien remplie. Camus a dit\u00a0:<br \/>\n<\/span><\/p>\n<p style=\"margin-left: 28pt;\"><span style=\"color: #c00000; font-family: Arial;\">\u00ab\u00a0Il y a des \u00eatres qui justifient le monde, qui aident \u00e0 vivre par leur seule pr\u00e9sence.\u00a0\u00bb (<em>Le premier homme<\/em>)<br \/>\n<\/span><\/p>\n<p><span style=\"color: #777777; font-family: Arial;\">C&rsquo;est <strong>Claude Alphandery<\/strong> qui a \u00e9t\u00e9 invit\u00e9 <\/span><span style=\"color: #0000ff;\"><span style=\"font-family: Arial;\"><a style=\"color: #0000ff;\" href=\"https:\/\/www.franceculture.fr\/emissions\/linvite-actu\/invite-actu-des-matins-du-samedi-suite-du-samedi-16-mai-2020\">aux matins de France Culture<\/a><\/span> <\/span><span style=\"color: #777777; font-family: Arial;\">de ce samedi pour pr\u00e9senter ce Conseil national de La Nouvelle R\u00e9sistance.<br \/>\n<\/span><\/p>\n<p><span style=\"color: #777777; font-family: Arial;\">C&rsquo;est donc de lui que je vais parler aujourd&rsquo;hui.<br \/>\n<\/span><\/p>\n<p><span style=\"color: #777777; font-family: Arial;\">Gr\u00e2ce \u00e0 <span style=\"color: #0000ff;\"><a style=\"color: #0000ff;\" href=\"https:\/\/fr.m.wikipedia.org\/wiki\/Claude_Alphand%C3%A9ry\">Wikipedia<\/a><\/span> nous pouvons conna\u00eetre son parcours \u00e0 grands traits\u00a0:<br \/>\n<\/span><\/p>\n<p><img loading=\"lazy\" decoding=\"async\" class=\"alignleft\" src=\"https:\/\/lemotdujour.fr\/wp-content\/uploads\/2020\/05\/051820_2135_Mardi19mai21.png\" alt=\"\" width=\"407\" height=\"271\" align=\"left\" \/><span style=\"color: #777777; font-family: Arial;\">Claude Alphand\u00e9ry est n\u00e9 le 27 novembre 1922 \u00e0 Paris. Il s&rsquo;engage dans des actions de r\u00e9sistance alors qu&rsquo;il \u00e9tudie au lyc\u00e9e du Parc \u00e0 Lyon en automne 1941. Il assure notamment du transport de documents et des distributions de tracts.<br \/>\n<\/span><\/p>\n<p><span style=\"color: #777777; font-family: Arial;\">Apr\u00e8s d\u00e9nonciation de ses relations avec une r\u00e9fugi\u00e9e juive allemande, il entre dans la clandestinit\u00e9 pendant l&rsquo;hiver 1942-1943. Il devient lieutenant-colonel dans les Forces fran\u00e7aises de l&rsquo;int\u00e9rieur (FFI), chef des Mouvements unis de la R\u00e9sistance Dr\u00f4me-Ard\u00e8che (MUR) puis pr\u00e9sident du comit\u00e9 d\u00e9partemental de Lib\u00e9ration de la Dr\u00f4me.<br \/>\n<\/span><\/p>\n<p><span style=\"color: #777777; font-family: Arial;\">Apr\u00e8s avoir \u00e9t\u00e9 attach\u00e9 d&rsquo;ambassade \u00e0 Moscou, Claude Alphand\u00e9ry est \u00e9l\u00e8ve de la 2e promotion de la nouvelle \u00c9cole nationale d&rsquo;administration (ENA) en 1946. Il devient expert \u00e9conomique aupr\u00e8s de l&rsquo;Organisation des Nations unies (ONU) \u00e0 New York. Cette exp\u00e9rience nourrira sa r\u00e9flexion sur la soci\u00e9t\u00e9 de consommation dont l&rsquo;opulence cache de profondes in\u00e9galit\u00e9s dans la r\u00e9partition des richesses tant du point de vue des individus que des \u00c9tats-nations.<br \/>\n<\/span><\/p>\n<p><span style=\"color: #777777; font-family: Arial;\">Il devient membre du Parti communiste fran\u00e7ais en 1945 mais il quitte le PCF en 1956 \u00e0 la suite du 20e Congr\u00e8s du Parti communiste sovi\u00e9tique et de la parution du rapport Khrouchtchev.<br \/>\n<\/span><\/p>\n<p><span style=\"color: #777777; font-family: Arial;\">En 1960, Claude Alphand\u00e9ry participe \u00e0 la fondation de la Banque de construction et des travaux publics dont il devient le pr\u00e9sident de 1964 \u00e0 1980.<br \/>\n<\/span><\/p>\n<p><span style=\"color: #777777; font-family: Arial;\">Il continue de participer au d\u00e9bat public, en tant qu&rsquo;animateur d&rsquo;un cercle de r\u00e9flexion, le Club Jean Moulin (1959-1965), ou dans les ann\u00e9es 1970 au sein du club \u00c9changes et projets, fond\u00e9 par Jacques Delors et anim\u00e9 par Jean-Baptiste de Foucauld.<br \/>\n<\/span><\/p>\n<p><span style=\"color: #777777; font-family: Arial;\">En 1976, il adh\u00e8re au Parti socialiste, o\u00f9 il est proche de Michel Rocard.<br \/>\n<\/span><\/p>\n<p><span style=\"color: #777777; font-family: Arial;\">Par la suite il va prendre <strong>un r\u00f4le de premier plan dans l&rsquo;organisation de l&rsquo;\u00e9conomie sociale et solidaire<\/strong>.<br \/>\n<\/span><\/p>\n<p><span style=\"color: #777777; font-family: Arial;\">Au d\u00e9but des ann\u00e9es 1980, Claude Alphand\u00e9ry va conduire une mission sur le d\u00e9veloppement local et la lutte contre les exclusions. C&rsquo;est ainsi qu&rsquo;en 1988 il est amen\u00e9 \u00e0 cr\u00e9er, pr\u00e9sider et d\u00e9velopper l&rsquo;association <a href=\"https:\/\/www.franceactive.org\/decouvrir-france-active\/notre-gouvernance\/\"><span style=\"color: #0000ff;\">France active<\/span><\/a><span style=\"color: #0000ff;\">,<\/span> qui soutient et finance les initiatives \u00e9conomiques cr\u00e9atrices d&#8217;emplois et g\u00e9n\u00e9ratrices de solidarit\u00e9 et dont il est aujourd&rsquo;hui le Pr\u00e9sident d&rsquo;honneur.<br \/>\n<\/span><\/p>\n<p><span style=\"color: #777777; font-family: Arial;\">En 1991, Claude Alphand\u00e9ry devient pr\u00e9sident du Conseil national de l&rsquo;insertion par l&rsquo;activit\u00e9 \u00e9conomique.<br \/>\n<\/span><\/p>\n<p><span style=\"color: #777777; font-family: Arial;\">En 2006, Claude Alphand\u00e9ry et Edmond Maire, ancien secr\u00e9taire g\u00e9n\u00e9ral de la Conf\u00e9d\u00e9ration fran\u00e7aise d\u00e9mocratique du travail (CFDT), sont les initiateurs d&rsquo;un \u00ab <span style=\"color: #0000ff;\"><a style=\"color: #0000ff;\" href=\"http:\/\/croisadepourlemploisolidaire.org\/PDF\/Manifeste.pdf\">manifeste pour une \u00e9conomie solidaire<\/a><\/span> \u00bb.<br \/>\n<\/span><\/p>\n<p><span style=\"color: #777777; font-family: Arial;\">Consid\u00e9r\u00e9 comme le porte-flambeau de l&rsquo;\u00e9conomie sociale et solidaire, \u00e0 89 ans, Claude Alphand\u00e9ry continue d&rsquo;initier de nombreuses actions pour promouvoir cette \u00e9conomie qui place l&rsquo;\u00eatre humain avant le profit. Il est Pr\u00e9sident <a href=\"http:\/\/www.lelabo-ess.org\/\"><span style=\"color: #0000ff;\">du Labo de l&rsquo;Economie Sociale et Solidaire<\/span><\/a> et a anim\u00e9 l&rsquo;organisation des \u00c9tats g\u00e9n\u00e9raux de l&rsquo;\u00e9conomie sociale et solidaire, marqu\u00e9s par un grand rassemblement au Palais Brongniart les 17, 18 et 19 juin 2011.<br \/>\n<\/span><\/p>\n<p><span style=\"color: #777777; font-family: Arial;\">Il a aussi particip\u00e9, en mars 2012, \u00e0 la constitution du Collectif Roosevelt que j&rsquo;ai \u00e9voqu\u00e9 lors du mot du jour r\u00e9cent \u00e9voquant Franklin D. Roosevelt et son petit-fils Curtis..<br \/>\n<\/span><\/p>\n<p><span style=\"color: #777777; font-family: Arial;\">Il me semblait important de savoir tout cela avant de dire qu&rsquo;il participe avec une vingtaine de personnalit\u00e9s \u00e0 la cr\u00e9ation du Conseil National de la Nouvelle R\u00e9sistance (CNNR), le 13 mai 2020.<br \/>\n<\/span><\/p>\n<p><span style=\"color: #777777; font-family: Arial;\">Sa conclusion dans l&rsquo;\u00e9mission fut la suivante\u00a0:<br \/>\n<\/span><\/p>\n<p style=\"margin-left: 28pt;\"><span style=\"color: #c00000; font-family: Arial;\">\u00ab\u00a0Nous avons vu comment, par la solidarit\u00e9, la pand\u00e9mie a pu \u00eatre contenue. C&rsquo;est un exemple de ce que nous pouvons faire, dans un monde qui risque d&rsquo;\u00eatre invivable. Avec ce nouveau Conseil, nous voulons susciter la renaissance de cet esprit de solidarit\u00e9. Il existe, en France, des milliers d&rsquo;associations, d&rsquo;entreprises sociales et solidaires, qui doivent \u00eatre un noyau de ce syst\u00e8me nouveau que nous voulons mettre en place. [\u2026]<br \/>\n<\/span><\/p>\n<p style=\"margin-left: 28pt;\"><span style=\"color: #c00000; font-family: Arial;\">Il y a des adversaires, il y en a qui voudrait revenir au syst\u00e8me actuel parce qu&rsquo;il leur est hautement profitable.<br \/>\n<\/span><\/p>\n<p style=\"margin-left: 28pt;\"><span style=\"color: #c00000; font-family: Arial;\">Il faut savoir r\u00e9sister \u00e0 ceux qui ne veulent pas du bien.<br \/>\n<\/span><\/p>\n<p style=\"margin-left: 28pt;\"><span style=\"color: #c00000; font-family: Arial;\">Mais il faut surtout savoir s&rsquo;appuyer sur les choses existantes<br \/>\n<\/span><\/p>\n<p style=\"margin-left: 28pt;\"><span style=\"color: #c00000; font-family: Arial;\">Je pense que l&rsquo;important pour la r\u00e9ussite c&rsquo;est de s&rsquo;appuyer compl\u00e8tement et d\u00e9velopper sur tout ce qui existe d\u00e9j\u00e0 en France d&rsquo;entraide, de coop\u00e9ration, de solidarit\u00e9.<br \/>\n<\/span><\/p>\n<p style=\"margin-left: 28pt;\"><span style=\"color: #c00000; font-family: Arial;\">Il y a des milliers d&rsquo;associations de l&rsquo;\u00e9conomie sociale et solidaire qui se sont d\u00e9velopp\u00e9es, ce sont elles qui doivent constituer le noyau de ce syst\u00e8me nouveau que nous essayons de mettre en place.<br \/>\n<\/span><\/p>\n<p style=\"margin-left: 28pt;\"><span style=\"color: #c00000; font-family: Arial;\">On ne pourra pas avancer, s&rsquo;il n&rsquo;y a pas d&rsquo;abord un sauvetage des faillites et du chaos. On a besoin d&rsquo;un Etat qui fasse ce qu&rsquo;il faut.<br \/>\n<\/span><\/p>\n<p style=\"margin-left: 28pt;\"><span style=\"color: #c00000; font-family: Arial;\">Mais pour investir dans ce nouveau syst\u00e8me, il faut une bonne fiscalit\u00e9, un bon code du travail, des cr\u00e9dits qui vont aux bonnes activit\u00e9s et pas aux mauvaises.<br \/>\n<\/span><\/p>\n<p style=\"margin-left: 28pt;\"><span style=\"color: #c00000; font-family: Arial;\">Il y a bien s\u00fbr ce qui vient de l&rsquo;Etat ou de l&rsquo;Europe, mais il y aussi ce qui se fait sur le terrain. C&rsquo;est un changement de comportement qui au lieu de se fonder sur la seule concurrence, la seule comp\u00e9tition, se fonde sur la solidarit\u00e9 et la coop\u00e9ration.<br \/>\n<\/span><\/p>\n<p style=\"margin-left: 28pt;\"><span style=\"color: #c00000; font-family: Arial;\">Ce n&rsquo;est pas irr\u00e9aliste, cela existe un peu partout. Il faut simplement les aider, les soutenir.<br \/>\n<\/span><\/p>\n<p style=\"margin-left: 28pt;\"><span style=\"color: #c00000; font-family: Arial;\">Il faut simplement que tout ce qui existe, converge, coop\u00e8re ensemble. Parce que pour l&rsquo;instant c&rsquo;est encore trop dispers\u00e9, diss\u00e9min\u00e9, fragment\u00e9. Et dans la mesure o\u00f9 c&rsquo;est fragment\u00e9, cela n&rsquo;a pas l&rsquo;impact suffisant.<br \/>\n<\/span><\/p>\n<p style=\"margin-left: 28pt;\"><span style=\"color: #c00000; font-family: Arial;\">Cela ne fait pas syst\u00e8me, \u00e7a ne change pas la fa\u00e7on de produire de consommer, d&rsquo;\u00e9changer, de faire des affaires.<br \/>\n<\/span><\/p>\n<p style=\"margin-left: 28pt;\"><span style=\"color: #c00000; font-family: Arial;\">Changer le syst\u00e8me, il le faut au niveau de la France, au niveau de l&rsquo;Europe, au niveau du monde et partout sur le terrain.<br \/>\n<\/span><\/p>\n<p style=\"margin-left: 28pt;\"><span style=\"color: #c00000; font-family: Arial;\">La nouvelle r\u00e9sistance, c&rsquo;est cela\u00a0: faciliter, encourager, soutenir, provoquer de nouvelles fa\u00e7ons de produire, de consommer de se comporter, de vivre ensemble, de savoir vivre les uns avec les autres.<br \/>\n<\/span><\/p>\n<p style=\"margin-left: 28pt;\"><span style=\"color: #c00000; font-family: Arial;\">Et cela bien entendu n\u00e9cessite l&rsquo;Etat, mais \u00e0 c\u00f4t\u00e9 de l&rsquo;Etat un Conseil National de la r\u00e9sistance qui v\u00e9rifie la capacit\u00e9 de la soci\u00e9t\u00e9 de se transformer profond\u00e9ment.<br \/>\n<\/span><\/p>\n<p style=\"margin-left: 28pt;\"><span style=\"color: #c00000; font-family: Arial;\">C&rsquo;est cette fameuse m\u00e9tamorphose dont parle souvent Edgar Morin.\u00a0\u00bb<br \/>\n<\/span><\/p>\n<p><span style=\"color: #777777; font-family: Arial;\">Cela appara\u00eet un peu utopique et le chemin est si compliqu\u00e9 dans un monde interd\u00e9pendant o\u00f9 la France p\u00e8se si peu de chose.<br \/>\n<\/span><\/p>\n<p><span style=\"color: #777777; font-family: Arial;\">Mais l&rsquo;enthousiasme de cet homme de 98 ans est tellement communicatif.<br \/>\n<\/span><\/p>\n<p><span style=\"color: #777777; font-family: Arial;\">Il n&rsquo;est pas seul dans cette aventure outre Anne Beaumanoir, il y a aussi neuf femmes (Dominique M\u00e9da, Dani\u00e8le Linhart, Sabrina Ali Benali, Anne Eydoux, Pauline Londeix, V\u00e9ronique Decker, Fatima Ouassak, Anne-Claire Rafflegeau, Clotilde Bato) et neuf hommes (Dominique Bourg, Samuel Churin, Pablo Servigne, Olivier Favereau, Yannick Kergoat, Jean-Marie Harribey, Dominique Rousseau, Antoine Comte, Beno\u00eet Pi\u00e9dallu). Plusieurs de ces personnalit\u00e9s ont \u00e9t\u00e9 cit\u00e9es dans des mots du jour.<br \/>\n<\/span><\/p>\n<p><img decoding=\"async\" src=\"https:\/\/lemotdujour.fr\/wp-content\/uploads\/2020\/05\/051820_2135_Mardi19mai22.png\" alt=\"\" align=\"left\" \/><span style=\"color: #777777; font-family: Arial;\">Ils ont un Logo et l&rsquo;Obs leur a consacr\u00e9 un article\u00a0: \u00ab\u00a0<a href=\"https:\/\/www.nouvelobs.com\/politique\/20200514.OBS28851\/des-personnalites-creent-un-conseil-national-de-la-nouvelle-resistance.html\"><span style=\"color: #0000ff;\">Des personnalit\u00e9s cr\u00e9ent un&#8230; \u00ab Conseil national de la Nouvelle R\u00e9sistance<\/span><\/a> \u00bb\u00a0\u00bb il y a aussi une vid\u00e9o accessible dans cet article dans laquelle divers intervenants explique la d\u00e9marche.<br \/>\n<\/span><\/p>\n<p><span style=\"color: #777777; font-family: Arial;\">Ils vont produire un document dans lequel\u00a0:<br \/>\n<\/span><\/p>\n<p style=\"margin-left: 28pt;\"><span style=\"color: #c00000; font-family: Arial;\"><em>\u00ab\u00a0Il s&rsquo;agit d&rsquo;\u00e9noncer les principes selon lesquels notre soci\u00e9t\u00e9 devra \u00eatre gouvern\u00e9e et de sommer les responsables politiques de s&rsquo;engager vis-\u00e0-vis d&rsquo;eux.\u00a0\u00bb<br \/>\n<\/em><\/span><\/p>\n<p><span style=\"color: #777777; font-family: Arial;\"> Le r\u00e9sultat de ces travaux sera publi\u00e9 le 27 mai, journ\u00e9e nationale de la R\u00e9sistance.<br \/>\n<\/span><\/p>\n<p><span style=\"color: #c00000; font-family: Arial;\">&lt;1427&gt;<\/span><\/p>\n","protected":false},"excerpt":{"rendered":"<p>\u00abProvoquer de nouvelles fa\u00e7ons de produire, de consommer de se comporter, de vivre ensemble, de savoir vivre les uns avec les autres\u00bb Claude Alphandery en pr\u00e9sentant le Conseil National de la Nouvelle R\u00e9sistance qui vient d&rsquo;\u00eatre cr\u00e9\u00e9 le 13 mai<\/p>\n","protected":false},"author":1,"featured_media":0,"comment_status":"open","ping_status":"closed","sticky":false,"template":"","format":"standard","meta":{"footnotes":""},"categories":[1],"tags":[10,15,126,76],"class_list":["post-8926","post","type-post","status-publish","format-standard","hentry","category-motdujour","tag-economie","tag-france","tag-pandemie","tag-social"],"_links":{"self":[{"href":"https:\/\/lemotdujour.fr\/index.php?rest_route=\/wp\/v2\/posts\/8926","targetHints":{"allow":["GET"]}}],"collection":[{"href":"https:\/\/lemotdujour.fr\/index.php?rest_route=\/wp\/v2\/posts"}],"about":[{"href":"https:\/\/lemotdujour.fr\/index.php?rest_route=\/wp\/v2\/types\/post"}],"author":[{"embeddable":true,"href":"https:\/\/lemotdujour.fr\/index.php?rest_route=\/wp\/v2\/users\/1"}],"replies":[{"embeddable":true,"href":"https:\/\/lemotdujour.fr\/index.php?rest_route=%2Fwp%2Fv2%2Fcomments&post=8926"}],"version-history":[{"count":2,"href":"https:\/\/lemotdujour.fr\/index.php?rest_route=\/wp\/v2\/posts\/8926\/revisions"}],"predecessor-version":[{"id":8928,"href":"https:\/\/lemotdujour.fr\/index.php?rest_route=\/wp\/v2\/posts\/8926\/revisions\/8928"}],"wp:attachment":[{"href":"https:\/\/lemotdujour.fr\/index.php?rest_route=%2Fwp%2Fv2%2Fmedia&parent=8926"}],"wp:term":[{"taxonomy":"category","embeddable":true,"href":"https:\/\/lemotdujour.fr\/index.php?rest_route=%2Fwp%2Fv2%2Fcategories&post=8926"},{"taxonomy":"post_tag","embeddable":true,"href":"https:\/\/lemotdujour.fr\/index.php?rest_route=%2Fwp%2Fv2%2Ftags&post=8926"}],"curies":[{"name":"wp","href":"https:\/\/api.w.org\/{rel}","templated":true}]}}