{"id":8913,"date":"2020-05-18T02:29:35","date_gmt":"2020-05-18T00:29:35","guid":{"rendered":"http:\/\/lemotdujour.fr\/?p=8913"},"modified":"2020-05-18T01:21:52","modified_gmt":"2020-05-17T23:21:52","slug":"lundi-18-mai-2020","status":"publish","type":"post","link":"https:\/\/lemotdujour.fr\/?p=8913","title":{"rendered":"Lundi 18 mai 2020"},"content":{"rendered":"<div class=\"mdjTexte\">\u00abEt je me suis lanc\u00e9e dans le combat contre le brevetage du vivant que je juge ill\u00e9gal, non scientifique, immoral et injuste.\u00bb<\/div>\n<div class=\"mdjAuteur\">Vandana Shiva<\/div>\n<p><span style=\"color: #777777; font-family: Arial;\">Probablement ne le saviez-vous pas, mais il est possible d\u00e9sormais de breveter le vivant en Europe. C&rsquo;est ce que nous apprend<span style=\"color: #0000ff;\"> <a style=\"color: #0000ff;\" href=\"https:\/\/information.tv5monde.com\/info\/europe-les-multinationales-peuvent-desormais-breveter-le-vivant-29257\">cette page de France 5<\/a>,<\/span> mise \u00e0 jour le 11-02-2020. <\/span><span style=\"color: #777777; font-family: Arial;\">Je la cite\u00a0:<br \/>\n<\/span><\/p>\n<p style=\"margin-left: 28pt;\"><span style=\"color: #c00000; font-family: Arial;\">\u00ab\u00a0On croyait le brevetage des plantes non modifi\u00e9es g\u00e9n\u00e9tiquement impossible en Europe. Pourtant, l&rsquo;Office europ\u00e9en des brevets (OEB) vient d&rsquo;octroyer plusieurs brevets pour des l\u00e9gumes au profit de firmes internationales. Comment cette d\u00e9cision a-t-elle \u00e9t\u00e9 possible et avec quelles cons\u00e9quences ?<br \/>\n<\/span><\/p>\n<p style=\"margin-left: 28pt;\"><span style=\"color: #c00000; font-family: Arial;\">C&rsquo;est une d\u00e9cision de la Grande Chambre de Recours de l&rsquo;Office Europ\u00e9en des Brevets dat\u00e9e du 25 mars 2015 qui a permis de faire avancer \u00ab\u00a0la cause\u00a0\u00bb des multinationales sur le brevetage du vivant .<br \/>\n<\/span><\/p>\n<p style=\"margin-left: 28pt;\"><span style=\"color: #c00000; font-family: Arial;\">A la question \u00ab\u00a0si l&rsquo;on d\u00e9couvre un lien entre une s\u00e9quence g\u00e9n\u00e9tique existant naturellement dans une plante cultiv\u00e9e et un caract\u00e8re particulier de cette plante, peut-on devenir propri\u00e9taire de toutes les plantes qui expriment ce caract\u00e8re\u00a0\u00bb , la Grande Chambre de Recours de l&rsquo;Office Europ\u00e9en des Brevets a r\u00e9pondu \u2026\u00a0\u00bboui\u00a0\u00bb.<br \/>\n<\/span><\/p>\n<p style=\"margin-left: 28pt;\"><span style=\"color: #c00000; font-family: Arial;\">La d\u00e9cision de l&rsquo;Office europ\u00e9en des brevets (OEB) d&rsquo;accorder un brevet pour une tomate et un autre pour un brocoli, fait donc r\u00e9agir de nombreux acteurs de l&rsquo;\u00e9cologie, comme du secteur semencier et agro-alimentaire.<br \/>\n<\/span><\/p>\n<p style=\"margin-left: 28pt;\"><span style=\"color: #c00000; font-family: Arial;\">Cette d\u00e9cision d&rsquo;accorder des brevets pour des plantes non modifi\u00e9es g\u00e9n\u00e9tiquement \u00e9tait crainte et attendue : pr\u00e8s de mille demandes de brevets de la part des industriels du secteur ont \u00e9t\u00e9 effectu\u00e9es en quelques ann\u00e9es. Toutes ces demandes le sont pour des plantes dites \u00ab\u00a0classiques\u00a0\u00bb.<br \/>\n<\/span><\/p>\n<p style=\"margin-left: 28pt;\"><span style=\"color: #c00000; font-family: Arial;\">Christine Noiville, pr\u00e9sidente du Haut Conseil des biotechnologies, docteur en droit et directrice de recherche au CNRS confirme la propri\u00e9t\u00e9 temporaire qu&rsquo;obtient l&rsquo;entreprise sur la plante : \u00a0\u00bb Par cette d\u00e9cision, la Grande Chambre de Recours de l&rsquo;Office Europ\u00e9en des Brevets confirme que l&rsquo;entreprise peut bien obtenir un monopole temporaire sur le brocoli dit \u00ab anti cancer \u00bb et, au-del\u00e0, sur le caract\u00e8re \u00ab anti cancer \u00bb lui-m\u00eame, tel qu&rsquo;il pourrait \u00eatre int\u00e9gr\u00e9 dans n&rsquo;importe quel autre type de plante. Donc les s\u00e9lectionneurs, voire les agriculteurs, qui produiraient des plantes poss\u00e9dant ce caract\u00e8re brevet\u00e9 seraient astreints \u00e0 payer une redevance \u00e0 l&rsquo;entreprise d\u00e9tentrice du brevet. \u00a0\u00bb<br \/>\n<\/span><\/p>\n<p style=\"margin-left: 28pt;\"><span style=\"color: #c00000; font-family: Arial;\">Jusqu&rsquo;alors, en Europe, seul le Certificat d&rsquo;obtention v\u00e9g\u00e9tal (COV), lui-m\u00eame d\u00e9j\u00e0 contest\u00e9 par une partie des agriculteurs, pouvait \u00eatre utilis\u00e9 pour prot\u00e9ger la \u00ab\u00a0propri\u00e9t\u00e9 intellectuelle\u00a0\u00bb de certaines semences issues des s\u00e9lections naturelles.<br \/>\n<\/span><\/p>\n<p style=\"margin-left: 28pt;\"><span style=\"color: #c00000; font-family: Arial;\">L&rsquo;inscription obligatoire au catalogue officiel [des semences] n&rsquo;est pas toujours appr\u00e9ci\u00e9e des agriculteurs, comme les redevances qu&rsquo;ils doivent payer, mais dans l&rsquo;absolu, l&rsquo;\u00e9change de semences est tol\u00e9r\u00e9. Le COV semble un \u00ab\u00a0moindre mal\u00a0\u00bb compar\u00e9 aux brevets, pour les agriculteurs. Pour la pr\u00e9sidente du HCB, le basculement du COV vers les brevets est tr\u00e8s important : \u00ab\u00a0Le principe qui consiste \u00e0 accepter que des plantes issues de proc\u00e9d\u00e9s essentiellement biologiques, donc les produits de s\u00e9lections essentiellement conventionnelles, soient prot\u00e9g\u00e9es par des brevets, est une \u00e9tape suppl\u00e9mentaire tr\u00e8s importante dans l&rsquo;\u00e9volution qu&rsquo;ont connue les droits de propri\u00e9t\u00e9 intellectuelle dans la s\u00e9lection v\u00e9g\u00e9tale ces 20 derni\u00e8res ann\u00e9es.\u00a0\u00bb<br \/>\n<\/span><\/p>\n<p style=\"margin-left: 28pt;\"><span style=\"color: #c00000; font-family: Arial;\">Ce principe de brevetage du vivant \u2014 import\u00e9 des Etats-Unis o\u00f9 il est actif depuis des d\u00e9cennies \u2014 est un cran au-dessus du COV, et am\u00e8ne un changement majeur pour le monde agricole, et par ricochet, pour la souverainet\u00e9 alimentaire et l&rsquo;autonomie semenci\u00e8re du continent europ\u00e9en. Par le biais de ce syst\u00e8me, les plantes qui nourrissent la population peuvent devenir la propri\u00e9t\u00e9 d&rsquo;entreprises \u2014 le plus souvent sp\u00e9cialis\u00e9es dans la g\u00e9n\u00e9tique. Ces entreprises peuvent attaquer en justice \u2014 pour contrefa\u00e7on \u2014 les agriculteurs qui cultivent des plantes sous brevets sans autorisation et paiement d&rsquo;une redevance. Comme dans le cas des plants d&rsquo;OGM brevet\u00e9s, majoritairement <img loading=\"lazy\" decoding=\"async\" class=\"alignleft\" src=\"https:\/\/lemotdujour.fr\/wp-content\/uploads\/2020\/05\/051720_2306_Lundi18mai21.jpg\" alt=\"\" width=\"351\" height=\"234\" align=\"left\" \/>interdits \u00e0 la culture en Europe.\u00a0\u00bb<br \/>\n<\/span><\/p>\n<p><span style=\"color: #777777; font-family: Arial;\">C&rsquo;est dire combien est important le combat de cette formidable femme indienne <strong>Vandana Shiva<\/strong> qui se bat depuis de longues ann\u00e9es contre le brevetage du vivant. <\/span><span style=\"color: #777777; font-family: Arial;\">Il me semble que je ne l&rsquo;ai jamais cit\u00e9 dans les mots du jour. Ceci constitue un grave oubli que je r\u00e9pare aujourd&rsquo;hui, parce qu&rsquo;elle fait partie de ces personnes que la Revue XXI a interview\u00e9 et dont l&rsquo;entretien a \u00e9t\u00e9 ins\u00e9r\u00e9 dans le livre \u00ab\u00a0<strong>Comprendre le Monde<\/strong>\u00a0\u00bb dans lequel je suis en train de butiner pour partager certains de ces entretiens.<br \/>\n<\/span><\/p>\n<p><span style=\"color: #777777; font-family: Arial;\">L&rsquo;article que je partage aujourd&rsquo;hui a pour titre \u00ab\u00a0<strong>L&rsquo;ill\u00e9gal brevetage du vivant<\/strong>\u00a0\u00bb et a \u00e9t\u00e9 publi\u00e9 \u00e0 l&rsquo;automne 2015 dans la revue N\u00b0 32. La journaliste qui a r\u00e9alis\u00e9 l&rsquo;entretien est <strong>Coralie Schaub.<\/strong><br \/>\n<\/span><\/p>\n<p><span style=\"color: #777777; font-family: Arial;\">&lt;<a href=\"https:\/\/fr.wikipedia.org\/wiki\/Vandana_Shiva\"><span style=\"color: #0000ff;\">Wikipedia<\/span><\/a>&gt; la pr\u00e9sente ainsi<strong>\u00a0: Vandana Shiva<\/strong> est <strong>n\u00e9e le 5 novembre 1952<\/strong> \u00e0 Dehradun en Inde. Apr\u00e8s avoir obtenu une licence de physique en 1972, puis un master en 1974, \u00e0 l&rsquo;universit\u00e9 du Panjab, \u00e0 Chandigarh en Inde, Vandana Shiva poursuit ses \u00e9tudes au Canada. Elle y obtient un master de philosophie des sciences \u00e0 l&rsquo;universit\u00e9 de Guelph en 1977, puis un doctorat dans la m\u00eame discipline obtenu en 1978 \u00e0 l&rsquo;universit\u00e9 de Western Ontario. Elle r\u00e9oriente ensuite ses recherches dans le domaine des politiques environnementales \u00e0 l&rsquo;Indian Institute of Science.<br \/>\n<\/span><\/p>\n<p><span style=\"color: #777777; font-family: Arial;\">Elle est l&rsquo;une des chefs de file des \u00e9cologistes de terrain et des altermondialistes au niveau mondial, notamment pour la promotion de l&rsquo;agriculture paysanne traditionnelle et biologique, en opposition \u00e0 la politique d&rsquo;expansion des multinationales agro-alimentaires et au g\u00e9nie g\u00e9n\u00e9tique. Elle lutte contre le brevetage du vivant et la bio-piraterie.<br \/>\n<\/span><\/p>\n<p><span style=\"color: #777777; font-family: Arial;\">Tout en poursuivant sa lutte contre l&rsquo;introduction des OGM dans son pays, Vandana Shiva s&rsquo;engage dans une forme d&rsquo;activisme mondial en faveur de la paix, la biodiversit\u00e9 et du droit des peuples de disposer d&rsquo;eux-m\u00eames.<br \/>\n<\/span><\/p>\n<p><span style=\"color: #777777; font-family: Arial;\">Dans l&rsquo;entretien, elle parle d&rsquo;abord de son enfance\u00a0:<br \/>\n<\/span><\/p>\n<p style=\"margin-left: 28pt;\"><img loading=\"lazy\" decoding=\"async\" class=\"alignright\" src=\"https:\/\/lemotdujour.fr\/wp-content\/uploads\/2020\/05\/051720_2306_Lundi18mai22.jpg\" alt=\"\" width=\"222\" height=\"222\" align=\"left\" \/><span style=\"color: #c00000; font-family: Arial;\">\u00ab\u00a0Je suis n\u00e9e apr\u00e8s la colonisation britannique dans les premi\u00e8res ann\u00e9es de l&rsquo;ind\u00e9pendance de l&rsquo;Inde. Mes parents s&rsquo;\u00e9taient engag\u00e9s dans ce mouvement. Ma m\u00e8re a persuad\u00e9 mon p\u00e8re, major dans l&rsquo;arm\u00e9e britannique, de quitter l&rsquo;arm\u00e9e pour rejoindre le service indien des for\u00eats. C&rsquo;\u00e9tait un acte fort. Mes parents m&rsquo;ont donn\u00e9 une \u00e9ducation gandhienne, empreinte de spiritualit\u00e9. Ils m&rsquo;ont enseign\u00e9 la non-violence, la simplicit\u00e9 et la compassion. [\u2026] J&rsquo;ai eu la chance de grandir autour de gens exceptionnels. J&rsquo;ai \u00e9t\u00e9 marqu\u00e9e par les longues discussions qu&rsquo;avait mon p\u00e8re avec deux disciples de Gandhi. Ces deux femmes, d&rsquo;origine britannique, avaient \u00e9t\u00e9 baptis\u00e9es Mirabehn et Sarla Behn par le Mahlatma. Elles \u00e9taient tr\u00e8s engag\u00e9es dans la d\u00e9fense des for\u00eats. Lakshmi Pandit, la s\u0153ur de Nehru alors Premier ministre, venait aussi \u00e0 la maison.\u00a0\u00bb<br \/>\n<\/span><\/p>\n<p><span style=\"color: #777777; font-family: Arial;\">Elle pr\u00e9cise que ses parents \u00e9taient rebelles au pouvoir, mais elle garde aussi le souvenir de sa vie dans la for\u00eat et de ce que disait sa m\u00e8re\u00a0:<br \/>\n<\/span><\/p>\n<p style=\"margin-left: 28pt;\"><span style=\"color: #c00000; font-family: Arial;\">\u00ab\u00a0Nous aimions jouer dans les ruisseaux, cueillir des foug\u00e8res et des fleurs que nous faisions s\u00e9cher pour d\u00e9corer nos cartes de v\u0153ux. Grandir dans la for\u00eat, c&rsquo;\u00e9tait faire l&rsquo;exp\u00e9rience de la beaut\u00e9.<br \/>\n<\/span><\/p>\n<p style=\"margin-left: 28pt;\"><span style=\"color: #c00000; font-family: Arial;\">Ma m\u00e8re, elle, plantait de nombreux arbres autour de la maison. Les gens ne comprenaient pas et s&rsquo;\u00e9tonnaient\u00a0: \u00ab\u00a0Mais ces arbres donneront des fruits dans vingt ans\u00a0! et vous ne serez plus l\u00e0 pour les manger\u00a0;\u00a0\u00bb Elle leur expliquait\u00a0: \u00ab\u00a0on ne plante pas un arbre pour soi-m\u00eame, mais pour l&rsquo;avenir. D&rsquo;autres mangeront les fruits\u00a0\u00bb<br \/>\n<\/span><\/p>\n<p><span style=\"color: #777777; font-family: Arial;\">C&rsquo;est \u00e9videmment une philosophie de vie difficilement accessible aux possesseurs des grandes entreprises qui d\u00e9posent des brevets sur le vivant\u00a0: \u00ab\u00a0<strong>D&rsquo;autres mangeront les fruits\u00a0!\u00a0<\/strong>\u00bb.<br \/>\n<\/span><\/p>\n<p><span style=\"color: #777777; font-family: Arial;\">Ses parents \u00e9taient des esprits de progr\u00e8s qui souhaitaient l&rsquo;abolition des castes et l&rsquo;\u00e9galit\u00e9 entre femmes et hommes. <\/span><span style=\"color: #777777; font-family: Arial;\">Un de ses grands-p\u00e8res a donn\u00e9 sa vie pour que les filles puissent aller \u00e0 l&rsquo;\u00e9cole\u00a0:<br \/>\n<\/span><\/p>\n<p style=\"margin-left: 28pt;\"><span style=\"color: #c00000; font-family: Arial;\">\u00ab\u00a0En 1956, le p\u00e8re de ma m\u00e8re est mort d&rsquo;une gr\u00e8ve de la faim pour d\u00e9fendre la cr\u00e9ation d&rsquo;une \u00e9cole de filles, qui existe toujours. Il \u00e9tait persuad\u00e9 que l&rsquo;Inde ne pourrait se reconstruire sans l&rsquo;\u00e9ducation des filles. J&rsquo;avais 4 ans, il a forg\u00e9 la personnalit\u00e9 de ma m\u00e8re et la mienne.\u00a0\u00bb<br \/>\n<\/span><\/p>\n<p><span style=\"color: #777777; font-family: Arial;\">La cha\u00eene <a href=\"https:\/\/www.brut.media\/fr\/entertainment\/une-vie-vandana-shiva-f33c5e92-2cc2-4205-9b39-304dda3f6a19\"><span style=\"color: #0000ff;\">&lt;Brut&gt;<\/span><\/a> pr\u00e9sente la vie de Vandana Shiva en moins de quatre minutes<br \/>\n<\/span><\/p>\n<p><span style=\"color: #777777; font-family: Arial;\">Elle commence des \u00e9tudes de science dans la physique nucl\u00e9aire. Mais elle va s&rsquo;en d\u00e9tourner quand elle comprend que ce savoir est partiel et ne s&rsquo;int\u00e9resse pas \u00e0 l&rsquo;humain\u00a0:<br \/>\n<\/span><\/p>\n<p style=\"margin-left: 28pt;\"><span style=\"color: #c00000; font-family: Arial;\">\u00ab\u00a0En physique nucl\u00e9aire, on apprenait \u00e0 calculer la lib\u00e9ration d&rsquo;\u00e9nergie d&rsquo;une r\u00e9action en cha\u00eene, mais les effets des radiations n&rsquo;\u00e9taient pas enseign\u00e9s. J&rsquo;ai compris que mon savoir \u00e9tait parcellaire et je me suis demand\u00e9 pourquoi on ne nous apprenait pas tout. Pourquoi la science ne cherchait-elle pas \u00e0 conna\u00eetre ses impacts\u00a0? [\u2026] Alors, j&rsquo;ai voulu me tourner vers l&rsquo;essentiel, le plus fondamental. J&rsquo;ai lu tous les journaux \u00e0 la recherche des personnes qui posaient les questions et tentaient d&rsquo;y r\u00e9pondre. Ils \u00e9taient tous au Canada. C&rsquo;est l\u00e0 que j&rsquo;ai poursuivi mes \u00e9tudes, en physique quantique et en philosophie des sciences\u00a0\u00bb.<br \/>\n<\/span><\/p>\n<p><span style=\"color: #777777; font-family: Arial;\">Apr\u00e8s ses \u00e9tudes au Canada elle est retourn\u00e9e dans son pays natal. Elle fait des recherches et m\u00e8ne une \u00e9tude sur l&rsquo;exploitation mini\u00e8re de la vall\u00e9e o\u00f9 elle a grandi pour le Minist\u00e8re de l&rsquo;Environnement\u00a0:<br \/>\n<\/span><\/p>\n<p style=\"margin-left: 28pt;\"><span style=\"color: #c00000; font-family: Arial;\">\u00ab\u00a0Nous avons d\u00e9montr\u00e9 qu&rsquo;il \u00e9tait plus rentable de ne pas extraire le calcaire qui stocke l&rsquo;eau naturellement, car le d\u00e9truire obligeait \u00e0 construire tout un syst\u00e8me de stockage. LE minist\u00e8re a ferm\u00e9 les mines et notre travail a servi de base \u00e0 la premi\u00e8re jurisprudence de la Cour supr\u00eame indienne en faveur de l&rsquo;environnement\u00a0: \u00ab\u00a0Quand le commerce d\u00e9truit la vie, il doit cesser.\u00a0\u00bb<br \/>\n<\/span><\/p>\n<p><span style=\"color: #777777; font-family: Arial;\">Elle date son engagement militant dans l&rsquo;\u00e9cologie lorsqu&rsquo;elle fait le constat des ravages de la d\u00e9forestation\u00a0:<br \/>\n<\/span><\/p>\n<p style=\"margin-left: 28pt;\"><span style=\"color: #c00000; font-family: Arial;\">\u00ab\u00a0Avant de partir au Canada, j&rsquo;ai voulu emporter avec moi un peu de la joie ressentie enfant dans la for\u00eat et j&rsquo;ai refait le chemin de mes anciennes randonn\u00e9es, pas loin de Dehradun. C&rsquo;\u00e9tait un choc\u00a0: ma for\u00eat de ch\u00eanes avait disparu, les ruisseaux aussi. C&rsquo;\u00e9tait comme si une partie de moi-m\u00eame \u00e9tait morte. J&rsquo;avais grandi en imaginant que les for\u00eats \u00e9taient \u00e9ternelles. Pour la premi\u00e8re fois, je prenais conscience de la puissance des forces de destructions commerciales. [un vendeur de th\u00e9] lui dit\u00a0: \u00ab\u00a0Il y a de l&rsquo;espoir, gr\u00e2ce aux <a href=\"https:\/\/wrm.org.uy\/fr\/les-articles-du-bulletin-wrm\/notre-opinion\/les-enseignements-du-mouvement-chipko-de-linde-un-combat-pour-le-feminisme-et-lecologie\/\"><span style=\"color: #0000ff;\">activistes de Chipko<\/span>\u00a0<\/a>\u00bb. C&rsquo;est alors que je me suis promis de me consacrer \u00e0 cette cause. [\u2026]<br \/>\n<\/span><\/p>\n<p style=\"margin-left: 28pt;\"><span style=\"color: #c00000; font-family: Arial;\">La for\u00eat himalayenne a \u00e9t\u00e9 ma seconde universit\u00e9, et les femmes de Chipko mes professeurs. Avant de les rencontrer, la for\u00eat \u00e9tait jusque-l\u00e0, pour moi, la beaut\u00e9. Pour elles, c&rsquo;\u00e9tait la survie\u00a0: la source de leur approvisionnement en eau, en \u00e9nergie\u2026 Je me suis mise \u00e0 lire des livres de sylviculture. Tous ces ouvrages consid\u00e9raient la diversit\u00e9 comme g\u00eanante\u00a0: une plantation foresti\u00e8re uniforme \u00e9tait commercialement bien plus utile\u00a0! J&rsquo;ai alors d\u00e9cid\u00e9 de m\u00ealer le savoir pratique des femmes \u00e0 mon savoir universitaire pour obtenir un tableau complet. Les villageoises avaient compris que la d\u00e9forestation tarissait les sources et cela n&rsquo;\u00e9tait pas abord\u00e9 dans les livres\u00a0!\u00bb<br \/>\n<\/span><\/p>\n<p><span style=\"color: #777777; font-family: Arial;\">Du combat pour la sauvegarde de la for\u00eat elle va aller vers l&rsquo;engagement qui l&rsquo;a mondialement fait conna\u00eetre dans l&rsquo;agriculture\u00a0:<br \/>\n<\/span><\/p>\n<p style=\"margin-left: 28pt;\"><span style=\"color: #c00000; font-family: Arial;\">\u00ab\u00a0En 1984, deux \u00e9v\u00e8nements terribles sont arriv\u00e9s qui m&rsquo;ont donn\u00e9 envie de comprendre pourquoi l&rsquo;agriculture devenait un monde si violent.<br \/>\n<\/span><\/p>\n<p style=\"margin-left: 28pt;\"><span style=\"color: #c00000; font-family: Arial;\">Le premier \u00e9tait <span style=\"color: #0000ff;\"><a style=\"color: #0000ff;\" href=\"https:\/\/enseignants.lumni.fr\/fiche-media\/00000001474\/la-catastrophe-industrielle-de-bhopal.html\">l&rsquo;explosion de l&rsquo;usine de pesticides de l&rsquo;American Union Carbide, \u00e0 Bhopal.<\/a><\/span> Apr\u00e8s l&rsquo;explosion, les substances chimiques r\u00e9pandues ont caus\u00e9 la mort de milliers de personnes. Je me suis interrog\u00e9e sur la raison de l&rsquo;utilisation de produits aussi dangereux.<br \/>\n<\/span><\/p>\n<p style=\"margin-left: 28pt;\"><img loading=\"lazy\" decoding=\"async\" class=\"alignright\" src=\"https:\/\/lemotdujour.fr\/wp-content\/uploads\/2020\/05\/051720_2306_Lundi18mai23.jpg\" alt=\"\" width=\"281\" height=\"364\" align=\"right\" \/><span style=\"color: #c00000; font-family: Arial;\">Le second \u00e9v\u00e8nement \u00e9tait la vague de violence dans l&rsquo;Etat du Pendjab [\u2026] Pourquoi les fermiers de cette r\u00e9gion, r\u00e9put\u00e9e la plus fertile d&rsquo;Inde prenaient-ils les armes alors que la r\u00e9volution verte \u00e9tait cens\u00e9e nous apporter prosp\u00e9rit\u00e9 et paix\u00a0? Quelque chose clochait. Quelque chose li\u00e9 \u00e0 la terre et aux ressources. [\u2026] Je me suis plong\u00e9e dans l&rsquo;histoire des engrais et des pesticides chimiques. Et je me suis rendu compte que ces produits, utilis\u00e9s pour nous nourrir, avaient \u00e9t\u00e9 con\u00e7us pour tuer par la machine de guerre nazie et l&rsquo;industrie allemande, \u00e0 l&rsquo;\u00e9poque IG Farben.\u00a0\u00bb<br \/>\n<\/span><\/p>\n<p><span style=\"color: #777777; font-family: Arial;\">Et c&rsquo;est en 1987 qu&rsquo;elle d\u00e9couvre les noirs desseins de certains industriels.\u00a0:<br \/>\n<\/span><\/p>\n<p style=\"margin-left: 28pt;\"><span style=\"color: #c00000; font-family: Arial;\">\u00ab\u00a0Cette ann\u00e9e-l\u00e0, je suis invit\u00e9e \u00e0 un s\u00e9minaire sur les biotechnologies organis\u00e9 par une fondation su\u00e9doise \u00e0 Gen\u00e8ve. [\u2026] A un moment, les industriels \u00e9voquent leurs plans pour d\u00e9velopper les OGM et prendre le contr\u00f4le des semences. Ils disent vouloir modifier g\u00e9n\u00e9tiquement les plantes pour les breveter et accroitre leurs profits. Ils en parlent ouvertement et expliquent qu&rsquo;ils comptent se regroupe pour mieux conqu\u00e9rir les march\u00e9s. Je suis secou\u00e9e et j&rsquo;entrevois ce qui risque de passer dans les fermes. Les paysans qui s&rsquo;endettent pour acheter des engrais et des pesticides allaient aussi devoir s&rsquo;endetter pour se procurer les semences.<br \/>\n<\/span><\/p>\n<p style=\"margin-left: 28pt;\"><span style=\"color: #c00000; font-family: Arial;\">Et c&rsquo;est ce qui se passe\u00a0! Regardez\u00a0: Ciba-Geugy, Sandoz et AstraZeneca ont fusionn\u00e9 pour devenir Syngenta\u00a0! Et Monsanto a rachet\u00e9 presque tous les semenciers de la plan\u00e8te. Ce que je n&rsquo;imaginais pas \u00e0 l&rsquo;\u00e9poque, c&rsquo;est \u00e0 quel point ces entreprises mus\u00e8leraient les scientifiques s&rsquo;int\u00e9ressant \u00e0 l&rsquo;impact des OGM. A mes yeux, il n&rsquo;y avait pas de temps \u00e0 perdre <strong>et je me suis lanc\u00e9e dans le combat contre le brevetage du vivant que je juge ill\u00e9gal, non scientifique, immoral et injuste<\/strong>. Le plan expos\u00e9 par les industriels me paraissait si totalitaire que seule une r\u00e9ponse gandhienne pouvait convenir pour lutter contre les multinationales et leur emprise sur la vie, les paysans, les citoyens\u00a0\u00bb<br \/>\n<\/span><\/p>\n<p><img loading=\"lazy\" decoding=\"async\" class=\" wp-image-8921 alignleft\" src=\"https:\/\/lemotdujour.fr\/wp-content\/uploads\/2020\/05\/521898-vandana-shiva.jpg\" alt=\"\" width=\"374\" height=\"210\" srcset=\"https:\/\/lemotdujour.fr\/wp-content\/uploads\/2020\/05\/521898-vandana-shiva.jpg 960w, https:\/\/lemotdujour.fr\/wp-content\/uploads\/2020\/05\/521898-vandana-shiva-300x168.jpg 300w, https:\/\/lemotdujour.fr\/wp-content\/uploads\/2020\/05\/521898-vandana-shiva-768x430.jpg 768w\" sizes=\"auto, (max-width: 374px) 100vw, 374px\" \/><\/p>\n<p><span style=\"color: #777777; font-family: Arial;\">Et c&rsquo;est ainsi contre le brevetage du vivant et pour la conservation des semences anciennes et leur gratuit\u00e9 que Vandana Shiva va engager le combat.<br \/>\n<\/span><\/p>\n<p><span style=\"color: #777777; font-family: Arial;\">L&rsquo;entretien de la revue XXI et sa transcription dans le livre \u00ab Comprendre le Monde \u00bb ne se trouve pas sur Internet. <\/span><span style=\"color: #777777; font-family: Arial;\">Mais elle explique, de la m\u00eame mani\u00e8re, sa strat\u00e9gie et les outils de sa lutte dans &lt;<a href=\"https:\/\/www.agoravox.fr\/actualites\/environnement\/article\/vandana-shiva-graines-de-75840\"><span style=\"color: #0000ff;\">cet article d&rsquo;Agora Vox<\/span><\/a>&gt;\u00a0:<br \/>\n<\/span><\/p>\n<p style=\"margin-left: 28pt;\"><span style=\"color: #c00000; font-family: Arial;\">\u00ab\u00a0Gandhi a \u00e9t\u00e9 un mod\u00e8le pour moi d\u00e8s mon enfance, au travers de mes parents, qui m&rsquo;habillaient avec le Khadi, un textile tiss\u00e9 \u00e0 la main, mais surtout un symbole fort de son apport id\u00e9ologique \u00e0 l&rsquo;Inde, son arme de lutte contre l&rsquo;imp\u00e9rialisme britannique \u00e0 une \u00e9poque o\u00f9 tous les textiles provenaient d&rsquo;Angleterre. Il clamait que nous ne serions jamais libres tant que nous ne produirions pas nos propres textiles. C&rsquo;est la raison pour laquelle le tissage des v\u00eatements a \u00e9t\u00e9 une part importante de notre ind\u00e9pendance. [\u2026]<br \/>\n<\/span><\/p>\n<p style=\"margin-left: 28pt;\"><span style=\"color: #c00000; font-family: Arial;\">En 1987 \u00e0 la Conf\u00e9rence de Gen\u00e8ve, [\u2026] J&rsquo;avais encore \u00e0 l&rsquo;esprit la fa\u00e7on dont Gandhi a symboliquement ressorti le rouet pour tisser et fabriquer des v\u00eatements et je me suis demand\u00e9 ce qui pourrait \u00eatre le rouet de notre \u00e9poque. J&rsquo;ai pens\u00e9 \u00e0 la graine et j&rsquo;ai commenc\u00e9 \u00e0 en conserver depuis ce jour de 1987 en fondant <span style=\"color: #0000ff;\"><a style=\"color: #0000ff;\" href=\"http:\/\/www.navdanya.org\/site\/\"><strong>Navdanya<\/strong><\/a>,<\/span> mouvement de sauvegarde de la graine. La seconde facette de cette inspiration est le puissant concept de <a href=\"https:\/\/fr.wikipedia.org\/wiki\/Satyagraha\"><strong><span style=\"color: #0000ff;\">Satyagraha<\/span><\/strong><\/a>, que nous avons continuellement mis en pratique pour d\u00e9fendre notre droit aux semences libres..<br \/>\n<\/span><\/p>\n<p style=\"margin-left: 28pt;\"><span style=\"color: #c00000; font-family: Arial;\">Satyagraha signifie litt\u00e9ralement le \u00ab combat pour la v\u00e9rit\u00e9 \u00bb. Et Bija Satyagraha signifierait le \u00ab combat pour la v\u00e9rit\u00e9 de la graine \u00bb. Concr\u00e8tement, la graine se reproduit, elle se multiplie, elle est partag\u00e9e. Les paysans doivent avoir acc\u00e8s \u00e0 ces semences. Nous avons commenc\u00e9 \u00e0 pratiquer la \u00ab Bija Satyagraha \u00bb lorsque les grandes multinationales se sont mises \u00e0 \u00e9tablir des monopoles sur les semences et ont utilis\u00e9 notre gouvernement pour cr\u00e9er et mettre en place des lois qui existaient d\u00e9j\u00e0 en Europe et aux Etats-Unis, interdisant aux paysans d&rsquo;utiliser leurs propres graines, rendant ill\u00e9gales des semences indig\u00e8nes.\u00a0\u00bb<br \/>\n<\/span><\/p>\n<p><span style=\"color: #777777; font-family: Arial;\">Vous pouvez lire la suite dans l&rsquo;article pr\u00e9cit\u00e9 et dont je redonne le lien\u00a0: &lt; <a href=\"https:\/\/www.agoravox.fr\/actualites\/environnement\/article\/vandana-shiva-graines-de-75840\"><span style=\"color: #0000ff;\">Vandana Shiva\u00a0: graines de r\u00e9sistance<\/span><\/a>&gt;.<br \/>\n<\/span><\/p>\n<p><span style=\"color: #777777; font-family: Arial;\">Je crois profond\u00e9ment que le combat de Vandana Shiva est juste.<br \/>\n<\/span><\/p>\n<p><span style=\"color: #777777; font-family: Arial;\">Quand on r\u00e9fl\u00e9chit au monde d&rsquo;apr\u00e8s le COVID-19, cette question du brevetage du vivant et plut\u00f4t du non brevetage devrait se trouver parmi les tous premiers sujets \u00e0 traiter.<br \/>\n<\/span><\/p>\n<p><span style=\"color: #777777; font-family: Arial;\">Ce combat sera tr\u00e8s \u00e2pre, tant les int\u00e9r\u00eats de puissantes forces financi\u00e8res sont \u00e0 l&rsquo;\u0153uvre pour emp\u00eacher toute remise en cause de ces proc\u00e9d\u00e9s qui leur assurent fortune et pouvoir.<br \/>\n<\/span><\/p>\n<p><span style=\"color: #c00000; font-family: Arial;\">&lt;1426&gt;<\/span><\/p>\n","protected":false},"excerpt":{"rendered":"<p>\u00abEt je me suis lanc\u00e9e dans le combat contre le brevetage du vivant que je juge ill\u00e9gal, non scientifique, immoral et injuste.\u00bb Vandana Shiva Probablement ne le saviez-vous pas, mais il est possible d\u00e9sormais de breveter le vivant en Europe.<\/p>\n","protected":false},"author":1,"featured_media":0,"comment_status":"open","ping_status":"closed","sticky":false,"template":"","format":"standard","meta":{"footnotes":""},"categories":[1],"tags":[43,10,110,48],"class_list":["post-8913","post","type-post","status-publish","format-standard","hentry","category-motdujour","tag-ecologie","tag-economie","tag-inde","tag-nature"],"_links":{"self":[{"href":"https:\/\/lemotdujour.fr\/index.php?rest_route=\/wp\/v2\/posts\/8913","targetHints":{"allow":["GET"]}}],"collection":[{"href":"https:\/\/lemotdujour.fr\/index.php?rest_route=\/wp\/v2\/posts"}],"about":[{"href":"https:\/\/lemotdujour.fr\/index.php?rest_route=\/wp\/v2\/types\/post"}],"author":[{"embeddable":true,"href":"https:\/\/lemotdujour.fr\/index.php?rest_route=\/wp\/v2\/users\/1"}],"replies":[{"embeddable":true,"href":"https:\/\/lemotdujour.fr\/index.php?rest_route=%2Fwp%2Fv2%2Fcomments&post=8913"}],"version-history":[{"count":6,"href":"https:\/\/lemotdujour.fr\/index.php?rest_route=\/wp\/v2\/posts\/8913\/revisions"}],"predecessor-version":[{"id":8923,"href":"https:\/\/lemotdujour.fr\/index.php?rest_route=\/wp\/v2\/posts\/8913\/revisions\/8923"}],"wp:attachment":[{"href":"https:\/\/lemotdujour.fr\/index.php?rest_route=%2Fwp%2Fv2%2Fmedia&parent=8913"}],"wp:term":[{"taxonomy":"category","embeddable":true,"href":"https:\/\/lemotdujour.fr\/index.php?rest_route=%2Fwp%2Fv2%2Fcategories&post=8913"},{"taxonomy":"post_tag","embeddable":true,"href":"https:\/\/lemotdujour.fr\/index.php?rest_route=%2Fwp%2Fv2%2Ftags&post=8913"}],"curies":[{"name":"wp","href":"https:\/\/api.w.org\/{rel}","templated":true}]}}