{"id":8904,"date":"2020-05-15T02:25:00","date_gmt":"2020-05-15T00:25:00","guid":{"rendered":"http:\/\/lemotdujour.fr\/?p=8904"},"modified":"2020-05-14T23:32:52","modified_gmt":"2020-05-14T21:32:52","slug":"vendredi-15-mai-2020","status":"publish","type":"post","link":"https:\/\/lemotdujour.fr\/?p=8904","title":{"rendered":"Vendredi 15 mai 2020"},"content":{"rendered":"<div class=\"mdjTexte\">\u00abCes nouveaux malnutris [issus du COVID-19] viendront s&rsquo;ajouter aux 820 millions de personnes souffrant d\u00e9j\u00e0 de faim, soit un Terrien sur neuf.\u00bb<\/div>\n<div class=\"mdjAuteur\">Le rapport sur la nutrition mondiale<\/div>\n<p><span style=\"color: #777777; font-family: Arial;\">Je continuerai \u00e0 d\u00e9cliner les entretiens du livre \u00ab&nbsp;Comprendre le Monde&nbsp;\u00bb la semaine prochaine.<br \/>\n<\/span><\/p>\n<p><span style=\"color: #777777; font-family: Arial;\">Aujourd&rsquo;hui je souhaite partager un article du Monde, publi\u00e9 le 12 mai&nbsp;: \u00ab&nbsp;<span style=\"color: #0000ff;\"><a style=\"color: #0000ff;\" href=\"https:\/\/www.lemonde.fr\/planete\/article\/2020\/05\/12\/la-crise-alimentaire-mondiale-en-voie-d-aggravation_6039360_3244.html\">Apr\u00e8s la pand\u00e9mie, une grave crise alimentaire menace au nord comme au sud<\/a>&nbsp;\u00bb<\/span><br \/>\n<\/span><\/p>\n<p><span style=\"color: #777777; font-family: Arial;\">Dans sa &lt;<a href=\"https:\/\/www.franceinter.fr\/emissions\/la-revue-de-presse\/la-revue-de-presse-12-mai-2020\"><span style=\"color: #0000ff;\">Revue de Presse<\/span><\/a><span style=\"color: #0000ff;\">&gt;<\/span> Claude Askolovitch pr\u00e9sente cet article ainsi&nbsp;:<br \/>\n<\/span><\/p>\n<p style=\"margin-left: 28pt;\"><span style=\"color: #c00000; font-family: Arial;\">\u00ab&nbsp;On parle de grains de riz\u2026<br \/>\n<\/span><\/p>\n<p style=\"margin-left: 28pt;\"><span style=\"color: #c00000; font-family: Arial;\">Des grains de riz en tas pas bien haut pas bien larges, que vous voyez dans le Monde, dans une s\u00e9rie de photos tr\u00e8s belles et sombres, toutes compos\u00e9es de la m\u00eame mani\u00e8re, d&rsquo;un c\u00f4t\u00e9 donc un tas de riz, quelques patates, des oignons et en face des \u00eatres humains \u00e0 la peau sombre et aux traits fins, qui portent des masques et pour les femmes des tissus color\u00e9s recouvrant les cheveux, un homme en chemise souffle la fum\u00e9e de sa cigarette autour de sa compagne, des enfants s&rsquo;accrochent \u00e0 leurs m\u00e8res: ce sont des habitants du bidonville de <strong>Korail \u00e0 Dacca, capitale du Bengladesh<\/strong>, qui travaillaient avant la pand\u00e9mie du Covid 19 et qui ne travaillent plus, et que l&rsquo;on voit \u00e0 c\u00f4t\u00e9 de leurs r\u00e9serves de nourritures pour les jours \u00e0 venir\u2026<br \/>\n<\/span><\/p>\n<p style=\"margin-left: 28pt;\"><span style=\"color: #c00000; font-family: Arial;\">Et par ces photos du grand documentariste <a href=\"https:\/\/mrhasanphotos.com\/\"><strong><span style=\"color: #0000ff;\">Mohamed Rakibul Hasan<\/span><\/strong><\/a> vous comprenez ce ce qu&rsquo;est le d\u00e9nuement alimentaire, et ensuite vous pouvez lire sur le site du Monde l&rsquo;article factuel que ces photos accompagnent, sur la crise alimentaire mondiale qui s&rsquo;aggrave: nous \u00e9tions avant le virus une plan\u00e8te o\u00f9 820 millions de personnes souffraient de la faim, on rajoutera \u00e0 la foule des mal-nourris 14 millions de personnes, ou 38, ou m\u00eame 80, tout d\u00e9pendra de l&rsquo;ampleur de la r\u00e9cession\u2026<br \/>\n<\/span><\/p>\n<p style=\"margin-left: 28pt;\"><span style=\"color: #c00000; font-family: Arial;\">Les r\u00e9coltes de pomme de terre pourrissent dans des hangars en Guin\u00e9e, des \u00e9tudiants vivent des soupes populaires en France, on fait la queue \u00e0 Gen\u00e8ve pour un repas de charit\u00e9 et des enfants grandissent an\u00e9mi\u00e9s et leurs enfants le seront\u2026 C&rsquo;est donc dans le Monde, quand sort aujourd&rsquo;hui un rapport sur la malnutrition mondiale.<br \/>\n<\/span><\/p>\n<p style=\"margin-left: 28pt;\"><span style=\"color: #c00000; font-family: Arial;\">Vous lirez aussi sur les sites du Point et de la Vie des reportages sur cette faim qui enserre nos, villes, que contiennent des b\u00e9n\u00e9voles qui sont un ultime recours\u2026 <span style=\"color: #0000ff;\"><a style=\"color: #0000ff;\" href=\"http:\/\/www.lavie.fr\/solidarite\/social\/crise-et-pauvrete-quand-trouver-a-manger-devient-un-parcours-du-combattant-11-05-2020-106062_816.php\">Dans la Vie parle Odile<\/a><\/span>, qui a trois enfants: avant la maladie dit-elle, il y avait toujours moyen de s&rsquo;en sortir, en glanant \u00e0 la fin des march\u00e9s ou en faisant des petits boulots, maintenant ce n&rsquo;est plus possible\u2026 Elle pourrait aussi bien vivre au Bengladesh mais elle est de Nanterre.&nbsp;\u00bb<br \/>\n<\/span><\/p>\n<p><span style=\"color: #777777; font-family: Arial;\"><img loading=\"lazy\" decoding=\"async\" class=\"alignnone size-full wp-image-8906\" src=\"https:\/\/lemotdujour.fr\/wp-content\/uploads\/2020\/05\/Photo-de-Hasan-Pand\u00e9mie-et-malnutrition.jpg\" alt=\"\" width=\"1901\" height=\"713\" srcset=\"https:\/\/lemotdujour.fr\/wp-content\/uploads\/2020\/05\/Photo-de-Hasan-Pand\u00e9mie-et-malnutrition.jpg 1901w, https:\/\/lemotdujour.fr\/wp-content\/uploads\/2020\/05\/Photo-de-Hasan-Pand\u00e9mie-et-malnutrition-300x113.jpg 300w, https:\/\/lemotdujour.fr\/wp-content\/uploads\/2020\/05\/Photo-de-Hasan-Pand\u00e9mie-et-malnutrition-1024x384.jpg 1024w, https:\/\/lemotdujour.fr\/wp-content\/uploads\/2020\/05\/Photo-de-Hasan-Pand\u00e9mie-et-malnutrition-768x288.jpg 768w, https:\/\/lemotdujour.fr\/wp-content\/uploads\/2020\/05\/Photo-de-Hasan-Pand\u00e9mie-et-malnutrition-1536x576.jpg 1536w\" sizes=\"auto, (max-width: 1901px) 100vw, 1901px\" \/><\/span><\/p>\n<p><span style=\"color: #777777; font-family: Arial;\">L&rsquo;article du Monde est \u00e9crit par la journaliste Mathilde G\u00e9rard. <\/span><span style=\"color: #777777; font-family: Arial;\">Elle \u00e9crit&nbsp;:<br \/>\n<\/span><\/p>\n<p style=\"margin-left: 28pt;\"><span style=\"color: #c00000; font-family: Arial;\">\u00ab&nbsp;Dans tous les pays frapp\u00e9s par la pand\u00e9mie de Covid-19, des plus riches aux plus pauvres, la malnutrition a gagn\u00e9 de nouvelles populations. Les rues de Gen\u00e8ve, l&rsquo;une des villes les plus fortun\u00e9es du monde, ont vu se former, chaque samedi, des files de plusieurs centaines de m\u00e8tres pour recevoir des paniers alimentaires. Partout, la crise, dont on est loin encore de mesurer l&rsquo;ampleur finale, pourrait faire basculer dans la faim des dizaines de millions de personnes. L&rsquo;Organisation des Nations unies pour l&rsquo;agriculture et l&rsquo;alimentation (FAO) a calcul\u00e9 qu&rsquo;elles seraient 14,4 millions \u00e0 rejoindre les rangs de la sous-alimentation en cas de r\u00e9cession globale de 2 %, 38,2 millions si la contraction atteint 5 %, et jusqu&rsquo;\u00e0 80,3 millions pour un repli de 10 % \u2013 le recul est pour l&rsquo;heure estim\u00e9 \u00e0 3 % en 2020. <strong>Ces nouveaux malnutris viendront s&rsquo;ajouter aux 820 millions de personnes souffrant d\u00e9j\u00e0 de faim, soit un Terrien sur neuf<\/strong>.&nbsp;\u00bb<br \/>\n<\/span><\/p>\n<p><span style=\"color: #777777; font-family: Arial;\">Cet article s&rsquo;appuie sur &lt;<span style=\"color: #0000ff;\"><a style=\"color: #0000ff;\" href=\"https:\/\/globalnutritionreport.org\/\">Le rapport sur la nutrition mondiale<\/a><\/span>&gt; publi\u00e9 mardi 12 mai. Publication, lanc\u00e9e en 2013 par plusieurs dizaines de parties prenantes (experts en nutrition, membres d&rsquo;agences internationales, repr\u00e9sentants du secteur priv\u00e9 et de la soci\u00e9t\u00e9 civile, donateurs) et qui dresse un \u00e9tat des lieux des indicateurs de nutrition.<br \/>\n<\/span><\/p>\n<p><span style=\"color: #777777; font-family: Arial;\">Le confinement impos\u00e9 \u00e0 une partie de la plan\u00e8te va probablement conduire \u00e0 une aggravation de ces indicateurs en d\u00e9pit de tr\u00e8s bonnes r\u00e9coltes agricoles cette ann\u00e9e.<br \/>\n<\/span><\/p>\n<p><span style=\"color: #777777; font-family: Arial;\">Cet article assez long montre la situation pr\u00e9occupante notamment dans les pays pauvres mais pas seulement.<br \/>\n<\/span><\/p>\n<p><span style=\"color: #777777; font-family: Arial;\">La conclusion rappelle que ce que nous vivons n&rsquo;est pas qu&rsquo;une crise sanitaire et bien rapidement ne sera plus essentiellement une crise sanitaire&nbsp;:<br \/>\n<\/span><\/p>\n<p style=\"margin-left: 28pt;\"><span style=\"color: #c00000; font-family: Arial;\">\u00ab&nbsp;A long terme, les effets de cette malnutrition s&rsquo;annoncent d\u00e9vastateurs. \u00ab Chaque pourcentage de recul du PIB entra\u00eene une hausse de 0,7 million d&rsquo;enfants en retard de croissance. Et ces enfants vont eux-m\u00eames donner naissance \u00e0 une nouvelle g\u00e9n\u00e9ration d&rsquo;enfants en retard de croissance \u00bb, note Gerda Verburg, ancienne ministre de l&rsquo;agriculture des Pays-Bas et coordinatrice du mouvement pour le renforcement de la nutrition (SUN, qui regroupe des dizaines d&rsquo;Etats, repr\u00e9sentants de la soci\u00e9t\u00e9 civile, donateurs et secteur priv\u00e9).<br \/>\n<\/span><\/p>\n<p style=\"margin-left: 28pt;\"><span style=\"color: #c00000; font-family: Arial;\">La faim ne sera pas la seule cons\u00e9quence de la pand\u00e9mie sur l&rsquo;alimentation. La r\u00e9cession va durablement affecter les r\u00e9gimes des plus vuln\u00e9rables, faisant craindre une hausse des pathologies li\u00e9es \u00e0 l&rsquo;alimentation. \u00ab Les populations vont rediriger leurs achats de denr\u00e9es vers des aliments plus abordables ou disponibles, mais moins diversifi\u00e9s et nutritifs, souligne Valentin Brochard. On risque d&rsquo;avoir une augmentation des taux de sous-nutrition et des carences en vitamines et micronutriments. \u00bb<br \/>\n<\/span><\/p>\n<p style=\"margin-left: 28pt;\"><span style=\"color: #c00000; font-family: Arial;\">Dans ce contexte, la crise alimentaire qui s\u00e9vit appelle une r\u00e9ponse globale et coordonn\u00e9e. Gerda Verburg met en garde contre un \u00ab contrecoup massif \u00bb, car \u00ab l&rsquo;attention est encore trop sur la question purement sanitaire et pas assez inclusive. Nos syst\u00e8mes de production actuels cr\u00e9ent non seulement de la sous-nutrition mais aussi de l&rsquo;ob\u00e9sit\u00e9. Nous ne pouvons pas les laisser d\u00e9truire la sant\u00e9 humaine et le bien-\u00eatre de notre plan\u00e8te \u00bb. Pour Nicolas Bricas, l&rsquo;enjeu sera de ne pas occulter les objectifs de long terme : \u00ab On ne va pas \u00e9chapper \u00e0 une gestion de l&rsquo;urgence. L&rsquo;explosion de la demande d&rsquo;aide alimentaire est une difficult\u00e9 qui se voit. En revanche, on peut craindre qu&rsquo;on passe sous silence les urgences environnementales. Il y a d\u00e9j\u00e0 une forte pression des acteurs \u00e9conomiques pour all\u00e9ger leurs contraintes en la mati\u00e8re. \u00bb<br \/>\n<\/span><\/p>\n<p><span style=\"color: #777777; font-family: Arial;\">Il y a aussi sur ce sujet une publication de l&rsquo;ONU Covid-19 :&nbsp; \u00ab&nbsp;<span style=\"color: #0000ff;\"><a style=\"color: #0000ff;\" href=\"https:\/\/news.un.org\/fr\/story\/2020\/04\/1067092\">le nombre de gens confront\u00e9s \u00e0 une crise alimentaire doublera en l&rsquo;absence de mesures rapides&nbsp;<\/a><\/span>\u00bb<br \/>\n<\/span><\/p>\n<p><span style=\"color: #777777; font-family: Arial;\">Et je redonne le lien vers l&rsquo;article du Monde&nbsp;: \u00ab&nbsp;<span style=\"color: #0000ff;\"><a style=\"color: #0000ff;\" href=\"https:\/\/www.lemonde.fr\/planete\/article\/2020\/05\/12\/la-crise-alimentaire-mondiale-en-voie-d-aggravation_6039360_3244.html\">Apr\u00e8s la pand\u00e9mie, une grave crise alimentaire menace au nord comme au sud<\/a><\/span>&nbsp;\u00bb<br \/>\n<\/span><\/p>\n<p><span style=\"color: #c00000; font-family: Arial;\">&lt;1425&gt;<\/span><\/p>\n","protected":false},"excerpt":{"rendered":"<p>\u00abCes nouveaux malnutris [issus du COVID-19] viendront s&rsquo;ajouter aux 820 millions de personnes souffrant d\u00e9j\u00e0 de faim, soit un Terrien sur neuf.\u00bb Le rapport sur la nutrition mondiale Je continuerai \u00e0 d\u00e9cliner les entretiens du livre \u00ab&nbsp;Comprendre le Monde&nbsp;\u00bb la<\/p>\n","protected":false},"author":1,"featured_media":0,"comment_status":"open","ping_status":"closed","sticky":false,"template":"","format":"standard","meta":{"footnotes":""},"categories":[1],"tags":[21,126,155],"class_list":["post-8904","post","type-post","status-publish","format-standard","hentry","category-motdujour","tag-alimentation","tag-pandemie","tag-pauvrete"],"_links":{"self":[{"href":"https:\/\/lemotdujour.fr\/index.php?rest_route=\/wp\/v2\/posts\/8904","targetHints":{"allow":["GET"]}}],"collection":[{"href":"https:\/\/lemotdujour.fr\/index.php?rest_route=\/wp\/v2\/posts"}],"about":[{"href":"https:\/\/lemotdujour.fr\/index.php?rest_route=\/wp\/v2\/types\/post"}],"author":[{"embeddable":true,"href":"https:\/\/lemotdujour.fr\/index.php?rest_route=\/wp\/v2\/users\/1"}],"replies":[{"embeddable":true,"href":"https:\/\/lemotdujour.fr\/index.php?rest_route=%2Fwp%2Fv2%2Fcomments&post=8904"}],"version-history":[{"count":3,"href":"https:\/\/lemotdujour.fr\/index.php?rest_route=\/wp\/v2\/posts\/8904\/revisions"}],"predecessor-version":[{"id":8908,"href":"https:\/\/lemotdujour.fr\/index.php?rest_route=\/wp\/v2\/posts\/8904\/revisions\/8908"}],"wp:attachment":[{"href":"https:\/\/lemotdujour.fr\/index.php?rest_route=%2Fwp%2Fv2%2Fmedia&parent=8904"}],"wp:term":[{"taxonomy":"category","embeddable":true,"href":"https:\/\/lemotdujour.fr\/index.php?rest_route=%2Fwp%2Fv2%2Fcategories&post=8904"},{"taxonomy":"post_tag","embeddable":true,"href":"https:\/\/lemotdujour.fr\/index.php?rest_route=%2Fwp%2Fv2%2Ftags&post=8904"}],"curies":[{"name":"wp","href":"https:\/\/api.w.org\/{rel}","templated":true}]}}