{"id":8882,"date":"2020-05-13T03:10:26","date_gmt":"2020-05-13T01:10:26","guid":{"rendered":"http:\/\/lemotdujour.fr\/?p=8882"},"modified":"2020-06-11T23:27:56","modified_gmt":"2020-06-11T21:27:56","slug":"mercredi-13-mai-2020","status":"publish","type":"post","link":"https:\/\/lemotdujour.fr\/?p=8882","title":{"rendered":"Mercredi 13 mai 2020"},"content":{"rendered":"<div class=\"mdjTexte\">\u00abRendre leur Histoire aux femmes\u00bb<\/div>\n<div class=\"mdjAuteur\">Michelle Perrot<\/div>\n<p><span style=\"color: #777777; font-family: Arial;\">Cet entretien date d&rsquo;un des premiers num\u00e9ros de la revue XXI, c&rsquo;\u00e9tait le num\u00e9ro 4 paru \u00e0 l&rsquo;automne 2008.<br \/>\n<\/span><\/p>\n<p><img loading=\"lazy\" decoding=\"async\" class=\"alignleft\" src=\"https:\/\/lemotdujour.fr\/wp-content\/uploads\/2020\/05\/051220_2304_Mercredi13m1.jpg\" alt=\"\" width=\"261\" height=\"175\" align=\"left\" \/><span style=\"color: #777777; font-family: Arial;\">L&rsquo;entretien, qui avait \u00e9t\u00e9 men\u00e9 par Catherine Meyer, concernait l&rsquo;historienne Michelle Perrot et avait pour titre \u00ab <strong>Rendre leur Histoire aux femmes<\/strong><em>\u00a0\u00bb<\/em>.<br \/>\n<\/span><\/p>\n<p><span style=\"color: #777777; font-family: Arial;\">J&rsquo;ai plusieurs fois cit\u00e9 Michelle Perrot et je lui ai consacr\u00e9 deux mots du jour.<br \/>\n<\/span><\/p>\n<p><span style=\"color: #777777; font-family: Arial;\">Le premier concluait la s\u00e9rie sur les violences faites aux femmes dans l&rsquo;espace public\u00a0: \u00ab\u00a0<strong>La conqu\u00eate de l&rsquo;espace public par les femmes est tr\u00e8s important. Le fait de pouvoir sortir seule, le soir, la nuit ce qui est encore consid\u00e9r\u00e9 comme un danger pour les femmes, c&rsquo;est quelque chose qui doit cesser, partout\u00a0!<\/strong>\u00a0\u00bb<br \/>\n<\/span><\/p>\n<p><span style=\"color: #777777; font-family: Arial;\">C&rsquo;\u00e9tait le mot du &lt;<span style=\"color: #0000ff;\"><a style=\"color: #0000ff;\" href=\"https:\/\/lemotdujour.fr\/?p=1594\">29 Janvier 2016<\/a><\/span>&gt;<br \/>\n<\/span><\/p>\n<p><span style=\"color: #777777; font-family: Arial;\">La seconde fois \u00e9tait au cours de la s\u00e9rie sur Mai 68\u00a0: &lt;<span style=\"color: #0000ff;\"><a style=\"color: #0000ff;\" href=\"https:\/\/lemotdujour.fr\/?p=4757\">La femme de 1968 est \u00e0 la fois contrainte et aspire \u00e0 la libert\u00e9<\/a><\/span>&gt;<br \/>\n<\/span><\/p>\n<p><span style=\"color: #777777; font-family: Arial;\">Michelle Perrot est n\u00e9e \u00e0 Paris le 18 mai 1928. Elle a d&rsquo;abord travaill\u00e9 sur l&rsquo;histoire du mouvement ouvrier, et sur le syst\u00e8me carc\u00e9ral fran\u00e7ais avant de devenir vraiment l&rsquo;historienne de l&rsquo;Histoire des femmes.<br \/>\n<\/span><\/p>\n<p><span style=\"color: #777777; font-family: Arial;\">Pour introduire l&rsquo;entretien, la journaliste, Catherine Meyer, retrace \u00e0 grand trait cette Histoire\u00a0:<br \/>\n<\/span><\/p>\n<p style=\"margin-left: 28pt;\"><span style=\"color: #c00000; font-family: Arial;\">\u00ab\u00a0Depuis l&rsquo;antiquit\u00e9, les hommes \u00e9crivent leur Histoire afin que le temps n&rsquo;efface pas leurs traces.<br \/>\n<\/span><\/p>\n<p style=\"margin-left: 28pt;\"><span style=\"color: #c00000; font-family: Arial;\">Les hommes\u2026 Les femmes, elle, n&rsquo;ont pas d&rsquo;Histoire. M\u00e8res silencieuses, m\u00e9nag\u00e8res de l&rsquo;invisible, elles s&rsquo;effacent devant les hommes sur le th\u00e9\u00e2tre de la m\u00e9moire. Absentes des recensements, pendant des si\u00e8cles elles n&rsquo;existent tout simplement pas.<br \/>\n<\/span><\/p>\n<p style=\"margin-left: 28pt;\"><span style=\"color: #c00000; font-family: Arial;\">Jusqu&rsquo;au tournant des ann\u00e9es 1970, o\u00f9 les femmes s&#8217;emparent de leurs histoires pour construire une Histoire. Deux raisons \u00e0 cel.<br \/>\n<\/span><\/p>\n<p style=\"margin-left: 28pt;\"><span style=\"color: #c00000; font-family: Arial;\">L&rsquo;\u00e9cole de la \u00ab\u00a0nouvelle histoire\u00a0\u00bb voit le jour\u00a0: sous l&rsquo;impulsion de Jacques Le Goff, Emmanuel Le Roy Ladurie ou Marc Ferro, elle s&rsquo;int\u00e9resse aux individus, aux mentalit\u00e9s et s&rsquo;insinue dans les replis du pass\u00e9.<br \/>\n<\/span><\/p>\n<p style=\"margin-left: 28pt;\"><span style=\"color: #c00000; font-family: Arial;\">Quant \u00e0 l&rsquo;\u00e9mancipation, elle progresse \u00e0 grands pas\u00a0: la r\u00e9forme du r\u00e9gime matrimonial, en 1965, permet aux femmes d&rsquo;ouvrir un compte en banque et de travailler sans l&rsquo;autorisation de leur mari. Deux ans plus tard, la loi Neuwirth autorise la contraception. Puis appara\u00eet le Mouvement de lib\u00e9ration des femmes (MLF). En 1975, la loi Veil est vot\u00e9e. Se souvient-on que les avortements clandestins \u00e9taient alors la premi\u00e8re cause de mortalit\u00e9 des femmes entre 18 et 50 ans\u00a0?\u00a0\u00bb<br \/>\n<\/span><\/p>\n<p><span style=\"color: #777777; font-family: Arial;\">Il est important de rappeler tous ces \u00e9l\u00e9ments pour savoir d&rsquo;o\u00f9 nous venons. Et ces \u00e9volutions sont finalement r\u00e9centes. Les femmes oubli\u00e9es de l&rsquo;Histoire pendant si longtemps, la moiti\u00e9 de l&rsquo;humanit\u00e9.<br \/>\n<\/span><\/p>\n<p><span style=\"color: #777777; font-family: Arial;\">La grande \u0153uvre de Michelle Perrot c&rsquo;est la publication en 1990, avec Georges Duby de la monumentale \u00ab\u00a0<strong>Histoire des femmes en occident<\/strong>\u00a0\u00bb<br \/>\n<\/span><\/p>\n<p><img decoding=\"async\" class=\"alignright\" src=\"https:\/\/lemotdujour.fr\/wp-content\/uploads\/2020\/05\/051220_2304_Mercredi13m2.jpg\" alt=\"\" align=\"left\" \/><span style=\"color: #777777; font-family: Arial;\">\u00ab\u00a0Quand j&rsquo;\u00e9tais jeune je voulais faire partie du monde des hommes\u00a0: j&rsquo;avais pass\u00e9 toute mon enfance \u2013 du jardin d&rsquo;enfants \u00e0 la terminale \u2013 dans un pensionnat religieux. Le f\u00e9minin \u00e9tait devenu pour moi synonyme d&rsquo;enfermement, de soumission, de sacrifice. Je voulais sortir de ce sentiment diffus. Ma famille mes parents me proposaient un mod\u00e8le compl\u00e8tement oppos\u00e9. Mon p\u00e8re et ma m\u00e8re \u00e9taient tous deux favorables au travail des femmes, \u00e0 leur ind\u00e9pendance. C&rsquo;\u00e9taient des parents modernes\u00a0\u00bb<br \/>\n<\/span><\/p>\n<p><span style=\"color: #777777; font-family: Arial;\">Son travail d&rsquo;Historienne ne commence pas par les femmes mais par la classe ouvri\u00e8re et ses luttes. Elle explique ce d\u00e9but par la culpabilit\u00e9 d&rsquo;appartenir \u00e0 une classe ais\u00e9e\u00a0:<br \/>\n<\/span><\/p>\n<p style=\"margin-left: 28pt;\"><span style=\"color: #c00000; font-family: Arial;\">De ma culture chr\u00e9tienne, j&rsquo;ai gard\u00e9 un grand sentiment de culpabilit\u00e9. L&rsquo;impression obscure d&rsquo;\u00eatre privil\u00e9gi\u00e9e [\u2026] Comme le disait Mauriac \u00e0 l&rsquo;\u00e9poque, \u00ab\u00a0je suis n\u00e9e dans le camp des injustes\u00a0\u00bb. Il ne faut oublier ce qu&rsquo;\u00e9tait la France de l&rsquo;apr\u00e8s-guerre\u00a0: pauvre, rong\u00e9e par les probl\u00e8mes sociaux. Le monde ouvrier \u00e9tait tr\u00e8s actif, le ch\u00f4mage n&rsquo;existait pas, c&rsquo;\u00e9tait un monde rude. Dans mon \u00e9ducation chr\u00e9tienne, r\u00e9ussir sa vie, c&rsquo;est s&rsquo;occuper de l&rsquo;Autre. [\u2026] Et la figure de l&rsquo;Autre qui s&rsquo;imposait, c&rsquo;\u00e9tait l&rsquo;ouvrier.<br \/>\n<\/span><\/p>\n<p><span style=\"color: #777777; font-family: Arial;\">Elle ne va m\u00eame pas \u00eatre tr\u00e8s int\u00e9ress\u00e9e, dans un premier temps mais elle y reviendra plus tard, au livre de Simone de Beauvoir \u00ab\u00a0<strong>Le deuxi\u00e8me sexe<\/strong>\u00a0\u00bb.<br \/>\n<\/span><\/p>\n<p><span style=\"color: #777777; font-family: Arial;\">Ses pr\u00e9occupations vont changer dans les ann\u00e9es 1970, alors qu&rsquo;elle est ma\u00eetre de conf\u00e9rence \u00e0 Paris VII-Jussieu\u00a0:<br \/>\n<\/span><\/p>\n<p style=\"margin-left: 28pt;\"><span style=\"color: #c00000; font-family: Arial;\">\u00ab\u00a0C&rsquo;\u00e9tait une universit\u00e9 remuante et bourr\u00e9e de f\u00e9ministes. Je participe \u00e0 tout ce qui s&rsquo;y passe. Et, tout d&rsquo;un coup, je prends conscience que personne ne s&rsquo;occupe de l&rsquo;histoire des femmes\u00a0: toutes les disciplines s&rsquo;int\u00e9ressent aux femmes, pas l&rsquo;Histoire. On ne sait rien d&rsquo;elles, elles sont invisible, mise \u00e0 part les Jeanne d&rsquo;Arc et autres h\u00e9ro\u00efnes inscrites au Panth\u00e9on de la gloire.\u00a0\u00bb<br \/>\n<\/span><\/p>\n<p><span style=\"color: #777777; font-family: Arial;\">En 1973 elle propose \u00e0 deux jeunes coll\u00e8gues, Pauline Schmitt et Fabienne Bock, de faire un cours sur les femmes intitul\u00e9 \u00ab\u00a0Les femmes ont-elles une Histoire\u00a0?\u00a0\u00bb. Ce cours va avoir beaucoup de succ\u00e8s.<br \/>\n<\/span><\/p>\n<p><span style=\"color: #777777; font-family: Arial;\">Le mouvement de l&rsquo;Histoire est lanc\u00e9. Michelle Perrot va diriger une centaine de m\u00e9moires.<br \/>\n<\/span><\/p>\n<p><span style=\"color: #777777; font-family: Arial;\">Et quand un \u00e9diteur italien d\u00e9cide de lancer \u00ab\u00a0<a href=\"https:\/\/www.decitre.fr\/livres\/histoire-des-femmes-en-occident-coffret-en-5-volumes-9782262018764.html\"><span style=\"color: #0000ff;\"><strong>L&rsquo;histoire des femmes en occident<\/strong><\/span>\u00a0<\/a>\u00bb et le confie au grand historien de renomm\u00e9e mondiale Georges Duby, ce dernier propose \u00e0 Michelle Perrot de codiriger cette <img loading=\"lazy\" decoding=\"async\" class=\"alignleft\" src=\"https:\/\/lemotdujour.fr\/wp-content\/uploads\/2020\/05\/051220_2304_Mercredi13m3.jpg\" alt=\"\" width=\"357\" height=\"351\" align=\"left\" \/>\u0153uvre \u00e0 laquelle vont participer 70 auteurs.<br \/>\n<\/span><\/p>\n<p><span style=\"color: #777777; font-family: Arial;\">Elle raconte\u00a0:<br \/>\n<\/span><\/p>\n<p style=\"margin-left: 28pt;\"><span style=\"color: #c00000; font-family: Arial;\">\u00ab\u00a0Rien n&rsquo;est lin\u00e9aire [dans l&rsquo;Histoire des femmes]. Les acc\u00e9l\u00e9rations s&rsquo;inscrivent dans les p\u00e9riodes troubl\u00e9es de l&rsquo;Histoire. Chaque fois qu&rsquo;il y a une br\u00e8che dans le pouvoir, les femmes surgissent. Au moment de la r\u00e9volution fran\u00e7aise, par exemple, les acquis sont importants\u00a0: reconnaissance des droits civils des femmes, droit de divorce, droit d&rsquo;h\u00e9ritage. Puis c&rsquo;est le retour en arri\u00e8re du code civil napol\u00e9onien, une catastrophe pour les femmes\u00a0: \u00ab\u00a0La femme est donn\u00e9e \u00e0 l&rsquo;homme pour qu&rsquo;elle lui fasse des enfants. Elle est donc sa propri\u00e9t\u00e9 comme l&rsquo;arbre fruitier est celle du jardinier\u00a0\u00bb dit Napol\u00e9on Bonaparte. Consid\u00e9r\u00e9e comme incapable l\u00e9galement \u2013 comme les criminels, les malades mentaux et les enfants \u2013 la femme n&rsquo;a plus le droit de g\u00e9rer ses biens, elle doit demander \u00e0 son mari l&rsquo;autorisation de travailler et ne peut percevoir de salaire. Le summum de la r\u00e9gression viendra avec la Restauration, qui supprime le droit au divorce. Au XIX\u00e8me si\u00e8cle, les femmes sont confin\u00e9es au silence du priv\u00e9, au travail domestique, \u00e0 la couture et aux arts d&rsquo;agr\u00e9ment. On les \u00e9duque plus qu&rsquo;on ne les instruit. Celles qui s&rsquo;int\u00e9ressent \u00e0 d&rsquo;autres livres que les livres pieux sont suspectes.\u00a0\u00bb<br \/>\n<\/span><\/p>\n<p><span style=\"color: #777777; font-family: Arial;\">J&rsquo;esp\u00e8re qu&rsquo;apr\u00e8s cette le\u00e7on de Michelle Perrot, plus aucune femme n&rsquo;aura d&rsquo;admiration pour Napol\u00e9on 1<sup>er<\/sup>. Mais il n&rsquo;est pas le seul \u00e0 avoir conserv\u00e9 le statut de mineure aux femmes tout au long du XIX\u00e8me si\u00e8cle.<br \/>\n<\/span><\/p>\n<p><span style=\"color: #777777; font-family: Arial;\">Michelle Perrot insiste sur l&rsquo;importance de conna\u00eetre l&rsquo;Histoire des femmes\u00a0:<br \/>\n<\/span><\/p>\n<p style=\"margin-left: 28pt;\"><span style=\"color: #c00000; font-family: Arial;\">\u00ab\u00a0L&rsquo;Histoire des femmes n&rsquo;est pas une simple curiosit\u00e9. Elle est d&rsquo;abord une arme critique. Si l&rsquo;on conna\u00eet l&rsquo;histoire de la notion d&rsquo;\u00e9galit\u00e9 entre les sexes, on comprend mieux o\u00f9 en sont les rapports entre les hommes et les femmes, on est plus attentif aux droits d&rsquo;aujourd&rsquo;hui.<br \/>\n<\/span><\/p>\n<p style=\"margin-left: 28pt;\"><span style=\"color: #c00000; font-family: Arial;\">Conna\u00eetre son histoire, c&rsquo;est aussi mieux cerner son identit\u00e9. Les femmes ont \u00e9t\u00e9 fa\u00e7onn\u00e9es par leur culture et leur pass\u00e9. \u00ab\u00a0On ne na\u00eet pas femme, on le devient\u00a0\u00bb disait Simone de Beauvoir. [\u2026] Se r\u00e9approprier cette histoire, savoir pourquoi les filles n&rsquo;acc\u00e9daient pas \u00e0 l&rsquo;instruction, pourquoi elles \u00e9taient rel\u00e9gu\u00e9es dans les foyers, permet de se comprendre et de comprendre les soci\u00e9t\u00e9s actuelles, extr\u00eamement compliqu\u00e9es, o\u00f9 la hi\u00e9rarchie des sexes persiste dans les repr\u00e9sentations, les images, l&rsquo;acc\u00e8s aux professions, les in\u00e9galit\u00e9s\u2026\u00a0\u00bb<br \/>\n<\/span><\/p>\n<p><span style=\"color: #777777; font-family: Arial;\">Aujourd&rsquo;hui la question des femmes n&rsquo;est pas r\u00e9gl\u00e9e, ce n&rsquo;est jamais d\u00e9finitif dit la vielle dame qui a d\u00e9sormais 92 ans et a consacr\u00e9 toute la seconde moiti\u00e9 de sa vie \u00e0 l&rsquo;Histoire des femmes.<br \/>\n<\/span><\/p>\n<p><span style=\"color: #777777; font-family: Arial;\">Elle pr\u00e9vient notamment\u00a0:<br \/>\n<\/span><\/p>\n<p style=\"margin-left: 28pt;\"><span style=\"color: #c00000; font-family: Arial;\">\u00ab\u00a0Il faut rester vigilant vis-\u00e0-vis des int\u00e9grismes\u00a0: ils prennent appui sur des probl\u00e8mes d&rsquo;identit\u00e9 r\u00e9els, mais peuvent repr\u00e9senter une menaces pour les femmes. Quelle que soit la religion. Voil\u00e0 peu, [c&rsquo;\u00e9tait en 2008] j&rsquo;ai assist\u00e9 \u00e0 un colloque sur \u00ab\u00a0les femmes, passerelles d&rsquo;Europe\u00a0\u00bb. Une repr\u00e9sentante catholique de Slovaquie y d\u00e9fendait le mod\u00e8le de la femme au foyer et s&rsquo;insurgeait contre le droit \u00e0 l&rsquo;avortement. M\u00eame si l&rsquo;Europe est une chance pour les femmes, des mod\u00e8les traditionnalistes peuvent resurgir.\u00a0\u00bb<br \/>\n<\/span><\/p>\n<p><span style=\"color: #777777; font-family: Arial;\">Il reste d&rsquo;ailleurs beaucoup de combats pour les femmes pour acqu\u00e9rir une place \u00e9gale aux hommes dans la vie \u00e9conomique, dans la vie politique et aussi dans le partage \u00e9quitable des t\u00e2ches domestiques.<br \/>\n<\/span><\/p>\n<p><span style=\"color: #777777; font-family: Arial;\">Concernant particuli\u00e8rement le droit \u00e0 l&rsquo;avortement, &lt;<\/span><span style=\"font-family: Arial;\"><a href=\"https:\/\/www.la-croix.com\/Sciences-et-ethique\/Ethique\/Avortement-conseil-lEurope-sinquiete-dun-recul-droits-femmes-2017-12-05-1200897200\"><span style=\"color: #0000ff;\">des tendances tr\u00e8s r\u00e9trogrades<\/span><\/a><\/span><span style=\"color: #777777; font-family: Arial;\">&gt; sont \u00e0 l&rsquo;\u0153uvre en Europe.<br \/>\n<\/span><\/p>\n<p><img loading=\"lazy\" decoding=\"async\" class=\"alignleft\" src=\"https:\/\/lemotdujour.fr\/wp-content\/uploads\/2020\/05\/051220_2304_Mercredi13m4.png\" alt=\"\" width=\"278\" height=\"406\" align=\"left\" \/><span style=\"color: #777777; font-family: Arial;\">Je ne peux citer int\u00e9gralement ce long article, ni d&rsquo;ailleurs donner de lien vers Internet car je n&rsquo;ai pas trouv\u00e9 de publication de ce texte sur la toile.<br \/>\n<\/span><\/p>\n<p><span style=\"color: #777777; font-family: Arial;\">Mais je voudrais encore en extraire deux points\u00a0:<br \/>\n<\/span><\/p>\n<p><span style=\"color: #777777; font-family: Arial;\">D&rsquo;abord ce rappel qu&rsquo;il y a eu des r\u00e9sistantes dans le combat des femmes et singuli\u00e8rement celles qu&rsquo;on appelait les sorci\u00e8res\u00a0:<br \/>\n<\/span><\/p>\n<p style=\"margin-left: 28pt;\"><span style=\"color: #c00000; font-family: Arial;\">\u00ab\u00a0Les femmes n&rsquo;ont pas \u00e9t\u00e9 passives, Simone de Beauvoir n&rsquo;avait pas bien per\u00e7u cela. Pour elle, les femmes n&rsquo;avaient pas d&rsquo;histoire. Mais gr\u00e2ce aux recherches mises en route depuis plus de trente ans, cette histoire cach\u00e9e \u00e9merge et nous d\u00e9couvrons qu&rsquo;il y a une force historique des femmes, un d\u00e9sir des femmes. Et des r\u00e9sistantes\u00a0: <span style=\"color: #0000ff;\"><a style=\"color: #0000ff;\" href=\"https:\/\/fr.wikipedia.org\/wiki\/B%C3%A9guine\">les b\u00e9guines<\/a><\/span> en Flandres et en Allemagne et, partout en Europe, les sorci\u00e8res. Dans les campagnes, les sorci\u00e8res jouaient un r\u00f4le important\u00a0: gr\u00e2ce \u00e0 leur connaissance des herbes, elles fabriquaient des onguents, des potions. C&rsquo;\u00e9taient les m\u00e9decins du quotidien.<br \/>\n<\/span><\/p>\n<p style=\"margin-left: 28pt;\"><span style=\"color: #c00000; font-family: Arial;\">Quand la m\u00e9decine se d\u00e9veloppe, la science se m\u00e9fie de ce savoir empirique, un peu nocturne, peut \u00eatre diabolique. Le r\u00f4le de l&rsquo;Eglise dans la pers\u00e9cution des sorci\u00e8res est connu\u00a0: elle les accuse d&rsquo;avoir une sexualit\u00e9 d\u00e9brid\u00e9e et perverse. Celui de la science savante et masculine l&rsquo;est moins\u00a0: elle voit d&rsquo;un tr\u00e8s mauvais \u0153il la rivalit\u00e9 de cette m\u00e9decine populaire et f\u00e9minine. Et les accuse de provoquer la mort des nouveaux-n\u00e9s, de fabriquer des onguents mal\u00e9fiques. Environ cent mille d&rsquo;entre elle sont br\u00fbl\u00e9es.\u00a0\u00bb<br \/>\n<\/span><\/p>\n<p><span style=\"color: #777777; font-family: Arial;\">Ensuite son appr\u00e9ciation du f\u00e9minisme est qu&rsquo;il est en situation d&rsquo;\u00e9chec\u00a0:<br \/>\n<\/span><\/p>\n<p style=\"margin-left: 28pt;\"><span style=\"color: #c00000; font-family: Arial;\">\u00ab\u00a0Le f\u00e9minisme n&rsquo;a pas su se donner une bonne image. Aujourd&rsquo;hui, il est per\u00e7u comme un peu ringard, outrancier. Cela tient, bien entendu, \u00e0 ses ennemis qui ont fait passer les f\u00e9ministes pour des hyst\u00e9riques. Mais peut-\u00eatre aussi \u00e0 nous. Ce n&rsquo;est pas toujours facile, nous n&rsquo;avons pas toujours r\u00e9ussi \u00e0 rendre notre combat attractif. Sans doute manquons-nous d&rsquo;humour.\u00a0\u00bb<br \/>\n<\/span><\/p>\n<p><span style=\"color: #777777; font-family: Arial;\">Cette vision un peu pessimiste devrait pouvoir se temp\u00e9rer maintenant, depuis l&rsquo;\u00e9mergence de figures venant d&rsquo;autres continents, comme la lumineuse \u00e9crivaine nig\u00e9riane, n\u00e9e en 1977, <strong>Chimamanda Ngozi Adichie<\/strong> qui proclame\u00a0: \u00ab\u00a0<a href=\"https:\/\/lemotdujour.fr\/?p=4026\"><span style=\"color: #0000ff;\">Nous devrions tous \u00eatre f\u00e9ministes<\/span>\u00a0<\/a>\u00bb.<br \/>\n<\/span><\/p>\n<p><span style=\"color: #777777; font-family: Arial;\">Michelle Perrot a quant \u00e0 elle men\u00e9 une longue qu\u00eate pour permettre de faire \u00e9merger l&rsquo;Histoire des femmes et pr\u00e9parer le chemin \u00e0 des Chimamanda. <\/span><\/p>\n<p><span style=\"color: #777777; font-family: Arial;\">Lors de l&rsquo;entretien dont j&rsquo;ai parl\u00e9 aujourd&rsquo;hui, Michelle Perrot avait 80 ans. Dans 5 jours, elle va f\u00eater ses 92 ans et Philippe Meyer a enregistr\u00e9 un dialogue avec elle, le 29 avril 2020. <\/span><\/p>\n<p><span style=\"color: #777777; font-family: Arial;\">Ce long entretien a \u00e9t\u00e9 publi\u00e9 en deux \u00e9missions :<br \/>\n<\/span><\/p>\n<ul>\n<li><span style=\"color: #777777; font-family: Arial;\">&lt;<span style=\"color: #0000ff;\"><a style=\"color: #0000ff;\" href=\"https:\/\/rss.art19.com\/episodes\/99e50863-b5c6-4632-8c63-d9e6fdae483a.mp3\">Kitaf\u00e9toi : Michelle Perrot<\/a><a style=\"color: #0000ff;\" href=\"https:\/\/rss.art19.com\/episodes\/99e50863-b5c6-4632-8c63-d9e6fdae483a.mp3\"> (n\u00b01\/2)<\/a><\/span>&gt; <\/span><\/li>\n<li><span style=\"color: #777777; font-family: Arial;\">&lt;<span style=\"color: #0000ff;\"><a style=\"color: #0000ff;\" href=\"https:\/\/rss.art19.com\/episodes\/982032c0-ca05-472c-9673-b57eab39cc88.mp3\">Kitaf\u00e9toi : Michelle Perrot (n\u00b02\/2)<\/a><\/span>&gt;<\/span><\/li>\n<\/ul>\n<p><span style=\"color: #c00000; font-family: Arial;\">&lt;1423&gt;<\/span><\/p>\n","protected":false},"excerpt":{"rendered":"<p>\u00abRendre leur Histoire aux femmes\u00bb Michelle Perrot Cet entretien date d&rsquo;un des premiers num\u00e9ros de la revue XXI, c&rsquo;\u00e9tait le num\u00e9ro 4 paru \u00e0 l&rsquo;automne 2008. L&rsquo;entretien, qui avait \u00e9t\u00e9 men\u00e9 par Catherine Meyer, concernait l&rsquo;historienne Michelle Perrot et avait<\/p>\n","protected":false},"author":1,"featured_media":0,"comment_status":"open","ping_status":"closed","sticky":false,"template":"","format":"standard","meta":{"footnotes":""},"categories":[1],"tags":[36,17],"class_list":["post-8882","post","type-post","status-publish","format-standard","hentry","category-motdujour","tag-feminisme","tag-histoire"],"_links":{"self":[{"href":"https:\/\/lemotdujour.fr\/index.php?rest_route=\/wp\/v2\/posts\/8882","targetHints":{"allow":["GET"]}}],"collection":[{"href":"https:\/\/lemotdujour.fr\/index.php?rest_route=\/wp\/v2\/posts"}],"about":[{"href":"https:\/\/lemotdujour.fr\/index.php?rest_route=\/wp\/v2\/types\/post"}],"author":[{"embeddable":true,"href":"https:\/\/lemotdujour.fr\/index.php?rest_route=\/wp\/v2\/users\/1"}],"replies":[{"embeddable":true,"href":"https:\/\/lemotdujour.fr\/index.php?rest_route=%2Fwp%2Fv2%2Fcomments&post=8882"}],"version-history":[{"count":8,"href":"https:\/\/lemotdujour.fr\/index.php?rest_route=\/wp\/v2\/posts\/8882\/revisions"}],"predecessor-version":[{"id":9156,"href":"https:\/\/lemotdujour.fr\/index.php?rest_route=\/wp\/v2\/posts\/8882\/revisions\/9156"}],"wp:attachment":[{"href":"https:\/\/lemotdujour.fr\/index.php?rest_route=%2Fwp%2Fv2%2Fmedia&parent=8882"}],"wp:term":[{"taxonomy":"category","embeddable":true,"href":"https:\/\/lemotdujour.fr\/index.php?rest_route=%2Fwp%2Fv2%2Fcategories&post=8882"},{"taxonomy":"post_tag","embeddable":true,"href":"https:\/\/lemotdujour.fr\/index.php?rest_route=%2Fwp%2Fv2%2Ftags&post=8882"}],"curies":[{"name":"wp","href":"https:\/\/api.w.org\/{rel}","templated":true}]}}