{"id":8862,"date":"2020-05-11T03:10:00","date_gmt":"2020-05-11T01:10:00","guid":{"rendered":"http:\/\/lemotdujour.fr\/?p=8862"},"modified":"2020-05-10T20:29:19","modified_gmt":"2020-05-10T18:29:19","slug":"lundi-11-mai-2020","status":"publish","type":"post","link":"https:\/\/lemotdujour.fr\/?p=8862","title":{"rendered":"Lundi 11 mai 2020"},"content":{"rendered":"<div class=\"mdjTexte\">\u00abCe que je ne sais pas, je ne pense pas non plus le savoir\u00bb<\/div>\n<div class=\"mdjAuteur\">Socrate rapport\u00e9 par Platon dans l&rsquo;Apologie de Socrate<\/div>\n<p><span style=\"color: #777777; font-family: Arial;\">DECONFINEMENT\u00a0!<br \/>\n<\/span><span style=\"color: #777777; font-family: Arial;\">D\u00e9confinement est le ma\u00eetre mot de ce 11 mai 2020 en France.<br \/>\n<\/span><\/p>\n<p><span style=\"color: #777777; font-family: Arial;\">La moiti\u00e9 de l&rsquo;humanit\u00e9 a \u00e9t\u00e9 confin\u00e9e en ce premier quart du XXI\u00e8me si\u00e8cle pour freiner la propagation d&rsquo;un virus.<br \/>\n<\/span><\/p>\n<p><span style=\"color: #777777; font-family: Arial;\">Le confinement est une m\u00e9thode archa\u00efque, venu du fond des \u00e2ges de l&rsquo;humanit\u00e9, pour lutter contre les \u00e9pid\u00e9mies.<br \/>\n<\/span><\/p>\n<p><span style=\"color: #777777; font-family: Arial;\">Du fond des \u00e2ges\u00a0?<br \/>\n<\/span><\/p>\n<p><span style=\"color: #777777; font-family: Arial;\">Non plut\u00f4t depuis l&rsquo;invention de l&rsquo;agriculture et la cr\u00e9ation des villes dans lesquels homo sapiens a occup\u00e9 plus dens\u00e9ment l&rsquo;espace. Cette probl\u00e9matique a \u00e9t\u00e9 esquiss\u00e9e dans le mot du jour dont l&rsquo;exergue est <\/span><span style=\"font-family: Arial; color: #000080;\"><a style=\"color: #000080;\" href=\"https:\/\/lemotdujour.fr\/?p=6966\">\u00ab<span style=\"color: #0000ff;\">\u00a0Avons-nous eu tort d&rsquo;inventer l&rsquo;agriculture\u00a0? \u00a0\u00bb<\/span><\/a><\/span><span style=\"color: #777777; font-family: Arial;\"><span style=\"color: navy;\"><br \/>\n<\/span><\/span><\/p>\n<p><span style=\"color: #777777; font-family: Arial;\">Que signifie concr\u00e8tement ce confinement\u00a0?<br \/>\n<\/span><\/p>\n<p><span style=\"color: #777777; font-family: Arial;\">C&rsquo;est une extraordinaire, au sens premier de ce terme, limitation et m\u00eame n\u00e9gation de nos libert\u00e9s fondamentales. Je les cite, sans d\u00e9velopper\u00a0:<br \/>\n<\/span><\/p>\n<ul>\n<li><span style=\"color: #777777; font-family: Arial;\">Libert\u00e9 de circuler<br \/>\n<\/span><\/li>\n<li><span style=\"color: #777777; font-family: Arial;\">Libert\u00e9 de r\u00e9union<br \/>\n<\/span><\/li>\n<li><span style=\"color: #777777; font-family: Arial;\">Et m\u00eame sous une certaine forme, la libert\u00e9 de culte<br \/>\n<\/span><\/li>\n<li><span style=\"color: #777777; font-family: Arial;\">La justice elle-m\u00eame est entrav\u00e9e dans son fonctionnement etc.<br \/>\n<\/span><\/li>\n<\/ul>\n<p><span style=\"color: #777777; font-family: Arial;\">On entend m\u00eame remettre en cause le secret m\u00e9dical en cr\u00e9ant un fichier des malades du COVID-19. Lorsqu&rsquo;on avait envisag\u00e9 cela lors de l&rsquo;\u00e9pid\u00e9mie du VIH, seule l&rsquo;extr\u00eame-droite avait \u00e9mis une telle proposition, tout le reste de l&rsquo;\u00e9chiquier politique s&rsquo;\u00e9tait r\u00e9cus\u00e9. On voit bien aujourd&rsquo;hui que nous sommes beaucoup plus perm\u00e9ables \u00e0 ce type d&rsquo;\u00e9volution.<br \/>\n<\/span><\/p>\n<p><span style=\"color: #777777; font-family: Arial;\">Yuval Noah Harari nous avait pr\u00e9venus\u00a0: vous allez accepter des restrictions de plus en plus importantes \u00e0 vos libert\u00e9s pour pr\u00e9server votre sant\u00e9.<br \/>\n<\/span><\/p>\n<p><span style=\"color: #0000ff;\"><a style=\"color: #0000ff;\" href=\"https:\/\/www.lenouvelespritpublic.fr\/podcasts\/206\"><span style=\"font-family: Arial;\">Jean-Pierre Bourlanges<\/span><\/a><\/span><span style=\"color: #777777; font-family: Arial;\"> rappelle que Montesquieu a conceptualis\u00e9 cette restriction temporaire des libert\u00e9s\u00a0:<br \/>\n<\/span><\/p>\n<p style=\"margin-left: 28pt;\"><span style=\"color: #c00000; font-family: Arial;\">\u00ab il y a des cas o\u00f9 il faut mettre, pour un moment, un voile sur la libert\u00e9, comme l&rsquo;on cache les statues des dieux \u00bb<br \/>\n<\/span><\/p>\n<p><span style=\"color: #777777; font-family: Arial;\">Et Jean-Pierre Bourlanges continue en se centrant sur le cas de la France<br \/>\n<\/span><\/p>\n<p style=\"margin-left: 28pt;\"><span style=\"color: #c00000; font-family: Arial;\">\u00ab\u00a0 Ici tout repose sur le \u00ab pour un moment \u00bb. Quand s&rsquo;arr\u00eatera ce moment, et que restera-t-il une fois celui-ci pass\u00e9 ? Les restrictions \u00e0 nos libert\u00e9s sont tol\u00e9rables si elles sont temporaires, le probl\u00e8me est que des habitudes se seront install\u00e9es, des consentements seront donn\u00e9s, des individus seront \u00ab attendris \u00bb, bref la r\u00e9sistance sera moindre \u00e0 l&#8217;emprise, bienveillante mais abusive, des pouvoirs publics.<br \/>\n<\/span><\/p>\n<p style=\"margin-left: 28pt;\"><span style=\"color: #c00000; font-family: Arial;\">Enfin, comme d&rsquo;habitude en France, la fa\u00e7on de proc\u00e9der de l\u2019\u00c9tat est excessive. La fa\u00e7on dont le confinement a \u00e9t\u00e9 mis en place le prouve, les exemples sont l\u00e9gion o\u00f9 l&rsquo;on a confondu distanciation et surveillance de la distanciation. Certaines zones pourtant d\u00e9sertes \u00e9taient interdites. On a de m\u00eame d\u00e9velopp\u00e9 des ph\u00e9nom\u00e8nes d&rsquo;autorit\u00e9s qui allaient au contraire des exigences de responsabilisation. Quand vous dites \u00e0 quelqu&rsquo;un qu&rsquo;il n&rsquo;a pas le droit d&rsquo;\u00eatre dans la rue alors qu&rsquo;il y est seul, vous incitez \u00e0 un comportement irresponsable.<br \/>\n<\/span><\/p>\n<p style=\"margin-left: 28pt;\"><span style=\"color: #c00000; font-family: Arial;\">C&rsquo;est une habitude ancr\u00e9e profond\u00e9ment en France : on en fait toujours trop.\u00a0\u00bb<br \/>\n<\/span><\/p>\n<p><span style=\"color: #777777; font-family: Arial;\">Cela \u00e9tant, si on en revient au d\u00e9confinement, l&rsquo;atteinte \u00e0 nos libert\u00e9s fondamentales est toujours pr\u00e9sente. <\/span><span style=\"color: #777777; font-family: Arial;\">La libert\u00e9 de circuler a \u00e9volu\u00e9 d&rsquo;1 km \u00e0 100 km, mais ce n&rsquo;est pas une libert\u00e9\u00a0: l&rsquo;espace de restriction des libert\u00e9s s&rsquo;est \u00e9largi. La libert\u00e9 de r\u00e9union est toujours remise en cause.<br \/>\n<\/span><\/p>\n<p><span style=\"color: #777777; font-family: Arial;\">Alors est ce que ce confinement \u00e9tait n\u00e9cessaire\u00a0?<br \/>\n<\/span><\/p>\n<p><span style=\"color: #777777; font-family: Arial;\">Certains l&rsquo;affirment : <\/span><span style=\"color: #000080;\"><a style=\"color: #000080;\" href=\"https:\/\/www.nouvelobs.com\/coronavirus-de-wuhan\/20200423.OBS27916\/coronavirus-le-confinement-aurait-sauve-60-000-vies-en-france-selon-une-etude.html\"><span style=\"font-family: Arial;\"><span style=\"color: #0000ff;\">Les \u00e9pid\u00e9miologistes de l&rsquo;Ecole des hautes Etudes en Sant\u00e9 publique<\/span><\/span><\/a><\/span><span style=\"color: #777777; font-family: Arial;\"> affirment que le confinement a permis de sauver 60\u00a0000 vies en France.<br \/>\n<\/span><\/p>\n<p><span style=\"color: #777777; font-family: Arial;\">Sont-ils certains de leurs estimations\u00a0? Est-ce du savoir\u00a0? Ils basent leur raisonnement sur des mod\u00e8les qu&rsquo;ils appliquent sur un virus nouveau qu&rsquo;ils ne connaissent pas.<br \/>\n<\/span><\/p>\n<p><span style=\"color: #777777; font-family: Arial;\">D&rsquo;autres affirment le contraire. Des chercheurs remettent en cause l&rsquo;int\u00e9r\u00eat scientifique des mesures de confinement prises par le gouvernement. Il s&rsquo;agit d&rsquo;un article publi\u00e9 le 3 mai par Up&rsquo; Magazine\u00a0: \u00ab<span style=\"color: #000080;\">\u00a0<\/span><a href=\"https:\/\/up-magazine.info\/le-vivant\/sciences\/52260-aurons-nous-ete-confines-pour-rien\/?login=true\"><span style=\"color: #000080;\"><span style=\"color: #0000ff;\">Aurons-nous \u00e9t\u00e9 confin\u00e9s pour rien ?<\/span><\/span><span style=\"color: #0000ff;\">\u00a0<\/span><\/a>\u00bb<br \/>\n<\/span><\/p>\n<p><span style=\"color: #777777; font-family: Arial;\">Mais ces chercheurs sont-ils davantage certains de leur th\u00e8se ? <\/span><span style=\"color: #777777; font-family: Arial;\">S&rsquo;agit-il de savoir\u00a0? savent-ils ce qu&rsquo;ils ne savent pas\u00a0?<br \/>\n<\/span><\/p>\n<p><span style=\"color: #777777; font-family: Arial;\">J&rsquo;avais r\u00e9dig\u00e9 mon plus long mot du jour jusqu&rsquo;\u00e0 pr\u00e9sent pour analyser la controverse li\u00e9e \u00e0 l&rsquo;utilisation du protocole du Professeur Raoult pour lequel ce dernier affirmait que c&rsquo;\u00e9tait la meilleure solution \u00e0 d\u00e9faut d&rsquo;une autre : \u00ab<span style=\"color: #000080;\"><a style=\"color: #000080;\" href=\"https:\/\/lemotdujour.fr\/?p=8379\"><span style=\"color: #0000ff;\">Ce n&rsquo;est pas le doute, c&rsquo;est la certitude qui rend fou<\/span>.<\/a><\/span>\u00bb. Sans remettre en cause l&rsquo;autorit\u00e9, ni les grandes qualit\u00e9s du Professeur Raoult, je concluais que ce qu&rsquo;il pr\u00e9sentait comme scientifique n&rsquo;\u00e9tait pas du savoir.<br \/>\n<\/span><\/p>\n<p><span style=\"color: #777777; font-family: Arial;\">C&rsquo;est finalement ce qui ressort le plus de cette p\u00e9riode de pand\u00e9mie et de confinement\u00a0: l&rsquo;\u00e9tendue de ce que nous ne savons pas.<br \/>\n<\/span><\/p>\n<p><span style=\"color: #777777; font-family: Arial;\">Or il existe tant d&rsquo;hommes politiques et m\u00eame de scientifiques qui ont du mal \u00e0 dire cette chose simple\u00a0: \u00ab\u00a0<strong>Je ne sais pas\u00a0<\/strong>\u00bb.<br \/>\n<\/span><\/p>\n<p><span style=\"color: #777777; font-family: Arial;\">Certains y arrivent cependant mais ce ne sont pas les plus nombreux, ni les plus \u00e9cout\u00e9s.<br \/>\n<\/span><\/p>\n<p><span style=\"color: #777777; font-family: Arial;\">Tant l&rsquo;homme moderne exprime le besoin de savoir, de sortir de l&rsquo;incertitude.<br \/>\n<\/span><\/p>\n<p><span style=\"color: #777777; font-family: Arial;\">Mais dans ce cadre du COVID-19, il y a \u00e9norm\u00e9ment de choses que nous ne savons pas.<br \/>\n<\/span><\/p>\n<p><span style=\"color: #777777; font-family: Arial;\">Nous savons que nous n&rsquo;avons pas de vaccin et nous savons que nous ne disposons pas d&rsquo;un m\u00e9dicament ou de plusieurs m\u00e9dicaments ayant fait la preuve d&rsquo;un effet positif et indiscutable dans un nombre de cas significatifs<br \/>\n<\/span><\/p>\n<p><span style=\"color: #777777; font-family: Arial;\">Certains diraient ce n&rsquo;est pas du savoir, c&rsquo;est du non savoir.<br \/>\n<\/span><\/p>\n<p><span style=\"color: #777777; font-family: Arial;\">Pas du tout. Je dirais m\u00eame que c&rsquo;est l&rsquo;essence du savoir, de savoir ce que nous ne savons pas.<br \/>\n<\/span><\/p>\n<p><span style=\"color: #777777; font-family: Arial;\">Et pour ce faire je voudrais revenir \u00e0 un texte exceptionnel, \u00e0 l&rsquo;origine de la philosophie occidentale. <\/span><span style=\"color: #777777; font-family: Arial;\">Ce texte est \u00ab\u00a0<strong>L&rsquo;apologie de Socrate<\/strong>\u00a0\u00bb \u00e9crit par Platon. Mais Platon fait parler Socrate. Sommes-nous certain, savons-nous si ces paroles sont vraiment de Socrate\u00a0?<br \/>\n<\/span><\/p>\n<p><span style=\"color: #777777; font-family: Arial;\">Bien s\u00fbr que non. Mais ce qui est \u00e9crit va chercher dans les profondeurs de l&rsquo;intelligence humaine.<br \/>\n<\/span><\/p>\n<p><span style=\"color: #777777; font-family: Arial;\">Socrate se trouve devant les juges de son proc\u00e8s, il entend d\u00e9montrer son innocence. Or dans un moment de sa plaidoirie il parle de la sagesse et du savoir. Il est possible sans doute de le dire autrement, mais certainement pas mieux\u00a0:<br \/>\n<\/span><\/p>\n<p style=\"margin-left: 28pt;\"><span style=\"color: #c00000; font-family: Arial;\">\u00ab\u00a0Or, un jour [que Khair\u00e9phon] \u00e9tait all\u00e9 \u00e0 Delphes, il osa poser \u00e0 l&rsquo;oracle la question que voici \u2013 je vous en prie encore une fois, juges, n&rsquo;allez pas vous r\u00e9crier \u2013, il demanda, dis-je, s&rsquo;il y avait au monde un homme plus sage que moi. Or la pythie lui r\u00e9pondit qu&rsquo;il n&rsquo;y en avait aucun. [\u2026]<br \/>\n<\/span><\/p>\n<p style=\"margin-left: 28pt;\"><span style=\"color: #c00000; font-family: Arial;\">VI. \u2013 Consid\u00e9rez maintenant pourquoi je vous en parle. C&rsquo;est que j&rsquo;ai \u00e0 vous expliquer l&rsquo;origine de la calomnie dont je suis victime. Lorsque j&rsquo;eus appris cette r\u00e9ponse de l&rsquo;oracle, je me mis \u00e0 r\u00e9fl\u00e9chir en moi-m\u00eame : \u00ab Que veut dire le dieu et quel sens rec\u00e8lent ses paroles ? Car moi, j&rsquo;ai conscience de n&rsquo;\u00eatre sage ni peu ni prou.<br \/>\n<\/span><\/p>\n<p style=\"margin-left: 28pt;\"><span style=\"color: #c00000; font-family: Arial;\">Que veut-il donc dire, quand il affirme que je suis le plus sage ? Car il ne ment certainement pas ; cela ne lui est pas permis. \u00bb<br \/>\n<\/span><\/p>\n<p style=\"margin-left: 28pt;\"><span style=\"color: #c00000; font-family: Arial;\">Pendant longtemps je me demandai quelle \u00e9tait son id\u00e9e ; enfin je me d\u00e9cidai, quoique \u00e0 grand-peine, \u00e0 m&rsquo;en \u00e9claircir de la fa\u00e7on suivante : je me rendis chez un de ceux qui passent pour \u00eatre des sages, pensant que je ne pouvais, mieux que l\u00e0, contr\u00f4ler l&rsquo;oracle et lui d\u00e9clarer : \u00ab Cet homme-ci est plus sage que moi, et toi, tu m&rsquo;as proclam\u00e9 le plus sage. \u00bb J&rsquo;examinai donc cet homme \u00e0 fond ; je n&rsquo;ai pas besoin de dire son nom, mais c&rsquo;\u00e9tait un de nos hommes d&rsquo;\u00c9tat, qui, \u00e0 l&rsquo;\u00e9preuve, me fit l&rsquo;impression dont je vais vous parler. Il me parut en effet, en causant avec lui, que cet homme semblait sage \u00e0 beaucoup d&rsquo;autres et surtout \u00e0 lui-m\u00eame, mais qu&rsquo;il ne l&rsquo;\u00e9tait point.<br \/>\n<\/span><\/p>\n<p style=\"margin-left: 28pt;\"><span style=\"color: #c00000; font-family: Arial;\">J&rsquo;essayai alors de lui montrer qu&rsquo;il n&rsquo;avait pas la sagesse qu&rsquo;il croyait avoir. Par-l\u00e0, je me fis des ennemis de lui et de plusieurs des assistants.<br \/>\n<\/span><\/p>\n<p style=\"margin-left: 28pt;\"><span style=\"color: #c00000; font-family: Arial;\">Tout en m&rsquo;en allant, je me disais en moi-m\u00eame : \u00ab Je suis plus sage que cet homme-l\u00e0. Il se peut qu&rsquo;aucun de nous deux ne sache rien de beau ni de bon ; mais lui croit savoir quelque chose, alors qu&rsquo;il ne sait rien, tandis que moi, si je ne sais pas, je ne crois pas non plus savoir. Il me semble donc que je suis un peu plus sage que lui par le fait m\u00eame que ce que je ne sais pas, je ne pense pas non plus le savoir. \u00bb<br \/>\n<\/span><\/p>\n<p><span style=\"color: #777777; font-family: Arial;\">Notez cette phrase quand il parle de l&rsquo;homme d&rsquo;\u00e9tat\u00a0: \u00ab\u00a0<span style=\"color: #c00000;\">Cet homme semblait sage \u00e0 beaucoup d&rsquo;autres et surtout \u00e0 lui-m\u00eame<span style=\"color: #777777;\">.\u00bb, surtout \u00e0 lui-m\u00eame, peut \u00eatre que certains de nos contemporains devraient m\u00e9diter cette phrase.<br \/>\n<\/span><\/span><\/span><\/p>\n<p><span style=\"color: #777777; font-family: Arial;\">Mais c&rsquo;est la conclusion que j&rsquo;ai choisi comme exergue de ce mot du jour et dont l&rsquo;esprit est que la sagesse est li\u00e9 au fait de savoir ce que je ne sais pas.<br \/>\n<\/span><\/p>\n<p><span style=\"color: #777777; font-family: Arial;\">Nous savons scientifiquement indiscutablement plus qu&rsquo;\u00e0 l&rsquo;\u00e9poque de Socrate, mais l&rsquo;\u00e9tendue de notre non savoir est toujours consid\u00e9rable.<br \/>\n<\/span><\/p>\n<p><span style=\"color: #777777; font-family: Arial;\">Rachid Benzine, dans une phrase que j&rsquo;aime \u00e0 r\u00e9p\u00e9ter et \u00e0 me r\u00e9p\u00e9ter, a remarquablement modernis\u00e9 le propos de Socrate\u00a0: \u00ab\u00a0<span style=\"color: #0000ff;\"><a style=\"color: #0000ff;\" href=\"https:\/\/lemotdujour.fr\/?p=399\">Le contraire de la connaissance, ce n&rsquo;est pas l&rsquo;ignorance mais les certitudes<\/a><\/span>.\u00bb<br \/>\n<\/span><\/p>\n<p><span style=\"color: #777777; font-family: Arial;\">Donc si nous savons que nous ne disposons ni d&rsquo;un vaccin, ni d&rsquo;un m\u00e9dicament efficace, il n&rsquo;y avait que deux solutions pour les gouvernements :<br \/>\n<\/span><\/p>\n<ul>\n<li><span style=\"color: #777777; font-family: Arial;\">Prendre une strat\u00e9gie d&rsquo;immunisation de groupe qui permettait de rendre les populations r\u00e9sistantes au virus au bout de quelques mois et le virus inoffensif. Cette strat\u00e9gie avait pour grand avantage de pouvoir continuer \u00e0 faire fonctionner l&rsquo;\u00e9conomie mais avait un grand d\u00e9savantage d&rsquo;augmenter le nombre de morts et surtout de saturer les unit\u00e9s de soins intensifs des h\u00f4pitaux.<br \/>\n<\/span><\/li>\n<li><span style=\"color: #777777; font-family: Arial;\">Prendre une strat\u00e9gie de confinement qui permettait de freiner la propagation du virus, de ma\u00eetriser autant que possible la saturation des h\u00f4pitaux et de gagner du temps pour permettre \u00e0 la recherche d&rsquo;essayer d&rsquo;avancer sur la confection d&rsquo;un vaccin ou d&rsquo;un m\u00e9dicament. Cette strat\u00e9gie avait pour grand d\u00e9savantage de ne pas r\u00e9gler le probl\u00e8me du virus car sans immunit\u00e9 de groupe, il va probablement continuer \u00e0 se transmettre et puis il y a le d\u00e9sastre \u00e9conomique qui est devant nous et peut \u00eatre les cons\u00e9quences psychologiques du confinement.<br \/>\n<\/span><\/li>\n<\/ul>\n<p><span style=\"color: #777777; font-family: Arial;\">Quelle \u00e9tait la meilleure strat\u00e9gie ? Nous ne le savons pas. Le plus grand nombre d\u2019\u00c9tats a choisi la seconde strat\u00e9gie.<br \/>\n<\/span><\/p>\n<p><span style=\"color: #777777; font-family: Arial;\">J&rsquo;entends ceux qui disent, la seconde strat\u00e9gie a privil\u00e9gi\u00e9 la vie et la sant\u00e9.<br \/>\n<\/span><\/p>\n<p><span style=\"color: #777777; font-family: Arial;\">Je suis d\u00e9sol\u00e9, nous ne le savons pas. Nous pourrons approcher ce savoir apr\u00e8s la crise \u00e9conomique qui s&rsquo;ouvre devant nous.<br \/>\n<\/span><\/p>\n<p><span style=\"color: #777777; font-family: Arial;\">Quelle sera l&rsquo;ampleur de cette crise \u00e9conomique, nous ne le savons pas.<br \/>\n<\/span><\/p>\n<p><span style=\"color: #777777; font-family: Arial;\">Cette crise va-t-elle permettre de faire mieux apr\u00e8s\u00a0?<br \/>\n<\/span><\/p>\n<p><span style=\"color: #777777; font-family: Arial;\">Nous ne le savons pas.<br \/>\n<\/span><\/p>\n<p><span style=\"color: #777777; font-family: Arial;\">Certains sont tr\u00e8s pessimistes comme Michel Houellebecq \u00ab\u00a0<a href=\"https:\/\/www.franceinter.fr\/emissions\/lettres-d-interieur\/lettres-d-interieur-04-mai-2020\"><span style=\"color: #0000ff;\">Nous ne nous r\u00e9veillerons pas, apr\u00e8s le confinement, dans un nouveau monde\u00a0; ce sera le m\u00eame, en un peu pire<\/span><\/a>.\u00a0\u00bb, d&rsquo;autres plus optimistes ou plus volontaristes comme Nicolas Hulot\u00a0: \u00ab\u00a0<a href=\"https:\/\/www.lemonde.fr\/planete\/article\/2020\/05\/06\/nicolas-hulot-le-monde-d-apres-sera-radicalement-different-de-celui-d-aujourd-hui-et-il-le-sera-de-gre-ou-de-force_6038803_3244.html\"><span style=\"color: #0000ff;\">Le monde d&rsquo;apr\u00e8s sera radicalement diff\u00e9rent de celui d&rsquo;aujourd&rsquo;hui, et il le sera de gr\u00e9 ou de force<\/span>\u00a0<\/a>\u00bb<br \/>\n<\/span><\/p>\n<p><span style=\"color: #777777; font-family: Arial;\">Mais cette incroyable exp\u00e9rience a quand m\u00eame enrichi notre savoir\u00a0:<br \/>\n<\/span><\/p>\n<p><span style=\"color: #777777; font-family: Arial;\">Nous savons que nous avons construit un monde plein de fragilit\u00e9s, dans lequel un virus se transmet dans le monde entier en un temps record en raison des flux humains professionnels et touristiques.<br \/>\n<\/span><\/p>\n<p><span style=\"color: #777777; font-family: Arial;\">Nous savons que nous sommes extraordinairement d\u00e9pendants, dans le domaine de la sant\u00e9, des chinois et des pays asiatiques aujourd&rsquo;hui.<br \/>\n<\/span><\/p>\n<p><span style=\"color: #777777; font-family: Arial;\">Nous avons compris que les soignants et les aides-soignants, les salari\u00e9s des magasins d&rsquo;alimentation, les \u00e9boueurs sont des m\u00e9tiers de l&rsquo;essentiel, indispensables \u00e0 notre survie et ces salari\u00e9s sont situ\u00e9s en bas de l&rsquo;\u00e9chelle des salaires.<br \/>\n<\/span><\/p>\n<p><span style=\"color: #777777; font-family: Arial;\">Nous avons compris que la strat\u00e9gie des flux tendus, la volont\u00e9 d&rsquo;\u00e9viter au maximum des stocks immobilis\u00e9s dans un hangar est inefficace quand on est en pr\u00e9sence d&rsquo;une pand\u00e9mie comme celle que nous vivons.<br \/>\n<\/span><\/p>\n<p><span style=\"color: #777777; font-family: Arial;\">Et nous avons chacun appris certainement tant d&rsquo;autres choses utiles et qui doivent nous permettre de devenir plus sages.<br \/>\n<\/span><\/p>\n<p><span style=\"color: #777777; font-family: Arial;\">Mais nous devons accepter de vivre dans un monde d&rsquo;incertitudes et ne pas nous raccrocher \u00e0 des femmes et surtout des hommes qui parlent haut et fort en pr\u00e9tendant savoir, alors qu&rsquo;ils ne savent pas qu&rsquo;ils ne savent pas ce qui est tr\u00e8s dangereux.<br \/>\n<\/span><\/p>\n<p><span style=\"color: #777777; font-family: Arial;\">Concernant les \u00e9missions r\u00e9centes sur le confinement, j&rsquo;ai trouv\u00e9 tr\u00e8s int\u00e9ressantes celles de ce dimanche de\u00a0:<br \/>\n<\/span><\/p>\n<ul>\n<li><span style=\"color: #777777; font-family: Arial;\">&lt;<a href=\"https:\/\/www.franceculture.fr\/emissions\/lesprit-public\/demain-quel-retour-au-travail\"><span style=\"color: #0000ff;\">L&rsquo;esprit public officiel<\/span><\/a>&gt;\u00a0: \u00ab\u00a0<strong>Demain, quel retour au travail ?<\/strong>\u00a0\u00bb<br \/>\n<\/span><\/li>\n<li><span style=\"color: #777777; font-family: Arial;\">Mais aussi l&rsquo;\u00e9mission, les papys font de la r\u00e9sistance\u00a0: <span style=\"color: #0000ff;\">&lt;<a style=\"color: #0000ff;\" href=\"https:\/\/www.lenouvelespritpublic.fr\/podcasts\/206\">Le nouvel esprit public<\/a>&gt;<\/span>\u00a0: \u00ab\u00a0<strong>Libert\u00e9, que d&rsquo;abus on commet en ton nom &amp; Couple franco-allemand : chambre \u00e0 part<\/strong>\u00bb<br \/>\n<\/span><\/li>\n<\/ul>\n<p><span style=\"color: #777777; font-family: Arial;\">Demain je reprendrai \u00e0 nouveau du recul par rapport \u00e0 la pand\u00e9mie et me replongerai dans le livre\u00a0: \u00ab\u00a0comprendre le monde\u00a0\u00bb.<br \/>\n<\/span><\/p>\n<p><span style=\"color: #c00000; font-family: Arial;\">&lt;1421&gt;<\/span><\/p>\n","protected":false},"excerpt":{"rendered":"<p>\u00abCe que je ne sais pas, je ne pense pas non plus le savoir\u00bb Socrate rapport\u00e9 par Platon dans l&rsquo;Apologie de Socrate DECONFINEMENT\u00a0! D\u00e9confinement est le ma\u00eetre mot de ce 11 mai 2020 en France. La moiti\u00e9 de l&rsquo;humanit\u00e9 a<\/p>\n","protected":false},"author":1,"featured_media":0,"comment_status":"open","ping_status":"closed","sticky":false,"template":"","format":"standard","meta":{"footnotes":""},"categories":[1],"tags":[10,15,126],"class_list":["post-8862","post","type-post","status-publish","format-standard","hentry","category-motdujour","tag-economie","tag-france","tag-pandemie"],"_links":{"self":[{"href":"https:\/\/lemotdujour.fr\/index.php?rest_route=\/wp\/v2\/posts\/8862","targetHints":{"allow":["GET"]}}],"collection":[{"href":"https:\/\/lemotdujour.fr\/index.php?rest_route=\/wp\/v2\/posts"}],"about":[{"href":"https:\/\/lemotdujour.fr\/index.php?rest_route=\/wp\/v2\/types\/post"}],"author":[{"embeddable":true,"href":"https:\/\/lemotdujour.fr\/index.php?rest_route=\/wp\/v2\/users\/1"}],"replies":[{"embeddable":true,"href":"https:\/\/lemotdujour.fr\/index.php?rest_route=%2Fwp%2Fv2%2Fcomments&post=8862"}],"version-history":[{"count":4,"href":"https:\/\/lemotdujour.fr\/index.php?rest_route=\/wp\/v2\/posts\/8862\/revisions"}],"predecessor-version":[{"id":8866,"href":"https:\/\/lemotdujour.fr\/index.php?rest_route=\/wp\/v2\/posts\/8862\/revisions\/8866"}],"wp:attachment":[{"href":"https:\/\/lemotdujour.fr\/index.php?rest_route=%2Fwp%2Fv2%2Fmedia&parent=8862"}],"wp:term":[{"taxonomy":"category","embeddable":true,"href":"https:\/\/lemotdujour.fr\/index.php?rest_route=%2Fwp%2Fv2%2Fcategories&post=8862"},{"taxonomy":"post_tag","embeddable":true,"href":"https:\/\/lemotdujour.fr\/index.php?rest_route=%2Fwp%2Fv2%2Ftags&post=8862"}],"curies":[{"name":"wp","href":"https:\/\/api.w.org\/{rel}","templated":true}]}}