{"id":886,"date":"2014-10-29T01:00:00","date_gmt":"2014-10-28T22:00:00","guid":{"rendered":"http:\/\/lemotdujour.fr\/?p=886"},"modified":"2021-10-28T22:21:08","modified_gmt":"2021-10-28T20:21:08","slug":"mercredi-29-octobre-2014","status":"publish","type":"post","link":"https:\/\/lemotdujour.fr\/?p=886","title":{"rendered":"Mercredi 29 octobre 2014"},"content":{"rendered":"<div class=\"mdjTexte\">\u00ab\u00a0Dans 20 ans, la demande de main-d&rsquo;\u0153uvre pour beaucoup de comp\u00e9tences sera substantiellement plus faible.<br \/>\nJe ne pense pas que ce soit int\u00e9gr\u00e9 dans le mod\u00e8le mental des gens\u00a0\u00bb.<\/div>\n<div class=\"mdjAuteur\">Bill Gates<br \/>\nFondateur de Microsoft<\/div>\n<p><span style=\"color: #777777; font-family: Arial;\">Bill Gates n&rsquo;est pas le seul \u00e0 le dire, mais lui le dit de mani\u00e8re tr\u00e8s abrupte :<br \/>\n<\/span><\/p>\n<p style=\"margin-left: 28pt;\"><span style=\"color: #c00000; font-family: Arial;\">\u00ab\u00a0Vous ne r\u00e9alisez pas \u00e0 quel point les robots prendront votre travail.\u00a0\u00bb<br \/>\n<\/span><\/p>\n<p><span style=\"color: #777777; font-family: Arial;\">Il dit en toute simplicit\u00e9<br \/>\n<\/span><\/p>\n<p style=\"margin-left: 28pt;\"><span style=\"color: #c00000; font-family: Arial;\">\u00ab\u00a0De grands changements auxquels les gens et les gouvernements ne sont pas pr\u00e9par\u00e9s arrivent sur le march\u00e9 du travail.\u00a0\u00bb<br \/>\n<\/span><\/p>\n<p><span style=\"color: #777777; font-family: Arial;\">Lors d&rsquo;un discours \u00e0 Washington D.C. aupr\u00e8s d&rsquo;un groupe de r\u00e9flexion \u00e9conomique The American Enterprise Institute on Thursday, Bill Gates a d\u00e9clar\u00e9\u00a0:<br \/>\n<\/span><\/p>\n<p style=\"margin-left: 28pt;\"><span style=\"color: #c00000; font-family: Arial;\">\u00ab\u00a0La substitution logicielle, qu&rsquo;elle concerne les chauffeurs, les serveurs ou les infirmi\u00e8res, progresse. Sur la dur\u00e9e, la technologie va r\u00e9duire la demande en emplois, particuli\u00e8rement au bas de l&rsquo;\u00e9chelle des comp\u00e9tences. Dans 20 ans, la demande de main-d&rsquo;\u0153uvre pour beaucoup de comp\u00e9tences sera substantiellement plus faible. Je ne pense pas que ce soit int\u00e9gr\u00e9 dans le mod\u00e8le mental des gens\u00a0\u00bb<br \/>\n<\/span><\/p>\n<p><a href=\"http:\/\/www.journaldunet.com\/economie\/magazine\/les-robots-vont-remplacer-les-emplois.shtml\"><span style=\"font-family: Arial;\"><span style=\"color: #0000ff;\">&lt; Ici le journal du net qui parle de ce discours&gt;<\/span><\/span><\/a><span style=\"color: #0000ff; font-family: Arial;\"><br \/>\n<\/span><\/p>\n<p><span style=\"color: #0000ff;\"><a style=\"color: #0000ff;\" href=\"http:\/\/www.lejdd.fr\/Economie\/Les-robots-vont-ils-tuer-la-classe-moyenne-696622\"><span style=\"font-family: Arial;\">&lt;Le JDD vient de publier un article : Les robots vont-ils tuer la classe moyenne ?&gt;<\/span><\/a><span style=\"font-family: Arial;\"><br \/>\n<\/span><\/span><\/p>\n<p><span style=\"color: #0000ff;\"><a style=\"color: #0000ff;\" href=\"http:\/\/bfmbusiness.bfmtv.com\/emploi\/trois-millions-d-emplois-detru-842702.html\"><span style=\"font-family: Arial;\">&lt;BFM TV sur le m\u00eame sujet&gt;<\/span><\/a><\/span><span style=\"color: #777777; font-family: Arial;\"><br \/>\n<\/span><\/p>\n<p><span style=\"color: #777777; font-family: Arial;\">Les lib\u00e9raux optimistes reviennent toujours \u00e0 ce concept de l&rsquo;\u00e9conomiste autrichien de la \u00ab <strong>destruction cr\u00e9atrice<\/strong> \u00bb qui d\u00e9signe le processus continuellement \u00e0 l&rsquo;\u0153uvre dans les \u00e9conomies et qui voit se produire de fa\u00e7on simultan\u00e9e la disparition de secteurs d&rsquo;activit\u00e9 \u00e9conomique conjointement \u00e0 la cr\u00e9ation de nouvelles activit\u00e9s \u00e9conomiques.<br \/>\n<\/span><\/p>\n<p><span style=\"color: #777777; font-family: Arial;\">Dans la vision de Joseph Schumpeter du capitalisme, l&rsquo;innovation port\u00e9e par les entrepreneurs est la force motrice de la croissance \u00e9conomique sur le long terme. Schumpeter emploie l&rsquo;image d&rsquo;un \u00ab ouragan perp\u00e9tuel \u00bb : dans l&rsquo;imm\u00e9diat, il peut impliquer pour certaines entreprises pr\u00e9sentes sur le march\u00e9 une destruction de valeur spectaculaire. Le ph\u00e9nom\u00e8ne affecte tout type d&rsquo;organisations m\u00eames les plus importantes ou celles cens\u00e9es jouir jusque-l\u00e0 d&rsquo;une position apparemment forte ou dominante (y compris sous la forme d&rsquo;une rente de situation ou d&rsquo;un monopole).<br \/>\n<\/span><\/p>\n<p><span style=\"color: #777777; font-family: Arial;\">Il est possible, c&rsquo;est une hypoth\u00e8se raisonnable, que nous ne soyons plus \u00e0 ce stade de l&rsquo;\u00e9volution lib\u00e9rale.<br \/>\n<\/span><\/p>\n<p><a href=\"http:\/\/www.ventscontraires.net\/article.cfm\/13358_bernard_stiegler___dans_20_ans_l_emploi_aura_disparu_tout_le_monde_sera_intermittent_.html\"><span style=\"font-family: Arial;\"><span style=\"color: #0000ff;\">&lt;Bernard Stiegler d\u00e9fend aussi ce point de vue de la fin de l&#8217;emploi&gt;<\/span><\/span><\/a><span style=\"color: #777777; font-family: Arial;\"><br \/>\n<\/span><\/p>\n<p><span style=\"color: #777777; font-family: Arial;\">Si cette hypoth\u00e8se cr\u00e9dible se r\u00e9alise, c&rsquo;est peu dire que nous ne sommes pas sur le chemin pour nous y pr\u00e9parer.<br \/>\n<\/span><\/p>\n<p><span style=\"color: #777777; font-family: Arial;\">Dans ce que dit Bill Gates, ce n&rsquo;est pas la premi\u00e8re partie qui me parait la plus importante : la destruction massive de l&#8217;emploi, au sens actuel de l&rsquo;\u00e9conomie,\u00a0 pour les humains.<br \/>\n<\/span><\/p>\n<p><span style=\"color: #777777; font-family: Arial;\">C&rsquo;est la seconde partie Je ne pense pas que ce soit int\u00e9gr\u00e9 dans le mod\u00e8le mental des gens.<br \/>\n<\/span><\/p>\n<p><span style=\"color: #777777; font-family: Arial;\">Aujourd&rsquo;hui quand ceux qui ont le pouvoir \u00e9conomique ou politique parle, il parle d&rsquo;un mod\u00e8le qu&rsquo;il ne con\u00e7oive pas de d\u00e9passer. Ce mod\u00e8le o\u00f9 le travail donne du travail.<br \/>\n<\/span><\/p>\n<p><span style=\"color: #777777; font-family: Arial;\">O\u00f9 les capitalistes\u00a0 investissent, o\u00f9 l&rsquo;investissement donne de l&#8217;emploi r\u00e9mun\u00e9r\u00e9 et de la croissance qui dans un cercle vertueux permet plus ou moins \u00e0 chacun de trouver sa place dans un monde essentiellement m\u00fb par la cupidit\u00e9 et l&rsquo;app\u00e2t du gain.<br \/>\n<\/span><\/p>\n<p><span style=\"color: #777777; font-family: Arial;\">Mais que devient ce mod\u00e8le si le ressort se casse : la croissance ne donne plus suffisamment d&#8217;emploi r\u00e9mun\u00e9r\u00e9 pour que le plus grand nombre trouve une place dans la soci\u00e9t\u00e9 \u00e9conomique ?<br \/>\n<\/span><\/p>\n<p><span style=\"color: #777777; font-family: Arial;\">Si vous \u00eates courageux voici une conf\u00e9rence tr\u00e8s int\u00e9ressante, plus longue mais assez mal enregistr\u00e9e o\u00f9 Bernard Stiegler d\u00e9veloppe un concept en r\u00e9ponse \u00e0 Schumpeter\u00a0 : <a href=\"https:\/\/www.youtube.com\/watch?v=CRibNTz-W7I\"><span style=\"color: #0000ff;\">&lt;La destruction destructrice&gt;<\/span><\/a><br \/>\n<\/span><\/p>\n<p><span style=\"color: #777777; font-family: Arial;\">&lt;381&gt;<\/span><\/p>\n","protected":false},"excerpt":{"rendered":"<p>\u00ab\u00a0Dans 20 ans, la demande de main-d&rsquo;\u0153uvre pour beaucoup de comp\u00e9tences sera substantiellement plus faible. Je ne pense pas que ce soit int\u00e9gr\u00e9 dans le mod\u00e8le mental des gens\u00a0\u00bb. Bill Gates Fondateur de Microsoft Bill Gates n&rsquo;est pas le seul<\/p>\n","protected":false},"author":1,"featured_media":0,"comment_status":"closed","ping_status":"closed","sticky":false,"template":"","format":"standard","meta":{"footnotes":""},"categories":[1],"tags":[57,49,32],"class_list":["post-886","post","type-post","status-publish","format-standard","hentry","category-motdujour","tag-emploi","tag-futur","tag-numerique"],"_links":{"self":[{"href":"https:\/\/lemotdujour.fr\/index.php?rest_route=\/wp\/v2\/posts\/886","targetHints":{"allow":["GET"]}}],"collection":[{"href":"https:\/\/lemotdujour.fr\/index.php?rest_route=\/wp\/v2\/posts"}],"about":[{"href":"https:\/\/lemotdujour.fr\/index.php?rest_route=\/wp\/v2\/types\/post"}],"author":[{"embeddable":true,"href":"https:\/\/lemotdujour.fr\/index.php?rest_route=\/wp\/v2\/users\/1"}],"replies":[{"embeddable":true,"href":"https:\/\/lemotdujour.fr\/index.php?rest_route=%2Fwp%2Fv2%2Fcomments&post=886"}],"version-history":[{"count":3,"href":"https:\/\/lemotdujour.fr\/index.php?rest_route=\/wp\/v2\/posts\/886\/revisions"}],"predecessor-version":[{"id":12535,"href":"https:\/\/lemotdujour.fr\/index.php?rest_route=\/wp\/v2\/posts\/886\/revisions\/12535"}],"wp:attachment":[{"href":"https:\/\/lemotdujour.fr\/index.php?rest_route=%2Fwp%2Fv2%2Fmedia&parent=886"}],"wp:term":[{"taxonomy":"category","embeddable":true,"href":"https:\/\/lemotdujour.fr\/index.php?rest_route=%2Fwp%2Fv2%2Fcategories&post=886"},{"taxonomy":"post_tag","embeddable":true,"href":"https:\/\/lemotdujour.fr\/index.php?rest_route=%2Fwp%2Fv2%2Ftags&post=886"}],"curies":[{"name":"wp","href":"https:\/\/api.w.org\/{rel}","templated":true}]}}