{"id":8819,"date":"2020-05-08T07:11:41","date_gmt":"2020-05-08T05:11:41","guid":{"rendered":"http:\/\/lemotdujour.fr\/?p=8819"},"modified":"2020-05-08T11:59:53","modified_gmt":"2020-05-08T09:59:53","slug":"vendredi-8-mai-2020","status":"publish","type":"post","link":"https:\/\/lemotdujour.fr\/?p=8819","title":{"rendered":"Vendredi 8 mai 2020"},"content":{"rendered":"<div class=\"mdjTexte\">\u00abSonate pour piano N\u00b019 D. 958\u00bb<\/div>\n<div class=\"mdjAuteur\">Franz Schubert<\/div>\n<p><strong><span style=\"color: #ff6600;\"><em>Mot de jour sp\u00e9cial pendant la p\u00e9riode de confinement suite \u00e0 la pand\u00e9mie du COVID-19<\/em><\/span><\/strong><\/p>\n<p><span style=\"color: #777777; font-family: Arial;\">Nous sommes en septembre 1828. Il reste moins de 2 mois de vie \u00e0 Schubert.<br \/>\n<\/span><\/p>\n<p><span style=\"color: #777777; font-family: Arial;\">Et il va \u00e9crire en quelques jours trois immenses sonates pour piano qui reste parmi les plus grandes du r\u00e9pertoire des pianistes \u00e0 l&rsquo;\u00e9gal des derni\u00e8res sonates de piano de Beethoven.<br \/>\n<\/span><\/p>\n<p style=\"margin-left: 28pt;\"><span style=\"color: #c00000; font-family: Arial;\">\u00ab\u00a0J&rsquo;ai compos\u00e9 entre autres trois sonates pour pianoforte sel, que je voudrais d\u00e9dier \u00e0 Hummel [\u2026] J&rsquo;ai jou\u00e9 ces sonates en diff\u00e9rentes endroits avec beaucoup de succ\u00e8s\u00a0\u00bb<br \/>\n<em>Schubert \u00e0 son \u00e9diteur Probst, le 2 octobre 1828 \u2013 Cit\u00e9 par Brigitte Massin page 1275<\/em><br \/>\n<\/span><\/p>\n<p><span style=\"color: #777777; font-family: Arial;\">Notez\u00a0: \u00ab\u00a0<strong>entre autres<\/strong>\u00a0\u00bb il \u00e9crivait en m\u00eame temps d&rsquo;autres \u0153uvres<br \/>\n<\/span><\/p>\n<p><a href=\"https:\/\/schubert-online.at\/activpage\/manuskripte.php?top=1&amp;werke_id=334&amp;werkteile_id=&amp;image=%27MH_00170_D958_001.jpg%27&amp;aktion=blaettern&amp;bild_id=0\"><img decoding=\"async\" class=\"alignleft\" src=\"https:\/\/lemotdujour.fr\/wp-content\/uploads\/2020\/05\/050820_0507_Jeudi8mai201.png\" alt=\"\" align=\"left\" \/><\/a><span style=\"color: #777777; font-family: Arial;\">Hummel \u00e9tait compositeur, il \u00e9tait surtout un grand ami de Beethoven.<br \/>\n<\/span><\/p>\n<p><span style=\"color: #777777; font-family: Arial;\">On ne d\u00e9diait les \u0153uvres qu&rsquo;\u00e0 des personnes vivantes.<br \/>\n<\/span><\/p>\n<p><span style=\"color: #777777; font-family: Arial;\">Il est probable donc que par ce geste Schubert voulait en r\u00e9alit\u00e9 rendre hommage \u00e0 Beethoven.<br \/>\n<\/span><\/p>\n<p><span style=\"color: #777777; font-family: Arial;\">Quand ces sonates seront publi\u00e9es, Hummel \u00e9tait d\u00e9j\u00e0 mort, la d\u00e9dicace ne pourra donc lui \u00eatre faite.<br \/>\n<\/span><\/p>\n<p><span style=\"color: #777777; font-family: Arial;\">Les musicologues ne sont pas tous d&rsquo;accord sur le nombre de sonates de piano de Schubert en raison du fait que certaines sont inachev\u00e9es et sont compt\u00e9s par les uns et non par les autres.<br \/>\n<\/span><\/p>\n<p><span style=\"color: #777777; font-family: Arial;\">R\u00e9cemment Daniel Barenbo\u00efm a r\u00e9alis\u00e9 une remarquable int\u00e9grale des sonates de piano, mais il n&rsquo;a enregistr\u00e9 que les sonates compl\u00e8tes.<br \/>\n<\/span><\/p>\n<p><span style=\"color: #777777; font-family: Arial;\">Cependant un consensus s&rsquo;est d\u00e9gag\u00e9 et on retient le nombre de 21 sonates et 18 sonates avaient \u00e9t\u00e9 compos\u00e9es avant ce mois de septembre 1828.<br \/>\n<\/span><\/p>\n<p><span style=\"color: #777777; font-family: Arial;\">Concernant les trois derni\u00e8res,<br \/>\n<\/span><\/p>\n<p style=\"margin-left: 28pt;\"><span style=\"color: #c00000; font-family: Arial;\">\u00ab Schubert a not\u00e9 lui-m\u00eame sur les manuscrits, les indications de \u00ab Sonate I, II et III \u00bb dans l&rsquo;ordre o\u00f9 elles se pr\u00e9sentent aujourd&rsquo;hui.<br \/>\n<\/span><\/p>\n<p style=\"margin-left: 28pt;\"><span style=\"color: #c00000; font-family: Arial;\">Le manuscrit de la derni\u00e8re sonate porte \u00e0 la fin l&rsquo;indication \u00ab\u00a0Vienne, le 26 septembre 1828\u00a0\u00bb\u00a0; cette date doit donc \u00eatre consid\u00e9r\u00e9es comme celle de l&rsquo;ach\u00e8vement de la trilogie.<br \/>\n<\/span><\/p>\n<p style=\"margin-left: 28pt;\"><span style=\"color: #c00000; font-family: Arial;\">Dans l&rsquo;esprit de Schubert, les trois \u0153uvres forment un tout et c&rsquo;est bien ensemble qu&rsquo;elles seront publi\u00e9es, dix ans apr\u00e8s la mort de leur auteur en 1838, par les soins de Diabelli\u00a0\u00bb<br \/>\n<em>Brigitte Massin, ibid.<\/em><br \/>\n<\/span><\/p>\n<p><span style=\"color: #777777; font-family: Arial;\">Aujourd&rsquo;hui, je vais m&rsquo;int\u00e9resser au premier de ces chefs d&rsquo;\u0153uvre.<br \/>\n<\/span><\/p>\n<p><span style=\"color: #777777; font-family: Arial;\">Beaucoup en soulignent la dimension Beethovenienne de cette sonate, notamment par son entr\u00e9e en mati\u00e8re avec des accords tonitruants. Mais tr\u00e8s rapidement on en revient \u00e0 la po\u00e9sie qui n&rsquo;appartient qu&rsquo;\u00e0 Schubert.<br \/>\n<\/span><\/p>\n<p><a href=\"https:\/\/www.canalacademie.com\/ida5901-L-enigme-Schubert-une-mort-aux-causes-incertaines.html\"><span style=\"font-family: Arial;\"><span style=\"color: #0000ff;\">Voici ce qu&rsquo;il dit<\/span><\/span><\/a><span style=\"color: #777777; font-family: Arial;\"> lorsqu&rsquo;il se confie \u00e0 son mentor Antonio Salieri\u00a0:<br \/>\n<\/span><\/p>\n<p style=\"margin-left: 28pt;\"><span style=\"color: #c00000; font-family: Arial;\">\u00ab\u00a0Croyez-vous r\u00e9ellement que quelque chose puisse sortir de moi\u00a0? (\u2026) Dans le calme, en secret, j&rsquo;esp\u00e8re bien pouvoir encore faire quelque chose moi-m\u00eame, mais que peut-on encore faire apr\u00e8s Beethoven\u00a0?\u00a0\u00bb<br \/>\n<\/span><\/p>\n<p><span style=\"color: #777777; font-family: Arial;\">Je vous propose d&rsquo;\u00e9couter cette \u0153uvre dans l&rsquo;interpr\u00e9tation de <strong>Sviatoslav Richter<\/strong>\u00a0: &lt;<a href=\"https:\/\/www.youtube.com\/watch?v=HoZRKkpWA5g\"><span style=\"color: #0000ff;\">Studio recording, Salzburg, 12 &amp; 13.VIII.1972<\/span><\/a>&gt;<br \/>\n<\/span><\/p>\n<p><span style=\"color: #777777; font-family: Arial;\">Cet enregistrement n&rsquo;est qu&rsquo;audio, si vous pr\u00e9f\u00e9rez y adjoindre de la vid\u00e9o, je vous renvoie vers cette interpr\u00e9tation de &lt;<span style=\"color: #0000ff;\"><a style=\"color: #0000ff;\" href=\"https:\/\/www.youtube.com\/watch?v=KYAtQKJFd2w&amp;t=186s\">Andr\u00e1s Schiff<\/a><\/span>&gt;<br \/>\n<\/span><\/p>\n<p><span style=\"color: #777777; font-family: Arial;\">Pour entrer dans cette \u0153uvre, il faut peut-\u00eatre commencer par l&rsquo;adagio, deuxi\u00e8me mouvement de cette \u0153uvre. Vous trouverez sur le site de France musique &lt;<span style=\"color: #0000ff;\"><a style=\"color: #0000ff;\" href=\"https:\/\/www.francemusique.fr\/session-studio\/video-le-live-du-magazine-philippe-cassard\">L&rsquo;adagio par Philippe Cassard<\/a><\/span>&gt;<br \/>\n<\/span><\/p>\n<p><span style=\"color: #777777; font-family: Arial;\">Sur le site <span style=\"color: #0000ff;\"><a style=\"color: #0000ff;\" href=\"http:\/\/www.musicologie.org\/20\/rusquet_schubert_d958.html\">Musicologie.org Michel Rusquet<\/a><\/span> \u00e9crit\u00a0:<br \/>\n<\/span><\/p>\n<p style=\"margin-left: 28pt;\"><span style=\"color: #c00000; font-family: Arial;\">\u00ab\u00a0Autre chef-d&rsquo;\u0153uvre incontest\u00e9, cette sonate ouvre la fameuse trilogie que Schubert, dans une formidable explosion d&rsquo;\u00e9nergie cr\u00e9atrice, composa en septembre 1828, deux mois avant de dispara\u00eetre. De ces trois immenses sonates qui, \u00e0 bien des \u00e9gards, ont valeur de testament artistique, celle-ci, \u00ab ainsi que l&rsquo;annonce sa tonalit\u00e9, est la plus agit\u00e9e, la plus sombrement passionn\u00e9e et la plus violente, la plus beethov\u00e9nienne aussi, encore qu&rsquo;elle ne contienne pas une mesure qu&rsquo;un autre que Schubert e\u00fbt pu \u00e9crire. \u00bb D&rsquo;entr\u00e9e, on croit entendre Beethoven derri\u00e8re les \u00e9lans farouches et la puissance titanesque du th\u00e8me initial du premier allegro, mais bient\u00f4t va appara\u00eetre un second th\u00e8me doucement r\u00eaveur, typiquement schubertien, et surtout, avant de d\u00e9boucher sur une conclusion presque d\u00e9sesp\u00e9r\u00e9e, le mouvement va conna\u00eetre un d\u00e9veloppement bien \u00e9loign\u00e9 des sch\u00e9mas classiques, une sorte de musique informelle, aux antipodes de Beethoven, o\u00f9 Schubert associe ballade fun\u00e8bre et marche h\u00e9ro\u00efque, chromatismes myst\u00e9rieux et motifs obsessionnels.<br \/>\n<\/span><\/p>\n<p style=\"margin-left: 28pt;\"><span style=\"color: #c00000; font-family: Arial;\">L&rsquo;adagio, un des rares adagios v\u00e9ritables du musicien, adopte une forme de rondo avec, entrecoup\u00e9s d&rsquo;\u00e9pisodes sombres et v\u00e9h\u00e9ments, des refrains dont l&rsquo;ample m\u00e9lodie, d&rsquo;un d\u00e9tachement presque mystique, fait l&rsquo;effet d&rsquo;un chant de p\u00e8lerinage, non sans \u00e9voquer par instants les sombres paysages du Voyage d&rsquo;hiver. L&rsquo;\u00e9trange menuetto qui suit, un scherzo en r\u00e9alit\u00e9, n&rsquo;apporte gu\u00e8re de d\u00e9tente qu&rsquo;\u00e0 travers son lumineux trio car, avec ses lourds accents, ses brusques cassures de rythmes et ses contrastes dynamiques abrupts, on y sent avant tout une forte passion dramatique. Et cette \u0153uvre d\u00e9cid\u00e9ment sombre et passionn\u00e9e s&rsquo;ach\u00e8ve sur une chevauch\u00e9e infernale, une cavalcade effr\u00e9n\u00e9e, d&rsquo;une all\u00e9gresse sardonique et macabre, effrayante aussi bien par ses dimensions que par son d\u00e9cha\u00eenement presque ininterrompu. Rares en effet sont les moments de r\u00e9pit dans cette course fr\u00e9n\u00e9tique o\u00f9 l&rsquo;instabilit\u00e9 tonale est permanente. On aura bien, peu avant la fin, une br\u00e8ve \u00e9chapp\u00e9e vers on ne sait quel Paradis perdu, mais ce sera pour mieux replonger dans le tourbillon lugubre de ce finale dantesque.\u00a0\u00bb<br \/>\n<\/span><\/p>\n<p><a href=\"https:\/\/www.qobuz.com\/fr-fr\/album\/schubert-6-moments-musicaux-piano-sonata-in-c-minor-d958-radu-lupu\/0002894177852\"><img loading=\"lazy\" decoding=\"async\" class=\"wp-image-8822 alignleft\" src=\"https:\/\/lemotdujour.fr\/wp-content\/uploads\/2020\/05\/Radu-Lupu-Schubert-D958.jpg\" alt=\"\" width=\"234\" height=\"234\" srcset=\"https:\/\/lemotdujour.fr\/wp-content\/uploads\/2020\/05\/Radu-Lupu-Schubert-D958.jpg 600w, https:\/\/lemotdujour.fr\/wp-content\/uploads\/2020\/05\/Radu-Lupu-Schubert-D958-300x300.jpg 300w, https:\/\/lemotdujour.fr\/wp-content\/uploads\/2020\/05\/Radu-Lupu-Schubert-D958-150x150.jpg 150w, https:\/\/lemotdujour.fr\/wp-content\/uploads\/2020\/05\/Radu-Lupu-Schubert-D958-230x230.jpg 230w, https:\/\/lemotdujour.fr\/wp-content\/uploads\/2020\/05\/Radu-Lupu-Schubert-D958-365x365.jpg 365w\" sizes=\"auto, (max-width: 234px) 100vw, 234px\" \/><\/a><\/p>\n<p>Pour choisir un enregistrement CD de cette \u0153uvre, je propose parmi d&rsquo;autres tr\u00e8s belles interpr\u00e9tations celle de <strong>Radu Lupu<\/strong>.<\/p>\n<p>Mais Alfred Brendel, Daniel Barenboim, Wilhem Kempff sont tout aussi remarquables.<\/p>\n<p><span style=\"color: #c00000; font-family: Arial;\">&lt;1418&gt;<\/span><\/p>\n","protected":false},"excerpt":{"rendered":"<p>\u00abSonate pour piano N\u00b019 D. 958\u00bb Franz Schubert Mot de jour sp\u00e9cial pendant la p\u00e9riode de confinement suite \u00e0 la pand\u00e9mie du COVID-19 Nous sommes en septembre 1828. Il reste moins de 2 mois de vie \u00e0 Schubert. Et il<\/p>\n","protected":false},"author":1,"featured_media":0,"comment_status":"open","ping_status":"closed","sticky":false,"template":"","format":"standard","meta":{"footnotes":""},"categories":[1],"tags":[186,148,20],"class_list":["post-8819","post","type-post","status-publish","format-standard","hentry","category-motdujour","tag-186","tag-autriche","tag-musique"],"_links":{"self":[{"href":"https:\/\/lemotdujour.fr\/index.php?rest_route=\/wp\/v2\/posts\/8819","targetHints":{"allow":["GET"]}}],"collection":[{"href":"https:\/\/lemotdujour.fr\/index.php?rest_route=\/wp\/v2\/posts"}],"about":[{"href":"https:\/\/lemotdujour.fr\/index.php?rest_route=\/wp\/v2\/types\/post"}],"author":[{"embeddable":true,"href":"https:\/\/lemotdujour.fr\/index.php?rest_route=\/wp\/v2\/users\/1"}],"replies":[{"embeddable":true,"href":"https:\/\/lemotdujour.fr\/index.php?rest_route=%2Fwp%2Fv2%2Fcomments&post=8819"}],"version-history":[{"count":6,"href":"https:\/\/lemotdujour.fr\/index.php?rest_route=\/wp\/v2\/posts\/8819\/revisions"}],"predecessor-version":[{"id":8835,"href":"https:\/\/lemotdujour.fr\/index.php?rest_route=\/wp\/v2\/posts\/8819\/revisions\/8835"}],"wp:attachment":[{"href":"https:\/\/lemotdujour.fr\/index.php?rest_route=%2Fwp%2Fv2%2Fmedia&parent=8819"}],"wp:term":[{"taxonomy":"category","embeddable":true,"href":"https:\/\/lemotdujour.fr\/index.php?rest_route=%2Fwp%2Fv2%2Fcategories&post=8819"},{"taxonomy":"post_tag","embeddable":true,"href":"https:\/\/lemotdujour.fr\/index.php?rest_route=%2Fwp%2Fv2%2Ftags&post=8819"}],"curies":[{"name":"wp","href":"https:\/\/api.w.org\/{rel}","templated":true}]}}