{"id":880,"date":"2014-10-24T02:00:00","date_gmt":"2014-10-23T22:00:00","guid":{"rendered":"http:\/\/lemotdujour.fr\/?p=880"},"modified":"2017-05-08T13:23:35","modified_gmt":"2017-05-08T11:23:35","slug":"vendredi-24-octobre-2014","status":"publish","type":"post","link":"https:\/\/lemotdujour.fr\/?p=880","title":{"rendered":"Vendredi 24 octobre 2014"},"content":{"rendered":"<div class=\"mdjDate\">Vendredi 24 octobre 2014<\/div>\n<div class=\"mdjTexte\"> \u00abMon vrai nom est Mar\u00eda del Rosario Fuentes Rubio. <br \/>Je suis m\u00e9decin. <br \/>Aujourd&rsquo;hui, ma vie prend fin.\u00bb<\/div>\n<div class=\"mdjAuteur\">L&rsquo;auteur de cette phrase ne m\u00e9rite pas qu&rsquo;on cite son nom.<\/div>\n<div class=\"mdjComplements\">Dans l&rsquo;Etat mexicain de Tamaulipas, deux cartels de trafiquants de drogue rivaux\u00a0 ont pris le contr\u00f4le du gouvernement, de la police et des m\u00e9dias. <\/div>\n<div class=\"mdjComplements\">Les journalistes qui osent parler des kidnappings, du racket et d&rsquo;autres formes de violence exerc\u00e9es par les cartels sont assassin\u00e9s. <\/div>\n<div class=\"mdjComplements\">Les journalistes n&rsquo;\u00e9voquent donc plus ces sujets.<\/div>\n<div class=\"mdjComplements\">C&rsquo;est dans ce contexte que s&rsquo;est d\u00e9velopp\u00e9e une organisation de journalisme participatif g\u00e9r\u00e9e par des anonymes.<\/div>\n<div class=\"mdjComplements\">A Reynosa, la ville principale de l&rsquo;Etat, le r\u00e9seau Valor por Tamaulipas (Courage pour Tamaulipas) a une page Facebook (plus de 500.000 abonn\u00e9s) et un compte Twitter (plus de 100.000 followers) qui tiennent lieu de m\u00e9dias ind\u00e9pendants. <\/div>\n<div class=\"mdjComplements\">Une contributrice parmi ce groupe avait pris pour nom Felina.<\/div>\n<div class=\"mdjComplements\">Felina [&#8230;] \u00ab\u00e9tait connue pour ses posts qui donnaient la localisation exacte d&rsquo;incidents violents en temps r\u00e9el, explique le journaliste Jason McGahan dans The Daily Beast.<a href=\"http:\/\/www.thedailybeast.com\/articles\/2014\/10\/21\/she-tweeted-against-the-mexican-cartels-they-tweeted-her-murder.html\"> http:\/\/www.thedailybeast.com\/articles\/2014\/10\/21\/she-tweeted-against-the-mexican-cartels-they-tweeted-her-murder.html<\/a><\/div>\n<div class=\"mdjComplements\">Les gens lui envoyaient des informations car c&rsquo;\u00e9tait une mani\u00e8re pour eux de r\u00e9sister \u00e0 l&rsquo;h\u00e9g\u00e9monie des cartels. <\/div>\n<div class=\"mdjComplements\">Elle \u00e9crivait pour supplier les victimes de crimes de ne pas rester silencieuses et d&rsquo;en parler \u00e0 la police&#8230; Elle postait des num\u00e9ros de t\u00e9l\u00e9phone \u00e0 utiliser en cas d&rsquo;urgence.\u00bb<\/div>\n<div class=\"mdjComplements\">Il y a plus d&rsquo;un an, les cartels avaient offert une r\u00e9compense de 48.000 dollars \u00e0 tout individu qui d\u00e9voilerait l&rsquo;identit\u00e9 des administrateurs de ces comptes. <\/div>\n<div class=\"mdjComplements\">Le jeudi 16 octobre, les trafiquants ont trouv\u00e9 et enlev\u00e9 cette femme.<\/div>\n<div class=\"mdjComplements\">Ils ont utilis\u00e9 le compte Twitter de Felina pour annoncer sa mort:\u00a0\u00a0\u00a0\u00a0 \u00abMon vrai nom est Mar\u00eda del Rosario Fuentes Rubio. Je suis m\u00e9decin. Aujourd&rsquo;hui, ma vie prend fin.\u00bb<\/div>\n<div class=\"mdjComplements\">Ont suivi deux photos une o\u00f9 elle est vivante aux mains de ces criminels et une autre de son cadavre une balle en pleine t\u00eate. Puis ils ont publi\u00e9s des menaces aux autres contributeurs de Valor por Tamaulipas. Malgr\u00e9 tout, les comptes Facebook et Twitter sont toujours actifs.<\/div>\n<div class=\"mdjComplements\">Le Mexique est d\u00e9sormais un des pays les plus dangereux pour les journalistes, et pour toute personne qui veut d\u00e9noncer ces criminels.<\/div>\n<div class=\"mdjComplements\">Un journal canadien analyse un peu et d\u00e9crit cette terrible violence pour semer la terreur pour que personne ne s&rsquo;oppose aux syndicats du crime&gt; <a href=\"http:\/\/www.ledevoir.com\/international\/actualites-internationales\/403594\/narcotrafic-une-violence-glorifiee-gangrene-le-mexique\">http:\/\/www.ledevoir.com\/international\/actualites-internationales\/403594\/narcotrafic-une-violence-glorifiee-gangrene-le-mexique<\/a><\/div>\n<div class=\"mdjComplements\">R\u00e9cemment des \u00e9tudiants mexicains qui manifestaient ont \u00e9t\u00e9 enlev\u00e9s et des indices semblent indiquer que des groupes d&rsquo;assassins les ont massacr\u00e9s : &gt; \u00a0 <a href=\"http:\/\/www.courrierinternational.com\/article\/2014\/10\/21\/les-etudiants-disparus-auraient-ete-brules-vifs\">http:\/\/www.courrierinternational.com\/article\/2014\/10\/21\/les-etudiants-disparus-auraient-ete-brules-vifs<\/a><\/div>\n<div class=\"mdjComplements\">Ce que je vous raconte l\u00e0 n&rsquo;est pas un simple fait divers.<\/div>\n<div class=\"mdjComplements\">Je vous rappelle que l&rsquo;Union europ\u00e9enne veut int\u00e9grer le business de la drogue dans le PIB des Pays de l&rsquo;Union.<\/div>\n<div class=\"mdjComplements\">Que ce qui arrive au Mexique est aussi la cons\u00e9quence d&rsquo;un Etat faible qui ne dispose pas d&rsquo;une administration forte et int\u00e8gre. Que lorsque l&rsquo;Etat recule, la nature ayant horreur du vide, les mafias prennent vite la place.<\/div>\n<div class=\"mdjComplements\">Et tout commence par une corruption end\u00e9mique et g\u00e9n\u00e9rale. <\/div>\n<div class=\"mdjComplements\">Sur ce dernier point notre continent europ\u00e9en est sur une tr\u00e8s mauvaise pente.<\/div>\n<div class=\"mdjComplements\">Je vous ai parl\u00e9 du s\u00e9minaire organis\u00e9 par Mediapart sur la corruption au Th\u00e9\u00e2tre de la ville. Vous le trouverez sur Youtube \u00ab <a href=\"https:\/\/www.youtube.com\/watch?v=LLXpXNy7agc\">&lt;Corruption \u00e7a suffit&gt;<\/a><\/div>\n<div class=\"mdjComplements\">Maria del Rosario Fuentes Rubio, une femme qui a fait sienne cette parole d&rsquo;Emiliano Zapata qui fut l&rsquo;un des principaux acteurs de la r\u00e9volution mexicaine de 1910 : \u00ab Mieux vaut mourir debout que de vivre \u00e0 genoux \u00bb <\/div>\n<div class=\"mdjComplements\">N\u00e9 en 1879, lui aussi fut assassin\u00e9 le 10 avril 1919.<\/div>\n<div class=\"mdjComplements\">Maria del Rosario Fuentes Rubio est une femme parmi d&rsquo;autres femmes et hommes mexicains qui ne se r\u00e9solvent pas de vivre \u00e0 genoux.<\/div>\n<div class=\"mdjComplements\">Ce mot du jour n&rsquo;est pas po\u00e9tique, ne d\u00e9c\u00e8le pas un gramme d&rsquo;humour, il n&rsquo;est qu&rsquo;un cri de r\u00e9volte et de col\u00e8re. &gt; <a href=\"http:\/\/www.slate.fr\/story\/93735\/cartel-mexique-felina\">http:\/\/www.slate.fr\/story\/93735\/cartel-mexique-felina<\/a><\/div>\n","protected":false},"excerpt":{"rendered":"<p>Vendredi 24 octobre 2014 \u00abMon vrai nom est Mar\u00eda del Rosario Fuentes Rubio. Je suis m\u00e9decin. Aujourd&rsquo;hui, ma vie prend fin.\u00bb L&rsquo;auteur de cette phrase ne m\u00e9rite pas qu&rsquo;on cite son nom. Dans l&rsquo;Etat mexicain de Tamaulipas, deux cartels de<\/p>\n","protected":false},"author":1,"featured_media":0,"comment_status":"closed","ping_status":"closed","sticky":false,"template":"","format":"standard","meta":{"footnotes":""},"categories":[1],"tags":[],"class_list":["post-880","post","type-post","status-publish","format-standard","hentry","category-motdujour"],"_links":{"self":[{"href":"https:\/\/lemotdujour.fr\/index.php?rest_route=\/wp\/v2\/posts\/880","targetHints":{"allow":["GET"]}}],"collection":[{"href":"https:\/\/lemotdujour.fr\/index.php?rest_route=\/wp\/v2\/posts"}],"about":[{"href":"https:\/\/lemotdujour.fr\/index.php?rest_route=\/wp\/v2\/types\/post"}],"author":[{"embeddable":true,"href":"https:\/\/lemotdujour.fr\/index.php?rest_route=\/wp\/v2\/users\/1"}],"replies":[{"embeddable":true,"href":"https:\/\/lemotdujour.fr\/index.php?rest_route=%2Fwp%2Fv2%2Fcomments&post=880"}],"version-history":[{"count":1,"href":"https:\/\/lemotdujour.fr\/index.php?rest_route=\/wp\/v2\/posts\/880\/revisions"}],"predecessor-version":[{"id":881,"href":"https:\/\/lemotdujour.fr\/index.php?rest_route=\/wp\/v2\/posts\/880\/revisions\/881"}],"wp:attachment":[{"href":"https:\/\/lemotdujour.fr\/index.php?rest_route=%2Fwp%2Fv2%2Fmedia&parent=880"}],"wp:term":[{"taxonomy":"category","embeddable":true,"href":"https:\/\/lemotdujour.fr\/index.php?rest_route=%2Fwp%2Fv2%2Fcategories&post=880"},{"taxonomy":"post_tag","embeddable":true,"href":"https:\/\/lemotdujour.fr\/index.php?rest_route=%2Fwp%2Fv2%2Ftags&post=880"}],"curies":[{"name":"wp","href":"https:\/\/api.w.org\/{rel}","templated":true}]}}