{"id":878,"date":"2014-10-23T02:00:00","date_gmt":"2014-10-22T22:00:00","guid":{"rendered":"http:\/\/lemotdujour.fr\/?p=878"},"modified":"2017-05-08T13:23:35","modified_gmt":"2017-05-08T11:23:35","slug":"jeudi-23-octobre-2014","status":"publish","type":"post","link":"https:\/\/lemotdujour.fr\/?p=878","title":{"rendered":"Jeudi 23 octobre 2014"},"content":{"rendered":"<div class=\"mdjDate\">Jeudi 23 octobre 2014<\/div>\n<div class=\"mdjTexte\">\u00ab\u00a0\u00ab\u00a0Nous sommes responsable de notre libert\u00e9<br \/>[&#8230;] Disons non, tous ensemble, \u00e0 l&rsquo;ombre <br \/>et femmes et hommes de bonne volont\u00e9 inventons une nouvelle lumi\u00e8re\u00a0\u00bb<\/div>\n<div class=\"mdjAuteur\">Edwy Plenel<\/div>\n<div class=\"mdjComplements\">Lundi 6 octobre \u00e0 18h30 en salle Roger-Planchon, le TNP a accueilli les 10 ans de l\u2019Universit\u00e9 Populaire de Lyon.<\/div>\n<div class=\"mdjComplements\">L&rsquo;invit\u00e9 principal \u00e9tait Edwy Plenel.<\/div>\n<div class=\"mdjComplements\">J&rsquo;y \u00e9tais avec Annie et d&rsquo;autres destinataires de ce mot du jour.<\/div>\n<div class=\"mdjComplements\">Vous trouverez cette conf\u00e9rence sur Youtube : \u00ab\u00a0<a href=\"https:\/\/www.youtube.com\/watch?v=DYNm8BDEpKA\">https:\/\/www.youtube.com\/watch?v=DYNm8BDEpKA#t=393<\/a>\u00ab\u00a0<\/div>\n<div class=\"mdjComplements\">Le mot du jour est la conclusion de cette magnifique conf\u00e9rence.<\/div>\n<div class=\"mdjComplements\">Conclusion dans laquelle il avait inclus (ici remplac\u00e9 par [&#8230;]) un propos d\u2019Aim\u00e9 C\u00e9saire, que j&rsquo;avais choisi comme mot du jour du 25 octobre 2013<\/div>\n<div class=\"mdjComplements\">\u00ab Nous sommes de ceux qui disent non \u00e0 l\u2019ombre. Nous savons que le salut du monde d\u00e9pend de nous aussi.<\/div>\n<div class=\"mdjComplements\">Que la terre a besoin de n\u2019importe lesquels d\u2019entre ses fils. Les plus humbles.<\/div>\n<div class=\"mdjComplements\">L\u2019Ombre gagne.<\/div>\n<div class=\"mdjComplements\"><strong>Ah ! Tout l\u2019espoir n\u2019est pas de trop pour regarder [le si\u00e8cle] en face !<\/strong><\/div>\n<div class=\"mdjComplements\">Les hommes de bonne volont\u00e9 feront au monde une nouvelle lumi\u00e8re, mais il n\u2019est plus temps de parasiter le monde, c\u2019est de le sauver plut\u00f4t qu\u2019il s\u2019agit.<\/div>\n<div class=\"mdjComplements\">Il est temps de se ceindre les reins comme un vaillant homme. \u00bb\u00a0\u00bb<\/div>\n","protected":false},"excerpt":{"rendered":"<p>Jeudi 23 octobre 2014 \u00ab\u00a0\u00ab\u00a0Nous sommes responsable de notre libert\u00e9[&#8230;] Disons non, tous ensemble, \u00e0 l&rsquo;ombre et femmes et hommes de bonne volont\u00e9 inventons une nouvelle lumi\u00e8re\u00a0\u00bb Edwy Plenel Lundi 6 octobre \u00e0 18h30 en salle Roger-Planchon, le TNP a<\/p>\n","protected":false},"author":1,"featured_media":0,"comment_status":"closed","ping_status":"closed","sticky":false,"template":"","format":"standard","meta":{"footnotes":""},"categories":[1],"tags":[],"class_list":["post-878","post","type-post","status-publish","format-standard","hentry","category-motdujour"],"_links":{"self":[{"href":"https:\/\/lemotdujour.fr\/index.php?rest_route=\/wp\/v2\/posts\/878","targetHints":{"allow":["GET"]}}],"collection":[{"href":"https:\/\/lemotdujour.fr\/index.php?rest_route=\/wp\/v2\/posts"}],"about":[{"href":"https:\/\/lemotdujour.fr\/index.php?rest_route=\/wp\/v2\/types\/post"}],"author":[{"embeddable":true,"href":"https:\/\/lemotdujour.fr\/index.php?rest_route=\/wp\/v2\/users\/1"}],"replies":[{"embeddable":true,"href":"https:\/\/lemotdujour.fr\/index.php?rest_route=%2Fwp%2Fv2%2Fcomments&post=878"}],"version-history":[{"count":1,"href":"https:\/\/lemotdujour.fr\/index.php?rest_route=\/wp\/v2\/posts\/878\/revisions"}],"predecessor-version":[{"id":879,"href":"https:\/\/lemotdujour.fr\/index.php?rest_route=\/wp\/v2\/posts\/878\/revisions\/879"}],"wp:attachment":[{"href":"https:\/\/lemotdujour.fr\/index.php?rest_route=%2Fwp%2Fv2%2Fmedia&parent=878"}],"wp:term":[{"taxonomy":"category","embeddable":true,"href":"https:\/\/lemotdujour.fr\/index.php?rest_route=%2Fwp%2Fv2%2Fcategories&post=878"},{"taxonomy":"post_tag","embeddable":true,"href":"https:\/\/lemotdujour.fr\/index.php?rest_route=%2Fwp%2Fv2%2Ftags&post=878"}],"curies":[{"name":"wp","href":"https:\/\/api.w.org\/{rel}","templated":true}]}}