{"id":876,"date":"2014-10-22T02:00:00","date_gmt":"2014-10-21T22:00:00","guid":{"rendered":"http:\/\/lemotdujour.fr\/?p=876"},"modified":"2018-11-17T11:56:08","modified_gmt":"2018-11-17T10:56:08","slug":"mercredi-22-octobre-2014","status":"publish","type":"post","link":"https:\/\/lemotdujour.fr\/?p=876","title":{"rendered":"Mercredi 22 octobre 2014"},"content":{"rendered":"<div class=\"mdjDate\">Mercredi 22 octobre 2014<\/div>\n<div class=\"mdjTexte\">\u00ab\u00a0l&rsquo;essentiel est que nous agissions selon notre id\u00e9al,<br \/>\nque nous donnions notre force d&rsquo;un jour \u00e0 ce que nous croyons la justice,<br \/>\net que nous fassions \u0153uvre d&rsquo;hommes en attendant d&rsquo;\u00eatre couch\u00e9s \u00e0 jamais dans le silence de la nuit\u00a0\u00bb<\/div>\n<div class=\"mdjAuteur\">Jean Jaur\u00e8s<\/div>\n<div class=\"mdjComplements\">Toujours, encore, Jaur\u00e8s, surtout pour un mot rayonnant, un mot d&rsquo;espoir, un mot de courage.<\/div>\n<div class=\"mdjComplements\">Dans <a href=\"http:\/\/www.mediapart.fr\/journal\/france\/310714\/pourquoi-ont-ils-tue-jaures-notre-emission\">une \u00e9mission d&rsquo;une heure de Mediapart<\/a> (r\u00e9serv\u00e9 aux abonn\u00e9s) sur le sujet \u00ab\u00a0Pourquoi ont-ils tu\u00e9 Jaur\u00e8s\u00a0\u00bb, un texte a \u00e9t\u00e9 \u00e9voqu\u00e9 que Jaur\u00e8s a prononc\u00e9 \u00e0 l&rsquo;Assembl\u00e9e Nationale en 1895 o\u00f9 il \u00e9voque sa fin et o\u00f9 il prononce cette phrase pr\u00e9monitoire que je choisis comme mot du jour d&rsquo;aujourd&rsquo;hui.<\/div>\n<div class=\"mdjComplements\">Extrait publi\u00e9 par Mediapart :\u00a0ce texte pr\u00e9monitoire de Jaur\u00e8s en 1895\u00a0:<\/div>\n<div class=\"mdjCiter\">\u00ab\u00a0Un jour viendra peut-\u00eatre o\u00f9 nous serons abattus pr\u00e9cis\u00e9ment par un de ceux que nous voulons affranchir.<\/div>\n<div class=\"mdjCiter\">C&rsquo;est du m\u00eame peuple souffrant que sortent, selon le vent qui souffle, les violences des r\u00e9volutions ou les violences des r\u00e9actions, et la m\u00eame mer, brisant les navires qui se combattent, en a plus d&rsquo;une fois r\u00e9concili\u00e9 les d\u00e9bris dans ses profondeurs.<\/div>\n<div class=\"mdjCiter\">Qu&rsquo;importe apr\u00e8s tout\u00a0!<\/div>\n<div class=\"mdjCiter\">L&rsquo;essentiel n&rsquo;est pas qu&rsquo;\u00e0 travers les innombrables accidents de la vie nous soyons \u00e9pargn\u00e9s par la faveur des hommes ou par la gr\u00e2ce des choses\u00a0; l&rsquo;essentiel est que nous agissions selon notre id\u00e9al, que nous donnions notre force d&rsquo;un jour \u00e0 ce que nous croyons la justice, et que nous fassions \u0153uvre d&rsquo;hommes en attendant d&rsquo;\u00eatre couch\u00e9s \u00e0 jamais dans le silence de la nuit.\u00a0\u00bb<\/div>\n","protected":false},"excerpt":{"rendered":"<p>Mercredi 22 octobre 2014 \u00ab\u00a0l&rsquo;essentiel est que nous agissions selon notre id\u00e9al, que nous donnions notre force d&rsquo;un jour \u00e0 ce que nous croyons la justice, et que nous fassions \u0153uvre d&rsquo;hommes en attendant d&rsquo;\u00eatre couch\u00e9s \u00e0 jamais dans le<\/p>\n","protected":false},"author":1,"featured_media":0,"comment_status":"closed","ping_status":"closed","sticky":false,"template":"","format":"standard","meta":{"footnotes":""},"categories":[1],"tags":[15,3,112],"class_list":["post-876","post","type-post","status-publish","format-standard","hentry","category-motdujour","tag-france","tag-politique","tag-socialisme"],"_links":{"self":[{"href":"https:\/\/lemotdujour.fr\/index.php?rest_route=\/wp\/v2\/posts\/876","targetHints":{"allow":["GET"]}}],"collection":[{"href":"https:\/\/lemotdujour.fr\/index.php?rest_route=\/wp\/v2\/posts"}],"about":[{"href":"https:\/\/lemotdujour.fr\/index.php?rest_route=\/wp\/v2\/types\/post"}],"author":[{"embeddable":true,"href":"https:\/\/lemotdujour.fr\/index.php?rest_route=\/wp\/v2\/users\/1"}],"replies":[{"embeddable":true,"href":"https:\/\/lemotdujour.fr\/index.php?rest_route=%2Fwp%2Fv2%2Fcomments&post=876"}],"version-history":[{"count":2,"href":"https:\/\/lemotdujour.fr\/index.php?rest_route=\/wp\/v2\/posts\/876\/revisions"}],"predecessor-version":[{"id":5732,"href":"https:\/\/lemotdujour.fr\/index.php?rest_route=\/wp\/v2\/posts\/876\/revisions\/5732"}],"wp:attachment":[{"href":"https:\/\/lemotdujour.fr\/index.php?rest_route=%2Fwp%2Fv2%2Fmedia&parent=876"}],"wp:term":[{"taxonomy":"category","embeddable":true,"href":"https:\/\/lemotdujour.fr\/index.php?rest_route=%2Fwp%2Fv2%2Fcategories&post=876"},{"taxonomy":"post_tag","embeddable":true,"href":"https:\/\/lemotdujour.fr\/index.php?rest_route=%2Fwp%2Fv2%2Ftags&post=876"}],"curies":[{"name":"wp","href":"https:\/\/api.w.org\/{rel}","templated":true}]}}