{"id":8758,"date":"2020-05-04T02:41:00","date_gmt":"2020-05-04T00:41:00","guid":{"rendered":"http:\/\/lemotdujour.fr\/?p=8758"},"modified":"2020-06-11T23:27:18","modified_gmt":"2020-06-11T21:27:18","slug":"lundi-4-mai-2020","status":"publish","type":"post","link":"https:\/\/lemotdujour.fr\/?p=8758","title":{"rendered":"Lundi 4 mai 2020"},"content":{"rendered":"<div class=\"mdjTexte\">\u00abLa revue XXI\u00bb<\/div>\n<div class=\"mdjAuteur\">Mook fond\u00e9 par Laurent Beccaria et Patrick de Saint-Exup\u00e9ry<\/div>\n<p><span style=\"color: #777777; font-family: Arial;\">Sortons r\u00e9solument de l&rsquo;actualit\u00e9 et du bruit m\u00e9diatique.<br \/>\n<\/span><\/p>\n<p><img loading=\"lazy\" decoding=\"async\" class=\"alignleft\" src=\"https:\/\/lemotdujour.fr\/wp-content\/uploads\/2020\/05\/050320_1832_Lundi4mai201.jpg\" alt=\"\" width=\"295\" height=\"369\" align=\"left\" \/><span style=\"color: #777777; font-family: Arial;\">Un jour une amie, lectrice du mot du jour, est venue \u00e0 la maison avec un livre.<br \/>\n<\/span><\/p>\n<p><span style=\"color: #777777; font-family: Arial;\">Elle nous a dit que ce livre pourrait nous int\u00e9resser Annie comme moi et que je pourrais m\u00eame y trouver mati\u00e8re \u00e0 mot du jour.<br \/>\n<\/span><\/p>\n<p><span style=\"color: #777777; font-family: Arial;\">C&rsquo;\u00e9tait il y a d\u00e9j\u00e0 longtemps, probablement en 2017.<br \/>\n<\/span><\/p>\n<p><span style=\"color: #777777; font-family: Arial;\">Il a fallu le temps de la maturation pour suivre ce sage conseil.<br \/>\n<\/span><\/p>\n<p><span style=\"color: #777777; font-family: Arial;\">Ce livre a pour titre \u00ab\u00a0<a href=\"https:\/\/livre.fnac.com\/a9911955\/Collectif-Comprendre-le-monde-les-entretiens-de-XXI\"><strong><span style=\"color: #0000ff;\">Comprendre le monde<\/span>\u00a0<\/strong><\/a>\u00bb, il se trouve encore mais difficilement.<br \/>\n<\/span><\/p>\n<p><span style=\"color: #777777; font-family: Arial;\">Ce titre fait sens avec l&rsquo;exergue g\u00e9n\u00e9ral que j&rsquo;ai mis sur la page d&rsquo;accueil de mon blog : <\/span><span style=\"color: #777777; font-family: Arial;\">\u00ab\u00a0<strong>Comprendre le monde c&rsquo;est d\u00e9j\u00e0 le transformer<\/strong>\u00a0\u00bb<br \/>\n<\/span><\/p>\n<p><span style=\"color: #777777; font-family: Arial;\">Cette phrase n&rsquo;est pas de moi, mais de Guillaume Erner lors de sa premi\u00e8re \u00e9mission \u00ab Des matins de France Culture \u00bb, le 31 ao\u00fbt 2015, lorsqu&rsquo;il a remplac\u00e9 Marc Voinchet qui venait d&rsquo;\u00eatre nomm\u00e9 Directeur de France Musique. <\/span><span style=\"color: #777777; font-family: Arial;\">J&rsquo;en avais d&rsquo;abord fait un mot du jour, &lt;<a href=\"https:\/\/lemotdujour.fr\/?p=1228\"><span style=\"color: #0000ff;\">le 9 septembre 2015<\/span><\/a>&gt;.<br \/>\n<\/span><\/p>\n<p><span style=\"color: #777777; font-family: Arial;\">Le livre \u00ab\u00a0<strong>Comprendre le monde<\/strong>\u00a0\u00bb a pour sous-titre \u00ab\u00a0<strong>Les grands entretiens de la revue XXI<\/strong>\u00a0\u00bb<br \/>\n<\/span><\/p>\n<p><span style=\"color: #777777; font-family: Arial;\"><strong>\u00ab\u00a0XXI\u00a0\u00bb<\/strong> est une revue trimestrielle fran\u00e7aise de journalisme de r\u00e9cit. Elle a \u00e9t\u00e9 cr\u00e9\u00e9e en janvier 2008.<br \/>\n<\/span><\/p>\n<p><span style=\"color: #777777; font-family: Arial;\">C&rsquo;est plut\u00f4t un livre qu&rsquo;un journal, elle est vendue en librairie et sur abonnement.<br \/>\n<\/span><\/p>\n<p><span style=\"color: #777777; font-family: Arial;\">Ce concept a \u00e9t\u00e9 d\u00e9sign\u00e9 sous le nom de \u00ab\u00a0<strong>Mook<\/strong>\u00a0\u00bb, (contraction de \u00ab\u00a0magazine\u00a0\u00bb et de \u00ab\u00a0book\u00a0\u00bb, livre en anglais).<br \/>\n<\/span><\/p>\n<p><span style=\"color: #777777; font-family: Arial;\">Le nom de la revue, XXI, fait r\u00e9f\u00e9rence au XXIe si\u00e8cle. <\/span><span style=\"color: #777777; font-family: Arial;\">Selon Wikipedia, elle est diffus\u00e9e \u00e0 22 000 exemplaires en moyenne.<br \/>\n<\/span><\/p>\n<p><span style=\"color: #777777; font-family: Arial;\">Le choix est celui de la qualit\u00e9 et du refus de la publicit\u00e9. <\/span><span style=\"color: #777777; font-family: Arial;\">Chaque tome est vendu 16 euros.<br \/>\n<\/span><\/p>\n<p><span style=\"color: #777777; font-family: Arial;\">Pour ses fondateurs Laurent Beccaria et Patrick de Saint-Exup\u00e9ry\u00a0:<br \/>\n<\/span><\/p>\n<p style=\"margin-left: 28pt;\"><span style=\"color: #c00000; font-family: Arial;\">\u00ab L&rsquo;id\u00e9e \u00e9tait de rassembler le meilleur du journalisme avec le meilleur de l&rsquo;\u00e9dition\u00a0\u00bb4 sur le mod\u00e8le des grands reportages am\u00e9ricains du New Yorker et de Vanity Fair \u00bb.<br \/>\n<\/span><\/p>\n<p><span style=\"color: #777777; font-family: Arial;\">La propri\u00e9t\u00e9 de la revue a \u00e9volu\u00e9 depuis 2008 elle est d\u00e9sormais associ\u00e9e \u00e0 l&rsquo;\u00e9diteur Le Seuil.<br \/>\n<\/span><\/p>\n<p><span style=\"color: #777777; font-family: Arial;\">&lt;<span style=\"color: #0000ff;\"><a style=\"color: #0000ff;\" href=\"https:\/\/www.telerama.fr\/idees\/la-revue-xxi-un-succes-de-presse-peu-commun,29277.php\">TELERAMA<\/a><\/span>&gt; a salu\u00e9 le lancement de cette revue par un article \u00e9logieux\u00a0:<br \/>\n<\/span><\/p>\n<p><img loading=\"lazy\" decoding=\"async\" class=\"alignleft\" src=\"https:\/\/lemotdujour.fr\/wp-content\/uploads\/2020\/05\/050320_1832_Lundi4mai202.jpg\" alt=\"\" width=\"291\" height=\"196\" align=\"left\" \/><span style=\"color: #c00000; font-family: Arial; font-size: 9pt;\"><strong>XXI N\u00b029<span style=\"color: #777777;\"><br \/>\n<\/span><\/strong><\/span><\/p>\n<p style=\"margin-left: 28pt;\"><span style=\"color: #c00000; font-family: Arial;\">\u00ab\u00a0Mais il y a aussi de bonnes nouvelles. Et m\u00eame de tr\u00e8s bonnes surprises venant de la presse magazine comme le succ\u00e8s d&rsquo;une jeune revue atypique \u00ab XXI \u00bb (Vingt et un). Succ\u00e8s qu&rsquo;aucun sp\u00e9cialiste du marketing et aucun \u00e9diteur de presse n&rsquo;auraient pr\u00e9dit. Imaginez : un magazine papier, sans publicit\u00e9, diffus\u00e9 en librairie et exceptionnellement en kiosque, \u00e0 la p\u00e9riodicit\u00e9 compliqu\u00e9e (trimestrielle) et qui offre des reportages et des enqu\u00eates, du r\u00e9cit long, d\u00e9passant souvent les dix ou douze pages !<br \/>\n<\/span><\/p>\n<p style=\"margin-left: 28pt;\"><span style=\"color: #c00000; font-family: Arial;\">[&#8230;]\u00a0 Avec son go\u00fbt pour le r\u00e9cit, cette revue qui fait facilement tomber ses lecteurs dans l&rsquo;addiction est n\u00e9e de la rencontre de Patrick de Saint-Exup\u00e9ry avec l&rsquo;\u00e9diteur Laurent Beccaria. Directeur et fondateur des Ar\u00e8nes, ce dernier aime prendre des risques et publier \u00e0 contre-courant, qu&rsquo;il s&rsquo;agisse de Denis Robert ou d&rsquo;Eva Joly.<br \/>\nLes amateurs de g\u00e9n\u00e9alogie iront rechercher les lointains anc\u00eatres de XXI dans la famille du d\u00e9funt <em>L&rsquo;Autre journal <\/em>de Michel Butel, du <em>New Yorker<\/em> ou m\u00eame de la presse populaire qui diffusait, en feuilletons, au d\u00e9but du XX<sup>e<\/sup>, les grands reportages d&rsquo;Albert Londres. Peu importe. La le\u00e7on de XXI est qu&rsquo;un journal de journalistes, n\u00e9 sur une intuition, sans penser produit marketing ni c\u0153ur de cible, semble avoir r\u00e9ussi son pari\u00a0\u00bb<br \/>\n<\/span><\/p>\n<p><span style=\"color: #777777; font-family: Arial;\">Jusqu&rsquo;en 2020 le sous-titre \u00e9tait \u00ab <strong>L&rsquo;information grand format<\/strong> \u00bb. Elle est d\u00e9sormais sous-titr\u00e9e \u00ab <strong>Dans l&rsquo;intimit\u00e9 du si\u00e8cle<\/strong> \u00bb, cela correspond \u00e0 une nouvelle formule lanc\u00e9e le 10 janvier 2020.<br \/>\n<\/span><\/p>\n<p><span style=\"color: #777777; font-family: Arial;\">Lors de ce lancement, le magazine \u00ab\u00a0<a href=\"https:\/\/www.lesinrocks.com\/2020\/01\/10\/actualite\/medias-actualite\/la-revue-xxi-debarque-avec-une-nouvelle-formule-soignee\/\"><span style=\"color: #0000ff;\">Les Inrocks\u00a0<\/span><\/a>\u00bb a consacr\u00e9 un article \u00e0 cette nouvelle formule\u00a0:<br \/>\n<\/span><\/p>\n<p><img loading=\"lazy\" decoding=\"async\" class=\" wp-image-8762 alignleft\" src=\"https:\/\/lemotdujour.fr\/wp-content\/uploads\/2020\/05\/050320_1832_Lundi4mai203.jpg\" alt=\"\" width=\"290\" height=\"195\" srcset=\"https:\/\/lemotdujour.fr\/wp-content\/uploads\/2020\/05\/050320_1832_Lundi4mai203.jpg 432w, https:\/\/lemotdujour.fr\/wp-content\/uploads\/2020\/05\/050320_1832_Lundi4mai203-300x201.jpg 300w\" sizes=\"auto, (max-width: 290px) 100vw, 290px\" \/><span style=\"color: #c00000; font-family: Arial;\"><span style=\"font-size: 9pt;\"><strong>XXI N\u00b046<\/strong><\/span><span style=\"color: #777777;\"><br \/>\n<\/span><\/span><\/p>\n<p style=\"margin-left: 28pt;\"><span style=\"color: #c00000; font-family: Arial;\">\u00ab\u00a0A son lancement il \u00e9tait un ovni, une exception. Bref, un objet surprenant et innovant. Mais douze ans plus tard, il fallait se rendre \u00e0 l&rsquo;\u00e9vidence\u2009: XXI n&rsquo;est plus la seule revue grand format. Plus d&rsquo;un an apr\u00e8s son rachat, ce trimestriel lance alors sa nouvelle formule ce vendredi 10 janvier. Exit \u00ab\u00a0L&rsquo;information grand format\u00a0\u00bb, et bienvenue \u00ab\u00a0Dans l&rsquo;intimit\u00e9 du si\u00e8cle\u00a0\u00bb, nous dit le sous-titre. \u00ab\u00a0XXI c&rsquo;est avant tout une revue trimestrielle, sans publicit\u00e9, qui raconte des histoires avec des reportages et des histoires incarn\u00e9es humaines, \u00e0 hauteur d&rsquo;hommes\u00a0\u00bb, r\u00e9sument les r\u00e9dactrices en chef L\u00e9na Mauger et Marion Quillard.<br \/>\n<\/span><\/p>\n<p style=\"margin-left: 28pt;\"><span style=\"color: #c00000; font-family: Arial;\">Fond\u00e9 en 2008 [ce mook] recevait un bel accueil m\u00e9diatique. Et pour cause, dans un milieu confront\u00e9 \u00e0 un manque de moyens, et o\u00f9 l&rsquo;uniformisation de l&rsquo;information devient la r\u00e8gle, l&rsquo;objet fascine les journalistes.<br \/>\n<\/span><\/p>\n<p style=\"margin-left: 28pt;\"><span style=\"color: #c00000; font-family: Arial;\">Du slow m\u00e9dia dans un secteur devant toujours faire plus vite, le pari \u00e9tait lanc\u00e9 avec cette revue ind\u00e9pendante privil\u00e9giant les reportages de terrain au long cours et une \u00e9criture soign\u00e9e via des sujets \u00e9loign\u00e9s d&rsquo;une actualit\u00e9 sur laquelle tout le monde a les yeux riv\u00e9s. Le tout vendu en librairies (16 euros), et donc lib\u00e9r\u00e9 des contraintes des circuits de diffusion de la presse \u00e9crite.<br \/>\n<\/span><\/p>\n<p style=\"margin-left: 28pt;\"><span style=\"color: #c00000; font-family: Arial;\">XXI reste encore aujourd&rsquo;hui un bel objet. Avec sa maquette, ses illustrations et ses photos \u00e9l\u00e9gantes, le mook attaque directement par le vif du sujet\u2009: son article de Une.[&#8230;]. Petite nouveaut\u00e9\u2009: les formats courts du d\u00e9but sont supprim\u00e9s au profit d&rsquo;articles qui nourrissent les grands formats et permettent d&rsquo;aller plus loin.<\/span><span style=\"color: #c00000; font-family: Arial;\">\u00bb<br \/>\n<\/span><\/p>\n<p><span style=\"color: #777777; font-family: Arial;\">Selon cet article la revue compte 8 000 abonn\u00e9s et se vend \u00e0 22 000 exemplaires.<br \/>\n<\/span><\/p>\n<p><span style=\"color: #777777; font-family: Arial;\"><img loading=\"lazy\" decoding=\"async\" class=\" wp-image-8785 alignleft\" src=\"https:\/\/lemotdujour.fr\/wp-content\/uploads\/2020\/05\/XXI-acheter-votre-nationalit\u00e9.png\" alt=\"\" width=\"291\" height=\"196\" \/>&lt;<a href=\"https:\/\/www.revue21.fr\/tous_les_numeros\/\"><span style=\"color: #0000ff;\">Le dernier num\u00e9ro<\/span><\/a>&gt; porte le num\u00e9ro 50 et a pour sujet \u00ab\u00a0<strong>Achetez votre nationalit\u00e9 pr\u00e9f\u00e9r\u00e9e<\/strong>\u00a0\u00bb.<br \/>\n<\/span><\/p>\n<p><span style=\"color: #777777; font-family: Arial;\">L&rsquo;\u00e9dito de <strong>L\u00e9na Mauger<\/strong> qui me semble d&rsquo;une grande pertinence est en acc\u00e8s libre. Je le partage ci-apr\u00e8s\u00a0:<br \/>\n<\/span><\/p>\n<p style=\"margin-left: 28pt;\"><span style=\"color: #c00000; font-family: Arial;\">\u00ab\u00a0Je m&rsquo;amuse toujours de l&rsquo;\u00e9tonnement des jeunes, quand je leur raconte qu&rsquo;avant 1914 je voyageais en Inde et en Am\u00e9rique sans poss\u00e9der de passeport, sans m\u00eame en avoir jamais vu un \u00bb, raconte Stefan Zweig dans Le Monde d&rsquo;hier, Souvenirs d&rsquo;un Europ\u00e9en, chef-d&rsquo;\u0153uvre \u00e9crit \u00e0 la veille de son suicide au Br\u00e9sil, o\u00f9 l&rsquo;\u00e9crivain autrichien, d\u00e9poss\u00e9d\u00e9 de sa nationalit\u00e9, s&rsquo;\u00e9tait r\u00e9fugi\u00e9 pour fuir le nazisme. Aujourd&rsquo;hui, un Fran\u00e7ais peut se rendre sans visa dans 164 pays, un Syrien, dans 37, un Afghan, dans 30. Se d\u00e9placer, voyager est un marqueur de puissance, de richesse, de pouvoir. Et le passeport pourrait \u00eatre l&rsquo;all\u00e9gorie d&rsquo;un monde globalis\u00e9 divis\u00e9 entre ceux qui peuvent se payer le luxe d&rsquo;aller partout, et ceux qui ne vont nulle part. Ce num\u00e9ro de XXI explore des lignes de fracture \u00e0 travers des histoires vraies sans fronti\u00e8res. En Australie, o\u00f9 l&rsquo;eau est d\u00e9sormais cot\u00e9e en Bourse, le march\u00e9 a gagn\u00e9 et les agriculteurs trinquent. En Arabie Saoudite, le prince h\u00e9ritier se repose sur un yacht \u00e0 un demi-milliard de dollars alors que les caisses de son royaume sont presque vides. En France, la mer engloutit des marins pay\u00e9s 3 euros de l&rsquo;heure, et des invisibles, des oubli\u00e9s, saisis dans l&rsquo;objectif d&rsquo;un photographe, se privent pour nourrir leurs enfants. \u00c0 d\u00e9faut de pouvoir leur offrir des visas pour un monde plus juste, XXI leur donne un visage.\u00a0\u00bb<br \/>\n<\/span><\/p>\n<p><span style=\"color: #777777; font-family: Arial;\">La revue XXI a bien sur un site sur lequel vous pouvez acheter un num\u00e9ro ou vous abonner\u00a0: <a href=\"https:\/\/www.revue21.fr\/\"><span style=\"color: #0000ff;\">https:\/\/www.revue21.fr\/<\/span><\/a><br \/>\n<\/span><\/p>\n<p><span style=\"color: #777777; font-family: Arial;\">&lt;<a href=\"https:\/\/www.revue21.fr\/tous_les_numeros\/\"><span style=\"color: #0000ff;\">Ici vous trouverez tous les num\u00e9ros d\u00e9j\u00e0 parus<\/span><\/a>&gt;<br \/>\n<\/span><\/p>\n<p><span style=\"color: #777777; font-family: Arial;\">Pour ma part, \u00e0 partir de demain je reviendrai sur un certain nombre d&rsquo;articles qui date des 8 premi\u00e8res ann\u00e9es de cette revue.<br \/>\n<\/span><\/p>\n<p><a href=\"https:\/\/livre.fnac.com\/a9911955\/Collectif-Comprendre-le-monde-les-entretiens-de-XXI\"><img loading=\"lazy\" decoding=\"async\" class=\"alignright\" src=\"https:\/\/lemotdujour.fr\/wp-content\/uploads\/2020\/05\/050320_1832_Lundi4mai204.jpg\" alt=\"\" width=\"220\" height=\"287\" align=\"left\" border=\"0\" \/><\/a><span style=\"color: #777777; font-family: Arial;\">Ce livre est, en effet, paru fin 2016.<br \/>\n<\/span><\/p>\n<p><span style=\"color: #777777; font-family: Arial;\">Ce livre reprend donc de grands entretiens d&rsquo;\u00e9crivains, photographes, militants, historiens ou scientifiques&#8230;<br \/>\n<\/span><\/p>\n<p><span style=\"color: #777777; font-family: Arial;\">Ils ont 30 comme 90 ans. Ils viennent d&rsquo;Europe, d&rsquo;Asie, d&rsquo;Am\u00e9rique ou d&rsquo;Afrique.<br \/>\n<\/span><\/p>\n<p><span style=\"color: #777777; font-family: Arial;\">Ils ont pour nom <\/span><span style=\"color: #777777; font-family: Arial;\">Xu Ge Fe\u00ef, <\/span><span style=\"color: #777777; font-family: Arial;\">Raymond Depardon, <\/span><span style=\"color: #777777; font-family: Arial;\">Amin Maalouf, <\/span><span style=\"color: #777777; font-family: Arial;\">Michelle Perrot,<\/span><span style=\"color: #777777; font-family: Arial;\">Tobie Nathan,<\/span> <span style=\"color: #777777; font-family: Arial;\">Vandana Shiva, <\/span><span style=\"color: #777777; font-family: Arial;\">Bronislaw Geremek&#8230;<\/span><span style=\"color: #777777; font-family: Arial;\">et d&rsquo;autres encore.<br \/>\n<\/span><\/p>\n<p><span style=\"color: #777777; font-family: Arial;\">A partir de demain, je vais vous inviter \u00e0 partager leurs r\u00e9flexions, leurs histoires, leurs analyses et souvent leurs histoires.<br \/>\n<\/span><\/p>\n<p><span style=\"color: maroon; font-family: Arial;\">&lt;1414&gt;<\/span><\/p>\n","protected":false},"excerpt":{"rendered":"<p>\u00abLa revue XXI\u00bb Mook fond\u00e9 par Laurent Beccaria et Patrick de Saint-Exup\u00e9ry Sortons r\u00e9solument de l&rsquo;actualit\u00e9 et du bruit m\u00e9diatique. Un jour une amie, lectrice du mot du jour, est venue \u00e0 la maison avec un livre. Elle nous a<\/p>\n","protected":false},"author":1,"featured_media":0,"comment_status":"open","ping_status":"closed","sticky":false,"template":"","format":"standard","meta":{"footnotes":""},"categories":[1],"tags":[107,55,89],"class_list":["post-8758","post","type-post","status-publish","format-standard","hentry","category-motdujour","tag-culture","tag-idees","tag-media"],"_links":{"self":[{"href":"https:\/\/lemotdujour.fr\/index.php?rest_route=\/wp\/v2\/posts\/8758","targetHints":{"allow":["GET"]}}],"collection":[{"href":"https:\/\/lemotdujour.fr\/index.php?rest_route=\/wp\/v2\/posts"}],"about":[{"href":"https:\/\/lemotdujour.fr\/index.php?rest_route=\/wp\/v2\/types\/post"}],"author":[{"embeddable":true,"href":"https:\/\/lemotdujour.fr\/index.php?rest_route=\/wp\/v2\/users\/1"}],"replies":[{"embeddable":true,"href":"https:\/\/lemotdujour.fr\/index.php?rest_route=%2Fwp%2Fv2%2Fcomments&post=8758"}],"version-history":[{"count":7,"href":"https:\/\/lemotdujour.fr\/index.php?rest_route=\/wp\/v2\/posts\/8758\/revisions"}],"predecessor-version":[{"id":9155,"href":"https:\/\/lemotdujour.fr\/index.php?rest_route=\/wp\/v2\/posts\/8758\/revisions\/9155"}],"wp:attachment":[{"href":"https:\/\/lemotdujour.fr\/index.php?rest_route=%2Fwp%2Fv2%2Fmedia&parent=8758"}],"wp:term":[{"taxonomy":"category","embeddable":true,"href":"https:\/\/lemotdujour.fr\/index.php?rest_route=%2Fwp%2Fv2%2Fcategories&post=8758"},{"taxonomy":"post_tag","embeddable":true,"href":"https:\/\/lemotdujour.fr\/index.php?rest_route=%2Fwp%2Fv2%2Ftags&post=8758"}],"curies":[{"name":"wp","href":"https:\/\/api.w.org\/{rel}","templated":true}]}}