{"id":8721,"date":"2020-05-01T03:25:00","date_gmt":"2020-05-01T01:25:00","guid":{"rendered":"http:\/\/lemotdujour.fr\/?p=8721"},"modified":"2020-04-30T23:48:15","modified_gmt":"2020-04-30T21:48:15","slug":"vendredi-1er-mai-2020","status":"publish","type":"post","link":"https:\/\/lemotdujour.fr\/?p=8721","title":{"rendered":"Vendredi 1er mai 2020"},"content":{"rendered":"<div class=\"mdjTexte\">\u00abMais nous, dis, nous resterons tendres\u00a0?<br \/>\nOn va pas se faire avaler !\u00bb<\/div>\n<div class=\"mdjAuteur\">Sophie Fontanel, lettre \u00e0 son fr\u00e8re<\/div>\n<p><strong><span style=\"color: #ff6600;\"><em>Mot de jour sp\u00e9cial pendant la p\u00e9riode de confinement suite \u00e0 la pand\u00e9mie du COVID-19<\/em><\/span><\/strong><\/p>\n<p><span style=\"color: #777777; font-family: Arial;\">Nous sommes le 1er mai. Je n&rsquo;\u00e9cris jamais de mot du jour le 1er mai, ni les autres jours f\u00e9ri\u00e9s, ni les week ends.<br \/>\n<\/span><\/p>\n<p><span style=\"color: #777777; font-family: Arial;\">Mais depuis Samedi 28 mars et sur une suggestion de Jean-Fran\u00e7ois, j&rsquo;\u00e9cris aussi ces jours, pendant cette p\u00e9riode de confinement. <\/span><span style=\"color: #777777; font-family: Arial;\">J&rsquo;arr\u00eaterai cette pratique probablement apr\u00e8s le 11 mai, pour reposer l&rsquo;esprit, la plume et l&rsquo;inspiration.<br \/>\n<\/span><\/p>\n<p><img loading=\"lazy\" decoding=\"async\" class=\"alignleft\" src=\"https:\/\/lemotdujour.fr\/wp-content\/uploads\/2020\/04\/043020_2125_Vendredi1er1.jpg\" alt=\"\" width=\"317\" height=\"237\" align=\"left\" \/><span style=\"color: #777777; font-family: Arial;\">Augustin Trapenard continue sur France Inter, chaque matin \u00e0 neuf heures moins 5, \u00e0 lire une lettre que lui a envoy\u00e9e un \u00e9crivain ou un artiste dans sa chronique\u00a0: &lt;<a href=\"https:\/\/www.franceinter.fr\/emissions\/lettres-d-interieur-par-augustin-trapenard\"><span style=\"color: #0000ff;\">Lettres d&rsquo;int\u00e9rieur<\/span><\/a>&gt;.<br \/>\n<\/span><\/p>\n<p><span style=\"color: #777777; font-family: Arial;\">J&rsquo;ai partag\u00e9 le samedi 4 avril la <a href=\"https:\/\/www.franceinter.fr\/emissions\/lettres-d-interieur\/lettres-d-interieur-02-avril-2020\"><span style=\"color: #0000ff;\">lettre de l&rsquo;\u00e9crivain alg\u00e9rien Yasmina Khadra<\/span><\/a> \u00e0 sa m\u00e8re d\u00e9c\u00e9d\u00e9e et le dimanche 19 avril la lettre d&rsquo;un autre \u00e9crivain Wajdi Mouawad \u00e0 son fils : \u00ab\u00a0<a href=\"https:\/\/www.franceinter.fr\/emissions\/lettres-d-interieur\/lettres-d-interieur-13-avril-2020\"><span style=\"color: #0000ff;\">Donne du courage autour de toi et n&rsquo;accepte jamais ce qui te r\u00e9vulse\u2026<\/span>\u00a0<\/a><span style=\"color: blue;\">\u00bb<span style=\"color: #777777;\"><br \/>\n<\/span><\/span><\/span><\/p>\n<p><span style=\"color: #777777; font-family: Arial;\">Cette fois c&rsquo;est la lettre d&rsquo;une \u00e9crivaine \u00e0 son fr\u00e8re\u00a0: \u00ab\u00a0<a href=\"https:\/\/www.franceinter.fr\/emissions\/lettres-d-interieur\/lettres-d-interieur-17-avril-2020\"><span style=\"color: #0000ff;\">Tu t&rsquo;en souviens tr\u00e8s bien je pense, de la chambre de notre enfance&#8230;\u00a0<\/span><\/a>\u00bb<br \/>\n<\/span><\/p>\n<p><span style=\"color: #777777; font-family: Arial;\">Cette lettre a \u00e9t\u00e9 lue le vendredi 17 avril, il y a deux semaines.<br \/>\n<\/span><\/p>\n<p><span style=\"color: #777777; font-family: Arial;\">L&rsquo;\u00e9crivaine qui est aussi journaliste s&rsquo;appelle Sophie Fontanel.<br \/>\n<\/span><\/p>\n<p><span style=\"color: #777777; font-family: Arial;\">Sophie Fontanel est issue d&rsquo;une famille d&rsquo;origine arm\u00e9nienne.<a href=\"https:\/\/fr.wikipedia.org\/wiki\/Sophie_Fontanel\"><sup>, <\/sup><span style=\"color: #0000ff;\">Actuellement elle est journaliste \u00e0 l&rsquo;Obs<\/span>.<br \/>\n<\/a><\/span><span style=\"color: #777777; font-family: Arial;\">Elle est n\u00e9e en 1962 et publie des livres depuis 1995. <\/span><span style=\"color: #777777; font-family: Arial;\">En tant que journaliste elle est sp\u00e9cialiste de la mode.<br \/>\n<\/span><\/p>\n<p><span style=\"color: #777777; font-family: Arial;\">Elle exprime des positions qui me plaisent. Ainsi, elle \u00e9voque cette incongruit\u00e9 qui veut que les hommes qui vieillissent restent s\u00e9duisants et deviennent m\u00eame sages alors qu&rsquo;\u00ab\u00a0<\/span><span style=\"color: #0000ff;\"><a style=\"color: #0000ff;\" href=\"https:\/\/www.lesinrocks.com\/2017\/05\/21\/style\/style\/sophie-fontanel-fait-croire-aux-femmes-quelles-nont-pas-le-droit-de-vieillir\/\">On fait croire aux femmes qu&rsquo;elles n&rsquo;ont pas le droit de vieillir\u00a0<\/a><\/span>\u00bb.<br \/>\n<span style=\"color: #777777; font-family: Arial;\">Elle parle aussi de cette injonction aux femmes de teindre leurs cheveux. Elle la refuse et entend garder ses cheveux blancs\u00a0: \u00ab\u00a0<a href=\"https:\/\/www.elle.fr\/Beaute\/Cheveux\/Tendances\/Sophie-Fontanel-Mes-cheveux-blancs-m-ont-fait-entrer-dans-la-lumiere-3527450\"><span style=\"color: #0000ff;\">Mes cheveux blancs m&rsquo;ont fait entrer dans la lumi\u00e8re<\/span>\u00a0<\/a>\u00bb<br \/>\n<\/span><\/p>\n<p><span style=\"color: #777777; font-family: Arial;\">Vous trouverez sa lettre ci-apr\u00e8s. Mais je crois qu&rsquo;il faut surtout l&rsquo;\u00e9couter.<br \/>\n<\/span><\/p>\n<p><span style=\"color: #777777; font-family: Arial;\">Sophie Fontanel a twitt\u00e9\u00a0:<br \/>\n<\/span><\/p>\n<p style=\"margin-left: 28pt;\"><span style=\"color: #c00000; font-family: Arial;\">\u00ab\u00a0La fa\u00e7on dont Augustin Trapenard lit&#8230;<br \/>\nil a lu cette Lettre \u00e0 mon fr\u00e8re ce matin&#8230;<br \/>\net c&rsquo;\u00e9tait comme si je la d\u00e9couvrais.\u00a0\u00bb<br \/>\n<\/span><\/p>\n<p><a href=\"https:\/\/www.franceinter.fr\/emissions\/lettres-d-interieur\/lettres-d-interieur-17-avril-2020\"><span style=\"font-family: Arial;\"><span style=\"color: #0000ff;\">\u00ab\u00a0Tu t&rsquo;en souviens tr\u00e8s bien je pense, de la chambre de notre enfance&#8230;\u00a0\u00bb<\/span><\/span><\/a><span style=\"color: #777777; font-family: Arial;\"><br \/>\n<\/span><\/p>\n<p style=\"margin-left: 28pt;\"><span style=\"color: #c00000; font-family: Arial;\">Normandie, le 16 avril 2020<br \/>\n<\/span><\/p>\n<p style=\"margin-left: 28pt;\"><span style=\"color: #c00000; font-family: Arial;\">Lettre \u00e0 mon fr\u00e8re,<br \/>\n<\/span><\/p>\n<p style=\"margin-left: 28pt;\"><span style=\"color: #c00000; font-family: Arial;\"><br \/>\nMon fr\u00e8re, tu es l\u00e0 pr\u00e8s de moi.<br \/>\nJe te vois faire une r\u00e9ussite.<br \/>\nEh, c&rsquo;est un \u00ab\u00a0solitaire\u00a0\u00bb, dis-moi !<br \/>\nTu vois que je comprends tr\u00e8s vite&#8230;<br \/>\nJe t&#8217;emb\u00eate avec la t\u00e9l\u00e9,<br \/>\nJe ne veux plus la regarder,<br \/>\nEt je t&rsquo;oblige \u00e0 mettre un casque,<br \/>\nC&rsquo;est \u00e7a, quand on n&rsquo;a pas de masque.<br \/>\n<\/span><\/p>\n<p style=\"margin-left: 28pt;\"><span style=\"color: #c00000; font-family: Arial;\">Le studio est face \u00e0 la mer,<br \/>\nTu vis l\u00e0 depuis une ann\u00e9e&#8230;<br \/>\nEt que penserait notre m\u00e8re<br \/>\n\u00c0 nous voir ici confin\u00e9s\u00a0?<br \/>\nTa seule possession sur terre<br \/>\nCes tout petits m\u00e8tres carr\u00e9s.<br \/>\nDevant l&rsquo;infini on se terre<br \/>\nEt l&rsquo;on regarde les mar\u00e9es.<br \/>\n<\/span><\/p>\n<p style=\"margin-left: 28pt;\"><span style=\"color: #c00000; font-family: Arial;\">Quand tu es venu me chercher,<br \/>\nD\u00e9j\u00e0, on n&rsquo;osait rien toucher&#8230;<br \/>\nMaintenant, on est immobiles.<br \/>\nOn sort pas, on est inutiles.<br \/>\nOn \u00e9coute les m\u00e9decins,<br \/>\nEt tu m&rsquo;as dit\u00a0: \u00ab\u00a0Ce sont des saints\u00a0\u00bb.<br \/>\n<\/span><\/p>\n<p style=\"margin-left: 28pt;\"><span style=\"color: #c00000; font-family: Arial;\">Tu t&rsquo;en souviens tr\u00e8s bien je pense<br \/>\nDe la chambre de notre enfance,<br \/>\nLe paquet de Choco BN<br \/>\nEt la bouteille de Fruit\u00e9&#8230;<br \/>\nJe vois la vie se r\u00e9p\u00e9ter.<br \/>\n<\/span><\/p>\n<p style=\"margin-left: 28pt;\"><span style=\"color: #c00000; font-family: Arial;\">Il y a des gens qui ont la haine<br \/>\nParce que je suis venue ici<br \/>\nAu lieu de rester \u00e0 Paris.<br \/>\n<\/span><\/p>\n<p style=\"margin-left: 28pt;\"><span style=\"color: #c00000; font-family: Arial;\">Mais je ne vois vraiment personne<br \/>\n\u00c0 part l&rsquo;horizon et ton rire<br \/>\nQuand notre humour enfin r\u00e9sonne<br \/>\nEt nous fait \u00e9chapper au pire.<br \/>\n<\/span><\/p>\n<p style=\"margin-left: 28pt;\"><span style=\"color: #c00000; font-family: Arial;\">Les gens qui n&rsquo;ont plus de famille<br \/>\nCeux qui n&rsquo;ont rien au-dessus d&rsquo;eux,<br \/>\nIls savent pourquoi on est deux,<br \/>\nM\u00eame espac\u00e9s comme des quilles.<br \/>\n<\/span><\/p>\n<p style=\"margin-left: 28pt;\"><span style=\"color: #c00000; font-family: Arial;\">C&rsquo;est dr\u00f4le, ce m\u00e8tre de distance<br \/>\nIl nous fait fr\u00f4ler tout le sens<br \/>\nQue l&rsquo;on ne voyait plus aux choses,<br \/>\nM\u00eame si c&rsquo;est une ind\u00e9cence<br \/>\nDe voir les mots que certains osent.<br \/>\n<\/span><\/p>\n<p style=\"margin-left: 28pt;\"><span style=\"color: #c00000; font-family: Arial;\">Notre p\u00e8re racontait la guerre,<br \/>\nCe qui se r\u00e9v\u00e9lait en l&rsquo;homme<br \/>\nCe que l&rsquo;on ne pouvait plus faire,<br \/>\nLa vie r\u00e9duite au minimum.<br \/>\n<\/span><\/p>\n<p style=\"margin-left: 28pt;\"><span style=\"color: #c00000; font-family: Arial;\">Notre m\u00e8re en parlait aussi,<br \/>\nParis \u00e9tait \u00e0 la merci<br \/>\nD&rsquo;une autre maladie virale,<br \/>\nLa l\u00e2chet\u00e9 d&rsquo;un Mar\u00e9chal.<br \/>\n<\/span><\/p>\n<p style=\"margin-left: 28pt;\"><span style=\"color: #c00000; font-family: Arial;\">Elle avait 16 ans en 39,<br \/>\nEt ils se partageaient un \u0153uf.<br \/>\nOn est loin de sa catastrophe,<br \/>\nDonc il faut rester philosophes.<br \/>\n<\/span><\/p>\n<p style=\"margin-left: 28pt;\"><span style=\"color: #c00000; font-family: Arial;\">Ses dents \u00e9taient toutes barr\u00e9es<br \/>\nElle avait manqu\u00e9 de calcium<br \/>\nEt elle souriait, contrari\u00e9e,<br \/>\nEn planquant tout au maximum.<br \/>\n<\/span><\/p>\n<p style=\"margin-left: 28pt;\"><span style=\"color: #c00000; font-family: Arial;\">Je te regarde mettre des c\u0153urs<br \/>\nSur des carreaux et sur des piques,<br \/>\nOn discutera tout \u00e0 l&rsquo;heure,<br \/>\nTu diras\u00a0: \u00ab\u00a0Qu&rsquo;est-ce que tu fabriques\u00a0?\u00a0\u00bb<br \/>\nTu me soup\u00e7onneras d&rsquo;\u00e9crire,<br \/>\nC&rsquo;est ainsi depuis des ann\u00e9es,<br \/>\nJ&rsquo;\u00e9couterai ta r\u00e9thorique,<br \/>\nEt je t&rsquo;admire, mon a\u00een\u00e9.<br \/>\n<\/span><\/p>\n<p style=\"margin-left: 28pt;\"><span style=\"color: #c00000; font-family: Arial;\">Toi, tu d\u00e9couvres mon m\u00e9tier.<br \/>\nJe red\u00e9couvre ta bont\u00e9.<br \/>\nTu sais comment \u00e7a va finir\u00a0?<br \/>\n<\/span><\/p>\n<p style=\"margin-left: 28pt;\"><span style=\"color: #c00000; font-family: Arial;\">L&rsquo;\u00eatre humain ne va rien comprendre<br \/>\nEt tout ce qu&rsquo;il croit approcher<br \/>\nTout ce grand vers quoi il croit tendre<br \/>\nBah, \u00e7a fera des ricochets.<br \/>\n<\/span><\/p>\n<p style=\"margin-left: 28pt;\"><span style=\"color: #c00000; font-family: Arial;\">Il y aura des choses \u00e0 vendre.<br \/>\nEt bien s\u00fbr, on va resaler.<br \/>\nMais nous, dis, nous resterons tendres\u00a0?<br \/>\nOn va pas se faire avaler !<br \/>\nVoil\u00e0, maintenant tu rep\u00e8res<br \/>\nPourquoi j&rsquo;ai voulu ce matin<br \/>\nTe faire \u00e9couter France Inter\u00a0:<br \/>\nOn parle de toi, mon frangin&#8230;<br \/>\nOn parle de tous les frangins.<br \/>\n<\/span><\/p>\n<p style=\"margin-left: 28pt;\"><span style=\"color: #c00000; font-family: Arial;\"><em>Sophie Fontanel<\/em><br \/>\n<\/span><\/p>\n<p><span style=\"color: #800000;\">&lt;1411&gt;<\/span><\/p>\n<p><img decoding=\"async\" src=\"https:\/\/lemotdujour.fr\/wp-content\/uploads\/2020\/04\/043020_2125_Vendredi1er2.png\" alt=\"\" \/><\/p>\n","protected":false},"excerpt":{"rendered":"<p>\u00abMais nous, dis, nous resterons tendres\u00a0? On va pas se faire avaler !\u00bb Sophie Fontanel, lettre \u00e0 son fr\u00e8re Mot de jour sp\u00e9cial pendant la p\u00e9riode de confinement suite \u00e0 la pand\u00e9mie du COVID-19 Nous sommes le 1er mai. Je<\/p>\n","protected":false},"author":1,"featured_media":0,"comment_status":"open","ping_status":"closed","sticky":false,"template":"","format":"standard","meta":{"footnotes":""},"categories":[1],"tags":[126,8],"class_list":["post-8721","post","type-post","status-publish","format-standard","hentry","category-motdujour","tag-pandemie","tag-poesie"],"_links":{"self":[{"href":"https:\/\/lemotdujour.fr\/index.php?rest_route=\/wp\/v2\/posts\/8721","targetHints":{"allow":["GET"]}}],"collection":[{"href":"https:\/\/lemotdujour.fr\/index.php?rest_route=\/wp\/v2\/posts"}],"about":[{"href":"https:\/\/lemotdujour.fr\/index.php?rest_route=\/wp\/v2\/types\/post"}],"author":[{"embeddable":true,"href":"https:\/\/lemotdujour.fr\/index.php?rest_route=\/wp\/v2\/users\/1"}],"replies":[{"embeddable":true,"href":"https:\/\/lemotdujour.fr\/index.php?rest_route=%2Fwp%2Fv2%2Fcomments&post=8721"}],"version-history":[{"count":3,"href":"https:\/\/lemotdujour.fr\/index.php?rest_route=\/wp\/v2\/posts\/8721\/revisions"}],"predecessor-version":[{"id":8724,"href":"https:\/\/lemotdujour.fr\/index.php?rest_route=\/wp\/v2\/posts\/8721\/revisions\/8724"}],"wp:attachment":[{"href":"https:\/\/lemotdujour.fr\/index.php?rest_route=%2Fwp%2Fv2%2Fmedia&parent=8721"}],"wp:term":[{"taxonomy":"category","embeddable":true,"href":"https:\/\/lemotdujour.fr\/index.php?rest_route=%2Fwp%2Fv2%2Fcategories&post=8721"},{"taxonomy":"post_tag","embeddable":true,"href":"https:\/\/lemotdujour.fr\/index.php?rest_route=%2Fwp%2Fv2%2Ftags&post=8721"}],"curies":[{"name":"wp","href":"https:\/\/api.w.org\/{rel}","templated":true}]}}