{"id":8705,"date":"2020-04-30T00:21:00","date_gmt":"2020-04-29T22:21:00","guid":{"rendered":"http:\/\/lemotdujour.fr\/?p=8705"},"modified":"2020-04-30T16:50:31","modified_gmt":"2020-04-30T14:50:31","slug":"jeudi-30-avril-2020","status":"publish","type":"post","link":"https:\/\/lemotdujour.fr\/?p=8705","title":{"rendered":"Jeudi 30 avril 2020"},"content":{"rendered":"<div class=\"mdjTexte\">\u00ab\u00a0Je pense qu&rsquo;il faut qu&rsquo;on ait des masques dans l&rsquo;espace public.\u00a0\u00bb<\/div>\n<div class=\"mdjAuteur\">G\u00e9rard Collomb<\/div>\n<p><span style=\"color: #777777; font-family: Arial;\">Ce matin G\u00e9rald m&rsquo;a envoy\u00e9 une information, publi\u00e9e sur <a href=\"https:\/\/www.lyonmag.com\/article\/107296\/coronavirus-gerard-collomb-annonce-le-port-du-masque-obligatoire-dans-les-rues-de-lyon-des-le-11-mai\"><span style=\"color: #0000ff;\">Lyon-Mag<\/span> <\/a>:<br \/>\n<\/span><\/p>\n<p><img loading=\"lazy\" decoding=\"async\" class=\"alignleft\" src=\"https:\/\/lemotdujour.fr\/wp-content\/uploads\/2020\/04\/043020_1442_Jeudi30avri1.jpg\" alt=\"\" width=\"198\" height=\"175\" align=\"left\" \/><span style=\"color: #777777; font-family: Arial;\">La maire en sursis de Lyon (*) G\u00e9rard Collomb veut imposer le port obligatoire du masque dans la ville qu&rsquo;il dirige encore :<br \/>\n<\/span><\/p>\n<p style=\"margin-left: 28pt;\"><span style=\"color: #c00000; font-family: Arial;\">\u00ab C&rsquo;est une mesure forte annonc\u00e9e ce jeudi matin par G\u00e9rard Collomb.<br \/>\n<\/span><\/p>\n<p style=\"margin-left: 28pt;\"><span style=\"color: #c00000; font-family: Arial;\">Sur France Info, le maire de Lyon a expliqu\u00e9 qu&rsquo;\u00e0 partir du 11 mai, le port du masque devrait \u00eatre obligatoire dans les rues de la capitale des Gaules.<br \/>\n<\/span><\/p>\n<p style=\"margin-left: 28pt;\"><span style=\"color: #c00000; font-family: Arial;\">\u00ab Je pense qu&rsquo;il faut, si on veut \u00e9viter d&rsquo;avoir un rebond sur l&rsquo;\u00e9pid\u00e9mie \u00e0 la fin du mois de mai, qu&rsquo;on ait des masques dans l&rsquo;espace public \u00bb, a pr\u00e9cis\u00e9 G\u00e9rard Collomb, souhaitant s&rsquo;inspirer des pays asiatiques et nordiques. \u00bb<br \/>\n<\/span><\/p>\n<p><span style=\"color: #777777; font-family: Arial;\">Mais G\u00e9rald a imm\u00e9diatement ajout\u00e9 :<br \/>\n<\/span><\/p>\n<p><img decoding=\"async\" class=\"alignright\" src=\"https:\/\/lemotdujour.fr\/wp-content\/uploads\/2020\/04\/043020_1442_Jeudi30avri2.jpg\" alt=\"\" align=\"left\" \/><span style=\"color: #c00000; font-family: Arial;\">\u00ab De toute fa\u00e7on, impossible \u00e0 appliquer car la loi interdit de se cacher le visage. <\/span><span style=\"color: #c00000; font-family: Arial;\">Il me semble bien que la loi est sup\u00e9rieure \u00e0 une d\u00e9cision municipale. <\/span><span style=\"color: #c00000; font-family: Arial;\">Il va donc falloir changer la loi. \u00bb<br \/>\n<\/span><\/p>\n<p><span style=\"color: #777777; font-family: Arial;\">J&rsquo;ai alors r\u00e9pondu :<br \/>\n<\/span><\/p>\n<p style=\"margin-left: 28pt;\"><span style=\"color: #c00000; font-family: Arial;\">\u00ab Non je crois que la loi permet de d\u00e9roger \u00e0 la r\u00e8gle g\u00e9n\u00e9rale pour des raisons sanitaires. <\/span><span style=\"color: #c00000; font-family: Arial;\">Je vais voir \u00e7a, cela occupera ma matin\u00e9e \u00bb<br \/>\n<\/span><\/p>\n<p><span style=\"color: #777777; font-family: Arial;\">G\u00e9rald n&rsquo;\u00e9tait pas convaincu que cette qu\u00eate soit utile :<br \/>\n<\/span><\/p>\n<p style=\"margin-left: 28pt;\"><img loading=\"lazy\" decoding=\"async\" class=\"alignleft\" src=\"https:\/\/lemotdujour.fr\/wp-content\/uploads\/2020\/04\/043020_1442_Jeudi30avri3.jpg\" alt=\"\" width=\"224\" height=\"224\" align=\"left\" \/><span style=\"color: #c00000; font-family: Arial;\">\u00ab Je pense que tu as d&rsquo;autres possibilit\u00e9s d&rsquo;occupation.<br \/>\n<\/span><\/p>\n<p style=\"margin-left: 28pt;\"><span style=\"color: #c00000; font-family: Arial;\">Pr\u00e9parer le prochain mot du jour par exemple. \u00bb<br \/>\n<\/span><\/p>\n<p><span style=\"color: #777777; font-family: Arial;\">Alors pour r\u00e9aliser ce que je souhaitais faire et \u00e9couter son conseil, j&rsquo;en fais un mot du jour.<br \/>\n<\/span><\/p>\n<p><span style=\"color: #777777; font-family: Arial;\">Il faut donc en revenir \u00e0 la source et gr\u00e2ce \u00e0 L\u00e9gifrance, c&rsquo;est un jeu d&rsquo;enfant<br \/>\n<\/span><\/p>\n<p><span style=\"color: #777777; font-family: Arial;\">\u00ab <a href=\"https:\/\/www.legifrance.gouv.fr\/affichTexte.do?cidTexte=JORFTEXT000022911670&amp;dateTexte=20200430\"><span style=\"color: #0000ff;\">LOI n\u00b0 2010-1192 du 11 octobre 2010 interdisant la dissimulation du visage dans l&rsquo;espace public <\/span><\/a>\u00bb<br \/>\n<\/span><\/p>\n<p><span style=\"color: #777777; font-family: Arial;\">Cette Loi dans son article premier \u00e9dite l&rsquo;interdiction :<br \/>\n<\/span><\/p>\n<p style=\"margin-left: 28pt;\"><span style=\"color: #c00000; font-family: Arial;\">\u00ab Nul ne peut, dans l&rsquo;espace public, porter une tenue destin\u00e9e \u00e0 dissimuler son visage. \u00bb<br \/>\n<\/span><\/p>\n<p><span style=\"color: #777777; font-family: Arial;\">Voil\u00e0 une r\u00e8gle simple et sans ambig\u00fcit\u00e9.<br \/>\n<\/span><\/p>\n<p><span style=\"color: #777777; font-family: Arial;\">Mais nous sommes en France, pays des droits de l&rsquo;homme, de la nuance et \u2026 des exceptions.<br \/>\n<\/span><\/p>\n<p><span style=\"color: #777777; font-family: Arial;\">Et il suffit d&rsquo;aller \u00e0 l&rsquo;article 2 II\u00e8me paragraphe pour constater que l&rsquo;exception a bien \u00e9t\u00e9 pr\u00e9vue :<br \/>\n<\/span><\/p>\n<p style=\"margin-left: 28pt;\"><span style=\"color: #c00000; font-family: Arial;\">II. \u2015 L&rsquo;interdiction pr\u00e9vue \u00e0 l&rsquo;article 1er ne s&rsquo;applique pas si la tenue est prescrite ou autoris\u00e9e par des dispositions l\u00e9gislatives ou r\u00e9glementaires, si elle est justifi\u00e9e par des raisons de sant\u00e9 ou des motifs professionnels, ou si elle s&rsquo;inscrit dans le cadre de pratiques sportives, de f\u00eates ou de manifestations artistiques ou traditionnelles.<br \/>\n<\/span><\/p>\n<p><img decoding=\"async\" src=\"https:\/\/lemotdujour.fr\/wp-content\/uploads\/2020\/04\/043020_1442_Jeudi30avri4.jpg\" alt=\"\" align=\"right\" \/><span style=\"color: #777777; font-family: Arial;\">Il y a donc bien eu, dans un bureau obscur du ministre de la justice et qui s&rsquo;appelait alors ministre de la justice et des libert\u00e9s et qui \u00e9tait dirig\u00e9 par Mich\u00e8le Alliot Marie, un fonctionnaire vigilant qui a imagin\u00e9 qu&rsquo;il pourrait exister quelque chose qui ressemble au COVID-19 et a donc soulev\u00e9 cette petite exception :<br \/>\n<\/span><\/p>\n<p style=\"margin-left: 28pt;\"><span style=\"color: #c00000; font-family: Arial;\">\u00ab L&rsquo;interdiction pr\u00e9vue \u00e0 l&rsquo;article 1er ne s&rsquo;applique pas si la tenue est [\u2026] justifi\u00e9e par des raisons de sant\u00e9. \u00bb<br \/>\n<\/span><\/p>\n<p><span style=\"color: #777777; font-family: Arial;\">Et ainsi gr\u00e2ce \u00e0 la pr\u00e9voyance de ce fonctionnaire, bureaucrate disent les ennemis de l\u2019\u00c9tat, il est possible \u00e0 la fois de respecter la Loi et de porter un masque pour prot\u00e9ger les autres du coronavirus <span style=\"color: #0000ff;\"><a style=\"color: #0000ff;\" title=\"SARS-CoV-2\" href=\"https:\/\/fr.wikipedia.org\/wiki\/SARS-CoV-2\">SARS-CoV-2<\/a><\/span><span style=\"color: blue;\">.<br \/>\n<\/span><\/span><\/p>\n<p><span style=\"color: #777777; font-family: Arial;\">Car au-del\u00e0 de toute pol\u00e9mique, il faut rappeler que le port du masque commun que l&rsquo;on porte dans la rue n&rsquo;a pas pour fonction de prot\u00e9ger celui qui le porte, mais de prot\u00e9ger les autres d&rsquo;une \u00e9ventuelle contamination que pourrait communiquer le porteur du masque.<br \/>\n<\/span><\/p>\n<p><span style=\"color: #777777; font-family: Arial;\">(*) <span style=\"color: #9bbb59;\"><em><span style=\"color: #008000;\">G\u00e9rard Collomb ne serait plus maire de Lyon sans COVID-19 parce qu&rsquo;il y aurait une nouvelle \u00e9quipe municipale au pouvoir. Or, G\u00e9rard Collomb ne s&rsquo;\u00e9tant pas pr\u00e9sent\u00e9 aux \u00e9lections municipales mais \u00e0 la m\u00e9tropole, ne pourrait plus \u00eatre maire de Lyon.<\/span><br \/>\n<\/em><\/span><\/span><\/p>\n<p><img decoding=\"async\" src=\"https:\/\/lemotdujour.fr\/wp-content\/uploads\/2020\/04\/043020_1442_Jeudi30avri5.jpg\" alt=\"\" \/><span style=\"color: #c00000; font-family: Arial;\">&lt;1410&gt;<\/span><\/p>\n","protected":false},"excerpt":{"rendered":"<p>\u00ab\u00a0Je pense qu&rsquo;il faut qu&rsquo;on ait des masques dans l&rsquo;espace public.\u00a0\u00bb G\u00e9rard Collomb Ce matin G\u00e9rald m&rsquo;a envoy\u00e9 une information, publi\u00e9e sur Lyon-Mag : La maire en sursis de Lyon (*) G\u00e9rard Collomb veut imposer le port obligatoire du masque<\/p>\n","protected":false},"author":1,"featured_media":0,"comment_status":"open","ping_status":"closed","sticky":false,"template":"","format":"standard","meta":{"footnotes":""},"categories":[1],"tags":[24,45,126],"class_list":["post-8705","post","type-post","status-publish","format-standard","hentry","category-motdujour","tag-actualite","tag-lyon","tag-pandemie"],"_links":{"self":[{"href":"https:\/\/lemotdujour.fr\/index.php?rest_route=\/wp\/v2\/posts\/8705","targetHints":{"allow":["GET"]}}],"collection":[{"href":"https:\/\/lemotdujour.fr\/index.php?rest_route=\/wp\/v2\/posts"}],"about":[{"href":"https:\/\/lemotdujour.fr\/index.php?rest_route=\/wp\/v2\/types\/post"}],"author":[{"embeddable":true,"href":"https:\/\/lemotdujour.fr\/index.php?rest_route=\/wp\/v2\/users\/1"}],"replies":[{"embeddable":true,"href":"https:\/\/lemotdujour.fr\/index.php?rest_route=%2Fwp%2Fv2%2Fcomments&post=8705"}],"version-history":[{"count":5,"href":"https:\/\/lemotdujour.fr\/index.php?rest_route=\/wp\/v2\/posts\/8705\/revisions"}],"predecessor-version":[{"id":8718,"href":"https:\/\/lemotdujour.fr\/index.php?rest_route=\/wp\/v2\/posts\/8705\/revisions\/8718"}],"wp:attachment":[{"href":"https:\/\/lemotdujour.fr\/index.php?rest_route=%2Fwp%2Fv2%2Fmedia&parent=8705"}],"wp:term":[{"taxonomy":"category","embeddable":true,"href":"https:\/\/lemotdujour.fr\/index.php?rest_route=%2Fwp%2Fv2%2Fcategories&post=8705"},{"taxonomy":"post_tag","embeddable":true,"href":"https:\/\/lemotdujour.fr\/index.php?rest_route=%2Fwp%2Fv2%2Ftags&post=8705"}],"curies":[{"name":"wp","href":"https:\/\/api.w.org\/{rel}","templated":true}]}}