{"id":8693,"date":"2020-04-28T00:26:47","date_gmt":"2020-04-27T22:26:47","guid":{"rendered":"http:\/\/lemotdujour.fr\/?p=8693"},"modified":"2020-04-28T00:26:48","modified_gmt":"2020-04-27T22:26:48","slug":"mardi-28-avril-2020","status":"publish","type":"post","link":"https:\/\/lemotdujour.fr\/?p=8693","title":{"rendered":"Mardi 28 avril 2020"},"content":{"rendered":"<div class=\"mdjTexte\">\u00abSi on est conscient que la paresse est aussi la condition \u00e0 un certain renouvellement des id\u00e9es, n\u00e9cessaire \u00e0 la productivit\u00e9 qu&rsquo;on recherche, on peut avancer dans le bon sens.\u00bb<\/div>\n<div class=\"mdjAuteur\">Gwena\u00eblle Hamelin<\/div>\n<p><span style=\"color: #777777; font-family: Arial;\">La paresse n&rsquo;a pas bonne presse.<br \/>\n<\/span><\/p>\n<p><a href=\"https:\/\/fr.wikipedia.org\/wiki\/Les_Sept_P%C3%A9ch%C3%A9s_capitaux_et_les_Quatre_Derni%C3%A8res_%C3%89tapes_humaines\"><img loading=\"lazy\" decoding=\"async\" class=\"alignleft\" src=\"https:\/\/lemotdujour.fr\/wp-content\/uploads\/2020\/04\/042720_2202_Mardi28avri1.jpg\" alt=\"\" width=\"335\" height=\"334\" align=\"left\" border=\"0\" \/><\/a><span style=\"color: #777777; font-family: Arial;\">Elle fait partie de l&rsquo;ensemble des 7 p\u00e9ch\u00e9s capitaux que la religion catholique et Thomas d&rsquo;Aquin ont r\u00e9pertori\u00e9 comme les \u00ab vices \u00bb qui entrainent tous les autres.<br \/>\n<\/span><\/p>\n<p><span style=\"color: #777777; font-family: Arial;\">A l&rsquo;\u00e9cole non plus la paresse n&rsquo;est pas appr\u00e9ci\u00e9e. \u00ab\u00a0Paresseux\u00a0\u00bb constitue souvent une critique tr\u00e8s lourde \u00e0 porter. \u00ab\u00a0Dispose de potentialit\u00e9s, mais\u2026la paresse l&#8217;emporte\u00a0\u00bb et voil\u00e0 un \u00e9l\u00e8ve stigmatis\u00e9\u2026<br \/>\n<\/span><\/p>\n<p><span style=\"color: #777777; font-family: Arial;\">Dans la soci\u00e9t\u00e9 comme dans le monde de l&#8217;emploi la r\u00e9putation de paresse est quasi unanimement consid\u00e9r\u00e9e comme un d\u00e9faut. Et m\u00eame un d\u00e9faut impardonnable, parce que non excusable, d\u00fb uniquement \u00e0 un manque de volont\u00e9.<br \/>\n<\/span><\/p>\n<p><span style=\"color: #777777; font-family: Arial;\">Par rapport aux hikikomori d\u00e9crits hier, plus que la r\u00e9clusion chez leurs parents, ce qui est consid\u00e9r\u00e9 comme le plus honteux est certainement le fait qu&rsquo;ils se complaisent dans l&rsquo;oisivet\u00e9 et qu&rsquo;ils sont donc paresseux.<br \/>\n<\/span><\/p>\n<p><span style=\"color: #777777; font-family: Arial;\">Le confinement actuel, pour certains et pour certains seulement, peut conduire \u00e0 une douce indolence, une paresse coupable voire des r\u00eaves fous d&rsquo;un autre monde.<br \/>\n<\/span><\/p>\n<p><span style=\"color: #777777; font-family: Arial;\">Le <span style=\"color: #0000ff;\"><a style=\"color: #0000ff;\" href=\"https:\/\/www.centrepatronal.ch\/documents\/documents-utiles\/cp-2020-04-15-fr.pdf\">Centre patronal suisse<\/a><\/span> s&rsquo;en inqui\u00e8te et veut lutter avec fermet\u00e9 contre les effets nocifs du confinement\u00a0:<br \/>\n<\/span><\/p>\n<p style=\"margin-left: 28pt;\"><span style=\"color: #c00000; font-family: Arial;\">\u00ab\u00a0<strong>Il faut \u00e9viter que certaines personnes soient tent\u00e9es de s&rsquo;habituer \u00e0 la situation actuelle<\/strong>, voire de se laisser s\u00e9duire par ses apparences insidieuses: beaucoup moins de circulation sur les routes, un ciel d\u00e9sert\u00e9 par le trafic a\u00e9rien, moins de bruit et d&rsquo;agitation, le retour \u00e0 une vie simple et \u00e0 un commerce local, la fin de la soci\u00e9t\u00e9 de consommation&#8230; Cette perception romantique est trompeuse, car le ralentissement de la vie sociale et \u00e9conomique est en r\u00e9alit\u00e9 tr\u00e8s p\u00e9nible pour d&rsquo;innombrables habitants qui n&rsquo;ont aucune envie de subir plus La mise \u00e0 l&rsquo;arr\u00eat de nombreuses activit\u00e9s \u00e9conomiques, mais aussi sociales et politiques, a permis de limiter l&rsquo;\u00e9pid\u00e9mie de coronavirus, mais elle a aussi un \u00e9norme co\u00fbt financier et humain. Il faut maintenant \u2013 et le Conseil f\u00e9d\u00e9ral en est conscient \u2013 planifier un retour progressif \u00e0 la normale\u00a0\u00bb<br \/>\n<\/span><\/p>\n<p><span style=\"color: #777777; font-family: Arial;\">Bernard Pivot, du haut de sa sagesse que lui donne son grand \u00e2ge ne partage pas cette crainte\u00a0: &lt;<span style=\"color: #0000ff;\"> <a style=\"color: #0000ff;\" href=\"https:\/\/www.lejdd.fr\/Culture\/Livres\/le-confinement-dans-la-paresse-la-chronique-de-bernard-pivot-3958561\">Le confinement dans la paresse<\/a><\/span> &gt; et citent de nombreux auteurs qui en font l&rsquo;\u00e9loge\u00a0: Kundera, Baudelaire, Perec, Sagan, Kessel&#8230;<br \/>\n<\/span><\/p>\n<p><span style=\"color: #777777; font-family: Arial;\">Il commence ainsi son article\u00a0:<br \/>\n<\/span><\/p>\n<p style=\"margin-left: 28pt;\"><span style=\"color: #c00000; font-family: Arial;\">\u00ab\u00a0Le plus c\u00e9l\u00e8bre des confin\u00e9s de tous les temps, Robinson Cruso\u00e9, n&rsquo;est pas tomb\u00e9 dans l&rsquo;oisivet\u00e9. Pour survivre, il a \u00e9t\u00e9 dans l&rsquo;obligation de faire travailler son imagination et ses bras. Il n&rsquo;en est pas de m\u00eame pour les deux milliards de personnes tenues de rester chez elles pour lutter contre la propagation du coronavirus. Hormis celles et ceux qui ont la possibilit\u00e9 de recourir au t\u00e9l\u00e9travail et les m\u00e8res et p\u00e8res de famille nombreuse, les autres sont plus ou moins confin\u00e9s dans l&rsquo;inaction. Cela est insupportable pour certains. D&rsquo;autres, au contraire, s&rsquo;en accommodent, d\u00e9couvrant les plaisirs du temps \u00e0 meubler, du temps \u00e0 laisser filer, du temps \u00e0 perdre. <strong>Ils p\u00e9n\u00e8trent dans le monde enchant\u00e9, jusqu&rsquo;alors inaccessible pour eux, de la paresse.\u00a0<\/strong>\u00bb<br \/>\n<\/span><\/p>\n<p><span style=\"color: #777777; font-family: Arial;\">J&rsquo;avais d\u00e9j\u00e0 consacr\u00e9 un mot du jour \u00e0 la paresse. C&rsquo;\u00e9tait pour \u00e9voquer le livre du gendre de Karl Marx, Paul Lafargue, \u00ab <a href=\"https:\/\/lemotdujour.fr\/?p=1108\"><span style=\"color: #0000ff;\">Le droit \u00e0 la paresse<\/span><\/a> \u00bb. Livre qu&rsquo;il avait \u00e9crit alors qu&rsquo;il \u00e9tait incarc\u00e9r\u00e9 \u00e0 la prison Sainte-P\u00e9lagie pour propagande r\u00e9volutionnaire.<br \/>\n<\/span><\/p>\n<p><span style=\"color: #777777; font-family: Arial;\">Un jour lors d&rsquo;une des formations que j&rsquo;ai suivie au cours de ma carri\u00e8re, il m&rsquo;avait \u00e9t\u00e9 demand\u00e9 de trouver un point de vue \u00e0 d\u00e9fendre pour approfondir la capacit\u00e9 d&rsquo;argumentation. J&rsquo;avais alors d\u00e9fendu l&rsquo;ide que c&rsquo;\u00e9tait les paresseux qui avait fait avancer le monde.<br \/>\n<\/span><\/p>\n<p><span style=\"color: #777777; font-family: Arial;\">J&rsquo;avais \u00e0 peu pr\u00e8s tenu ce langage.<br \/>\n<\/span><\/p>\n<p><span style=\"color: #777777; font-family: Arial;\">La soci\u00e9t\u00e9 humaine est constamment \u00e9cartel\u00e9e par l&rsquo;action de deux types de personnes\u00a0: les paresseux et les besogneux.<br \/>\n<\/span><\/p>\n<p><span style=\"color: #777777; font-family: Arial;\">Les besogneux travaillent, travaillent beaucoup sans se poser de questions. Ils font ce qu&rsquo;il y a faire et veulent toujours faire plus.<br \/>\n<\/span><\/p>\n<p><span style=\"color: #777777; font-family: Arial;\">Le paresseux voit faire les besogneux et il sent que la pression sociale l&rsquo;oblige \u00e0 r\u00e9aliser \u00e0 peu pr\u00e8s le m\u00eame boulot.<br \/>\n<\/span><\/p>\n<p><span style=\"color: #777777; font-family: Arial;\">Alors le paresseux r\u00e9fl\u00e9chit et trouve la solution pour faire le m\u00eame boulot que le besogneux mais en se fatigant moins.<br \/>\n<\/span><\/p>\n<p><span style=\"color: #777777; font-family: Arial;\">C&rsquo;est ainsi que c&rsquo;est un paresseux qui a invent\u00e9 la roue, parce qu&rsquo;il ne supportait plus de porter de lourdes charges comme le besogneux.<br \/>\n<\/span><\/p>\n<p><span style=\"color: #777777; font-family: Arial;\">C&rsquo;est ce qu&rsquo;on appelle le progr\u00e8s.<br \/>\n<\/span><\/p>\n<p><span style=\"color: #777777; font-family: Arial;\">Seulement, le besogneux est tapi dans l&rsquo;ombre et c&rsquo;est un copieur. Il s&rsquo;est alors empar\u00e9 de l&rsquo;id\u00e9e du paresseux pour porter des charges de plus en plus lourdes jusqu&rsquo;\u00e0 ce qu&rsquo;un paresseux trouve l&rsquo;id\u00e9e du moteur etc.<br \/>\n<\/span><\/p>\n<p><span style=\"color: #777777; font-family: Arial;\">J&rsquo;avais tenu dix minutes \u00e0 multiplier les exemples qui montrent ce balancement entre le progr\u00e8s et le \u00ab\u00a0toujours plus\u00a0\u00bb dont nous souffrons aujourd&rsquo;hui.<br \/>\n<\/span><\/p>\n<p><span style=\"color: #777777; font-family: Arial;\">Alors j&rsquo;ai \u00e9t\u00e9 ravi d&rsquo;apprendre que Bill Gates, le fondateur de Microsoft, disait\u00a0:<br \/>\n<\/span><\/p>\n<p style=\"margin-left: 28pt;\"><span style=\"color: #c00000; font-family: Arial;\">\u00ab Je choisis une personne paresseuse pour un travail difficile, car une personne paresseuse va trouver un moyen facile de le faire \u00bb.<br \/>\n<\/span><\/p>\n<p><span style=\"color: #777777; font-family: Arial;\">C&rsquo;est ce que j&rsquo;ai appris en \u00e9coutant l&rsquo;\u00e9mission de France Culture que j&rsquo;ai \u00e9voqu\u00e9 hier et qui fait partie de la m\u00eame s\u00e9rie que \u00ab\u00a0<strong>les hikikomori<\/strong>\u00a0\u00bb.<br \/>\n<\/span><\/p>\n<p><img decoding=\"async\" class=\"alignright\" src=\"https:\/\/lemotdujour.fr\/wp-content\/uploads\/2020\/04\/042720_2202_Mardi28avri2.jpg\" alt=\"\" align=\"left\" \/><span style=\"color: #777777; font-family: Arial;\">Car en r\u00e9alit\u00e9 je n&rsquo;ai d\u00e9couvert les hikikomori que dans un second temps, j&rsquo;ai \u00e9t\u00e9 attir\u00e9 par l&rsquo;\u00e9mission qui avait pour titre\u00a0: &lt; <span style=\"color: #0000ff;\"><a style=\"color: #0000ff;\" href=\"https:\/\/www.franceculture.fr\/emissions\/une-histoire-particuliere-un-recit-documentaire-en-deux-parties\/la-paresse-est-lavenir-de-lhomme-22-cherchons-fh-paresseux-pour-un-poste-de-directeur\">Cherchons F\/H paresseux pour un poste de directeur<\/a>&gt;<\/span><br \/>\n<\/span><\/p>\n<p><span style=\"color: #777777; font-family: Arial;\">Nous sommes donc dans le monde de l&rsquo;entreprise.<br \/>\n<\/span><\/p>\n<p><span style=\"color: #777777; font-family: Arial;\">L&rsquo;invit\u00e9e \u00e9tait la psychologue du travail <strong>Gwena\u00eblle Hamelin,<\/strong> sp\u00e9cialiste du stress au travail et du burn out.<br \/>\n<\/span><\/p>\n<p><span style=\"color: #777777; font-family: Arial;\">Le site de France Culture a mis sur la page de cette \u00e9mission une photo de cette psychologue avec une peluche repr\u00e9sentant un paresseux.<br \/>\n<\/span><\/p>\n<p><span style=\"color: #777777; font-family: Arial;\">Je vous invite \u00e0 \u00e9couter cette \u00e9mission. <\/span><span style=\"color: #777777; font-family: Arial;\">J&rsquo;en tire quelques extraits\u00a0:<br \/>\n<\/span><\/p>\n<p><span style=\"color: #777777; font-family: Arial;\">Elle insiste d&rsquo;abord sur ce qui permet de d\u00e9ployer sa force de travail\u00a0:<br \/>\n<\/span><\/p>\n<p style=\"margin-left: 28pt;\"><span style=\"color: #c00000; font-family: Arial;\">\u00ab\u00a0L&rsquo;\u00e9nergie cela ne se d\u00e9cr\u00e8te pas. L&rsquo;\u00e9nergie cela se puise dans le d\u00e9sir, dans l&rsquo;envie. Et \u00e7a ce sont des valeurs qui ne s&rsquo;apprennent pas, qui ne se d\u00e9cident pas, qui s&rsquo;\u00e9coutent et c&rsquo;est pour cela qu&rsquo;il faut une certaine paresse et c&rsquo;est cela que j&rsquo;essaie de vivre au quotidien, qui me guide, qui me donne de l&rsquo;\u00e9nergie et que j&rsquo;essaie d&rsquo;essaimer quand j&rsquo;interviens en entreprise ou quand je fais mes conf\u00e9rences.\u00a0\u00bb<br \/>\n<\/span><\/p>\n<p><span style=\"color: #777777; font-family: Arial;\">Alors \u00e9videmment dans l&rsquo;entreprise ce n&rsquo;est pas facile de dire qu&rsquo;on a besoin de paresser un peu. C&rsquo;est plut\u00f4t le contraire qui se passe et la psychologue pointe que souvent le salari\u00e9 est complice de trop de travail.<br \/>\n<\/span><\/p>\n<p style=\"margin-left: 28pt;\"><span style=\"color: #c00000; font-family: Arial;\">\u00ab\u00a0Aujourd&rsquo;hui personne n&rsquo;assume de dire qu&rsquo;il accepte de se reposer, qu&rsquo;il accepte de dire non. M\u00eame si on n&rsquo;est pas surmen\u00e9, souvent on v\u00e9hicule l&rsquo;image de quelqu&rsquo;un qui l&rsquo;est parce que c&rsquo;est mieux pour sa carri\u00e8re. C&rsquo;est toujours bon de dire qu&rsquo;on a travaill\u00e9 tard, qu&rsquo;on a travaill\u00e9 le week end. Il y a une sorte de paradoxe \u00e0 savoir si le travailler trop est subi ou choisi. Et m\u00eame dans le burn out, il y a cette dualit\u00e9\u00a0: en effet il y avait un environnement qui poussait \u00e0 travailler toujours plus et qui vous a fait exploser en vol. Et en m\u00eame temps, on trouve en soi, un certain plaisir pour accepter ce challenge.\u00a0\u00bb<br \/>\n<\/span><\/p>\n<p><span style=\"color: #777777; font-family: Arial;\">Les personnes moins concentr\u00e9es et moins productives seront plus \u00e0 m\u00eame d&rsquo;observer et de rep\u00e9rer les signes. Adopter une certaine forme de paresse c&rsquo;est diminuer son exposition au stress et au risque de burn-out.<br \/>\n<\/span><\/p>\n<p style=\"margin-left: 28pt;\"><span style=\"color: #c00000; font-family: Arial;\">\u00ab\u00a0Aujourd&rsquo;hui, on parle beaucoup de burn-out et on a oubli\u00e9 que cela existait d\u00e9j\u00e0 et qu&rsquo;on appelait cela le surmenage. Il y a une diff\u00e9rence, aujourd&rsquo;hui on en parle et on comprend que c&rsquo;est un ph\u00e9nom\u00e8ne mena\u00e7ant, contre lequel il faut lutter et avoir des politiques de pr\u00e9vention. Alors qu&rsquo;avant quand on parlait de surmenage c&rsquo;\u00e9tait l&rsquo;apanage du faible. Dans les offres d&#8217;emplois on pouvait m\u00eame lire que dans les qualit\u00e9s recherch\u00e9es il fallait une r\u00e9sistance importante au stress. Aujourd&rsquo;hui personne ne s&rsquo;autoriserait \u00e0 marquer dans une offre d&#8217;emploi qu&rsquo;il faudrait de la r\u00e9sistance au stress. Parce que cela v\u00e9hiculerait une image de l&rsquo;entreprise qui ferait partir les meilleurs candidats. [\u2026] Il y a donc une \u00e9volution des mentalit\u00e9s\u00a0\u00bb<br \/>\n<\/span><\/p>\n<p><span style=\"color: #777777; font-family: Arial;\">Toutefois Gwena\u00eblle Hamelin pense qu&rsquo;il reste beaucoup \u00e0 faire<strong>.<br \/>\n<\/strong><\/span><\/p>\n<p style=\"margin-left: 28pt;\"><span style=\"color: #c00000; font-family: Arial;\">\u00ab\u00a0Il y a une prise de conscience qui est en train de se dessiner. Les gens veulent du bien \u00eatre avant toute chose. Et le bien-\u00eatre, c&rsquo;est s&rsquo;autoriser une certaine paresse. <strong>Si on est conscient que cette paresse est aussi la condition \u00e0 un certain renouvellement des id\u00e9es, n\u00e9cessaire \u00e0 la productivit\u00e9 qu&rsquo;on recherche, on peut avancer dans le bon sens<\/strong>.\u00a0\u00bb<br \/>\n<\/span><\/p>\n<p><span style=\"color: #777777; font-family: Arial;\">A ce stade l&rsquo;\u00e9mission renvoie vers une \u00e9tude men\u00e9e, en 2016, au Japon par le professeur <strong>Hasegawa <\/strong>. Il a fait une \u00e9tude sur les parall\u00e8les entre des colonies de fourmis et les entreprises. Il a constat\u00e9 que de 20% \u00e0 30% des fourmis ne font rien qui rentre dans la cat\u00e9gorie travail. Elles sont toutefois pr\u00e9cieuses car elle dispose d&rsquo;une r\u00e9serve de force et prendront le relais de mani\u00e8re plus productive que les travailleuses en cas d&rsquo;urgence.<br \/>\n<\/span><\/p>\n<p><span style=\"color: #777777; font-family: Arial;\">Et c&rsquo;est ainsi qu&rsquo;on peut comprendre que les \u00e9l\u00e9ments consid\u00e9r\u00e9s comme paresseux sont les seuls \u00e0 \u00eatre r\u00e9actifs aux situations d&rsquo;urgence. Les paresseux savent consid\u00e9rer et jouer habilement avec le temps, pour pouvoir \u00eatre plus efficaces ensuite. Ils savent prioriser. En p\u00e9riode de crise, ils ne se perdent pas dans les d\u00e9tails et se concentrent sur ce qui compte vraiment.<br \/>\n<\/span><\/p>\n<p><span style=\"color: #777777; font-family: Arial;\">En outre le temps de paresse est aussi un temps de cr\u00e9ativit\u00e9.<br \/>\n<\/span><\/p>\n<p><span style=\"color: #777777; font-family: Arial;\">Quand un salarie est toujours en activit\u00e9, engluer \u00e0 faire ce qu&rsquo;il sait faire le plus vite possible sans s&rsquo;arr\u00eater, il ne reste aucun temps pour r\u00e9fl\u00e9chir, pour \u00eatre cr\u00e9atif. Certes par entrainement, il est possible de faire de plus en plus vite ce que l&rsquo;on sait faire. Mais on ne sort pas de l\u00e0, on fait toujours la m\u00eame chose, et ce n&rsquo;est pas ainsi qu&rsquo;on progresse et qu&rsquo;on fait progresser l&rsquo;entreprise.<br \/>\n<\/span><\/p>\n<p><span style=\"color: #777777; font-family: Arial;\">Et la psychologue de rappeler le fameux \u00ab\u00a0<a href=\"http:\/\/www.linternaute.com\/science\/histoires-de-science\/archimede\/archimede.shtml\"><strong><span style=\"color: #0000ff;\">eur\u00e9ka<\/span><\/strong><span style=\"color: #0000ff;\">\u00a0<\/span><\/a>\u00bb qu&rsquo;Archim\u00e8de a lanc\u00e9 en ayant compris la m\u00e9canique des fluides. Cette d\u00e9couverte scientifique majeure, il l&rsquo;a d\u00e9couverte en paressant calmement dans son bain.<br \/>\n<\/span><\/p>\n<p><span style=\"color: #777777; font-family: Arial;\">Bon je vous laisse \u00e9couter cette \u00e9mission de moins d&rsquo;une demi-heure\u00a0: &lt; <a href=\"https:\/\/www.franceculture.fr\/emissions\/une-histoire-particuliere-un-recit-documentaire-en-deux-parties\/la-paresse-est-lavenir-de-lhomme-22-cherchons-fh-paresseux-pour-un-poste-de-directeur\"><span style=\"color: #0000ff;\">Cherchons F\/H paresseux pour un poste de directeur<\/span><\/a>&gt;<br \/>\n<\/span><\/p>\n<p><span style=\"color: #777777; font-family: Arial;\">Il ne s&rsquo;agit pas de ne rien faire, mais de se laisser du temps de r\u00e9flexion, de paresse pour laisser murir sa cr\u00e9ativit\u00e9.<br \/>\n<\/span><\/p>\n<p><span style=\"color: #777777; font-family: Arial;\">Comme le faisait si souvent l&rsquo;inoubliable Gaston Lagaffe, cr\u00e9\u00e9 en 1957 par Andr\u00e9 Franquin.<br \/>\n<\/span><\/p>\n<p><img decoding=\"async\" src=\"https:\/\/lemotdujour.fr\/wp-content\/uploads\/2020\/04\/042720_2202_Mardi28avri3.jpg\" alt=\"\" \/><span style=\"color: #777777; font-family: Arial;\"><br \/>\n<\/span><\/p>\n<p><span style=\"color: #c00000; font-family: Arial;\">&lt;1408&gt;<\/span><\/p>\n","protected":false},"excerpt":{"rendered":"<p>\u00abSi on est conscient que la paresse est aussi la condition \u00e0 un certain renouvellement des id\u00e9es, n\u00e9cessaire \u00e0 la productivit\u00e9 qu&rsquo;on recherche, on peut avancer dans le bon sens.\u00bb Gwena\u00eblle Hamelin La paresse n&rsquo;a pas bonne presse. Elle fait<\/p>\n","protected":false},"author":1,"featured_media":0,"comment_status":"open","ping_status":"closed","sticky":false,"template":"","format":"standard","meta":{"footnotes":""},"categories":[1],"tags":[6,11,75],"class_list":["post-8693","post","type-post","status-publish","format-standard","hentry","category-motdujour","tag-philosophie","tag-sociologie","tag-travail"],"_links":{"self":[{"href":"https:\/\/lemotdujour.fr\/index.php?rest_route=\/wp\/v2\/posts\/8693","targetHints":{"allow":["GET"]}}],"collection":[{"href":"https:\/\/lemotdujour.fr\/index.php?rest_route=\/wp\/v2\/posts"}],"about":[{"href":"https:\/\/lemotdujour.fr\/index.php?rest_route=\/wp\/v2\/types\/post"}],"author":[{"embeddable":true,"href":"https:\/\/lemotdujour.fr\/index.php?rest_route=\/wp\/v2\/users\/1"}],"replies":[{"embeddable":true,"href":"https:\/\/lemotdujour.fr\/index.php?rest_route=%2Fwp%2Fv2%2Fcomments&post=8693"}],"version-history":[{"count":2,"href":"https:\/\/lemotdujour.fr\/index.php?rest_route=\/wp\/v2\/posts\/8693\/revisions"}],"predecessor-version":[{"id":8695,"href":"https:\/\/lemotdujour.fr\/index.php?rest_route=\/wp\/v2\/posts\/8693\/revisions\/8695"}],"wp:attachment":[{"href":"https:\/\/lemotdujour.fr\/index.php?rest_route=%2Fwp%2Fv2%2Fmedia&parent=8693"}],"wp:term":[{"taxonomy":"category","embeddable":true,"href":"https:\/\/lemotdujour.fr\/index.php?rest_route=%2Fwp%2Fv2%2Fcategories&post=8693"},{"taxonomy":"post_tag","embeddable":true,"href":"https:\/\/lemotdujour.fr\/index.php?rest_route=%2Fwp%2Fv2%2Ftags&post=8693"}],"curies":[{"name":"wp","href":"https:\/\/api.w.org\/{rel}","templated":true}]}}