{"id":8663,"date":"2020-04-25T00:44:53","date_gmt":"2020-04-24T22:44:53","guid":{"rendered":"http:\/\/lemotdujour.fr\/?p=8663"},"modified":"2020-09-13T06:59:53","modified_gmt":"2020-09-13T04:59:53","slug":"samedi-25-avril-2020","status":"publish","type":"post","link":"https:\/\/lemotdujour.fr\/?p=8663","title":{"rendered":"Samedi 25 avril 2020"},"content":{"rendered":"<div class=\"mdjTexte\">\u00abFantaisie D. 940 pour piano \u00e0 quatre mains.\u00bb<\/div>\n<div class=\"mdjAuteur\">Franz Schubert<\/div>\n<p><strong><span style=\"color: #ff6600;\"><em>Mot de jour sp\u00e9cial pendant la p\u00e9riode de confinement suite \u00e0 la pand\u00e9mie du COVID-19<\/em><\/span><\/strong><\/p>\n<p><span style=\"color: #777777; font-family: Arial;\">Pendant cette p\u00e9riode de confinement, j&rsquo;\u00e9cris aussi des mots du jour le week-end.<br \/>\n<\/span><\/p>\n<p><span style=\"color: #777777; font-family: Arial;\">Ces mots sont souvent tourn\u00e9s vers la musique ou d&rsquo;autres arts.<br \/>\n<\/span><\/p>\n<p><img loading=\"lazy\" decoding=\"async\" class=\"alignleft\" src=\"https:\/\/lemotdujour.fr\/wp-content\/uploads\/2020\/04\/042420_2229_Samedi25avr1.png\" alt=\"\" width=\"414\" height=\"299\" align=\"left\" \/><span style=\"color: #777777; font-family: Arial;\">Et je m&rsquo;aper\u00e7ois que j&rsquo;ai \u00e9crit 1404 mots et je n&rsquo;en ai consacr\u00e9 aucun \u00e0 Franz Schubert.<br \/>\n<\/span><\/p>\n<p><span style=\"color: #777777; font-family: Arial;\">Il est vain d&rsquo;essayer de classer les compositeurs, mais Schubert a toujours occup\u00e9 une place particuli\u00e8re dans mon c\u0153ur.<br \/>\n<\/span><\/p>\n<p><span style=\"color: #777777; font-family: Arial;\">C&rsquo;est un amour de jeunesse et qui continue. C&rsquo;est mon p\u00e8re qui m&rsquo;a appris \u00e0 le conna\u00eetre et \u00e0 r\u00e9v\u00e9ler l&rsquo;immensit\u00e9 de son g\u00e9nie.<br \/>\n<\/span><\/p>\n<p><span style=\"color: #777777; font-family: Arial;\">Il faut songer que Schubert est mort \u00e0 31 ans le 19 novembre 1828 \u00e0 Vienne, un an apr\u00e8s Beethoven mort en 1827.<br \/>\n<\/span><\/p>\n<p><span style=\"color: #777777; font-family: Arial;\">Ils vivaient dans la m\u00eame ville et Schubert n&rsquo;a jamais eu le courage d&rsquo;aller \u00e0 sa rencontre.<br \/>\n<\/span><\/p>\n<p><span style=\"color: #777777; font-family: Arial;\">Mais Il fut un des porte-flambeau lors des fun\u00e9railles du g\u00e9nie allemand inaccessible pour lui.<br \/>\n<\/span><\/p>\n<p><span style=\"color: #777777; font-family: Arial;\">Exactement, un an plus tard, le 28 mars 1828 se d\u00e9roula le premier concert public enti\u00e8rement r\u00e9serv\u00e9 \u00e0 ses \u0153uvres.<br \/>\n<\/span><\/p>\n<p><span style=\"color: #777777; font-family: Arial;\">Oui Schubert n&rsquo;eut de son vivant qu&rsquo;un concert public de ses \u0153uvres et ce fut ce 28 mars 1828.<br \/>\n<\/span><\/p>\n<p><span style=\"color: #777777; font-family: Arial;\">Ce qui explique qu&rsquo;il n&rsquo;entendit jamais jouer certaines de ses \u0153uvres qui n\u00e9cessitait un orchestre ou un grand ch\u0153ur.<br \/>\n<\/span><\/p>\n<p><span style=\"color: #777777; font-family: Arial;\">L&rsquo;essentiel de ses \u0153uvres il les joua au milieu de son cercle d&rsquo;amis.<br \/>\n<\/span><\/p>\n<p><span style=\"color: #777777; font-family: Arial;\">Car, il avait en effet beaucoup d&rsquo;amis et d&rsquo;amis assez riches pour lui permettre de vivre au milieu d&rsquo;eux sans avoir d&rsquo;autres revenus de quelques le\u00e7ons de piano qu&rsquo;il donnait.<br \/>\n<\/span><\/p>\n<p><span style=\"color: #777777; font-family: Arial;\">Ces r\u00e9unions d&rsquo;amis organis\u00e9es autour de lui et de ses \u0153uvres avaient \u00e9t\u00e9 nomm\u00e9es par tous\u00a0: \u00ab\u00a0<strong>Les Schubertiades<\/strong>\u00a0\u00bb.<br \/>\n<\/span><\/p>\n<p><span style=\"color: #777777; font-family: Arial;\">Et aujourd&rsquo;hui je vais partager avec vous \u00ab\u00a0<strong>la Fantaisie D. 940 pour piano \u00e0 quatre mains<\/strong>.\u00a0\u00bb<br \/>\n<\/span><\/p>\n<p><span style=\"color: #777777; font-family: Arial;\"><span style=\"color: #0000ff;\">&lt;<a style=\"color: #0000ff;\" href=\"http:\/\/www.revuepiano.com\/s\/articles\/4035_186_schubert-la-fantaisie-en-fa-mineur-d940?idarticle=4035\">La revue de piano<\/a>&gt;<\/span> la d\u00e9crit de la mani\u00e8re suivante\u00a0:<br \/>\n<\/span><\/p>\n<p style=\"margin-left: 28pt;\"><span style=\"color: #c00000; font-family: Arial;\">\u00ab\u00a0<strong>\u0152uvre mythique du r\u00e9pertoire<\/strong>, la Fantaisie en fa mineur ouvre immanquablement, d\u00e8s ses premi\u00e8res notes, les portes de ce monde simple et nostalgique qui caract\u00e9rise les grandes \u0153uvres de Schubert. Achev\u00e9e en avril 1828 \u2013 les premi\u00e8res esquisses datent de janvier de la m\u00eame ann\u00e9e.\u00a0\u00bb.<br \/>\n<\/span><\/p>\n<p><span style=\"color: #777777; font-family: Arial;\">Cette fantaisie est un somment du r\u00e9pertoire de la musique pour piano \u00e0 4 mains.<br \/>\n<\/span><\/p>\n<p><a href=\"https:\/\/www.lalettredumusicien.fr\/imgfck\/2\/File\/Piano_site\/P04_Musiques_decouvrir_quatre_mains.pdf\"><span style=\"font-family: Arial;\"><span style=\"color: #0000ff;\">&lt;La lettre du musicien&gt;<\/span><\/span><\/a><span style=\"color: #777777; font-family: Arial;\"> consacr\u00e9e au r\u00e9pertoire de la musique de piano \u00e0 4 mains \u00e9crit\u00a0:<br \/>\n<\/span><\/p>\n<p style=\"margin-left: 28pt;\"><span style=\"color: #c00000; font-family: Arial;\">\u00ab\u00a0Fantaisie en fa mineur, op.103, D.940, de 1828. Sans doute la plus belle \u0153uvre \u00e9crite pour le piano \u00e0 4 mains, si ce n&rsquo;est l&rsquo;une des plus belles \u0153uvres <a href=\"https:\/\/www.youtube.com\/watch?v=UVyIfg6CQAQ&amp;t=639s\"><img loading=\"lazy\" decoding=\"async\" class=\"alignright\" src=\"https:\/\/lemotdujour.fr\/wp-content\/uploads\/2020\/04\/042420_2229_Samedi25avr2.png\" alt=\"\" width=\"357\" height=\"196\" align=\"left\" border=\"0\" \/><\/a>de musique qui soit. Rien que par son existence, elle justifie le genre.\u00a0\u00bb<br \/>\n<\/span><\/p>\n<p><span style=\"color: #777777; font-family: Arial;\">Je vous propose de l&rsquo;entendre dans une version qui associe l&rsquo;extraordinaire pianiste portugaise <strong>Maria Joao Pires <\/strong>avec une de ses \u00e9l\u00e8ves la jeune pianiste arm\u00e9nienne<span style=\"color: #0000ff;\"> <a style=\"color: #0000ff;\" href=\"http:\/\/lilitgrigoryan.com\/\">Lilit Grigoryan <strong>:<br \/>\n<\/strong><\/a><\/span><\/span><span style=\"color: #0000ff;\"><a style=\"color: #0000ff;\" href=\"https:\/\/www.youtube.com\/watch?v=UVyIfg6CQAQ&amp;t=639s\"><span style=\"font-family: Arial;\"><strong>&lt;Maria-Jo\u00e3o Pires et Lilit Grigoryan &#8211; Franz Schubert &#8211; Fantasie D.940&gt;<\/strong><\/span><\/a><\/span><span style=\"color: #777777; font-family: Arial;\"><strong><br \/>\n<\/strong><\/span><\/p>\n<p><span style=\"color: #777777; font-family: Arial;\">Lilit Grigoryan est n\u00e9e \u00e0 Erevan, en Arm\u00e9nie en 1985. Elle a \u00e9t\u00e9 entre 2013 \u00e0 2016, artiste en r\u00e9sidence \u00e0 la Chapelle Musicale Reine Elisabeth en Belgique, sous la direction de Maria-Jo\u00e3o Pires.<br \/>\n<\/span><\/p>\n<p><span style=\"color: #777777; font-family: Arial;\"><img loading=\"lazy\" decoding=\"async\" class=\"wp-image-9466 alignleft\" src=\"https:\/\/lemotdujour.fr\/wp-content\/uploads\/2020\/09\/090720_2227_Lundi24aot24.jpg\" alt=\"\" width=\"215\" height=\"360\" srcset=\"https:\/\/lemotdujour.fr\/wp-content\/uploads\/2020\/09\/090720_2227_Lundi24aot24.jpg 263w, https:\/\/lemotdujour.fr\/wp-content\/uploads\/2020\/09\/090720_2227_Lundi24aot24-179x300.jpg 179w\" sizes=\"auto, (max-width: 215px) 100vw, 215px\" \/>Christine Mondon \u00e9crit un long d\u00e9veloppement tr\u00e8s sensible et juste consacr\u00e9 \u00e0 cette fantaisie. J&rsquo;en tire ces extraits<br \/>\n<\/span><\/p>\n<p style=\"margin-left: 28pt;\"><span style=\"color: #c00000; font-family: Arial;\">\u00ab\u00a0Sa [&#8230;] Fantaisie en fa mineur D.940, est son chef-d&rsquo;\u0153uvre. [<em>parmi les fantaisies pour piano<\/em>&#8230;] elle s&#8217;empare de l&rsquo;\u00eatre tout entier avec une telle puissance que l&rsquo;on a le sentiment que le temps est suspendu au souffle de l&rsquo;\u00e9ternel voyageur des sons qu&rsquo;est Schubert. [&#8230;]<br \/>\n<\/span><\/p>\n<p style=\"margin-left: 28pt;\"><span style=\"color: #c00000; font-family: Arial;\">Toujours est-il que ce chant sublime \u2013 le plus beau \u00ab\u00a0quatre-mains\u00a0\u00bb de la musique \u2013 laisse entendre la fragilit\u00e9 de la vie, notamment lorsqu&rsquo;il module vers le majeur ce qui le rend plus tragique encore, dans la quinte diminu\u00e9e si-fa o\u00f9 Schubert traduit sa r\u00e9volte face \u00e0 la maladie et \u00e0 la mort.<br \/>\n<\/span><\/p>\n<p style=\"margin-left: 28pt;\"><span style=\"color: #c00000; font-family: Arial;\">D\u00e8s les premi\u00e8res notes s&rsquo;\u00e9l\u00e8ve une m\u00e9lodie d&rsquo;une ineffable beaut\u00e9. Molto moderato\u2026 une qu\u00eate s&rsquo;amorce, celle du voyageur vers l&rsquo;inaccessible \u00e9toile. [\u2026]<br \/>\n<\/span><\/p>\n<p style=\"margin-left: 28pt;\"><span style=\"color: #c00000; font-family: Arial;\">Bouleversant est le cri \u00e9touff\u00e9 de celui qui commence sa longue descente vers la mort. On ne sort pas indemne \u00e0 l&rsquo;\u00e9coute de la Fantaisie. En elle se cristallisent nos \u00e9motions car c&rsquo;est de notre vie m\u00eame dont il s&rsquo;agit.\u00a0\u00bb<br \/>\n<\/span><span style=\"color: #c00000; font-family: Arial;\"><em>Christine Mondon\u00a0: \u00ab Franz Schubert, Le musicien de l&rsquo;ombre \u00bb, pages 221 \u00e0 223<\/em><\/span><\/p>\n<p><span style=\"color: #777777; font-family: Arial;\">Cette \u0153uvre a donc \u00e9t\u00e9 \u00e9crite entre janvier et avril 1828.<br \/>\n<\/span><\/p>\n<p><span style=\"color: #777777; font-family: Arial;\">Benjamin Britten a dit <strong>que l&rsquo;ann\u00e9e 1848 \u00e9tait l&rsquo;ann\u00e9e la plus f\u00e9conde de l&rsquo;Histoire de la musique<\/strong>, parce que ce fut la derni\u00e8re de la vie de Schubert et que jamais de m\u00e9moire d&rsquo;homme, un compositeur n&rsquo;a \u00e9crit autant de chef d&rsquo;\u0153uvre que Schubert, cette ann\u00e9e-l\u00e0.<br \/>\n<\/span><\/p>\n<p><span style=\"color: #777777; font-family: Arial;\">Cette fantaisie en est une.<br \/>\n<\/span><\/p>\n<p><span style=\"color: #777777; font-family: Arial;\">Les \u0153uvres de Schubert ont \u00e9t\u00e9 class\u00e9es par un musicologue Otto Erich Deutsch. Ainsi D 940, signifie que l&rsquo;\u0153uvre occupe la place 940 dans le classement de Deutsch. Ce classement est chronologique.<br \/>\n<\/span><\/p>\n<p><span style=\"color: #777777; font-family: Arial;\">Les \u0153uvres de 1828 occupent les num\u00e9ros de <strong>937 \u00e0 965<\/strong>.<br \/>\n<\/span><\/p>\n<p><span style=\"color: #777777; font-family: Arial;\">Il y a cependant quelques num\u00e9ros apr\u00e8s 965, jusqu&rsquo;\u00e0 998 et concernent des \u0153uvres que Deutsch n&rsquo;est pas parvenu \u00e0 dater.<br \/>\n<\/span><\/p>\n<p><span style=\"color: #777777; font-family: Arial;\">Schubert lui-m\u00eame, accompagn\u00e9 par son ami <strong>Franz Lachner<\/strong>, jouera la fantaisie D940, pour la premi\u00e8re fois, \u00e0 Vienne le 9 mai 1828, au cours de l&rsquo;une de ses fameuses Schubertiades.<br \/>\n<\/span><\/p>\n<p><span style=\"color: #777777; font-family: Arial;\">Elle est d\u00e9di\u00e9e \u00e0 la comtesse Caroline Esterh\u00e1zy, une \u00e9l\u00e8ve du compositeur. En f\u00e9vrier 1828, <strong>Eduard von Bauernfeld<\/strong>, dramaturge et autre ami de Schubert, note dans son journal :<br \/>\n<\/span><\/p>\n<p style=\"margin-left: 28pt;\"><span style=\"color: #c00000; font-family: Arial;\">\u00ab\u00a0Schubert semble \u00eatre r\u00e9ellement amoureux de la comtesse E. Il lui donne des le\u00e7ons.\u00a0\u00bb.<br \/>\n<\/span><\/p>\n<p><span style=\"color: #777777; font-family: Arial;\">Le m\u00eame von Bauernfeld (1802-1890) \u00e9crira bien plus tard\u00a0:<br \/>\n<\/span><\/p>\n<p style=\"margin-left: 28pt;\"><span style=\"color: #c00000; font-family: Arial;\">\u00ab\u00a0Lorsque la statue de Schubert fut inaugur\u00e9e au Stadtpark, le 15 mai 1872, j&rsquo;allai \u00e0 la c\u00e9r\u00e9monie avec Lachner. \u00ab\u00a0Te rappelles-tu, me dit Lachner, comment je t&rsquo;ai jou\u00e9 pour la premi\u00e8re fois avec Schubert sa nouvelle fantaisie \u00e0 quatre mains\u00a0?\u00a0\u00bb<br \/>\n<\/span><span style=\"color: #c00000; font-family: Arial;\"><em>Cit\u00e9 par Brigitte Massin \u00ab\u00a0Franz Schubert\u00a0\u00bb chez Fayard page 439<br \/>\n<\/em><\/span><\/p>\n<p><span style=\"color: #777777; font-family: Arial;\">Quarante-quatre ans plus tard, ces deux amis de Schubert se souvenaient de cet instant privil\u00e9gi\u00e9\u00a0: la d\u00e9couverte d&rsquo;un chef d&rsquo;\u0153uvre<\/span><\/p>\n<p><span style=\"color: #777777; font-family: Arial;\">Il y en eut bien d&rsquo;autres, en cette ann\u00e9e 1828, mais j&rsquo;y reviendrai.<\/span><\/p>\n<p><span style=\"color: #777777; font-family: Arial;\">Pour celles et ceux qui voudrait approfondir, vous trouverez derri\u00e8re ce lien &lt;<a href=\"https:\/\/www.youtube.com\/watch?v=7cKTBTVL5Ls\"><span style=\"color: #0000ff;\">Fantaisie en fa mineur, Philippe Cassard et C\u00e9dric Pescia<\/span><\/a>&gt; une analyse faite par ces deux pianistes de l&rsquo;\u0153uvre. Et vous apprendrez que Schubert cite dans sa fantaisie un extrait de la 9<sup>\u00e8me<\/sup> symphonie de Beethoven.<br \/>\n<\/span><\/p>\n<p><a href=\"https:\/\/www.qobuz.com\/fr-fr\/album\/mozart-sonata-for-2-pianos-in-d-major-k-448-schubert-fantasie-in-f-minor-op-103-d-940-murray-perahia-radu-lupu\/5099750401323\"><img loading=\"lazy\" decoding=\"async\" class=\"alignleft\" src=\"https:\/\/lemotdujour.fr\/wp-content\/uploads\/2020\/04\/042420_2229_Samedi25avr3.jpg\" alt=\"\" width=\"251\" height=\"251\" align=\"left\" border=\"0\" \/><\/a><span style=\"color: #777777; font-family: Arial;\">Si on souhaite un enregistrement audio de cette \u0153uvre, il est possible de se tourner vers la superbe interpr\u00e9tation de <a href=\"https:\/\/www.qobuz.com\/fr-fr\/album\/mozart-sonata-for-2-pianos-in-d-major-k-448-schubert-fantasie-in-f-minor-op-103-d-940-murray-perahia-radu-lupu\/5099750401323\">&lt;<span style=\"color: #0000ff;\">Murray Perahia et Radu Lupu<\/span>&gt;<\/a><br \/>\n<\/span><\/p>\n<p><span style=\"color: #777777; font-family: Arial;\">Il en est bien d&rsquo;autres.<br \/>\n<\/span><\/p>\n<p><span style=\"color: #777777; font-family: Arial;\">Maria Joao Pires l&rsquo;a enregistr\u00e9 avec Huseyin Sermet<br \/>\n<\/span><\/p>\n<p><span style=\"color: #777777; font-family: Arial;\">Un peintre von Schwindt qui faisait partie du cercle d&rsquo;amis de Schubert a peint quelques ann\u00e9es apr\u00e8s la mort de Schubert, un tableau montrant l&rsquo;ambiance des Schubertiades.<br \/>\n<\/span><\/p>\n<p><img decoding=\"async\" src=\"https:\/\/lemotdujour.fr\/wp-content\/uploads\/2020\/04\/042420_2229_Samedi25avr4.jpg\" alt=\"\" \/><span style=\"color: maroon; font-family: Arial;\">&lt;1405&gt;<\/span><\/p>\n","protected":false},"excerpt":{"rendered":"<p>\u00abFantaisie D. 940 pour piano \u00e0 quatre mains.\u00bb Franz Schubert Mot de jour sp\u00e9cial pendant la p\u00e9riode de confinement suite \u00e0 la pand\u00e9mie du COVID-19 Pendant cette p\u00e9riode de confinement, j&rsquo;\u00e9cris aussi des mots du jour le week-end. Ces mots<\/p>\n","protected":false},"author":1,"featured_media":0,"comment_status":"open","ping_status":"closed","sticky":false,"template":"","format":"standard","meta":{"footnotes":""},"categories":[1],"tags":[186,148,20],"class_list":["post-8663","post","type-post","status-publish","format-standard","hentry","category-motdujour","tag-186","tag-autriche","tag-musique"],"_links":{"self":[{"href":"https:\/\/lemotdujour.fr\/index.php?rest_route=\/wp\/v2\/posts\/8663","targetHints":{"allow":["GET"]}}],"collection":[{"href":"https:\/\/lemotdujour.fr\/index.php?rest_route=\/wp\/v2\/posts"}],"about":[{"href":"https:\/\/lemotdujour.fr\/index.php?rest_route=\/wp\/v2\/types\/post"}],"author":[{"embeddable":true,"href":"https:\/\/lemotdujour.fr\/index.php?rest_route=\/wp\/v2\/users\/1"}],"replies":[{"embeddable":true,"href":"https:\/\/lemotdujour.fr\/index.php?rest_route=%2Fwp%2Fv2%2Fcomments&post=8663"}],"version-history":[{"count":7,"href":"https:\/\/lemotdujour.fr\/index.php?rest_route=\/wp\/v2\/posts\/8663\/revisions"}],"predecessor-version":[{"id":9510,"href":"https:\/\/lemotdujour.fr\/index.php?rest_route=\/wp\/v2\/posts\/8663\/revisions\/9510"}],"wp:attachment":[{"href":"https:\/\/lemotdujour.fr\/index.php?rest_route=%2Fwp%2Fv2%2Fmedia&parent=8663"}],"wp:term":[{"taxonomy":"category","embeddable":true,"href":"https:\/\/lemotdujour.fr\/index.php?rest_route=%2Fwp%2Fv2%2Fcategories&post=8663"},{"taxonomy":"post_tag","embeddable":true,"href":"https:\/\/lemotdujour.fr\/index.php?rest_route=%2Fwp%2Fv2%2Ftags&post=8663"}],"curies":[{"name":"wp","href":"https:\/\/api.w.org\/{rel}","templated":true}]}}