{"id":866,"date":"2014-10-15T02:00:00","date_gmt":"2014-10-14T22:00:00","guid":{"rendered":"http:\/\/lemotdujour.fr\/?p=866"},"modified":"2017-05-08T13:23:27","modified_gmt":"2017-05-08T11:23:27","slug":"mercredi-15-octobre-2014","status":"publish","type":"post","link":"https:\/\/lemotdujour.fr\/?p=866","title":{"rendered":"Mercredi 15 octobre 2014"},"content":{"rendered":"<div class=\"mdjDate\">Mercredi 15 octobre 2014<\/div>\n<div class=\"mdjTexte\">\u00ab\u00a0Jamais depuis la lib\u00e9ration notre R\u00e9publique n&rsquo;a \u00e9t\u00e9 \u00e0 ce point corrompu.\u00a0\u00bb<\/div>\n<div class=\"mdjAuteur\">Antoine Peillon<\/div>\n<div class=\"mdjComplements\">Antoine Peillon est journaliste \u00e0 La Croix, il est le fr\u00e8re de Vincent Peillon, ancien Ministre de l&rsquo;Education Nationale.<\/div>\n<div class=\"mdjComplements\">Il publie un essai : Corruption, (le Seuil), un bandeau rouge barre le livre \u00ab\u00a0Nous sommes tous responsables\u00a0\u00bb.<\/div>\n<div class=\"mdjComplements\">Il \u00e9tait l&rsquo;invit\u00e9 de l&rsquo;\u00e9mission de France Culture la Grande Table :\u00a0 <a href=\"http:\/\/www.franceculture.fr\/emission-la-grande-table-2eme-partie-comment-penser-la-corruption-2014-10-08\">http:\/\/www.franceculture.fr\/emission-la-grande-table-2eme-partie-comment-penser-la-corruption-2014-10-08<\/a><\/div>\n<div class=\"mdjCiter\">Il dit \u00ab\u00a0Nous sommes tous responsables. A partir du moment o\u00f9 la citoyennet\u00e9 se r\u00e9sume \u00e0 se lever, travailler, toucher son salaire et dormir la nuit; sans engagement associatif, syndical ou politique, la R\u00e9publique se fait sans nous. Elle n&rsquo;est d\u00e8s lors plus une R\u00e9publique d\u00e9mocratique.\u00a0\u00bb<\/div>\n<div class=\"mdjComplements\">Il juge que notre R\u00e9publique arrive au dernier degr\u00e9 de la corruption. Dernier degr\u00e9 qu&rsquo;il d\u00e9finit comme celui qui se trouve avant l&rsquo;explosion politique social et \u00e9conomique.<\/div>\n<div class=\"mdjComplements\">Cette corruption dont une grande partie selon lui est l&rsquo;\u00e9vasion fiscale est en train de mettre notre pays \u00e0 genoux. Il a \u00e9t\u00e9 l&rsquo;auteur en 2012 d\u2019une enqu\u00eate explosive sur l\u2019exil fiscal organis\u00e9 par la banque suisse UBS avec la complicit\u00e9 de l\u2019\u00c9tat fran\u00e7ais (il avait \u00e9voqu\u00e9 ces 600 milliards qui manquent \u00e0 la France, le Seuil),<\/div>\n<div class=\"mdjComplements\"><a href=\"http:\/\/www.liberation.fr\/chroniques\/2014\/10\/03\/la-france-corrompue_1114265\">&lt;Laurent Joffrin, pr\u00e9sente ce livre dans Lib\u00e9ration : &gt;<\/a> <\/div>\n<div class=\"mdjCiter\">\u00ab\u00a0Peillon s\u2019astreint aussi \u00e0 la rigueur intellectuelle en cherchant, non le simple sensationnalisme des r\u00e9v\u00e9lations, mais les racines profondes du mal. L\u2019extension dangereuse de l\u2019emprise de la finance sur l\u2019\u00e9conomie fut bien s\u00fbr un facteur essentiel. Quand on promeut, au nom du lib\u00e9ralisme, la cupidit\u00e9 au rang des vertus cardinales, on ne doit pas ensuite d\u2019\u00e9tonner de voir la vie bancaire ou boursi\u00e8re constell\u00e9e de tactiques ill\u00e9gales, d\u2019escroqueries en costume Lanvin, de festins obsc\u00e8nes o\u00f9 sont convi\u00e9s tous les loups de Wall Street. La classe dirigeante a oubli\u00e9 la le\u00e7on de Montesquieu : le principe des r\u00e9gimes tyranniques, c\u2019est la peur, le principe des r\u00e9gimes aristocratiques, c\u2019est l\u2019honneur et celui des r\u00e9gimes d\u00e9mocratiques, celui qui les fait tenir debout, c\u2019est la vertu. Non pas celle des jeunes filles, mais celle des citoyens dignes de ce nom.<\/div>\n<div class=\"mdjCiter\">Peillon va plus loin en lisant les sociologues et les anthropologues. La corruption qui mine nos soci\u00e9t\u00e9s, dit-il, est aussi une culture. Celle de l\u2019arrangement, du conflit d\u2019int\u00e9r\u00eat, de la combine b\u00e9nigne, du m\u00e9pris quotidien des lois, du contournement des r\u00e8gles. La corruption, c\u2019est aussi une emprise invisible, celle du crime organis\u00e9 qui accro\u00eet sans cesse son cercle d\u2019influence, qu\u2019on croit confin\u00e9e dans les pays du Sud, Italie par exemple, et qui s\u2019\u00e9tend depuis longtemps sous nos climats plus aust\u00e8res. <em>\u00abNous sommes tous responsables\u00bb, <\/em>dit-il lucidement. Pour cet avertissement d\u00e9rangeant, il m\u00e9rite le d\u00e9tour, qui fera du bien \u00e0 la morale civique.\u00a0\u00bb<\/div>\n<div class=\"mdjComplements\">Mediapart qui est en premi\u00e8re ligne dans cette lutte contre la corruption (au fait \u00eates-vous abonn\u00e9 ?) <a href=\"http:\/\/blogs.mediapart.fr\/edition\/complices\/article\/031014\/corruption-ca-suffit-venez-au-theatre-de-la-ville-le-19-octobre\">&lt; Cr\u00e9e un \u00e9v\u00e8nement : corruption \u00e7a suffit au Th\u00e9\u00e2tre de la ville le 19 octobre \u00e0 19h&gt;<\/a><\/div>\n<div class=\"mdjComplements\">Outre le livre d&rsquo;Antoine Peillon, deux autres livres viennent de para\u00eetre qui traitent du m\u00eame sujet\u00a0 Fabrice Arfi de Mediapart \u2013<em>Le Sens des affaires\u00a0<\/em>(Calmann-L\u00e9vy)\u2013, Beno\u00eet Collombat de France Inter \u2013<em>Histoire secr\u00e8te du patronat<\/em> (La D\u00e9couverte).<\/div>\n<div class=\"mdjComplements\">Ils seront tous les trois invit\u00e9s et aussi Roberto Scarpinato, procureur g\u00e9n\u00e9ral aupr\u00e8s du parquet de Palerme (Sicile), qui vit sous protection polici\u00e8re depuis plus de vingt ans pour son combat sans rel\u00e2che contre toutes les mafias, criminelles ou financi\u00e8res. <\/div>\n","protected":false},"excerpt":{"rendered":"<p>Mercredi 15 octobre 2014 \u00ab\u00a0Jamais depuis la lib\u00e9ration notre R\u00e9publique n&rsquo;a \u00e9t\u00e9 \u00e0 ce point corrompu.\u00a0\u00bb Antoine Peillon Antoine Peillon est journaliste \u00e0 La Croix, il est le fr\u00e8re de Vincent Peillon, ancien Ministre de l&rsquo;Education Nationale. Il publie un<\/p>\n","protected":false},"author":1,"featured_media":0,"comment_status":"closed","ping_status":"closed","sticky":false,"template":"","format":"standard","meta":{"footnotes":""},"categories":[1],"tags":[],"class_list":["post-866","post","type-post","status-publish","format-standard","hentry","category-motdujour"],"_links":{"self":[{"href":"https:\/\/lemotdujour.fr\/index.php?rest_route=\/wp\/v2\/posts\/866","targetHints":{"allow":["GET"]}}],"collection":[{"href":"https:\/\/lemotdujour.fr\/index.php?rest_route=\/wp\/v2\/posts"}],"about":[{"href":"https:\/\/lemotdujour.fr\/index.php?rest_route=\/wp\/v2\/types\/post"}],"author":[{"embeddable":true,"href":"https:\/\/lemotdujour.fr\/index.php?rest_route=\/wp\/v2\/users\/1"}],"replies":[{"embeddable":true,"href":"https:\/\/lemotdujour.fr\/index.php?rest_route=%2Fwp%2Fv2%2Fcomments&post=866"}],"version-history":[{"count":1,"href":"https:\/\/lemotdujour.fr\/index.php?rest_route=\/wp\/v2\/posts\/866\/revisions"}],"predecessor-version":[{"id":867,"href":"https:\/\/lemotdujour.fr\/index.php?rest_route=\/wp\/v2\/posts\/866\/revisions\/867"}],"wp:attachment":[{"href":"https:\/\/lemotdujour.fr\/index.php?rest_route=%2Fwp%2Fv2%2Fmedia&parent=866"}],"wp:term":[{"taxonomy":"category","embeddable":true,"href":"https:\/\/lemotdujour.fr\/index.php?rest_route=%2Fwp%2Fv2%2Fcategories&post=866"},{"taxonomy":"post_tag","embeddable":true,"href":"https:\/\/lemotdujour.fr\/index.php?rest_route=%2Fwp%2Fv2%2Ftags&post=866"}],"curies":[{"name":"wp","href":"https:\/\/api.w.org\/{rel}","templated":true}]}}