{"id":8654,"date":"2020-04-24T02:11:00","date_gmt":"2020-04-24T00:11:00","guid":{"rendered":"http:\/\/lemotdujour.fr\/?p=8654"},"modified":"2020-05-07T10:43:04","modified_gmt":"2020-05-07T08:43:04","slug":"vendredi-24-avril-2020","status":"publish","type":"post","link":"https:\/\/lemotdujour.fr\/?p=8654","title":{"rendered":"Vendredi 24 avril 2020"},"content":{"rendered":"<div class=\"mdjTexte\">\u00ab&nbsp;1<sup>er<\/sup> Ramadan 1441&nbsp;\u00bb<\/div>\n<div class=\"mdjAuteur\">Identification de ce jour dans le calendrier h\u00e9girien<\/div>\n<p><span style=\"color: #777777; font-family: Arial;\">Nous sommes donc le 24 avril 2020 de l&rsquo;\u00e8re chr\u00e9tienne selon le calendrier solaire gr\u00e9gorien.<br><\/span><\/p>\n<p><span style=\"color: #777777; font-family: Arial;\">Mais si vous allez sur le site de la <span style=\"color: #0000ff;\"><a style=\"color: #0000ff;\" href=\"http:\/\/mosquee-lyon.org\/\">mosqu\u00e9e de Lyon<\/a><\/span> vous trouverez cette annonce&nbsp; qui donne une autre identification \u00e0 ce jour&nbsp;:<br><\/span><\/p>\n<p><img loading=\"lazy\" decoding=\"async\" class=\"alignleft\" src=\"https:\/\/lemotdujour.fr\/wp-content\/uploads\/2020\/04\/042320_2111_Vendredi24a1.png\" alt=\"\" width=\"332\" height=\"176\" align=\"left\"><span style=\"color: #777777; font-family: Arial;\">\u00ab&nbsp;<strong>1<sup>er<\/sup> ramadan 1441<\/strong>&nbsp;\u00bb<br><\/span><\/p>\n<p><span style=\"color: #777777; font-family: Arial;\">Ramadan est un mois d&rsquo;un autre calendrier&nbsp;: le calendrier h\u00e9girien, qui est lui un calendrier lunaire.<br><\/span><\/p>\n<p><span style=\"color: #777777; font-family: Arial;\">C&rsquo;est le neuvi\u00e8me mois de ce calendrier.<br><\/span><\/p>\n<p><span style=\"color: #777777; font-family: Arial;\">On parle de calendrier h\u00e9girien, parce qu&rsquo;il d\u00e9bute lors de \u00ab&nbsp;<span style=\"color: #0000ff;\"><a style=\"color: #0000ff;\" href=\"https:\/\/fr.wikipedia.org\/wiki\/H%C3%A9gire\"><strong>l&rsquo;h\u00e9gire<\/strong><\/a><\/span>&nbsp;\u00bb<br><\/span><\/p>\n<p><span style=\"color: #777777; font-family: Arial;\">L&rsquo;<strong>h\u00e9gire<\/strong> d\u00e9signe le d\u00e9part du proph\u00e8te de l&rsquo;Islam Mohammed et de plusieurs de ses compagnons de <strong>La Mecque<\/strong> vers l&rsquo;oasis de <strong>Yathrib<\/strong>, ancien nom de <strong>M\u00e9dine<\/strong>, en 622 du calendrier solaire chr\u00e9tien.<br><\/span><\/p>\n<p><span style=\"color: #777777; font-family: Arial;\">Les habitants de la Mecque ne sont pas tr\u00e8s r\u00e9ceptifs \u00e0 l&rsquo;enseignement de Mohammed, en ces temps-l\u00e0, et les compagnons du proph\u00e8te sont victimes de violence et vont donc quitter La Mecque. Fuir diront certains.<br><\/span><\/p>\n<p><span style=\"color: #777777; font-family: Arial;\">&lt;<a href=\"https:\/\/fr.wikipedia.org\/wiki\/H%C3%A9gire\"><span style=\"color: #0000ff;\">Wikipedia<\/span><\/a>&gt;, nous apprend<br><\/span><\/p>\n<p style=\"margin-left: 28pt;\"><span style=\"color: #c00000; font-family: Arial;\">\u00ab&nbsp;Le terme h\u00e9gire signifie en arabe \u00ab immigration \u00bb (du point de vue de M\u00e9dine) ; le sens de \u00ab rupture de liens \u00bb (sous-entendu : familiaux) est parfois rencontr\u00e9. Cet \u00e9v\u00e9nement cr\u00e9e une rupture fondamentale avec la soci\u00e9t\u00e9 telle qu&rsquo;elle \u00e9tait connue des Arabes jusqu&rsquo;alors. Mahomet vient en effet de rompre un mod\u00e8le soci\u00e9tal \u00e9tabli sur les liens du sang (organisation clanique), en faveur d&rsquo;un mod\u00e8le de communaut\u00e9 de destin fond\u00e9e sur la croyance. Dans ce nouveau mod\u00e8le, o\u00f9 tout le monde est cens\u00e9 \u00eatre \u00ab fr\u00e8re \u00bb, il n&rsquo;est plus permis d&rsquo;abandonner le d\u00e9muni ou le faible comme c&rsquo;\u00e9tait le cas auparavant. Les clans puissants de La Mecque vont tout faire pour \u00e9liminer cette nouvelle forme de soci\u00e9t\u00e9 qui diminue leur influence car l&rsquo;\u00e9galit\u00e9 entre les croyants est proclam\u00e9e lors de la r\u00e9daction de la constitution de M\u00e9dine, qu&rsquo;ils soient libres ou esclaves, arabes ou non-arabes&nbsp;\u00bb.<br><\/span><\/p>\n<p><span style=\"color: #777777; font-family: Arial;\">Pour marquer l&rsquo;importance de cet \u00e9v\u00e9nement, le calendrier musulman commence donc au premier jour de l&rsquo;ann\u00e9e lunaire de l&rsquo;H\u00e9gire, ce qui correspond au <strong>16 juillet 622 du calendrier chr\u00e9tien.<\/strong><br><\/span><\/p>\n<p><span style=\"color: #777777; font-family: Arial;\">Pour les musulmans ce neuvi\u00e8me mois est le mois du je\u00fbne.<br><\/span><\/p>\n<p><span style=\"color: #777777; font-family: Arial;\">Le je\u00fbne du mois de Ramadan constitue l&rsquo;un des cinq piliers de l&rsquo;islam. Au cours de ce mois, les musulmans ayant l&rsquo;\u00e2ge requis selon les courants de l&rsquo;islam ne doivent pas manger, boire, fumer, ni entretenir de rapport sexuel de l&rsquo;aube au coucher du Soleil.<br><\/span><\/p>\n<p><span style=\"color: #777777; font-family: Arial;\">Selon &lt;<a href=\"https:\/\/fr.wikipedia.org\/wiki\/Ramadan\"><span style=\"color: #0000ff;\">Wikipedia<\/span><\/a>&gt;<br><\/span><\/p>\n<p style=\"margin-left: 28pt;\"><span style=\"color: #c00000; font-family: Arial;\">\u00ab&nbsp;Le nom ramadan a \u00e9t\u00e9 donn\u00e9 au neuvi\u00e8me mois dans le monde arabe bien avant l&rsquo;arriv\u00e9e de l&rsquo;islam.&nbsp;\u00bb<br><\/span><\/p>\n<p><span style=\"color: #777777; font-family: Arial;\">Comme le calendrier h\u00e9girien est un calendrier lunaire : chaque mois commence apr\u00e8s la nouvelle lune, lorsque le premier fin croissant est visible. Il doit \u00eatre aper\u00e7u avant qu&rsquo;il ne disparaisse \u00e0 l&rsquo;horizon dans les lueurs cr\u00e9pusculaires. Si la nouvelle lune est post\u00e9rieure au coucher du Soleil, l&rsquo;observation se fait le lendemain. Comme le calendrier musulman peut compter dix, onze ou, les ann\u00e9es bissextiles, douze jours de moins que le calendrier solaire et aucune intercalation, ramadan se d\u00e9cale d&rsquo;autant chaque ann\u00e9e et passe progressivement d&rsquo;une saison \u00e0 l&rsquo;autre.<br><\/span><\/p>\n<p><span style=\"color: #777777; font-family: Arial;\">Tout cela \u00e9tant parfaitement pr\u00e9visible puisqu&rsquo;il s&rsquo;agit de mouvement cosmique et de la rotation de la lune autour de la terre, elle-m\u00eame ins\u00e9r\u00e9e dans le syst\u00e8me solaire. Il y a donc un tableau pr\u00e9visible qui donne le d\u00e9but du mois de ramadan de chaque ann\u00e9e future. Ainsi cette ann\u00e9e, il \u00e9tait pr\u00e9vu que le mois de ramadan commence le 24 avril.<br><\/span><\/p>\n<p><span style=\"color: #777777; font-family: Arial;\">Et c&rsquo;est ainsi que le con\u00e7oit l&rsquo;essayiste, islamologue et th\u00e9ologien <strong>Mohamed Bajrafil <\/strong>qui \u00e9tait l&rsquo;invit\u00e9 des matins de France Culture de ce <span style=\"color: #0000ff;\"><a style=\"color: #0000ff;\" href=\"https:\/\/www.franceculture.fr\/emissions\/linvitee-des-matins-2eme-partie\/mohamed-bajrafil-est-linvite-des-matins\">jeudi 23 avril 2020<\/a>.<\/span><br><\/span><\/p>\n<p><span style=\"color: #777777; font-family: Arial;\">Mais ce n&rsquo;est pas la position dominante des responsables de la communaut\u00e9 musulmane.<br><\/span><\/p>\n<p><span style=\"color: #777777; font-family: Arial;\">Ces derniers insistent sur l&rsquo;observation locale du croissant de lune pour marquer le d\u00e9but du ramadan, parce que le premier croissant apr\u00e8s la nouvelle lune n&rsquo;est pas visible partout en m\u00eame temps, les dates de d\u00e9but et de fin du mois d\u00e9pendent de ce qui est visible dans chaque lieu.<br><\/span><\/p>\n<p><span style=\"color: #777777; font-family: Arial;\">Et c&rsquo;est pourquoi un comit\u00e9 officiel s&rsquo;est r\u00e9uni et \u00e0 l&rsquo;issue d&rsquo;une c\u00e9r\u00e9monie \u00e0 la Grande Mosqu\u00e9e de Paris, la date du d\u00e9but du Ramadan a \u00e9t\u00e9 d\u00e9voil\u00e9e ce jeudi 23 avril<br><\/span><\/p>\n<p><span style=\"color: #777777; font-family: Arial;\">Selon ce que relate le journal &lt;<span style=\"color: #0000ff;\"><a style=\"color: #0000ff;\" href=\"http:\/\/www.francesoir.fr\/lifestyle-vie-quotidienne\/le-ramadan-2020-commencera-vendredi-24-avril-les-heures-de-priere-de-jeune\">France soir<\/a><\/span>&gt;&nbsp;:<br><\/span><\/p>\n<p style=\"margin-left: 28pt;\"><span style=\"color: #c00000; font-family: Arial;\">\u00ab&nbsp;Le comit\u00e9 a pris acte de l&rsquo;apparition de la nouvelle lune en ce 29\u00e8me jour du mois de Cha\u00e2bane 1441 de l&rsquo;ann\u00e9e H\u00e9girienne, le mois sacr\u00e9 d\u00e9butera donc demain vendredi 24 avril.&nbsp;\u00bb<br><\/span><\/p>\n<p><span style=\"color: #777777; font-family: Arial;\">C&rsquo;est donc bien le 24 avril que commence le mois de ramadan, comme c&rsquo;\u00e9tait pr\u00e9vu.<br><\/span><\/p>\n<p><img decoding=\"async\" class=\"alignleft\" src=\"https:\/\/lemotdujour.fr\/wp-content\/uploads\/2020\/04\/042320_2111_Vendredi24a2.jpg\" alt=\"\" align=\"left\"><span style=\"color: #777777; font-family: Arial;\">J&rsquo;ai trouv\u00e9 l&rsquo;intervention de Mohamed Bajrafil sur le ramadan en temps de confinement tr\u00e8s int\u00e9ressant. <\/span><span style=\"color: #777777; font-family: Arial;\">Pour lui le confinement ne pose pas probl\u00e8me&nbsp;:<br><\/span><\/p>\n<p style=\"margin-left: 28pt;\"><span style=\"color: #c00000; font-family: Arial;\">\u00ab&nbsp;Le Ramadan est une pratique cach\u00e9e, donc il cadre parfaitement avec le confinement. L\u00e0, il nous est donn\u00e9 la possibilit\u00e9 de combiner confinement spirituel et corporel.&nbsp;\u00bb<br><\/span><\/p>\n<p><span style=\"color: #777777; font-family: Arial;\">Mohamed Bajrafil est n\u00e9 en 1978 aux Comores, il est de tradition soufiste.<br><\/span><\/p>\n<p><span style=\"color: #777777; font-family: Arial;\">Il a rappel\u00e9 que le ramadan constitue une discipline personnelle que vouloir obliger quelqu&rsquo;un de respecter le ramadan n&rsquo;est pas conforme \u00e0 l&rsquo;Islam d&rsquo;abord parce que si l&rsquo;action de faire le je\u00fbne n&rsquo;est pas une d\u00e9cision personnelle, elle n&rsquo;a aucune valeur. Le faire parce qu&rsquo;on est forc\u00e9, selon Mohamed Bajrafil, c&rsquo;est comme si on ne le faisait pas. Celui qui force n&rsquo;est pas davantage dans l&rsquo;esprit du ramadan.<br><\/span><\/p>\n<p><span style=\"color: #777777; font-family: Arial;\">Et il dit notamment<br><\/span><\/p>\n<p style=\"margin-left: 28pt;\"><span style=\"color: #c00000; font-family: Arial;\">\u00ab&nbsp;On doit vraiment lutter pour que personne ne suive personne mais que tout le monde agisse en son \u00e2me et conscience. Tout le monde doit pouvoir choisir de je\u00fbner ou non et de prier ou non<em>.&nbsp;\u00bb<br><\/em><\/span><\/p>\n<p><span style=\"color: #777777; font-family: Arial;\">Il dit aussi que, selon lui, l&rsquo;aspect festif que certains exacerbent n&rsquo;est pas davantage dans l&rsquo;esprit. C&rsquo;est une f\u00eate de la charit\u00e9 et du manque. Les repas de la nuit ont pour fonction de supporter le jeune de la journ\u00e9e sans que le manque ne doive dispara\u00eetre. Il s&rsquo;agit de se mettre \u00e0 la place de celles et de ceux qui sont en manque g\u00e9n\u00e9ral d&rsquo;alimentation dans le but d&rsquo;\u00eatre plus sensible \u00e0 leur sort.<br><\/span><\/p>\n<p style=\"margin-left: 28pt;\"><span style=\"color: #c00000; font-family: Arial;\"> \u00ab&nbsp;On a donn\u00e9 \u00e0 ce rite un caract\u00e8re festif qui n&rsquo;a rien \u00e0 voir avec le ramadan en lui-m\u00eame. On en a fait un moment de festivit\u00e9 alors que \u00e7a doit rester un moment de spiritualit\u00e9.&nbsp;\u00bb<br><\/span><\/p>\n<p><span style=\"color: #777777; font-family: Arial;\">A la fin du mois de Ramadan il s&rsquo;agit d&rsquo;ailleurs de donner des aliments aux pauvres. Et il ajoute&nbsp;:<br><\/span><\/p>\n<p style=\"margin-left: 28pt;\"><span style=\"color: #c00000; font-family: Arial;\">\u00ab&nbsp;Le Ramadan est la pratique qui va le mieux avec la pauvret\u00e9. Elle est la pratique idoine car on nous demande de nous priver et nous donne un esprit de solidarit\u00e9 incroyable.&nbsp;\u00bb<br><\/span><\/p>\n<p><span style=\"color: #777777; font-family: Arial;\">Une pr\u00e9sentation de cette \u00e9preuve spirituelle musulmane qui m&rsquo;a touch\u00e9e.<br><\/span><\/p>\n<p><span style=\"color: #777777; font-family: Arial;\">Je redonne le lien vers cette \u00e9mission <a href=\"https:\/\/www.franceculture.fr\/emissions\/linvitee-des-matins-2eme-partie\/mohamed-bajrafil-est-linvite-des-matins\">&lt;<span style=\"color: #0000ff;\">Le ramadan est une pratique cach\u00e9e qui cadre parfaitement avec le confinement&gt;<\/span><\/a><br><\/span><\/p>\n<p><span style=\"color: #800000; font-family: Arial;\">&lt;1404&gt;<\/span><\/p>\n\n\n<p><\/p>\n","protected":false},"excerpt":{"rendered":"<p>\u00ab&nbsp;1er Ramadan 1441&nbsp;\u00bb Identification de ce jour dans le calendrier h\u00e9girien Nous sommes donc le 24 avril 2020 de l&rsquo;\u00e8re chr\u00e9tienne selon le calendrier solaire gr\u00e9gorien. Mais si vous allez sur le site de la mosqu\u00e9e de Lyon vous trouverez<\/p>\n","protected":false},"author":1,"featured_media":0,"comment_status":"open","ping_status":"closed","sticky":false,"template":"","format":"standard","meta":{"footnotes":""},"categories":[1],"tags":[24,86,34],"class_list":["post-8654","post","type-post","status-publish","format-standard","hentry","category-motdujour","tag-actualite","tag-islam","tag-religion"],"_links":{"self":[{"href":"https:\/\/lemotdujour.fr\/index.php?rest_route=\/wp\/v2\/posts\/8654","targetHints":{"allow":["GET"]}}],"collection":[{"href":"https:\/\/lemotdujour.fr\/index.php?rest_route=\/wp\/v2\/posts"}],"about":[{"href":"https:\/\/lemotdujour.fr\/index.php?rest_route=\/wp\/v2\/types\/post"}],"author":[{"embeddable":true,"href":"https:\/\/lemotdujour.fr\/index.php?rest_route=\/wp\/v2\/users\/1"}],"replies":[{"embeddable":true,"href":"https:\/\/lemotdujour.fr\/index.php?rest_route=%2Fwp%2Fv2%2Fcomments&post=8654"}],"version-history":[{"count":5,"href":"https:\/\/lemotdujour.fr\/index.php?rest_route=\/wp\/v2\/posts\/8654\/revisions"}],"predecessor-version":[{"id":8817,"href":"https:\/\/lemotdujour.fr\/index.php?rest_route=\/wp\/v2\/posts\/8654\/revisions\/8817"}],"wp:attachment":[{"href":"https:\/\/lemotdujour.fr\/index.php?rest_route=%2Fwp%2Fv2%2Fmedia&parent=8654"}],"wp:term":[{"taxonomy":"category","embeddable":true,"href":"https:\/\/lemotdujour.fr\/index.php?rest_route=%2Fwp%2Fv2%2Fcategories&post=8654"},{"taxonomy":"post_tag","embeddable":true,"href":"https:\/\/lemotdujour.fr\/index.php?rest_route=%2Fwp%2Fv2%2Ftags&post=8654"}],"curies":[{"name":"wp","href":"https:\/\/api.w.org\/{rel}","templated":true}]}}