{"id":8634,"date":"2020-04-22T12:02:19","date_gmt":"2020-04-22T10:02:19","guid":{"rendered":"http:\/\/lemotdujour.fr\/?p=8634"},"modified":"2020-04-22T12:02:20","modified_gmt":"2020-04-22T10:02:20","slug":"mercredi-22-avril-2020","status":"publish","type":"post","link":"https:\/\/lemotdujour.fr\/?p=8634","title":{"rendered":"Mercredi 22 avril 2020"},"content":{"rendered":"<div class=\"mdjTexte\">\u00ab\u00a0Pause\u00a0\u00bb<\/div>\n<div class=\"mdjAuteur\">Un jour sans mot du jour<\/div>\n<p><img loading=\"lazy\" decoding=\"async\" class=\"alignleft\" src=\"https:\/\/lemotdujour.fr\/wp-content\/uploads\/2020\/04\/042220_0959_Mercredi22a1.jpg\" alt=\"\" width=\"383\" height=\"215\" align=\"left\" \/><span style=\"color: #777777; font-family: Arial;\">Annie me rappelle que si nous n&rsquo;\u00e9tions pas confin\u00e9s, nous serions en cong\u00e9. Je n&rsquo;ai toujours pas trouv\u00e9 l&rsquo;inspiration d&rsquo;\u00e9crire un mot du jour.<br \/>\n<\/span><\/p>\n<p><span style=\"color: #777777; font-family: Arial;\">J&rsquo;accompagne cette fois la photo des chats confin\u00e9s par un lien\u00a0vers les matins de France Culture.<br \/>\n<\/span><\/p>\n<p><a href=\"https:\/\/www.franceculture.fr\/emissions\/linvite-des-matins\/pandemie-la-nature-reprend-ses-droits-philippe-descola-est-linvite-exceptionnel-des-matins\"><span style=\"font-family: Arial;\"><span style=\"color: #0000ff;\">Philippe Descola\u00a0: \u00ab\u00a0Face au monstrueux choc \u00e9pid\u00e9mique des grandes conqu\u00eates, les peuples am\u00e9rindiens ont utilis\u00e9 la dispersion pour survivre\u00a0\u00bb<\/span><\/span><\/a><span style=\"color: #777777; font-family: Arial;\"><br \/>\n<\/span><\/p>\n<p><span style=\"color: #777777; font-family: Arial;\">C&rsquo;\u00e9tait l&rsquo;\u00e9mission du 20 avril.<br \/>\n<\/span><\/p>\n<p><span style=\"color: #777777; font-family: Arial;\">Elle est pr\u00e9sent\u00e9e de la mani\u00e8re suivante sur le site de l&rsquo;\u00e9mission\u00a0:<br \/>\n<\/span><\/p>\n<p><span style=\"color: #777777; font-family: Arial;\">Alors que le monde est \u00e0 l&rsquo;arr\u00eat, nous observons de notre fen\u00eatre le printemps s&rsquo;\u00e9panouir. Et si, paradoxalement le fait d&rsquo;\u00eatre coup\u00e9 de la nature nous en rapprochait ? Comment repenser la cohabitation entre l&rsquo;homme et les non-humains ?<br \/>\n<\/span><\/p>\n<p><span style=\"color: #777777; font-family: Arial;\">Alors que le lien de l&rsquo;homme avec son environnement serait directement en cause dans cette crise sanitaire, faut-il repenser notre rapport \u00e0 la nature\u00a0? C&rsquo;est ce que propose <strong>Philippe Descola<\/strong>, que nous recevons aujourd&rsquo;hui. En 1976, il est \u00e9tudiant et part \u00e0 la d\u00e9couverte des Achuars, un peuple Jivaro situ\u00e9 au c\u0153ur de l&rsquo;Amazonie, entre l&rsquo;\u00c9quateur et le P\u00e9rou. S&rsquo;en suit une longue r\u00e9flexion sur l&rsquo;anthropocentrisme, qui ouvre la voie d&rsquo;une nouvelle relation entre les humains et leur milieu de vie.<br \/>\n<\/span><\/p>\n<p><span style=\"color: #777777; font-family: Arial;\">L&rsquo;\u00e9pid\u00e9mie est-elle une cons\u00e9quence de l&rsquo;action humaine sur la nature\u00a0? Est-elle une maladie de l&rsquo;anthropoc\u00e8ne\u00a0? Que nous apprend le lien que certains peuples entretiennent avec leur environnement\u00a0?<br \/>\n<\/span><\/p>\n<p><span style=\"color: #777777; font-family: Arial;\"><strong>Philippe Descola<\/strong> est professeur \u00e9m\u00e9rite au Coll\u00e8ge France, titulaire de la chaire d&rsquo;anthropologie de la nature de 2000 \u00e0 2019. Il est auteur notamment de <em>Les natures en question<\/em> (Ed. Odile Jacob, 2017)<br \/>\n<\/span><\/p>\n<p><span style=\"color: #777777; font-family: Arial;\"><strong>Quelle r\u00e9ponse des Achuars face aux \u00e9pid\u00e9mies\u00a0?<br \/>\n<\/strong><\/span><\/p>\n<p><span style=\"color: #777777; font-family: Arial;\">\u00ab <em>Il n&rsquo;y a pas de souvenirs de la catastrophe. On estime qu&rsquo;environ 90% de la population am\u00e9rindienne a disparu entre le XVIe et le XIXe si\u00e8cle. Il y a une sorte d&rsquo;imaginaire implicite du contact avec la maladie des \u00ab\u00a0blancs\u00a0\u00bb. De ce fait, lorsque les \u00ab\u00a0blancs\u00a0\u00bb arrivent dans les environnements am\u00e9rindiens recul\u00e9s, le premier r\u00e9flexe des Am\u00e9rindiens est la m\u00e9fiance par la distanciation.<\/em> \u00bb<br \/>\n<\/span><\/p>\n<p><span style=\"color: #777777; font-family: Arial;\">La maladie n&rsquo;est qu&rsquo;un \u00e9l\u00e9ment dans un cort\u00e8ge d&rsquo;abominations apport\u00e9 par la colonisation. <strong>Philippe Descola<\/strong><br \/>\n<\/span><\/p>\n<p><span style=\"color: #777777; font-family: Arial;\">\u00ab\u00a0<em>Chaque peuple r\u00e9agit \u00e0 ses \u00e9pid\u00e9mies en fonction de sa conception de contagion. La notion de contagion a mis un certain temps \u00e0 se propager en Europe, au contraire des peuples am\u00e9rindiens. C&rsquo;est ce qui leur a permis d&rsquo;adopter les bons gestes<\/em>.\u00a0\u00bb<span style=\"text-decoration: underline;\"><br \/>\n<\/span><\/span><\/p>\n<p><span style=\"color: #777777; font-family: Arial;\"><strong>Parler de la \u00ab\u00a0nature\u00a0\u00bb\u00a0: une erreur\u00a0?<br \/>\n<\/strong><\/span><\/p>\n<p><span style=\"color: #777777; font-family: Arial;\">\u00ab\u00a0<em>La nature est un concept occidental qui d\u00e9signe l&rsquo;ensemble des non-humains. Et cette s\u00e9paration entre humain et non-humain a eu pour r\u00e9sultat d&rsquo;introduire une distance sociale entre eux<\/em>.\u00a0\u00bb<br \/>\n<\/span><\/p>\n<p><span style=\"color: #777777; font-family: Arial;\">On peut penser que le virus est une m\u00e9taphore de l&rsquo;humanit\u00e9. Nous avons vis-\u00e0-vis de la terre, le m\u00eame rapport instrumental qu&rsquo;un virus. D&rsquo;une certaine fa\u00e7on, l&rsquo;\u00eatre humain est le pathog\u00e8ne de la plan\u00e8te. <strong>Philippe Descola<\/strong><br \/>\n<\/span><\/p>\n<p><span style=\"color: #777777; font-family: Arial;\"><strong>\u00ab\u00a0<\/strong><em>Cette id\u00e9e tr\u00e8s humaine que la nature est infinie a eu comme cons\u00e9quence que ce syst\u00e8me si singulier bas\u00e9 sur la productivit\u00e9 et la rentabilit\u00e9 a engendr\u00e9 une catastrophe plan\u00e9taire<\/em>.\u00a0\u00bb<br \/>\n<\/span><\/p>\n<p><span style=\"color: #777777; font-family: Arial;\"><strong>L&rsquo;id\u00e9al du \u00ab\u00a0Monde d&rsquo;apr\u00e8s\u00a0\u00bb<br \/>\n<\/strong><\/span><\/p>\n<p><span style=\"color: #777777; font-family: Arial;\">\u00ab\u00a0<em>Je forme le v\u0153u que le monde d&rsquo;apr\u00e8s soit diff\u00e9rent du monde d&rsquo;avant. La pand\u00e9mie nous donne un marqueur temporaire. Cette transformation, je la vois avec int\u00e9r\u00eat se dessiner et qu&rsquo;elle aboutisse \u00e0 ce que des liens avec les non humains soient \u00e0 nouveau tiss\u00e9s. Il faut vivre avec une mentalit\u00e9 non destructrice de notre environnement<\/em>.\u00a0\u00bb<br \/>\n<\/span><\/p>\n<p><span style=\"color: #777777; font-family: Arial;\">L&rsquo;id\u00e9e n&rsquo;est pas de poss\u00e9der la nature mais d&rsquo;\u00eatre poss\u00e9d\u00e9 par un milieu. <strong>Philippe Descola<\/strong><br \/>\n<\/span><\/p>\n<p><span style=\"color: #777777; font-family: Arial;\">Vous pouvez (r\u00e9)\u00e9couter l&rsquo;interview en int\u00e9gralit\u00e9 en cliquant sur le player en haut \u00e0 gauche de cette page.<br \/>\n<\/span><\/p>\n<p><span style=\"color: #777777; font-family: Arial;\">Et pour approfondir, vous pouvez \u00e9galement retrouver Philippe Descola s&rsquo;exprimer dans plusieurs <a href=\"https:\/\/www.youtube.com\/watch?v=YSs7E4zRnhE&amp;t=9s\" target=\"_blank\" rel=\"noopener noreferrer\"><span style=\"color: #0000ff;\">vid\u00e9os<\/span><\/a> de la cha\u00eene YouTube du <a href=\"https:\/\/www.youtube.com\/channel\/UCzZiy3EANVAx7h2XYqXsVbw\" target=\"_blank\" rel=\"noopener noreferrer\"><span style=\"color: #0000ff;\">Coll\u00e8ge de France<\/span><\/a> consacr\u00e9es aux sujets de l&rsquo;\u00e9mission<br \/>\n<\/span><\/p>\n<p><span style=\"color: #777777; font-family: Arial;\">\u00c0 ire en compl\u00e9ment,<span style=\"color: #0000ff;\"> <a style=\"color: #0000ff;\" href=\"https:\/\/laviedesidees.fr\/Philippe-Descola-Les-Natures-en-question.html\" target=\"_blank\" rel=\"noopener noreferrer\">la recension par La vie des id\u00e9es de l&rsquo;ouvrage<\/a><\/span> \u00ab\u00a0Les Natures en question\u00a0\u00bb<br \/>\n<\/span><\/p>\n<p><span style=\"color: #c00000; font-family: Arial;\">&lt;Mot sans num\u00e9ro&gt;<br \/>\n<\/span><\/p>\n<p><span style=\"color: #777777; font-family: Arial;\"><br \/>\n<\/span><\/p>\n","protected":false},"excerpt":{"rendered":"<p>\u00ab\u00a0Pause\u00a0\u00bb Un jour sans mot du jour Annie me rappelle que si nous n&rsquo;\u00e9tions pas confin\u00e9s, nous serions en cong\u00e9. Je n&rsquo;ai toujours pas trouv\u00e9 l&rsquo;inspiration d&rsquo;\u00e9crire un mot du jour. J&rsquo;accompagne cette fois la photo des chats confin\u00e9s par<\/p>\n","protected":false},"author":1,"featured_media":0,"comment_status":"open","ping_status":"closed","sticky":false,"template":"","format":"standard","meta":{"footnotes":""},"categories":[1],"tags":[96],"class_list":["post-8634","post","type-post","status-publish","format-standard","hentry","category-motdujour","tag-pause"],"_links":{"self":[{"href":"https:\/\/lemotdujour.fr\/index.php?rest_route=\/wp\/v2\/posts\/8634","targetHints":{"allow":["GET"]}}],"collection":[{"href":"https:\/\/lemotdujour.fr\/index.php?rest_route=\/wp\/v2\/posts"}],"about":[{"href":"https:\/\/lemotdujour.fr\/index.php?rest_route=\/wp\/v2\/types\/post"}],"author":[{"embeddable":true,"href":"https:\/\/lemotdujour.fr\/index.php?rest_route=\/wp\/v2\/users\/1"}],"replies":[{"embeddable":true,"href":"https:\/\/lemotdujour.fr\/index.php?rest_route=%2Fwp%2Fv2%2Fcomments&post=8634"}],"version-history":[{"count":2,"href":"https:\/\/lemotdujour.fr\/index.php?rest_route=\/wp\/v2\/posts\/8634\/revisions"}],"predecessor-version":[{"id":8637,"href":"https:\/\/lemotdujour.fr\/index.php?rest_route=\/wp\/v2\/posts\/8634\/revisions\/8637"}],"wp:attachment":[{"href":"https:\/\/lemotdujour.fr\/index.php?rest_route=%2Fwp%2Fv2%2Fmedia&parent=8634"}],"wp:term":[{"taxonomy":"category","embeddable":true,"href":"https:\/\/lemotdujour.fr\/index.php?rest_route=%2Fwp%2Fv2%2Fcategories&post=8634"},{"taxonomy":"post_tag","embeddable":true,"href":"https:\/\/lemotdujour.fr\/index.php?rest_route=%2Fwp%2Fv2%2Ftags&post=8634"}],"curies":[{"name":"wp","href":"https:\/\/api.w.org\/{rel}","templated":true}]}}