{"id":8623,"date":"2020-04-20T00:11:00","date_gmt":"2020-04-19T22:11:00","guid":{"rendered":"http:\/\/lemotdujour.fr\/?p=8623"},"modified":"2020-04-20T00:29:29","modified_gmt":"2020-04-19T22:29:29","slug":"lundi-20-avril-2020","status":"publish","type":"post","link":"https:\/\/lemotdujour.fr\/?p=8623","title":{"rendered":"Lundi 20 avril 2020"},"content":{"rendered":"<div class=\"mdjTexte\">\u00abJe me fais plus de soucis pour l&rsquo;avenir professionnel de mes enfants que pour ma sant\u00e9 de presque septuag\u00e9naire.\u00bb<\/div>\n<div class=\"mdjAuteur\">Andr\u00e9-Comte Sponville<\/div>\n<p><span style=\"color: #777777; font-family: Arial;\">Andr\u00e9-Comte Sponville est un de nos grands philosophe. Il a donn\u00e9 une interview dans un journal belge\u00a0: \u00ab\u00a0<strong>L&rsquo;\u00e9cho\u00a0<\/strong>\u00bb\u00a0: \u00ab<span style=\"color: #0000ff;\"><a style=\"color: #0000ff;\" href=\"https:\/\/www.lecho.be\/dossiers\/coronavirus\/Andre-Comte-Sponville-J-aime-mieux-attraper-le-Covid-19-dans-un-pays-libre-qu-y-echapper-dans-un-Etat-totalitaire\/10221597?fbclid=IwAR1pMc3DiC_hs61FKqdvln4aoljCK_jFk7N9Rj-0eoMtHIIm0cxDDabtswU\">J&rsquo;aime mieux attraper le Covid-19 dans un pays libre qu&rsquo;y \u00e9chapper dans un \u00c9tat totalitaire\u00a0<\/a><\/span>\u00bb<br \/>\n<\/span><\/p>\n<p><span style=\"color: #777777; font-family: Arial;\">Dans cet entretien, il tire comme enseignements positifs de cette crise\u00a0:<br \/>\n<\/span><\/p>\n<p style=\"margin-left: 28pt;\"><span style=\"color: #c00000; font-family: Arial;\">\u00ab\u00a0J&rsquo;en vois trois principaux. D&rsquo;abord l&rsquo;importance de la solidarit\u00e9: se prot\u00e9ger soi, c&rsquo;est aussi prot\u00e9ger les autres, et r\u00e9ciproquement.<br \/>\n<\/span><\/p>\n<p style=\"margin-left: 28pt;\"><span style=\"color: #c00000; font-family: Arial;\">Ensuite le go\u00fbt de la libert\u00e9: quel plaisir ce sera de sortir de cette \u00ab\u00a0assignation \u00e0 r\u00e9sidence\u00a0\u00bb\u00a0\u00bb qu&rsquo;est le confinement!<br \/>\n<\/span><\/p>\n<p style=\"margin-left: 28pt;\"><span style=\"color: #c00000; font-family: Arial;\">Enfin l&rsquo;amour de la vie, d&rsquo;autant plus pr\u00e9cieuse quand on comprend qu&rsquo;elle est mortelle. <strong>Gide<\/strong> l&rsquo;a dit en une phrase qui m&rsquo;a toujours frapp\u00e9: \u00ab <strong>Une pas assez constante pens\u00e9e de la mort n&rsquo;a donn\u00e9 pas assez de prix au plus petit instant de ta vie.<\/strong>\u00bb Le Covid-19, qui fait que nous pensons \u00e0 la mort plus souvent que d&rsquo;habitude, pourrait nous pousser \u00e0 vivre plus intens\u00e9ment, plus lucidement, et m\u00eame \u2013 lorsqu&rsquo;il sera vaincu \u2013 plus heureusement. \u00bb<br \/>\n<\/span><\/p>\n<p><span style=\"color: #777777; font-family: Arial;\">Il aborde surtout cette crise sous un angle de vue int\u00e9ressant\u00a0: notre rapport \u00e0 la mort.<br \/>\n<\/span><\/p>\n<p><span style=\"color: #777777; font-family: Arial;\">Edouard Philippe a r\u00e9expliqu\u00e9, ce dimanche, tr\u00e8s p\u00e9dagogiquement, l&rsquo;unique raison pour laquelle la d\u00e9cision de confinement a \u00e9t\u00e9 prise. Cette raison n&rsquo;a pas \u00e9t\u00e9 cach\u00e9e par le gouvernement, mais il semblerait parfois qu&rsquo;elle est perdue de vue, tant parfois on a l&rsquo;impression que certains se croit en danger de mort imm\u00e9diat s&rsquo;ils ont le malheur de rencontrer le virus. Ce qui est totalement faux. On peut mourir de ce virus, mais ce n&rsquo;est pas et de loin la cons\u00e9quence la plus probable si on l&rsquo;attrape.<br \/>\n<\/span><\/p>\n<p><span style=\"color: #777777; font-family: Arial;\">L&rsquo;unique raison du confinement est d&rsquo;\u00e9viter la saturation des h\u00f4pitaux et particuli\u00e8rement des services de soins intensifs. Cette saturation qui entrainerait pour cons\u00e9quence l&rsquo;impossibilit\u00e9 de soigner des patients atteint de sympt\u00f4mes graves et obligerait donc \u00e0 les laisser mourir alors qu&rsquo;avec des moyens de soins il serait possible d&rsquo;en sauver une grande partie. C&rsquo;est cela qu&rsquo;on a voulu \u00e9viter, \u00e0 cause du prix qu&rsquo;on donne \u00e0 la sant\u00e9 et \u00e0 la vie. C&rsquo;\u00e9tait aussi cr\u00e9er une tension et une pression insupportable pour les personnels soignants devant ce d\u00e9sastre sanitaire : ne pas \u00eatre en mesure de sauver des vies en raison d&rsquo;un manque de moyens, de lits, de personnel.<br \/>\n<\/span><\/p>\n<p><span style=\"color: #777777; font-family: Arial;\">Car l&rsquo;article de \u00ab l&rsquo;Echo \u00bb rappelle que la grippe de 1968 \u2013 \u00ab grippe de Hong Kong \u00bb \u2013 a fait environ un million de morts, dans l&rsquo;indiff\u00e9rence quasi g\u00e9n\u00e9rale. <\/span><span style=\"color: #777777; font-family: Arial;\">Andr\u00e9 Compte-Sponville ajoute la grippe dite \u00ab\u00a0asiatique\u00a0\u00bb, en 1957-1958, en avait fait encore plus, et tout le monde l&rsquo;a oubli\u00e9e.<br \/>\n<\/span><\/p>\n<p><span style=\"color: #777777; font-family: Arial;\">Il y a eu donc \u00e9volution, le philosophe a cette analyse\u00a0:<br \/>\n<\/span><\/p>\n<p style=\"margin-left: 28pt;\"><span style=\"color: #c00000; font-family: Arial;\">\u00ab\u00a0 J&rsquo;y vois trois raisons principales. D&rsquo;abord la mondialisation, dans son aspect m\u00e9diatique: nous sommes d\u00e9sormais inform\u00e9s en temps r\u00e9el de tout ce qui se passe dans le monde, par exemple, chaque jour, du nombre de morts en Chine ou aux \u00c9tats-Unis, en Italie ou en Belgique\u2026 Ensuite, la nouveaut\u00e9 et le \u00ab\u00a0biais cognitif\u00a0\u00bb qu&rsquo;elle entra\u00eene: le Covid-19 est une maladie nouvelle, qui, pour cette raison, inqui\u00e8te et surprend davantage. Enfin une mise \u00e0 l&rsquo;\u00e9cart de la mort, qui la rend, lorsqu&rsquo;elle se rappelle \u00e0 nous, encore plus inacceptable.<br \/>\n<\/span><\/p>\n<p style=\"margin-left: 28pt;\"><span style=\"color: #c00000; font-family: Arial;\">[La mort] l&rsquo;a toujours \u00e9t\u00e9, mais comme on y pense de moins en moins, on s&rsquo;en effraie de plus en plus, lorsqu&rsquo;elle s&rsquo;approche. Tout se passe comme si les m\u00e9dias d\u00e9couvraient que nous sommes mortels! Vous parlez d&rsquo;un scoop! On nous fait tous les soirs, sur toutes les t\u00e9l\u00e9s du monde, le d\u00e9compte des morts du Covid-19. 14.000 en France, \u00e0 l&rsquo;heure actuelle, plus de 4.000 en Belgique&#8230; C&rsquo;est beaucoup. C&rsquo;est trop. C&rsquo;est triste. Mais enfin faut-il rappeler qu&rsquo;il meurt 600.000 personnes par an en France? Que le cancer, par exemple, toujours en France, tue environ 150.000 personnes chaque ann\u00e9e, dont plusieurs milliers d&rsquo;enfants et d&rsquo;adolescents? Pourquoi devrais-je porter le deuil des 14.000 mors du Covid 19, dont la moyenne d&rsquo;\u00e2ge est de 81 ans, davantage que celui des 600.000 autres? Encore ne vous parlais-je l\u00e0 que de la France. \u00c0 l&rsquo;\u00e9chelle du monde, c&rsquo;est bien pire. La malnutrition tue 9 millions d&rsquo;\u00eatres humains chaque ann\u00e9e, dont 3 millions d&rsquo;enfants. Cela n&#8217;emp\u00eache pas que le Covid-19 soit une crise sanitaire majeure, qui justifie le confinement. Mais ce n&rsquo;est pas une raison pour ne parler plus que de \u00e7a, comme font nos t\u00e9l\u00e9visions depuis un mois, ni pour avoir en permanence \u00ab\u00a0la peur au ventre\u00a0\u00bb, comme je l&rsquo;ai tant entendu r\u00e9p\u00e9ter ces derniers jours. Un journaliste m&rsquo;a demand\u00e9 \u2013 je vous jure que c&rsquo;est vrai \u2013 si c&rsquo;\u00e9tait la fin du monde! Vous vous rendez compte? Nous sommes confront\u00e9s \u00e0 une maladie dont le taux de l\u00e9talit\u00e9 est de 1 ou 2% (sans doute moins, si on tient compte des cas non diagnostiqu\u00e9s), et les gens vous parlent de fin du monde.\u00a0\u00bb<br \/>\n<\/span><\/p>\n<p><span style=\"color: #777777; font-family: Arial;\">Alors le philosophe accepte d&rsquo;interroger cette affirmation d&rsquo;Emmanuel Macron dans son dernier discours que \u00ab\u00a0<strong>la sant\u00e9 \u00e9tait la priorit\u00e9<\/strong>\u00a0\u00bb.<strong><br \/>\n<\/strong><\/span><\/p>\n<p><span style=\"color: #777777; font-family: Arial;\">La sant\u00e9 est-elle devenue la valeur absolue dans nos soci\u00e9t\u00e9s?<br \/>\n<\/span><\/p>\n<p style=\"margin-left: 28pt;\"><span style=\"color: #c00000; font-family: Arial;\">\u00ab\u00a0H\u00e9las, oui! Trois fois h\u00e9las! En tout cas c&rsquo;est un danger, qui nous menace. C&rsquo;est ce que j&rsquo;appelle le pan-m\u00e9dicalisme: faire de la sant\u00e9 (et non plus de la justice, de l&rsquo;amour ou de la libert\u00e9) la valeur supr\u00eame, ce qui revient \u00e0 confier \u00e0 la m\u00e9decine, non seulement notre sant\u00e9, ce qui est normal, mais la conduite de nos vies et de nos soci\u00e9t\u00e9s. Terrible erreur! La m\u00e9decine est une grande chose, mais qui ne saurait tenir lieu de politique, de morale, ni de spiritualit\u00e9. Voyez nos journaux t\u00e9l\u00e9vis\u00e9s: on ne voit plus que des m\u00e9decins. Remercions-les pour le formidable travail qu&rsquo;ils font, et pour les risques qu&rsquo;ils prennent. Mais enfin, les experts sont l\u00e0 pour \u00e9clairer le peuple et ses \u00e9lus, pas pour gouverner. Pour soigner les maux de notre soci\u00e9t\u00e9, je compte moins sur la m\u00e9decine que sur la politique. Pour guider ma vie, moins sur mon m\u00e9decin que sur moi-m\u00eame.<br \/>\n<\/span><\/p>\n<p style=\"margin-left: 28pt;\"><span style=\"color: #c00000; font-family: Arial;\">La priorit\u00e9 des priorit\u00e9s, \u00e0 mes yeux, ce sont les jeunes. Nous avons peut-\u00eatre les meilleurs h\u00f4pitaux du monde. Qui oserait dire que nous avons les meilleures \u00e9coles? Le moins de ch\u00f4mage dans la jeunesse?\u00a0\u00bb<br \/>\n<\/span><\/p>\n<p><span style=\"color: #777777; font-family: Arial;\">Et il ajoute\u00a0:<br \/>\n<\/span><\/p>\n<p style=\"margin-left: 28pt;\"><span style=\"color: #c00000; font-family: Arial;\">\u00ab\u00a0Finitude et vuln\u00e9rabilit\u00e9 font partie de notre condition. [\u2026] L&rsquo;incertitude, depuis toujours, est notre destin.\u00a0\u00bb<br \/>\n<\/span><\/p>\n<p><span style=\"color: #777777; font-family: Arial;\">Dans cet article, Andr\u00e9 Comte Sponville, rappelle quelque saine v\u00e9rit\u00e9\u00a0:<br \/>\n<\/span><\/p>\n<p style=\"margin-left: 28pt;\"><span style=\"color: #c00000; font-family: Arial;\">\u00ab\u00a0Parler d&rsquo;une vengeance de la nature, c&rsquo;est une sottise superstitieuse. En revanche, qu&rsquo;il y ait un d\u00e9s\u00e9quilibre entre l&rsquo;homme et son environnement, ce n&rsquo;est que trop vrai. Cela s&rsquo;explique \u00e0 la fois par la surpopulation \u2013 nos enfants ne meurent plus en bas-\u00e2ge: on ne va pas s&rsquo;en plaindre \u2013 et la r\u00e9volution industrielle, gr\u00e2ce \u00e0 laquelle la famine a disparu de nos pays et a formidablement recul\u00e9 dans le monde: l\u00e0 encore, on ne va pas s&rsquo;en plaindre. Mais la conjonction de ces deux faits nous pose des probl\u00e8mes \u00e9normes. <strong>Le r\u00e9chauffement climatique fera beaucoup plus de morts que le Covid-19!<\/strong><br \/>\n<\/span><\/p>\n<p style=\"margin-left: 28pt;\"><span style=\"color: #c00000; font-family: Arial;\">Ce n&rsquo;est pas la mondialisation qui cr\u00e9e les virus. La peste noire, au 14e si\u00e8cle, a tu\u00e9 la moiti\u00e9 de la population europ\u00e9enne, et la mondialisation n&rsquo;y \u00e9tait pour rien. En revanche, ce que cette crise nous apprend, c&rsquo;est qu&rsquo;il est dangereux de d\u00e9l\u00e9guer \u00e0 d&rsquo;autres pays, par exemple \u00e0 la Chine, les industries les plus n\u00e9cessaires \u00e0 notre sant\u00e9. Bonne le\u00e7on, dont il faudra tenir compte!\u00a0\u00bb<br \/>\n<\/span><\/p>\n<p><span style=\"color: #777777; font-family: Arial;\">Et il remet en perspective cette maladie avec les cons\u00e9quences \u00e9conomiques qu&rsquo;il rapporte \u00e0 son propre cas\u00a0:<br \/>\n<\/span><\/p>\n<p style=\"margin-left: 28pt;\"><span style=\"color: #c00000; font-family: Arial;\">\u00ab\u00a0 <strong>Je me fais plus de soucis pour l&rsquo;avenir professionnel de mes enfants que pour ma sant\u00e9 de presque septuag\u00e9naire<\/strong>. La France pr\u00e9voit des d\u00e9penses suppl\u00e9mentaires, \u00e0 cause du Covid et du confinement, de 100 milliards d&rsquo;euros. Je ne suis pas contre. Mais qui va payer? Qui va rembourser nos dettes? Nos enfants, comme d&rsquo;habitude\u2026 Cela me donne envie de pleurer.\u00a0\u00bb<br \/>\n<\/span><\/p>\n<p><span style=\"color: #777777; font-family: Arial;\">Et puis il parle de nos ain\u00e9s dans les EHPAD\u00a0:<br \/>\n<\/span><\/p>\n<p style=\"margin-left: 28pt;\"><span style=\"color: #c00000; font-family: Arial;\">\u00ab\u00a0Quant \u00e0 nos a\u00een\u00e9s, leur probl\u00e8me ne commence pas avec le Covid-19. Vous \u00eates d\u00e9j\u00e0 all\u00e9 dans un EHPAD? Le personnel y fait un travail admirable, mais quelle tristesse chez tant de r\u00e9sidents. Pardon de n&rsquo;\u00eatre pas sanitairement correct. En France, il y a 225.000 nouveaux cas de la maladie d&rsquo;Alzheimer chaque ann\u00e9e, donc peut-\u00eatre dix fois plus que ce que le Covid-19, si le confinement fonctionne bien, risque de faire. Eh bien, pour ma part, je pr\u00e9f\u00e8re \u00eatre atteint par le coronavirus, et m\u00eame en mourir, que par la maladie d&rsquo;Alzheimer!\u00a0\u00bb<br \/>\n<\/span><\/p>\n<p><span style=\"color: #777777; font-family: Arial;\">En fin de compte, on a bien laiss\u00e9 mourir des patients du COVID-19 sans les prendre en charge dans les unit\u00e9s de soins des h\u00f4pitaux, c&rsquo;\u00e9tait des personnes \u00e2g\u00e9es qui \u00e9taient en EHPAD.<br \/>\n<\/span><\/p>\n<p><span style=\"color: #777777; font-family: Arial;\">Mais le plus grave n&rsquo;a t&rsquo;il pas \u00e9t\u00e9 qu&rsquo;on a interdit, dans un premier temps, aux proches de les accompagner dans leurs derniers instants ainsi que dans la c\u00e9r\u00e9monie fun\u00e9raire ?<br \/>\n<\/span><\/p>\n<p><span style=\"color: #777777; font-family: Arial;\">Et le philosophe nous invite \u00e0 prendre du recul, plut\u00f4t que de nous laisser emporter par nos \u00e9motions \u2013 \u00e0 commencer par la peur \u2013 et le politiquement correct.<\/span><\/p>\n<p><span style=\"color: #800000;\">&lt;1403&gt;<\/span><\/p>\n","protected":false},"excerpt":{"rendered":"<p>\u00abJe me fais plus de soucis pour l&rsquo;avenir professionnel de mes enfants que pour ma sant\u00e9 de presque septuag\u00e9naire.\u00bb Andr\u00e9-Comte Sponville Andr\u00e9-Comte Sponville est un de nos grands philosophe. Il a donn\u00e9 une interview dans un journal belge\u00a0: \u00ab\u00a0L&rsquo;\u00e9cho\u00a0\u00bb\u00a0: \u00abJ&rsquo;aime<\/p>\n","protected":false},"author":1,"featured_media":0,"comment_status":"open","ping_status":"closed","sticky":false,"template":"","format":"standard","meta":{"footnotes":""},"categories":[1],"tags":[153,126,6],"class_list":["post-8623","post","type-post","status-publish","format-standard","hentry","category-motdujour","tag-mort","tag-pandemie","tag-philosophie"],"_links":{"self":[{"href":"https:\/\/lemotdujour.fr\/index.php?rest_route=\/wp\/v2\/posts\/8623","targetHints":{"allow":["GET"]}}],"collection":[{"href":"https:\/\/lemotdujour.fr\/index.php?rest_route=\/wp\/v2\/posts"}],"about":[{"href":"https:\/\/lemotdujour.fr\/index.php?rest_route=\/wp\/v2\/types\/post"}],"author":[{"embeddable":true,"href":"https:\/\/lemotdujour.fr\/index.php?rest_route=\/wp\/v2\/users\/1"}],"replies":[{"embeddable":true,"href":"https:\/\/lemotdujour.fr\/index.php?rest_route=%2Fwp%2Fv2%2Fcomments&post=8623"}],"version-history":[{"count":4,"href":"https:\/\/lemotdujour.fr\/index.php?rest_route=\/wp\/v2\/posts\/8623\/revisions"}],"predecessor-version":[{"id":8628,"href":"https:\/\/lemotdujour.fr\/index.php?rest_route=\/wp\/v2\/posts\/8623\/revisions\/8628"}],"wp:attachment":[{"href":"https:\/\/lemotdujour.fr\/index.php?rest_route=%2Fwp%2Fv2%2Fmedia&parent=8623"}],"wp:term":[{"taxonomy":"category","embeddable":true,"href":"https:\/\/lemotdujour.fr\/index.php?rest_route=%2Fwp%2Fv2%2Fcategories&post=8623"},{"taxonomy":"post_tag","embeddable":true,"href":"https:\/\/lemotdujour.fr\/index.php?rest_route=%2Fwp%2Fv2%2Ftags&post=8623"}],"curies":[{"name":"wp","href":"https:\/\/api.w.org\/{rel}","templated":true}]}}