{"id":862,"date":"2014-10-13T02:00:00","date_gmt":"2014-10-12T22:00:00","guid":{"rendered":"http:\/\/lemotdujour.fr\/?p=862"},"modified":"2017-05-08T13:23:26","modified_gmt":"2017-05-08T11:23:26","slug":"lundi-13-octobre-2014","status":"publish","type":"post","link":"https:\/\/lemotdujour.fr\/?p=862","title":{"rendered":"Lundi 13 octobre 2014"},"content":{"rendered":"<div class=\"mdjDate\">Lundi 13 octobre 2014<\/div>\n<div class=\"mdjTexte\">\u00ab\u00a0Dans 10 ans, la France sera la puissance dominante de l\u2019Europe\u00a0\u00bb<\/div>\n<div class=\"mdjAuteur\">Ambrose Evans-Pritchard <br \/>International Business Editor of the Daily Telegraph.<\/div>\n<div class=\"mdjComplements\">Ce n&rsquo;est pas n&rsquo;importe qui, qui fait cette pr\u00e9diction.<\/div>\n<div class=\"mdjComplements\">Ce sont nos amis anglais qui passent leur temps \u00e0 critiquer la France.<\/div>\n<div class=\"mdjComplements\">Plus pr\u00e9cis\u00e9ment le journal the Daily Telegraph, journal cr\u00e9\u00e9 en 1855.<\/div>\n<div class=\"mdjComplements\">Il est, parmi les journaux anglais s\u00e9rieux, le plus lu. Plus lu que\u00a0 The Times, The Guardian et The Independent. C&rsquo;est en outre le journal le plus proche des conservateurs.<\/div>\n<div class=\"mdjComplements\">C&rsquo;est par le Monde que j&rsquo;ai eu connaissance de cet article :<\/div>\n<div class=\"mdjComplements\">\u00ab\u00a0En vingt paragraphes et deux graphiques, c&rsquo;est un proc\u00e8s sans appel fait \u00e0 l&rsquo;\u00e9conomie allemande et aux choix politiques qui la d\u00e9terminent. Invoquant trois sp\u00e9cialistes, dont l&rsquo;un est lui-m\u00eame allemand, le Telegraph ass\u00e8ne un nouveau coup dur \u00e0 destination d&rsquo;outre-Rhin, alors que l&rsquo;\u00e9tat \u00e9conomique de l&rsquo;Allemagne vient d&rsquo;\u00eatre \u00e9pingl\u00e9 par quatre instituts de conjoncture.<\/div>\n<div class=\"mdjCiter\">\u00ab La France peut passer pour l\u2019homme malade de l\u2019Europe, mais les malheurs de l\u2019Allemagne sont plus profonds, enracin\u00e9s dans le dogme mercantile, la glorification de l\u2019\u00e9pargne pour son propre compte et la psychologie corrosive du vieillissement \u00bb, d\u00e9nonce le site anglais, dont l&rsquo;article a \u00e9t\u00e9 rep\u00e9r\u00e9 par Courrier international.<\/div>\n<div class=\"mdjComplements\">Pour attaquer l&rsquo;Allemagne, quoi de mieux que de s&rsquo;appuyer sur le directeur de l\u2019Institut allemand pour la recherche \u00e9conomique. Marcel Fratzscher vient de publier un livre intitul\u00e9 Die Deutschland-Illusion. \u00ab Ce livre est un pamphlet contre le f\u00e9tichisme fiscal du ministre des finances Wolfgang Scha\u00fcble, maintenant inscrit dans la Constitution \u00e0 travers une loi d&rsquo;\u00e9quilibre budg\u00e9taire \u00e0 laquelle il est quasi impossible de d\u00e9roger. Il exprime la d\u00e9ception d&rsquo;un pays \u201cse reposant sur ses lauriers\u201d, prisonnier de la \u201cfausse id\u00e9e partag\u00e9e\u201d que l&rsquo;\u00e9conomie se g\u00e8re comme le budget d&rsquo;une famille, et rassur\u00e9 \u00e0 tort par la flatterie mal plac\u00e9e des pays voisins qui regardent rarement sous le capot du moteur allemand \u00bb, fait valoir le Telegraph.<\/div>\n<div class=\"mdjComplements\">Apr\u00e8s avoir mentionn\u00e9 quelques mauvais chiffres, le site anglais poursuit : \u00ab Depuis des d\u00e9cennies, les erreurs en mati\u00e8re de politique publique se succ\u00e8dent. Les imp\u00f4ts et les structures sociales ont provoqu\u00e9 la chute du taux de f\u00e9condit\u00e9. Le manque d\u2019investissement a aggrav\u00e9 cet \u00e9tat de fait. D\u2019ici cinq ans, tout le monde aura r\u00e9alis\u00e9 que l\u2019Allemagne se trouve dans une situation grave et un budget \u00e9quilibr\u00e9 ne constituera pas une d\u00e9fense suffisante. \u00bb Et de conclure : \u00ab D\u2019ici dix ans, la France sera la puissance dominante en Europe. \u00bb De quoi achever d&rsquo;entamer le moral des Allemands\u00a0\u00bb<\/div>\n<div class=\"mdjComplements\">Vous trouverez ici une traduction de l&rsquo;article : <a href=\"http:\/\/lespoir.jimdo.com\/2014\/10\/10\/dans-10-ans-la-france-sera-la-puissance-dominante-de-l-europe-continentale-the-telegraph\/\">http:\/\/lespoir.jimdo.com\/2014\/10\/10\/dans-10-ans-la-france-sera-la-puissance-dominante-de-l-europe-continentale-the-telegraph\/<\/a><\/div>\n<div class=\"mdjComplements\">Et l&rsquo;article original : \u00ab\u00a0<a href=\"http:\/\/www.telegraph.co.uk\/finance\/comment\/ambroseevans_pritchard\/11150306\/German-model-is-ruinous-for-Germany-and-deadly-for-Europe.html\">German model is ruinous for Germany, and deadly for Europe<\/a>\u00ab\u00a0<\/div>\n<div class=\"mdjComplements\">Moi ce que j&rsquo;en dis c&rsquo;est que les journalistes ou les \u00e9conomistes ne se trompent pas toujours, mais souvent.<\/div>\n<div class=\"mdjComplements\">Le 13 octobre est le jour d&rsquo;un anniversaire&#8230; Celui de Margaret Thatcher, n\u00e9e le 13 octobre 1925. J&rsquo;aurais bien aim\u00e9 conna\u00eetre son avis sur cette pr\u00e9diction !<\/div>\n","protected":false},"excerpt":{"rendered":"<p>Lundi 13 octobre 2014 \u00ab\u00a0Dans 10 ans, la France sera la puissance dominante de l\u2019Europe\u00a0\u00bb Ambrose Evans-Pritchard International Business Editor of the Daily Telegraph. Ce n&rsquo;est pas n&rsquo;importe qui, qui fait cette pr\u00e9diction. Ce sont nos amis anglais qui passent<\/p>\n","protected":false},"author":1,"featured_media":0,"comment_status":"closed","ping_status":"closed","sticky":false,"template":"","format":"standard","meta":{"footnotes":""},"categories":[1],"tags":[],"class_list":["post-862","post","type-post","status-publish","format-standard","hentry","category-motdujour"],"_links":{"self":[{"href":"https:\/\/lemotdujour.fr\/index.php?rest_route=\/wp\/v2\/posts\/862","targetHints":{"allow":["GET"]}}],"collection":[{"href":"https:\/\/lemotdujour.fr\/index.php?rest_route=\/wp\/v2\/posts"}],"about":[{"href":"https:\/\/lemotdujour.fr\/index.php?rest_route=\/wp\/v2\/types\/post"}],"author":[{"embeddable":true,"href":"https:\/\/lemotdujour.fr\/index.php?rest_route=\/wp\/v2\/users\/1"}],"replies":[{"embeddable":true,"href":"https:\/\/lemotdujour.fr\/index.php?rest_route=%2Fwp%2Fv2%2Fcomments&post=862"}],"version-history":[{"count":1,"href":"https:\/\/lemotdujour.fr\/index.php?rest_route=\/wp\/v2\/posts\/862\/revisions"}],"predecessor-version":[{"id":863,"href":"https:\/\/lemotdujour.fr\/index.php?rest_route=\/wp\/v2\/posts\/862\/revisions\/863"}],"wp:attachment":[{"href":"https:\/\/lemotdujour.fr\/index.php?rest_route=%2Fwp%2Fv2%2Fmedia&parent=862"}],"wp:term":[{"taxonomy":"category","embeddable":true,"href":"https:\/\/lemotdujour.fr\/index.php?rest_route=%2Fwp%2Fv2%2Fcategories&post=862"},{"taxonomy":"post_tag","embeddable":true,"href":"https:\/\/lemotdujour.fr\/index.php?rest_route=%2Fwp%2Fv2%2Ftags&post=862"}],"curies":[{"name":"wp","href":"https:\/\/api.w.org\/{rel}","templated":true}]}}