{"id":8616,"date":"2020-04-18T01:58:00","date_gmt":"2020-04-17T23:58:00","guid":{"rendered":"http:\/\/lemotdujour.fr\/?p=8616"},"modified":"2020-04-17T20:19:30","modified_gmt":"2020-04-17T18:19:30","slug":"samedi-18-avril-2020","status":"publish","type":"post","link":"https:\/\/lemotdujour.fr\/?p=8616","title":{"rendered":"Samedi 18 avril 2020"},"content":{"rendered":"<div class=\"mdjTexte\">\u00ab A Mozart je dois une \u00c9glise un arbre et une \u00eele\u00bb<\/div>\n<div class=\"mdjAuteur\">Alicia Gallienne<\/div>\n<p><strong><span style=\"color: #ff6600;\"><em>Mot de jour sp\u00e9cial pendant la p\u00e9riode de confinement suite \u00e0 la pand\u00e9mie du COVID-19<\/em><\/span><\/strong><\/p>\n<p><span style=\"color: #777777; font-family: Arial;\">Le mot du jour du &lt;<a href=\"https:\/\/lemotdujour.fr\/?p=8011\"><span style=\"color: #0000ff;\">7 f\u00e9vrier 2020<\/span><\/a>&gt; parlait d&rsquo;un livre \u00ab<span style=\"color: #0000ff;\">\u00a0<a style=\"color: #0000ff;\" href=\"https:\/\/www.decitre.fr\/livres\/l-autre-moitie-du-songe-m-appartient-9782072859281.html\"><strong>L&rsquo;autre moiti\u00e9 du songe m&rsquo;appartient<\/strong>\u00a0<\/a><\/span>\u00bb sur la base d&rsquo;un article du Monde.<br \/>\n<\/span><\/p>\n<p><span style=\"color: #777777; font-family: Arial;\">&lt;<span style=\"color: #0000ff;\"><a style=\"color: #0000ff;\" href=\"https:\/\/lemotdujour.fr\/?p=8119\">Le 18 f\u00e9vrier<\/a><\/span>&gt; j&rsquo;\u00e9voquais l&rsquo;\u00e9mission de Guillaume Gallienne dans laquelle il lisait les po\u00e8mes de sa cousine\u00a0: \u00ab\u00a0<strong>Dire que je t&rsquo;aime et je t&rsquo;attends, c&rsquo;est encore beaucoup trop de pas assez<\/strong>\u00a0\u00bb<br \/>\n<\/span><\/p>\n<p><span style=\"color: #777777; font-family: Arial;\">Depuis Annie m&rsquo;a offert le livre d&rsquo;Alicia Gallienne.<br \/>\n<\/span><\/p>\n<p><span style=\"color: #777777; font-family: Arial;\">Aujourd&rsquo;hui je voudrais partager un po\u00e8me qu&rsquo;elle a d\u00e9di\u00e9 \u00e0 Mozart et plus pr\u00e9cis\u00e9ment au Requiem de Mozart.<br \/>\n<\/span><\/p>\n<p><span style=\"color: #777777; font-family: Arial;\">D&rsquo;abord cet extrait<br \/>\n<\/span><\/p>\n<p style=\"margin-left: 28pt;\"><span style=\"color: #c00000; font-family: Arial;\">A Mozart je dois une \u00c9glise un arbre et une \u00eele<br \/>\nJe lui dois la grandeur de la mer et de l&rsquo;oubli<br \/>\nLes marches des mots pierres sculpt\u00e9es<br \/>\nLe mouvement de la mort au front du Requiem<br \/>\n<\/span><\/p>\n<p style=\"margin-left: 28pt;\"><span style=\"color: #c00000; font-family: Arial;\">L&rsquo;art vient manger dans ma main<br \/>\nC&rsquo;est une \u00e9trange fontaine qui coule inlassablement<br \/>\nComme cette musique trop intelligente<br \/>\nJe referme ma main et le pass\u00e9 \u00e9cl\u00f4t comme une fleur outrag\u00e9e<br \/>\n<\/span><\/p>\n<p style=\"margin-left: 28pt;\"><span style=\"color: #c00000; font-family: Arial;\">Pierre grimpante pierre projet\u00e9e vers le haut<br \/>\nQui s&rsquo;enroule autour de moi pour une danse \u00e0 l&rsquo;envers<br \/>\nL&rsquo;\u00e9glise se recroqueville au sein de la musique<br \/>\nJe me souviens mais \u00e0 quoi servent attendre ?<br \/>\n<\/span><\/p>\n<p style=\"margin-left: 28pt;\"><span style=\"color: #c00000; font-family: Arial;\">Les voix se distillent la musique se retient<br \/>\nEt les yeux myst\u00e9rieux appellent la mer<br \/>\nToujours plus haut au-del\u00e0 des mots qui s&rsquo;enlisent<br \/>\nL&rsquo;horizon plein d&#8217;embruns couronn\u00e9 d&rsquo;\u00e9pines<br \/>\n<\/span><\/p>\n<p style=\"margin-left: 28pt;\"><span style=\"color: #c00000; font-family: Arial;\">Dalles de pierre aux yeux meurtris du pass\u00e9<br \/>\nJets d&rsquo;eau recueillis de ma profonde chapelle<br \/>\nLes vitraux pleins de ronces respirent la musique<br \/>\nSur cette \u00eele en hauteur o\u00f9 l&rsquo;Art a des reconnaissances<br \/>\n<\/span><\/p>\n<p style=\"margin-left: 28pt;\"><span style=\"color: #c00000; font-family: Arial;\">Me voil\u00e0 trop humaine et le son qui s&rsquo;en va<br \/>\nA Mozart je dois une \u00e9glise d&rsquo;un arbre une \u00eele<br \/>\nLe mouvement de la mort au front du requiem<br \/>\nDiamant pur dans mes mains fontaine intarissable<br \/>\n<\/span><\/p>\n<p style=\"margin-left: 28pt;\"><span style=\"color: #c00000; font-family: Arial;\">A Mozart je d\u00e9die par avance le dernier instant de ma vie<br \/>\nAux pieds de cette \u00e9glise o\u00f9 l&rsquo;Art a des reconnaissances<br \/>\nPour une ultime pri\u00e8re dict\u00e9e \u00e0 mes mots<br \/>\nPour des flots de musique ravivant mes yeux \u00e9teints.<br \/>\n<\/span><\/p>\n<p><span style=\"color: #777777; font-family: Arial;\">A Mozart je d\u00e9die par avance le dernier instant de ma vie\u00a0!<br \/>\n<\/span><\/p>\n<p><span style=\"color: #777777; font-family: Arial;\">Pour compl\u00e9ter, je vous propose &lt;<span style=\"color: #0000ff;\"><a style=\"color: #0000ff;\" href=\"https:\/\/www.youtube.com\/watch?v=m3wFdajeAwU\">Cette extraordinaire interpr\u00e9tation du Requiem de Mozart par Bernstein<\/a><\/span>&gt;<br \/>\n<\/span><\/p>\n<p><span style=\"color: #777777; font-family: Arial;\">Et voici le po\u00e8me dans son int\u00e9gralit\u00e9, il s&rsquo;appelle \u00ab\u00a0<strong>Pierre grimpante<\/strong>\u00a0\u00bb<br \/>\n<\/span><\/p>\n<p style=\"text-align: center; margin-left: 28pt;\"><span style=\"color: #c00000; font-family: Arial;\">Pierre grimpante<br \/>\n<\/span><\/p>\n<p style=\"text-align: right; margin-left: 28pt;\"><span style=\"color: #c00000; font-family: Arial;\">A la gloire de Mozart<br \/>\n<\/span><\/p>\n<p style=\"margin-left: 28pt;\"><span style=\"color: #c00000; font-family: Arial;\">Le soleil \u00e9tanche mordille le lierre<br \/>\nPierre grimpante couronne mon front<br \/>\nJe me souviens et c&rsquo;est si facile d&rsquo;attendre<br \/>\nQue les myst\u00e8res renaissent pr\u00e9matur\u00e9ment<br \/>\n<\/span><\/p>\n<p style=\"margin-left: 28pt;\"><span style=\"color: #c00000; font-family: Arial;\">Les mots s&rsquo;enroulent avec une obscure impr\u00e9cision<br \/>\nLa musique emporte tout sur son passage<br \/>\nComme une mar\u00e9e basse aux algues intelligentes<br \/>\nTu vois je respire des embruns de bas \u00e9tage<br \/>\n<\/span><\/p>\n<p style=\"margin-left: 28pt;\"><span style=\"color: #c00000; font-family: Arial;\">Les marches se pr\u00e9cisent celles d&rsquo;une \u00e9glise<br \/>\nPierre grimpante pierre projet\u00e9e vers le haut<br \/>\nUn violon se ramifie c&rsquo;est un bel arbre<br \/>\nTu entends il y a des sons verdoyants sur mon front<br \/>\n<\/span><\/p>\n<p style=\"margin-left: 28pt;\"><span style=\"color: #c00000; font-family: Arial;\">Le soleil \u00e9tanche s&rsquo;attarde \u00e0 la convalescence<br \/>\nDes vitraux de coupable industrie<br \/>\nJe me souviens d&rsquo;avoir d\u00e9j\u00e0 gravi des \u00e9tages<br \/>\nLa musique s&rsquo;enroule comme une femme folle<br \/>\n<\/span><\/p>\n<p style=\"margin-left: 28pt;\"><span style=\"color: #c00000; font-family: Arial;\">La femme folle serait ce moi ?<br \/>\nLes embruns venimeux l\u00e8chent les vitrines<br \/>\nComme si la mer encerclait l&rsquo;\u00e9glise<br \/>\nL&rsquo;escalier grimpant mordille le c\u0153ur de l&rsquo;\u00eele<br \/>\n<\/span><\/p>\n<p style=\"margin-left: 28pt;\"><span style=\"color: #c00000; font-family: Arial;\">Et l&rsquo;art si imp\u00e9n\u00e9trable aux esquisses muettes<br \/>\nAccompagne le peintre reconna\u00eetre son \u0153uvre<br \/>\nLes pleurs de couleurs d\u00e9lavent les vitraux<br \/>\nDe la chapelle o\u00f9 l&rsquo;on se perd de soi-m\u00eame<br \/>\n<\/span><\/p>\n<p style=\"margin-left: 28pt;\"><span style=\"color: #c00000; font-family: Arial;\">O\u00f9 sont l&rsquo;\u00c9vangile l&rsquo;orgue la falaise ?<br \/>\nUne seule ardeur rappelle un pass\u00e9 pr\u00e9cipit\u00e9<br \/>\nSeule la musique rivalise avec les symboles<br \/>\nPierre grimpantes couronne mon front<br \/>\n<\/span><\/p>\n<p style=\"margin-left: 28pt;\"><span style=\"color: #c00000; font-family: Arial;\">A Mozart je dois une \u00c9glise un arbre et une \u00eele<br \/>\nJe lui dois la grandeur de la mer et de l&rsquo;oubli<br \/>\nLes marches des mots pierres sculpt\u00e9es<br \/>\nLe mouvement de la mort au front du Requiem<br \/>\n<\/span><\/p>\n<p style=\"margin-left: 28pt;\"><span style=\"color: #c00000; font-family: Arial;\">L&rsquo;art vient manger dans ma main<br \/>\nC&rsquo;est une \u00e9trange fontaine qui coule inlassablement<br \/>\nComme cette musique trop intelligente<br \/>\nJe referme ma main et le pass\u00e9 \u00e9cl\u00f4t comme une fleur outrag\u00e9e<br \/>\n<\/span><\/p>\n<p style=\"margin-left: 28pt;\"><span style=\"color: #c00000; font-family: Arial;\">Pierre grimpante pierre projet\u00e9e vers le haut<br \/>\nQui s&rsquo;enroule autour de moi pour une danse \u00e0 l&rsquo;envers<br \/>\nL&rsquo;\u00e9glise se recroqueville au sein de la musique<br \/>\nJe me souviens mais \u00e0 quoi servent attendre ?<br \/>\n<\/span><\/p>\n<p style=\"margin-left: 28pt;\"><span style=\"color: #c00000; font-family: Arial;\">Les voix se distillent la musique se retient<br \/>\nEt les yeux myst\u00e9rieux appellent la mer<br \/>\nToujours plus haut au-del\u00e0 des mots qui s&rsquo;enlisent<br \/>\nL&rsquo;horizon plein d&#8217;embruns couronn\u00e9 d&rsquo;\u00e9pines<br \/>\n<\/span><\/p>\n<p style=\"margin-left: 28pt;\"><span style=\"color: #c00000; font-family: Arial;\">Dalles de pierre aux yeux meurtris du pass\u00e9<br \/>\nJets d&rsquo;eau recueillis de ma profonde chapelle<br \/>\nLes vitraux pleins de ronces respirent la musique<br \/>\nSur cette \u00eele en hauteur o\u00f9 l&rsquo;Art a des reconnaissances<br \/>\n<\/span><\/p>\n<p style=\"margin-left: 28pt;\"><span style=\"color: #c00000; font-family: Arial;\">Me voil\u00e0 trop humaine et le son qui s&rsquo;en va<br \/>\nA Mozart je dois une \u00e9glise d&rsquo;un arbre une \u00eele<br \/>\nLe mouvement de la mort au front du requiem<br \/>\nDiamant pur dans mes mains fontaine intarissable<br \/>\n<\/span><\/p>\n<p style=\"margin-left: 28pt;\"><span style=\"color: #c00000; font-family: Arial;\">A Mozart je d\u00e9die par avance le dernier instant de ma vie<br \/>\nAux pieds de cette \u00e9glise o\u00f9 l&rsquo;Art a des reconnaissances<br \/>\nPour une ultime pri\u00e8re dict\u00e9e \u00e0 mes mots<br \/>\nPour des flots de musique ravivant mes yeux \u00e9teints.<br \/>\n<\/span><\/p>\n<p><span style=\"color: #777777; font-family: Arial;\"><em>Page 131 \u00e0 133<\/em><br \/>\n<strong><em>L&rsquo;autre moiti\u00e9 du songe m&rsquo;appartient<\/em><\/strong><br \/>\n<\/span><span style=\"color: #777777; font-family: Arial;\"><strong><em>Alicia Gallienne<\/em><\/strong><br \/>\n<\/span><\/p>\n<p><img loading=\"lazy\" decoding=\"async\" class=\"alignnone size-full wp-image-8009\" src=\"https:\/\/lemotdujour.fr\/wp-content\/uploads\/2020\/02\/020320_2205_Vendredi7fv1.jpg\" alt=\"\" width=\"705\" height=\"432\" srcset=\"https:\/\/lemotdujour.fr\/wp-content\/uploads\/2020\/02\/020320_2205_Vendredi7fv1.jpg 705w, https:\/\/lemotdujour.fr\/wp-content\/uploads\/2020\/02\/020320_2205_Vendredi7fv1-300x184.jpg 300w\" sizes=\"auto, (max-width: 705px) 100vw, 705px\" \/><\/p>\n<p><span style=\"color: maroon; font-family: Arial;\">&lt;1401&gt;<\/span><\/p>\n","protected":false},"excerpt":{"rendered":"<p>\u00ab A Mozart je dois une \u00c9glise un arbre et une \u00eele\u00bb Alicia Gallienne Mot de jour sp\u00e9cial pendant la p\u00e9riode de confinement suite \u00e0 la pand\u00e9mie du COVID-19 Le mot du jour du &lt;7 f\u00e9vrier 2020&gt; parlait d&rsquo;un livre<\/p>\n","protected":false},"author":1,"featured_media":0,"comment_status":"open","ping_status":"closed","sticky":false,"template":"","format":"standard","meta":{"footnotes":""},"categories":[1],"tags":[126,8],"class_list":["post-8616","post","type-post","status-publish","format-standard","hentry","category-motdujour","tag-pandemie","tag-poesie"],"_links":{"self":[{"href":"https:\/\/lemotdujour.fr\/index.php?rest_route=\/wp\/v2\/posts\/8616","targetHints":{"allow":["GET"]}}],"collection":[{"href":"https:\/\/lemotdujour.fr\/index.php?rest_route=\/wp\/v2\/posts"}],"about":[{"href":"https:\/\/lemotdujour.fr\/index.php?rest_route=\/wp\/v2\/types\/post"}],"author":[{"embeddable":true,"href":"https:\/\/lemotdujour.fr\/index.php?rest_route=\/wp\/v2\/users\/1"}],"replies":[{"embeddable":true,"href":"https:\/\/lemotdujour.fr\/index.php?rest_route=%2Fwp%2Fv2%2Fcomments&post=8616"}],"version-history":[{"count":4,"href":"https:\/\/lemotdujour.fr\/index.php?rest_route=\/wp\/v2\/posts\/8616\/revisions"}],"predecessor-version":[{"id":8620,"href":"https:\/\/lemotdujour.fr\/index.php?rest_route=\/wp\/v2\/posts\/8616\/revisions\/8620"}],"wp:attachment":[{"href":"https:\/\/lemotdujour.fr\/index.php?rest_route=%2Fwp%2Fv2%2Fmedia&parent=8616"}],"wp:term":[{"taxonomy":"category","embeddable":true,"href":"https:\/\/lemotdujour.fr\/index.php?rest_route=%2Fwp%2Fv2%2Fcategories&post=8616"},{"taxonomy":"post_tag","embeddable":true,"href":"https:\/\/lemotdujour.fr\/index.php?rest_route=%2Fwp%2Fv2%2Ftags&post=8616"}],"curies":[{"name":"wp","href":"https:\/\/api.w.org\/{rel}","templated":true}]}}